{"id":29782,"date":"2025-08-31T14:01:23","date_gmt":"2025-08-31T14:01:23","guid":{"rendered":"https:\/\/domosistemas.com\/?p=29782"},"modified":"2025-08-31T14:01:23","modified_gmt":"2025-08-31T14:01:23","slug":"el-problema-que-afecta-a-tu-aire-acondicionado-cuando-mas-lo-necesitas-este-es-el-motivo-y-las-posibles-soluciones","status":"publish","type":"post","link":"https:\/\/domosistemas.com\/?p=29782","title":{"rendered":"El problema que afecta a tu aire acondicionado cuando m\u00e1s lo necesitas: este es el motivo y las posibles soluciones"},"content":{"rendered":"<div>\n<p>\n      <img decoding=\"async\" src=\"https:\/\/i.blogs.es\/d1a927\/ac1\/1024_2000.jpeg\" alt=\"El problema que afecta a tu aire acondicionado cuando m\u00e1s lo necesitas: este es el motivo y las posibles soluciones\">\n    <\/p>\n<p>Si somos afortunados poseedores de un <a class=\"text-outboundlink\" href=\"https:\/\/www.xatakahome.com\/a-fondo\/que-tipo-aire-acondicionado-mejor-para-mi-casa-ventajas-e-inconvenientes-cada-modalidad\" data-vars-post-title=\"Qu\u00e9 tipo de aire acondicionado es mejor para mi casa: ventajas e inconvenientes de cada modalidad\" data-vars-post-url=\"https:\/\/www.xatakahome.com\/a-fondo\/que-tipo-aire-acondicionado-mejor-para-mi-casa-ventajas-e-inconvenientes-cada-modalidad\">aire acondicionado fijo<\/a> en casa y contamos con presupuesto como para encenderlo en verano puede que hayamos observado un fen\u00f3meno algo ir\u00f3nico: <strong>en los d\u00edas que hace m\u00e1s calor no funciona bien<\/strong> y parece que le cuesta alcanzar la <a class=\"text-outboundlink\" href=\"https:\/\/www.xatakahome.com\/electrodomesticos-innovadores\/esta-temperatura-ideal-aire-acondicionado-para-ahorrar-factura-luz-pasar-calor-verano\" data-vars-post-title=\"Esta es la temperatura ideal del aire acondicionado para ahorrar en la factura de la luz sin pasar calor en verano\" data-vars-post-url=\"https:\/\/www.xatakahome.com\/electrodomesticos-innovadores\/esta-temperatura-ideal-aire-acondicionado-para-ahorrar-factura-luz-pasar-calor-verano\">temperatura ideal<\/a> en casa.<\/p>\n<p><!-- BREAK 1 --><\/p>\n<p>Es algo que podemos notar en primer lugar como un aparente fallo de los aparatos situados en el exterior de la vivienda, que <strong>hacen m\u00e1s ruido de lo habitual<\/strong>, est\u00e1n siempre encendidos mientras que otros d\u00edas se apagan de vez en cuando, o bien directamente que el split expulsa aire a temperaturas superiores a las habituales <strong>no enfriando lo suficiente<\/strong>. \u00bfD\u00f3nde puede estar el problema?<\/p>\n<p><!-- BREAK 2 --><\/p>\n<div class=\"article-asset article-asset-normal article-asset-center\">\n<div class=\"desvio-container\">\n<div class=\"desvio\">\n<div class=\"desvio-figure js-desvio-figure\">\n    <a href=\"https:\/\/www.xatakahome.com\/a-fondo\/recomendaciones-este-ingeniero-para-sacarle-maximo-partido-a-tu-aire-acondicionado-no-morir-intento\" class=\"pivot-outboundlink\" data-vars-post-title=\"Las recomendaciones de este ingeniero para sacarle el m\u00e1ximo partido a tu aire acondicionado y no morir en el intento \"><br \/>\n     <img loading=\"lazy\" decoding=\"async\" alt=\"Las recomendaciones de este ingeniero para sacarle el m\u00e1ximo partido a tu aire acondicionado y no morir en el intento \" width=\"375\" height=\"142\" src=\"https:\/\/i.blogs.es\/e2b252\/aire\/375_142.jpeg\"><br \/>\n    <\/a>\n   <\/div>\n<div class=\"desvio-summary\">\n<div class=\"desvio-taxonomy js-desvio-taxonomy\">\n     <a href=\"https:\/\/www.xatakahome.com\/a-fondo\/recomendaciones-este-ingeniero-para-sacarle-maximo-partido-a-tu-aire-acondicionado-no-morir-intento\" class=\"desvio-taxonomy-anchor pivot-outboundlink\" data-vars-post-title=\"Las recomendaciones de este ingeniero para sacarle el m\u00e1ximo partido a tu aire acondicionado y no morir en el intento \">En Xataka Smart Home<\/a>\n    <\/div>\n<p>    <a href=\"https:\/\/www.xatakahome.com\/a-fondo\/recomendaciones-este-ingeniero-para-sacarle-maximo-partido-a-tu-aire-acondicionado-no-morir-intento\" class=\"desvio-title js-desvio-title pivot-outboundlink\" data-vars-post-title=\"Las recomendaciones de este ingeniero para sacarle el m\u00e1ximo partido a tu aire acondicionado y no morir en el intento \">Las recomendaciones de este ingeniero para sacarle el m\u00e1ximo partido a tu aire acondicionado y no morir en el intento <\/a>\n   <\/div>\n<\/p><\/div>\n<\/p><\/div>\n<\/div>\n<h2>Tu aire acondicionado necesita un aire acondicionado<\/h2>\n<div class=\"article-asset-image article-asset-normal article-asset-center\">\n<div class=\"asset-content\">\n<p>   <img decoding=\"async\" alt=\"Carlos Laire Acondicionado\" class=\"centro_sinmarco\" src=\"https:\/\/i.blogs.es\/49c0c4\/carlos-laire-acondicionado\/450_1000.jpeg\"><\/p><\/div>\n<\/div>\n<p>Pues suponiendo que la instalaci\u00f3n est\u00e9 correctamente realizada, que no haya fugas de gas y que todo funcione correctamente, el problema probablemente est\u00e1 <strong>causado por el propio calor ambiental <\/strong>en el que est\u00e1n trabajando las m\u00e1quinas del exterior.<\/p>\n<p><!-- BREAK 3 --><\/p>\n<p>Es algo que les sucede a todos los aparatos electr\u00f3nicos, que <strong>reducen sus prestaciones<\/strong> cuando tienen que funcionar en un ambiente con exceso de temperatura, no siendo capaces de disipar su propio calor generado internamente. En los equipos de aire acondicionado puede suceder algo parecido, aunque su forma de avisarnos es simplemente reducir su rendimiento o <strong>pararse cuando sobrepasan un cierto l\u00edmite de temperatura<\/strong> de funcionamiento en la unidad exterior, la que est\u00e1 instalada en la fachada de la vivienda.<\/p>\n<p><!-- BREAK 4 --><\/p>\n<p>Y es que, <strong>exceder el rango de funcionamiento \u00f3ptimo de los aparatos <\/strong>provoca en algunos modelos que entren en marcha los sistemas de prevenci\u00f3n de da\u00f1os y apaguen o reduzcan las capacidades de los equipos. \u00bfA qu\u00e9 temperatura exterior sucede esto?<\/p>\n<p><!-- BREAK 5 --><\/p>\n<p>Pues es algo que depende de cada modelo concreto, pero los fabricantes suelen <strong>incluir este dato en sus especificaciones<\/strong> en alg\u00fan apartado que hace referencia al <strong>\u00abRango de operaci\u00f3n\u00bb<\/strong>, un valor que muchas veces como usuarios no solemos mirar tan atentamente como la capacidad de refrigeraci\u00f3n, el consumo el\u00e9ctrico o el nivel de ruido, pero que es tan o m\u00e1s importante que ellos.<\/p>\n<p><!-- BREAK 6 --><\/p>\n<p>Por ejemplo, la temperatura m\u00e1xima que pueden soportar los equipos situados en la fachada suele ser una cifra que oscila <strong>entre los 45 y 50 grados<\/strong>, dependiendo de la gama del aire acondicionado (los de gamas m\u00e1s altas suelen soportar mayores temperaturas de funcionamiento).<\/p>\n<p><!-- BREAK 7 --><\/p>\n<div class=\"article-asset-image article-asset-normal article-asset-center\">\n<div class=\"asset-content\">\n<div class=\"caption-img \">\n<p>   <img decoding=\"async\" alt=\"rango funcionamiento\" class=\"centro_sinmarco\" src=\"https:\/\/i.blogs.es\/7450a6\/1366_2000\/450_1000.png\"><\/p>\n<p>        <span>Rango de temperatura de funcionamiento de mi aire acondicionado Mitsubishi<\/span>\n   <\/div>\n<\/p><\/div>\n<\/div>\n<p>Como podemos ver en la tabla de ejemplo extra\u00edda de los modelos de <a class=\"text-outboundlink\" href=\"https:\/\/www.xatakahome.com\/analisis\/tengo-casa-modelo-aire-acondicionado-que-recomienda-ocu-esto-que-me-gusta-su-uso-diario\" data-vars-post-title=\"Tengo en casa el modelo de aire acondicionado que recomienda la OCU: esto es lo que m\u00e1s y menos me gusta en su uso diario\" data-vars-post-url=\"https:\/\/www.xatakahome.com\/analisis\/tengo-casa-modelo-aire-acondicionado-que-recomienda-ocu-esto-que-me-gusta-su-uso-diario\">aires acondicionados Mitsubishi que tengo en casa<\/a>, tambi\u00e9n se suele dar un <strong>valor m\u00ednimo de temperatura<\/strong> y un rango de funcionamiento en invierno para los modelos con bomba de calor.<\/p>\n<p><!-- BREAK 8 --><\/p>\n<p>En mi caso el fabricante nos dice que funcionan <strong>de -10 grados cent\u00edgrados a +46 grados cent\u00edgrados<\/strong>. Por ello, si la temperatura exterior supera esos 46 \u00baC los equipos exceden el rango \u00f3ptimo y no van a rendir como debieran.<\/p>\n<p><!-- BREAK 9 --><\/p>\n<div class=\"article-asset-video article-asset-normal\">\n<div class=\"asset-content\">\n<div class=\"base-asset-video\">\n<div class=\"js-dailymotion\">\n    <script type=\"application\/json\">\n                          {\"videoId\":\"x8006fc\",\"autoplay\":true,\"title\":\"C\u00f3mo dormir cuando hace mucho calor y no tienes aire acondicionado\", \"tag\":\"\"}\n                  <\/script>\n   <\/div>\n<\/p><\/div>\n<\/p><\/div>\n<\/div>\n<h2>Qu\u00e9 hacer para evitar este problema<\/h2>\n<p>\u00bfC\u00f3mo podemos saber si nuestro aire acondicionado sufre de este problema? Pues si suele ser una cuesti\u00f3n recurrente cada vez que viene una ola de calor probablemente tengamos una pista. Tambi\u00e9n podemos averiguarlo si <strong>tras apagarlo un buen rato al volver a encenderlo funciona bien unos minutos, <\/strong>hasta que se sobrecalienta, antes de volver a dar problemas.<\/p>\n<p><!-- BREAK 10 --><\/p>\n<p>Si vivimos en una regi\u00f3n muy calurosa conviene antes de comprar nuestro nuevo aire acondicionado <strong>mirar en las especificaciones<\/strong> los rangos de temperatura recomendados y valorar si los equipos que queremos instalar en casa van a funcionar correctamente con las temperaturas que suele hacer en nuestra zona.<\/p>\n<p><!-- BREAK 11 --><\/p>\n<p>Si ya lo hemos comprado pero todav\u00eda no lo han instalado y estamos todav\u00eda \u00a0<a class=\"text-outboundlink\" href=\"https:\/\/www.xatakahome.com\/a-fondo\/me-van-a-instalar-aire-acondicionado-casa-que-tengo-que-preparar-para-cuando-venga-tecnico\" data-vars-post-title=\"Quiero instalar aire acondicionado en casa: qu\u00e9 tengo que preparar para cuando venga el t\u00e9cnico\" data-vars-post-url=\"https:\/\/www.xatakahome.com\/a-fondo\/me-van-a-instalar-aire-acondicionado-casa-que-tengo-que-preparar-para-cuando-venga-tecnico\">preparando la vivienda para cuando venga el t\u00e9cnico<\/a>, o incluso si ya lo tenemos instalado hace tiempo y nos hemos encontrado con este problema de bajada de rendimiento, quiz\u00e1 nos convenga <strong>escoger una mejor ubicaci\u00f3n con orientaci\u00f3n a zonas de sombra<\/strong> y mover la unidad exterior para que no le d\u00e9 el sol directamente, aunque haya que poner tuber\u00edas m\u00e1s largas y pagar un extra.<\/p>\n<p><!-- BREAK 12 --><\/p>\n<div class=\"article-asset-image article-asset-normal article-asset-center\">\n<div class=\"asset-content\">\n<p>   <img decoding=\"async\" alt=\"Aire Acondicionado\" class=\"centro_sinmarco\" src=\"https:\/\/i.blogs.es\/8d845d\/aire-acondicionado\/450_1000.jpeg\"><\/p><\/div>\n<\/div>\n<p>Si la unidad exterior est\u00e1 en un sitio accesible (por ejemplo en el suelo de una terraza o patio) y le da el sol directamente en algunas horas del d\u00eda, tambi\u00e9n podemos probar a ponerle alg\u00fan tejido, cartulina o similar <strong>que funcione como toldo<\/strong> para quitarle unos grados extra. Para ello no hay que colocar dichos objetos directamente sobre el equipo, sino a una distancia prudencial para que le \u00a0proporcionen sombra pero <strong>sin obstruir sus rejillas de ventilaci\u00f3n<\/strong>.<\/p>\n<p><!-- BREAK 13 --><\/p>\n<p>Finalmente, como se\u00f1al\u00e1bamos en <a class=\"text-outboundlink\" href=\"https:\/\/www.xatakahome.com\/a-fondo\/recomendaciones-este-ingeniero-para-sacarle-maximo-partido-a-tu-aire-acondicionado-no-morir-intento\" data-vars-post-title=\"Las recomendaciones de este ingeniero para sacarle el m\u00e1ximo partido a tu aire acondicionado y no morir en el intento \" data-vars-post-url=\"https:\/\/www.xatakahome.com\/a-fondo\/recomendaciones-este-ingeniero-para-sacarle-maximo-partido-a-tu-aire-acondicionado-no-morir-intento\">este art\u00edculo<\/a> con consejos para mejorar el rendimiento, no est\u00e1 de m\u00e1s que <strong>limpiemos los filtros y las bobinas de la m\u00e1quina exterior una vez al a\u00f1o.<\/strong> \u00a0Los filtros sucios impiden el paso del aire, y la suciedad que se queda pegada a las bobinas pueden hacer que el intercambiador de calor funcione de manera menos eficiente.<\/p>\n<p><!-- BREAK 14 --><\/p>\n<p><em>Una versi\u00f3n anterior de este art\u00edculo fue publicada en 2024.<\/em><\/p>\n<p>Imagen portada | <a rel=\"noopener, noreferrer\" href=\"https:\/\/unsplash.com\/es\/@realbench\">Carlos Lindner<\/a><\/p>\n<p>En Xataka Smart Home | <a class=\"text-outboundlink\" href=\"https:\/\/www.xatakahome.com\/diseno-y-arquitectura\/plantas-transpiran-oxigenan-aportan-sombra-viva-siete-trucos-arquitecto-para-refrescar-casa-aire-acondicionado\" data-vars-post-title='\"Refresca m\u00e1s que cualquier aparato\": un arquitecto da sus trucazos para pasar la ola de calor sin aire acondicionado' data-vars-post-url=\"https:\/\/www.xatakahome.com\/diseno-y-arquitectura\/plantas-transpiran-oxigenan-aportan-sombra-viva-siete-trucos-arquitecto-para-refrescar-casa-aire-acondicionado\">\u00abRefresca m\u00e1s que cualquier aparato\u00bb: un arquitecto da sus trucazos para pasar la ola de calor sin aire acondicionado<\/a><\/p>\n<p><script>\n (function() {\n  window._JS_MODULES = window._JS_MODULES || {};\n  var headElement = document.getElementsByTagName('head')[0];\n  if (_JS_MODULES.instagram) {\n   var instagramScript = document.createElement('script');\n   instagramScript.src = 'https:\/\/platform.instagram.com\/en_US\/embeds.js';\n   instagramScript.async = true;\n   instagramScript.defer = true;\n   headElement.appendChild(instagramScript);\n  }\n })();\n<\/script><\/p>\n<p> &#8211; <br \/> La noticia<br \/>\n      <a href=\"https:\/\/www.xatakahome.com\/hogar\/problema-que-afecta-a-tu-aire-acondicionado-cuando-necesitas-este-motivo-posibles-soluciones?utm_source=feedburner&amp;utm_medium=feed&amp;utm_campaign=31_Aug_2025\"><br \/>\n       <em> El problema que afecta a tu aire acondicionado cuando m\u00e1s lo necesitas: este es el motivo y las posibles soluciones <\/em><br \/>\n      <\/a><br \/>\n      fue publicada originalmente en<br \/>\n      <a href=\"https:\/\/www.xatakahome.com\/?utm_source=feedburner&amp;utm_medium=feed&amp;utm_campaign=31_Aug_2025\"><br \/>\n       <strong> Xataka Smart Home <\/strong><br \/>\n      <\/a><br \/>\n             por <a href=\"https:\/\/www.xatakahome.com\/autor\/paco-rodriguez?utm_source=feedburner&amp;utm_medium=feed&amp;utm_campaign=31_Aug_2025\"><br \/>\n        Paco Rodr\u00edguez<br \/>\n       <\/a><br \/>\n      . <\/p>\n<\/div>\n","protected":false},"excerpt":{"rendered":"<p>Si somos afortunados poseedores de un aire acondicionado fijo en casa y contamos con presupuesto como para encenderlo en verano puede que hayamos observado un fen\u00f3meno algo ir\u00f3nico: en los d\u00edas que hace m\u00e1s calor no funciona bien y parece que le cuesta alcanzar la temperatura ideal en casa. Es algo que podemos notar en &hellip; <a href=\"https:\/\/domosistemas.com\/?p=29782\" class=\"more-link\">Sigue leyendo <span class=\"screen-reader-text\">El problema que afecta a tu aire acondicionado cuando m\u00e1s lo necesitas: este es el motivo y las posibles soluciones<\/span><\/a><\/p>\n","protected":false},"author":1,"featured_media":0,"comment_status":"closed","ping_status":"closed","sticky":false,"template":"","format":"standard","meta":{"footnotes":""},"categories":[8],"tags":[],"class_list":["post-29782","post","type-post","status-publish","format-standard","hentry","category-xataka"],"_links":{"self":[{"href":"https:\/\/domosistemas.com\/index.php?rest_route=\/wp\/v2\/posts\/29782","targetHints":{"allow":["GET"]}}],"collection":[{"href":"https:\/\/domosistemas.com\/index.php?rest_route=\/wp\/v2\/posts"}],"about":[{"href":"https:\/\/domosistemas.com\/index.php?rest_route=\/wp\/v2\/types\/post"}],"author":[{"embeddable":true,"href":"https:\/\/domosistemas.com\/index.php?rest_route=\/wp\/v2\/users\/1"}],"replies":[{"embeddable":true,"href":"https:\/\/domosistemas.com\/index.php?rest_route=%2Fwp%2Fv2%2Fcomments&post=29782"}],"version-history":[{"count":0,"href":"https:\/\/domosistemas.com\/index.php?rest_route=\/wp\/v2\/posts\/29782\/revisions"}],"wp:attachment":[{"href":"https:\/\/domosistemas.com\/index.php?rest_route=%2Fwp%2Fv2%2Fmedia&parent=29782"}],"wp:term":[{"taxonomy":"category","embeddable":true,"href":"https:\/\/domosistemas.com\/index.php?rest_route=%2Fwp%2Fv2%2Fcategories&post=29782"},{"taxonomy":"post_tag","embeddable":true,"href":"https:\/\/domosistemas.com\/index.php?rest_route=%2Fwp%2Fv2%2Ftags&post=29782"}],"curies":[{"name":"wp","href":"https:\/\/api.w.org\/{rel}","templated":true}]}}