{"id":29809,"date":"2025-09-02T09:01:23","date_gmt":"2025-09-02T09:01:23","guid":{"rendered":"https:\/\/domosistemas.com\/?p=29809"},"modified":"2025-09-02T09:01:23","modified_gmt":"2025-09-02T09:01:23","slug":"compramos-un-aire-acondicionado-portatil-para-estar-fresquitos-en-verano-pero-al-final-hemos-acabado-usandolo-para-algo-bien-distinto","status":"publish","type":"post","link":"https:\/\/domosistemas.com\/?p=29809","title":{"rendered":"Compramos un aire acondicionado port\u00e1til para estar fresquitos en verano, pero al final hemos acabado us\u00e1ndolo para algo bien distinto"},"content":{"rendered":"<div>\n<p>\n      <img decoding=\"async\" src=\"https:\/\/i.blogs.es\/6c2acd\/1366_2000daitsus\/1024_2000.jpeg\" alt=\"Compramos un aire acondicionado port\u00e1til para estar fresquitos en verano, pero al final hemos acabado us\u00e1ndolo para algo bien distinto \">\n    <\/p>\n<p>Hace unos a\u00f1os quisimos tener <strong>aire acondicionado<\/strong> en casa y como poner uno fijo de pared no era una opci\u00f3n, optamos por comprar un modelo port\u00e1til, m\u00e1s concretamente el modelo Daitsu APD12-HR de la imagen de portada, con una potencia de unas 3.000 frigor\u00edas\/hora.<\/p>\n<p><!-- BREAK 1 --><\/p>\n<p>La idea era <strong>usarlo en verano para refrescar el sal\u00f3n<\/strong> y tambi\u00e9n en invierno para calentarlo gracias a su bomba de calor, aunque como ya comentamos en <a class=\"text-outboundlink\" href=\"https:\/\/www.xatakahome.com\/hogar\/despues-anos-usando-aires-acondicionados-portatiles-acabe-harto-me-pase-a-uno-pared-estos-fueron-motivos\" data-vars-post-title=\"Despu\u00e9s de a\u00f1os usando aires acondicionados port\u00e1tiles acab\u00e9 harto y me pas\u00e9 a uno de pared. Estos fueron los motivos\" data-vars-post-url=\"https:\/\/www.xatakahome.com\/hogar\/despues-anos-usando-aires-acondicionados-portatiles-acabe-harto-me-pase-a-uno-pared-estos-fueron-motivos\">este art\u00edculo<\/a>, enseguida nos cansamos de algunos de sus inconvenientes, como el excesivo ruido y la <strong>baja eficiencia energ\u00e9tica<\/strong> que te hace gastar mucha electricidad.<\/p>\n<p><!-- BREAK 2 --><\/p>\n<p>Por todo ello unos cuatro a\u00f1os despu\u00e9s nos decidimos a instalar un <a class=\"text-outboundlink\" href=\"https:\/\/www.xatakahome.com\/hogar\/tengo-casa-modelo-aire-acondicionado-que-recomienda-ocu-esto-que-me-gusta-su-uso-diario-1\" data-vars-post-title=\"Tengo en casa el aire acondicionado que recomienda la OCU: esto es lo que m\u00e1s y menos me gusta en su uso diario \" data-vars-post-url=\"https:\/\/www.xatakahome.com\/hogar\/tengo-casa-modelo-aire-acondicionado-que-recomienda-ocu-esto-que-me-gusta-su-uso-diario-1\">aire acondicionado de pared tipo split<\/a> que solucionaba dichos inconvenientes. Sin embargo, ahora ten\u00edamos otro problema a\u00f1adido: \u00bfqu\u00e9 hac\u00edamos con el aire acondicionado port\u00e1til que pr\u00e1cticamente estaba como nuevo? Pues dado que si lo vend\u00edamos no sacar\u00edamos mucho al tener ya varios a\u00f1os de uso, inicialmente lo dejamos <strong>aparcado en el trastero<\/strong> ocupando un considerable espacio.<\/p>\n<p><!-- BREAK 3 --><\/p>\n<div class=\"article-asset article-asset-normal article-asset-center\">\n<div class=\"desvio-container\">\n<div class=\"desvio\">\n<div class=\"desvio-figure js-desvio-figure\">\n    <a href=\"https:\/\/www.xatakahome.com\/hogar\/aire-acondicionado-tiene-funcion-que-casi-nadie-conoce-que-ayuda-a-quitar-sensacion-bochorno-gastando-muy-poco\" class=\"pivot-outboundlink\" data-vars-post-title=\"El aire acondicionado tiene una funci\u00f3n que casi nadie conoce y que ayuda a quitar la sensaci\u00f3n de bochorno gastando muy poco \"><br \/>\n     <img loading=\"lazy\" decoding=\"async\" alt=\"El aire acondicionado tiene una funci\u00f3n que casi nadie conoce y que ayuda a quitar la sensaci\u00f3n de bochorno gastando muy poco \" width=\"375\" height=\"142\" src=\"https:\/\/i.blogs.es\/56439b\/original\/375_142.jpeg\"><br \/>\n    <\/a>\n   <\/div>\n<div class=\"desvio-summary\">\n<div class=\"desvio-taxonomy js-desvio-taxonomy\">\n     <a href=\"https:\/\/www.xatakahome.com\/hogar\/aire-acondicionado-tiene-funcion-que-casi-nadie-conoce-que-ayuda-a-quitar-sensacion-bochorno-gastando-muy-poco\" class=\"desvio-taxonomy-anchor pivot-outboundlink\" data-vars-post-title=\"El aire acondicionado tiene una funci\u00f3n que casi nadie conoce y que ayuda a quitar la sensaci\u00f3n de bochorno gastando muy poco \">En Xataka Smart Home<\/a>\n    <\/div>\n<p>    <a href=\"https:\/\/www.xatakahome.com\/hogar\/aire-acondicionado-tiene-funcion-que-casi-nadie-conoce-que-ayuda-a-quitar-sensacion-bochorno-gastando-muy-poco\" class=\"desvio-title js-desvio-title pivot-outboundlink\" data-vars-post-title=\"El aire acondicionado tiene una funci\u00f3n que casi nadie conoce y que ayuda a quitar la sensaci\u00f3n de bochorno gastando muy poco \">El aire acondicionado tiene una funci\u00f3n que casi nadie conoce y que ayuda a quitar la sensaci\u00f3n de bochorno gastando muy poco <\/a>\n   <\/div>\n<\/p><\/div>\n<\/p><\/div>\n<\/div>\n<h2>Un segundo e inesperado uso para el aire acondicionado<\/h2>\n<div class=\"article-asset-image article-asset-normal article-asset-center\">\n<div class=\"asset-content\">\n<div class=\"caption-img \">\n<p>   <img decoding=\"async\" alt=\"Daitsu\" class=\"centro_sinmarco\" src=\"https:\/\/i.blogs.es\/af9572\/daitsu\/450_1000.jpeg\"><\/p>\n<p>        <span>Imagen: Imagen: Daitsu APD12-HR<\/span>\n   <\/div>\n<\/p><\/div>\n<\/div>\n<p>Aparentemente era un trasto que no ten\u00eda mucho uso, hasta que un d\u00eda tuvimos un problema de <strong>humedades en casa<\/strong>. Tras semanas y semanas de lluvia las paredes de las habitaciones que dan al norte (donde no hab\u00eda ning\u00fan aire acondicionado instalado) empezaban a rezumar y a llenarse de moho, y abrir las ventanas para ventilar no era un opci\u00f3n viable por el fr\u00edo. A esto se sum\u00f3 una peque\u00f1a gotera que sal\u00eda de vez en cuando agravando la situaci\u00f3n.<\/p>\n<p><!-- BREAK 4 --><\/p>\n<p>As\u00ed que pensamos en <strong>comprar un deshumidificador<\/strong>, pero nos dimos cuenta de que el aire acondicionado port\u00e1til ya contaba con dicha funci\u00f3n, as\u00ed que lo probamos sin mucha esperanza a ver qu\u00e9 tal funcionaba. Dicho y hecho. Lo sacamos del trastero, lo llevamos a las habitaciones problem\u00e1ticas y lo encendimos seleccionando la funci\u00f3n de deshumidificaci\u00f3n.<\/p>\n<p><!-- BREAK 5 --><\/p>\n<p>En este caso concreto no instalamos el tubo de extracci\u00f3n de aire hacia el exterior, por lo que el fr\u00edo que echaba por delante lo compensaba m\u00e1s o menos con el calor emitido por el tubo y la temperatura apenas variaba. De todas formas ese no era su objetivo. Lo que quer\u00edamos era atrapar parte del <strong>exceso de humedad del aire<\/strong>, y efectivamente lo consegu\u00eda.<\/p>\n<p><!-- BREAK 6 --><\/p>\n<p><strong>En poco m\u00e1s de una hora llenamos una botella de dos litros<\/strong> que pusimos acoplada al tubo trasero de extracci\u00f3n y luego tuvimos que poner un cubo de fregar de m\u00e1s capacidad para no andar teniendo que estar pendientes de cambiar la botella.<\/p>\n<p><!-- BREAK 7 --><\/p>\n<div class=\"article-asset-video article-asset-normal\">\n<div class=\"asset-content\">\n<div class=\"base-asset-video\">\n<div class=\"js-dailymotion\">\n    <script type=\"application\/json\">\n                          {\"videoId\":\"x8006fc\",\"autoplay\":true,\"title\":\"C\u00f3mo dormir cuando hace mucho calor y no tienes aire acondicionado\", \"tag\":\"\", \"duration\":\"217\"}\n                  <\/script>\n   <\/div>\n<\/p><\/div>\n<\/p><\/div>\n<\/div>\n<p>El equipo nos permiti\u00f3 adem\u00e1s <strong>secar en buena medida las paredes<\/strong>, porque adem\u00e1s pusimos la salida trasera del aire caliente que normalmente va fuera hacia la calle apuntando hacia las humedades. El resultado es como aplicar un secador de pelo gigante hacia las paredes, pero gastando la mitad o menos de electricidad.<\/p>\n<p><!-- BREAK 8 --><\/p>\n<p>En definitiva, que aunque pens\u00e1bamos que ya no le podr\u00edamos dar mucho uso al aire acondicionado port\u00e1til, al final <strong>lo hemos acabado utilizando en los d\u00edas donde m\u00e1s humedad hace en oto\u00f1o e invierno<\/strong> para terminar con las humedades en casa.<\/p>\n<p><!-- BREAK 9 --><\/p>\n<p>Imagen portada | <a rel=\"noopener, noreferrer\" href=\"https:\/\/www.flickr.com\/photos\/160866001@N07\/46950078884\/in\/photostream\/\" data-id=\"noopener, noreferrer\">Marco Verch<\/a> en Flickr<\/p>\n<p>En Xataka Smart Home | <a class=\"text-outboundlink\" href=\"https:\/\/www.xatakahome.com\/hogar\/tengo-casa-modelo-aire-acondicionado-que-recomienda-ocu-esto-que-me-gusta-su-uso-diario-1\" data-vars-post-title=\"Tengo en casa el aire acondicionado que recomienda la OCU: esto es lo que m\u00e1s y menos me gusta en su uso diario \" data-vars-post-url=\"https:\/\/www.xatakahome.com\/hogar\/tengo-casa-modelo-aire-acondicionado-que-recomienda-ocu-esto-que-me-gusta-su-uso-diario-1\">Tengo en casa el aire acondicionado que recomienda la OCU: esto es lo que m\u00e1s y menos me gusta en su uso diario<\/a><\/p>\n<p><script>\n (function() {\n  window._JS_MODULES = window._JS_MODULES || {};\n  var headElement = document.getElementsByTagName('head')[0];\n  if (_JS_MODULES.instagram) {\n   var instagramScript = document.createElement('script');\n   instagramScript.src = 'https:\/\/platform.instagram.com\/en_US\/embeds.js';\n   instagramScript.async = true;\n   instagramScript.defer = true;\n   headElement.appendChild(instagramScript);\n  }\n })();\n<\/script><\/p>\n<p> &#8211; <br \/> La noticia<br \/>\n      <a href=\"https:\/\/www.xatakahome.com\/hogar\/compramos-aire-acondicionado-portatil-para-estar-fresquitos-verano-al-final-hemos-acabado-usandolo-para-algo-bien-distinto?utm_source=feedburner&amp;utm_medium=feed&amp;utm_campaign=02_Sep_2025\"><br \/>\n       <em> Compramos un aire acondicionado port\u00e1til para estar fresquitos en verano, pero al final hemos acabado us\u00e1ndolo para algo bien distinto  <\/em><br \/>\n      <\/a><br \/>\n      fue publicada originalmente en<br \/>\n      <a href=\"https:\/\/www.xatakahome.com\/?utm_source=feedburner&amp;utm_medium=feed&amp;utm_campaign=02_Sep_2025\"><br \/>\n       <strong> Xataka Smart Home <\/strong><br \/>\n      <\/a><br \/>\n             por <a href=\"https:\/\/www.xatakahome.com\/autor\/paco-rodriguez?utm_source=feedburner&amp;utm_medium=feed&amp;utm_campaign=02_Sep_2025\"><br \/>\n        Paco Rodr\u00edguez<br \/>\n       <\/a><br \/>\n      . <\/p>\n<\/div>\n","protected":false},"excerpt":{"rendered":"<p>Hace unos a\u00f1os quisimos tener aire acondicionado en casa y como poner uno fijo de pared no era una opci\u00f3n, optamos por comprar un modelo port\u00e1til, m\u00e1s concretamente el modelo Daitsu APD12-HR de la imagen de portada, con una potencia de unas 3.000 frigor\u00edas\/hora. La idea era usarlo en verano para refrescar el sal\u00f3n y &hellip; <a href=\"https:\/\/domosistemas.com\/?p=29809\" class=\"more-link\">Sigue leyendo <span class=\"screen-reader-text\">Compramos un aire acondicionado port\u00e1til para estar fresquitos en verano, pero al final hemos acabado us\u00e1ndolo para algo bien distinto<\/span><\/a><\/p>\n","protected":false},"author":1,"featured_media":0,"comment_status":"closed","ping_status":"closed","sticky":false,"template":"","format":"standard","meta":{"footnotes":""},"categories":[8],"tags":[],"class_list":["post-29809","post","type-post","status-publish","format-standard","hentry","category-xataka"],"_links":{"self":[{"href":"https:\/\/domosistemas.com\/index.php?rest_route=\/wp\/v2\/posts\/29809","targetHints":{"allow":["GET"]}}],"collection":[{"href":"https:\/\/domosistemas.com\/index.php?rest_route=\/wp\/v2\/posts"}],"about":[{"href":"https:\/\/domosistemas.com\/index.php?rest_route=\/wp\/v2\/types\/post"}],"author":[{"embeddable":true,"href":"https:\/\/domosistemas.com\/index.php?rest_route=\/wp\/v2\/users\/1"}],"replies":[{"embeddable":true,"href":"https:\/\/domosistemas.com\/index.php?rest_route=%2Fwp%2Fv2%2Fcomments&post=29809"}],"version-history":[{"count":0,"href":"https:\/\/domosistemas.com\/index.php?rest_route=\/wp\/v2\/posts\/29809\/revisions"}],"wp:attachment":[{"href":"https:\/\/domosistemas.com\/index.php?rest_route=%2Fwp%2Fv2%2Fmedia&parent=29809"}],"wp:term":[{"taxonomy":"category","embeddable":true,"href":"https:\/\/domosistemas.com\/index.php?rest_route=%2Fwp%2Fv2%2Fcategories&post=29809"},{"taxonomy":"post_tag","embeddable":true,"href":"https:\/\/domosistemas.com\/index.php?rest_route=%2Fwp%2Fv2%2Ftags&post=29809"}],"curies":[{"name":"wp","href":"https:\/\/api.w.org\/{rel}","templated":true}]}}