{"id":29810,"date":"2025-09-02T10:01:23","date_gmt":"2025-09-02T10:01:23","guid":{"rendered":"https:\/\/domosistemas.com\/?p=29810"},"modified":"2025-09-02T10:01:23","modified_gmt":"2025-09-02T10:01:23","slug":"puse-en-mi-cocina-un-frigorifico-encastrado-ojala-me-hubiesen-dicho-esto-antes-de-hacerlo","status":"publish","type":"post","link":"https:\/\/domosistemas.com\/?p=29810","title":{"rendered":"Puse en mi cocina un frigor\u00edfico encastrado: ojal\u00e1 me hubiesen dicho esto antes de hacerlo"},"content":{"rendered":"<div>\n<p>\n      <img decoding=\"async\" src=\"https:\/\/i.blogs.es\/a6fa4d\/captura-de-pantalla-2025-09-02-a-las-6.41.48\/1024_2000.jpeg\" alt=\"Puse en mi cocina un frigor\u00edfico encastrado: ojal\u00e1 me hubiesen dicho esto antes de hacerlo\">\n    <\/p>\n<p>Hace unos d\u00edas comentamos c\u00f3mo los frigor\u00edficos pueden <a class=\"text-outboundlink\" href=\"https:\/\/www.xatakahome.com\/hogar\/que-significa-cuando-nevera-hace-ruidos-fuertes-crujidos-durante-noche\" data-vars-post-title=\"Qu\u00e9 significa cuando la nevera hace ruidos fuertes y crujidos durante la noche\" data-vars-post-url=\"https:\/\/www.xatakahome.com\/hogar\/que-significa-cuando-nevera-hace-ruidos-fuertes-crujidos-durante-noche\">generar ruidos durante la noche<\/a>, algo que <strong>en realidad es bastante normal<\/strong>. Sin embargo, m\u00e1s all\u00e1 de este fen\u00f3meno, existen ciertos comportamientos que se dan con m\u00e1s frecuencia en los <a class=\"text-outboundlink\" href=\"https:\/\/www.xatakahome.com\/hogar\/este-problema-poco-conocido-que-provocan-frigorificos-encastrados-columnas-calor-cocina-1\" data-vars-post-title=\"Este es el problema poco conocido que provocan los frigor\u00edficos encastrados y las columnas de calor en la cocina \" data-vars-post-url=\"https:\/\/www.xatakahome.com\/hogar\/este-problema-poco-conocido-que-provocan-frigorificos-encastrados-columnas-calor-cocina-1\">modelos encastrados<\/a> (as\u00ed puse uno en casa).<\/p>\n<p><!-- BREAK 1 --><\/p>\n<p>Con el paso del tiempo <strong>pueden surgir problemas<\/strong> que afectan tanto al mobiliario de la cocina como a la propia vida \u00fatil del aparato. Por eso, antes de instalar un frigor\u00edfico, conviene tener en cuenta una serie de aspectos que favorecen su buen funcionamiento y alargan su durabilidad.<\/p>\n<p><!-- BREAK 2 --><\/p>\n<h2>Lo que ahora s\u00ed que tengo en cuenta<\/h2>\n<div class=\"article-asset-image article-asset-large article-asset-center\">\n<div class=\"asset-content\">\n<div class=\"caption-img \">\n                    <a rel=\"noopener, noreferrer\" href=\"https:\/\/www.pexels.com\/es-es\/foto\/refrigerador-de-acero-inoxidable-al-lado-del-gabinete-de-cocina-blanco-2343467\/\"><\/p>\n<p>    <img decoding=\"async\" alt=\"Pexels Alex Qian 1180283 2343467\" class=\"\" src=\"https:\/\/i.blogs.es\/01301a\/pexels-alex-qian-1180283-2343467\/450_1000.jpeg\"><br \/>\n     <\/a><\/p>\n<p>        <span>Foto de Alex Qian<\/span>\n   <\/div>\n<\/p><\/div>\n<\/div>\n<p>En su momento <a class=\"text-outboundlink\" href=\"https:\/\/www.xatakahome.com\/curiosidades\/este-problema-poco-conocido-que-provocan-frigorificos-encastrados-columnas-calor-cocina\" data-vars-post-title=\"Este es el problema poco conocido que provocan los frigor\u00edficos encastrados y las columnas de calor en la cocina\" data-vars-post-url=\"https:\/\/www.xatakahome.com\/curiosidades\/este-problema-poco-conocido-que-provocan-frigorificos-encastrados-columnas-calor-cocina\">ya mencion\u00e9 un problema habitual<\/a>, del que rara vez advierten dise\u00f1adores o instaladores cuando se coloca un frigor\u00edfico encastrado: <strong>la formaci\u00f3n de una isla de calor<\/strong> inc\u00f3moda en esa zona de la cocina. Este detalle, que suele pasar desapercibido, a la larga puede resultar molesto y perjudicial.<\/p>\n<p><!-- BREAK 3 --><\/p>\n<p>Por ello, antes de instalar un frigor\u00edfico encastrado es recomendable atender a una serie de detalles que ayudar\u00e1n a <strong>evitar ruidos, sobrecalentamiento o fallos prematuros.<\/strong><\/p>\n<p><!-- BREAK 4 --><\/p>\n<div class=\"article-asset-video article-asset-normal\">\n<div class=\"asset-content\">\n<div class=\"base-asset-video\">\n<div class=\"js-dailymotion\">\n    <script type=\"application\/json\">\n                          {\"videoId\":\"x8heyay\",\"autoplay\":true,\"title\":\"ANTES de COMPRA una AIR FRYER mira ESTE V\u00cdDEO | Gu\u00eda de compra freidoras de aire\", \"tag\":\"Webedia-prod\"}\n                  <\/script>\n   <\/div>\n<\/p><\/div>\n<\/p><\/div>\n<\/div>\n<p>Lo primero es revisar las medidas exactas del hueco y del electrodom\u00e9stico, asegur\u00e1ndose de <strong>dejar siempre un margen para la ventilaci\u00f3n<\/strong> de acuerdo con las recomendaciones del fabricante, normalmente unos cent\u00edmetros en la parte trasera y superior. En mi caso, he dejado unos 30 cm en la parte posterior y la zona superior descubierta, lo que favorece la circulaci\u00f3n del aire (aunque aun as\u00ed se nota calor en los laterales).<\/p>\n<p><!-- BREAK 5 --><\/p>\n<p>Durante la instalaci\u00f3n es fundamental <strong>garantizar una ventilaci\u00f3n adecuada<\/strong>. El aire fr\u00edo debe entrar por la parte inferior del mueble y el aire caliente salir por la rejilla superior. Nunca se debe empotrar el frigor\u00edfico contra la pared, sino respetar siempre el espacio necesario detr\u00e1s.<\/p>\n<p><!-- BREAK 6 --><\/p>\n<p>Un truco \u00fatil, si notas que el mueble se calienta demasiado por los laterales, es sustituir la rejilla superior (en caso de estar cubierta) por otra con mayor paso de aire, preferiblemente met\u00e1lica o m\u00e1s abierta que las de pl\u00e1stico cerrado que suelen venir en algunos kits. Esta mejora sencilla <strong>favorece la ventilaci\u00f3n y prolonga la vida del aparato.<\/strong><\/p>\n<p><!-- BREAK 7 --><\/p>\n<p>Tambi\u00e9n resulta importante que el frigor\u00edfico cuente con <strong>una toma el\u00e9ctrica independiente y accesible<\/strong>, nunca conectada a regletas, y que el acceso al enchufe sea f\u00e1cil. Adem\u00e1s, conviene que el cable de alimentaci\u00f3n no est\u00e9 tenso, dejando holgura suficiente para poder mover el aparato sin forzarlo.<\/p>\n<p><!-- BREAK 8 --><\/p>\n<p>No hay que olvidar que la superficie sobre la que se instale, es decir, el suelo, <strong>debe estar perfectamente nivelada<\/strong>. De lo contrario, la puerta puede quedar desajustada o el compresor trabajar de m\u00e1s. Las patas regulables permiten nivelar el electrodom\u00e9stico para evitar vibraciones o desplazamientos.<\/p>\n<p><!-- BREAK 9 --><\/p>\n<div class=\"article-asset article-asset-normal article-asset-center\">\n<div class=\"desvio-container\">\n<div class=\"desvio\">\n<div class=\"desvio-figure js-desvio-figure\">\n    <a href=\"https:\/\/www.xatakahome.com\/a-fondo\/conseguir-que-comida-dure-tiempo-dentro-frigorifico-esto-hay-que-tener-cuenta-para-no-desperdiciar-alimentos\" class=\"pivot-outboundlink\" data-vars-post-title=\"Conseguir que la comida dure m\u00e1s tiempo dentro del frigor\u00edfico: esto hay que tener en cuenta para no desperdiciar alimentos\"><br \/>\n     <img loading=\"lazy\" decoding=\"async\" alt=\"Conseguir que la comida dure m\u00e1s tiempo dentro del frigor\u00edfico: esto hay que tener en cuenta para no desperdiciar alimentos\" width=\"375\" height=\"142\" src=\"https:\/\/i.blogs.es\/ef06e4\/frigorificolnlg\/375_142.jpeg\"><br \/>\n    <\/a>\n   <\/div>\n<div class=\"desvio-summary\">\n<div class=\"desvio-taxonomy js-desvio-taxonomy\">\n     <a href=\"https:\/\/www.xatakahome.com\/a-fondo\/conseguir-que-comida-dure-tiempo-dentro-frigorifico-esto-hay-que-tener-cuenta-para-no-desperdiciar-alimentos\" class=\"desvio-taxonomy-anchor pivot-outboundlink\" data-vars-post-title=\"Conseguir que la comida dure m\u00e1s tiempo dentro del frigor\u00edfico: esto hay que tener en cuenta para no desperdiciar alimentos\">En Xataka Smart Home<\/a>\n    <\/div>\n<p>    <a href=\"https:\/\/www.xatakahome.com\/a-fondo\/conseguir-que-comida-dure-tiempo-dentro-frigorifico-esto-hay-que-tener-cuenta-para-no-desperdiciar-alimentos\" class=\"desvio-title js-desvio-title pivot-outboundlink\" data-vars-post-title=\"Conseguir que la comida dure m\u00e1s tiempo dentro del frigor\u00edfico: esto hay que tener en cuenta para no desperdiciar alimentos\">Conseguir que la comida dure m\u00e1s tiempo dentro del frigor\u00edfico: esto hay que tener en cuenta para no desperdiciar alimentos<\/a>\n   <\/div>\n<\/p><\/div>\n<\/p><\/div>\n<\/div>\n<p>Es aconsejable comprobar <strong>que no existan ruidos o vibraciones contra el mueble<\/strong> y, si los hay, colocar topes de goma o fieltro en los laterales.<\/p>\n<p>El montaje de la puerta tambi\u00e9n es clave: seg\u00fan el sistema de herrajes (fijos o deslizantes), hay que asegurarse de que quede bien atornillada, <strong>que abra sin rozar y que, al soltarla, se cierre sola<\/strong> gracias a un ligero desnivel hacia atr\u00e1s.<\/p>\n<p><!-- BREAK 10 --><\/p>\n<p>Por \u00faltimo, un par de consejos generales antes de ponerlo en marcha, v\u00e1lidos para cualquier frigor\u00edfico, no solo los encastrados. Si el aparato ha sido transportado tumbado, conviene <strong>dejarlo reposar entre 6 y 12 horas<\/strong> antes de enchufarlo. La temperatura \u00f3ptima suele ser de 4 \u00b0C en el frigor\u00edfico y \u201318 \u00b0C en el congelador, evitando ajustes extremos que \u00fanicamente fuerzan el compresor.<\/p>\n<p><!-- BREAK 11 --><\/p>\n<p>En Xataka SmartHome | <a class=\"text-outboundlink\" href=\"https:\/\/www.xatakahome.com\/hogar\/bosch-lg-responden-colocar-imanes-frigorifico-hace-que-consumo-se-dispare-explican-que-gasta\" data-vars-post-title=\"Bosch y LG aclaran si los imanes en el frigor\u00edfico hacen que gaste m\u00e1s. Y de paso explican lo que m\u00e1s consume\" data-vars-post-url=\"https:\/\/www.xatakahome.com\/hogar\/bosch-lg-responden-colocar-imanes-frigorifico-hace-que-consumo-se-dispare-explican-que-gasta\" data-id=\"noopener noreferrer\">Bosch y LG aclaran si los imanes en el frigor\u00edfico hacen que gaste m\u00e1s. Y de paso explican lo que m\u00e1s consume<\/a><\/p>\n<p><script>\n (function() {\n  window._JS_MODULES = window._JS_MODULES || {};\n  var headElement = document.getElementsByTagName('head')[0];\n  if (_JS_MODULES.instagram) {\n   var instagramScript = document.createElement('script');\n   instagramScript.src = 'https:\/\/platform.instagram.com\/en_US\/embeds.js';\n   instagramScript.async = true;\n   instagramScript.defer = true;\n   headElement.appendChild(instagramScript);\n  }\n })();\n<\/script><\/p>\n<p> &#8211; <br \/> La noticia<br \/>\n      <a href=\"https:\/\/www.xatakahome.com\/electrodomesticos-innovadores\/puse-mi-cocina-frigorifico-encastrado-ojala-me-hubiesen-dicho-esto-antes-hacerlo?utm_source=feedburner&amp;utm_medium=feed&amp;utm_campaign=02_Sep_2025\"><br \/>\n       <em> Puse en mi cocina un frigor\u00edfico encastrado: ojal\u00e1 me hubiesen dicho esto antes de hacerlo <\/em><br \/>\n      <\/a><br \/>\n      fue publicada originalmente en<br \/>\n      <a href=\"https:\/\/www.xatakahome.com\/?utm_source=feedburner&amp;utm_medium=feed&amp;utm_campaign=02_Sep_2025\"><br \/>\n       <strong> Xataka Smart Home <\/strong><br \/>\n      <\/a><br \/>\n             por <a href=\"https:\/\/www.xatakahome.com\/autor\/jose-antonio-carmona?utm_source=feedburner&amp;utm_medium=feed&amp;utm_campaign=02_Sep_2025\"><br \/>\n        Jose Antonio Carmona<br \/>\n       <\/a><br \/>\n      . <\/p>\n<\/div>\n","protected":false},"excerpt":{"rendered":"<p>Hace unos d\u00edas comentamos c\u00f3mo los frigor\u00edficos pueden generar ruidos durante la noche, algo que en realidad es bastante normal. Sin embargo, m\u00e1s all\u00e1 de este fen\u00f3meno, existen ciertos comportamientos que se dan con m\u00e1s frecuencia en los modelos encastrados (as\u00ed puse uno en casa). Con el paso del tiempo pueden surgir problemas que afectan &hellip; <a href=\"https:\/\/domosistemas.com\/?p=29810\" class=\"more-link\">Sigue leyendo <span class=\"screen-reader-text\">Puse en mi cocina un frigor\u00edfico encastrado: ojal\u00e1 me hubiesen dicho esto antes de hacerlo<\/span><\/a><\/p>\n","protected":false},"author":1,"featured_media":0,"comment_status":"closed","ping_status":"closed","sticky":false,"template":"","format":"standard","meta":{"footnotes":""},"categories":[8],"tags":[],"class_list":["post-29810","post","type-post","status-publish","format-standard","hentry","category-xataka"],"_links":{"self":[{"href":"https:\/\/domosistemas.com\/index.php?rest_route=\/wp\/v2\/posts\/29810","targetHints":{"allow":["GET"]}}],"collection":[{"href":"https:\/\/domosistemas.com\/index.php?rest_route=\/wp\/v2\/posts"}],"about":[{"href":"https:\/\/domosistemas.com\/index.php?rest_route=\/wp\/v2\/types\/post"}],"author":[{"embeddable":true,"href":"https:\/\/domosistemas.com\/index.php?rest_route=\/wp\/v2\/users\/1"}],"replies":[{"embeddable":true,"href":"https:\/\/domosistemas.com\/index.php?rest_route=%2Fwp%2Fv2%2Fcomments&post=29810"}],"version-history":[{"count":0,"href":"https:\/\/domosistemas.com\/index.php?rest_route=\/wp\/v2\/posts\/29810\/revisions"}],"wp:attachment":[{"href":"https:\/\/domosistemas.com\/index.php?rest_route=%2Fwp%2Fv2%2Fmedia&parent=29810"}],"wp:term":[{"taxonomy":"category","embeddable":true,"href":"https:\/\/domosistemas.com\/index.php?rest_route=%2Fwp%2Fv2%2Fcategories&post=29810"},{"taxonomy":"post_tag","embeddable":true,"href":"https:\/\/domosistemas.com\/index.php?rest_route=%2Fwp%2Fv2%2Ftags&post=29810"}],"curies":[{"name":"wp","href":"https:\/\/api.w.org\/{rel}","templated":true}]}}