{"id":29826,"date":"2025-09-03T11:01:23","date_gmt":"2025-09-03T11:01:23","guid":{"rendered":"https:\/\/domosistemas.com\/?p=29826"},"modified":"2025-09-03T11:01:23","modified_gmt":"2025-09-03T11:01:23","slug":"asi-calculo-las-frigorias-que-debe-tener-mi-aire-acondicionado-quiero-que-enfrie-de-verdad-y-no-gaste-mas-de-la-cuenta","status":"publish","type":"post","link":"https:\/\/domosistemas.com\/?p=29826","title":{"rendered":"As\u00ed calculo las frigor\u00edas que debe tener mi aire acondicionado: quiero que enfr\u00ede de verdad y no gaste m\u00e1s de la cuenta"},"content":{"rendered":"<div>\n<p>\n      <img decoding=\"async\" src=\"https:\/\/i.blogs.es\/4217b4\/pexels-rdne-5921494\/1024_2000.jpeg\" alt=\"As\u00ed calculo las frigor\u00edas que debe tener mi aire acondicionado: quiero que enfr\u00ede de verdad y no gaste m\u00e1s de la cuenta\">\n    <\/p>\n<p>Superado el sofocante verano \u2014y quiz\u00e1 tambi\u00e9n las olas de calor m\u00e1s duras\u2014 son muchas las personas que empiezan a plantearse la <a class=\"text-outboundlink\" href=\"https:\/\/www.xatakahome.com\/hogar\/dos-problemas-molestos-que-nadie-me-conto-cuando-compre-mi-carisimo-aire-acondicionado-como-hemos-solucionado-casa\" data-vars-post-title=\"Los dos problemas m\u00e1s molestos que nadie me cont\u00f3 cuando compr\u00e9 mi car\u00edsimo aire acondicionado y c\u00f3mo los hemos solucionado en casa\" data-vars-post-url=\"https:\/\/www.xatakahome.com\/hogar\/dos-problemas-molestos-que-nadie-me-conto-cuando-compre-mi-carisimo-aire-acondicionado-como-hemos-solucionado-casa\">compra e instalaci\u00f3n<\/a> de un <a class=\"text-outboundlink\" href=\"https:\/\/www.xatakahome.com\/hogar\/estaba-desperdiciando-aire-acondicionado-darme-cuenta-estos-eran-errores-que-no-he-vuelto-a-cometer\" data-vars-post-title=\"Estaba desperdiciando el aire acondicionado sin darme cuenta: estos eran los errores que ya no he vuelto a cometer \" data-vars-post-url=\"https:\/\/www.xatakahome.com\/hogar\/estaba-desperdiciando-aire-acondicionado-darme-cuenta-estos-eran-errores-que-no-he-vuelto-a-cometer\">aire acondicionado<\/a> en casa, pensando ya en el pr\u00f3ximo a\u00f1o con el fin de tener una <a class=\"text-outboundlink\" href=\"https:\/\/www.xatakahome.com\/hogar\/temperatura-maxima-minima-casa-para-tener-buena-salud-ideal-para-no-derrochar-aire-acondicionado-durante-verano-1\" data-vars-post-title=\"La temperatura m\u00e1xima\/m\u00ednima en casa para tener buena salud y la ideal para no derrochar aire acondicionado durante el verano \" data-vars-post-url=\"https:\/\/www.xatakahome.com\/hogar\/temperatura-maxima-minima-casa-para-tener-buena-salud-ideal-para-no-derrochar-aire-acondicionado-durante-verano-1\">temperatura adecuada en casa<\/a>. En esta \u00e9poca resulta m\u00e1s sencillo encontrar modelos disponibles e incluso <strong>tener menos problemas para encontrar instaladores.<\/strong><\/p>\n<p><!-- BREAK 1 --><\/p>\n<p>Ahora bien, antes de lanzarse a la compra de un <a class=\"text-outboundlink\" href=\"https:\/\/www.xatakahome.com\/hogar\/estas-piezas-tu-aire-acondicionado-clave-hagan-ruido-comprobar-que-se-encuentren-buen-estado-esencial\" data-vars-post-title=\"Estas piezas de tu aire acondicionado son la clave para que hagan menos ruido: comprobar que se encuentren en buen estado es esencial \" data-vars-post-url=\"https:\/\/www.xatakahome.com\/hogar\/estas-piezas-tu-aire-acondicionado-clave-hagan-ruido-comprobar-que-se-encuentren-buen-estado-esencial\">aire acondicionado<\/a> conviene detenerse en un aspecto fundamental: <strong>la potencia del equipo<\/strong>. No siempre la mejor opci\u00f3n es elegir el modelo m\u00e1s potente, sino aquel que se adapte de forma precisa a las caracter\u00edsticas de la vivienda. Acertar con el c\u00e1lculo de las <strong>frigor\u00edas<\/strong> y la <strong>potencia adecuada<\/strong> es clave para garantizar el confort y la eficiencia. De lo contrario, se corre el riesgo de acabar con un aparato que gasta m\u00e1s electricidad de la necesaria o que no consigue mantener una temperatura agradable. Y justo en este punto vamos a profundizar a continuaci\u00f3n.<\/p>\n<p><!-- BREAK 2 --><\/p>\n<h2>Para no gastar en exceso<\/h2>\n<div class=\"article-asset-video article-asset-normal\">\n<div class=\"asset-content\">\n<div class=\"base-asset-video\">\n<div class=\"js-dailymotion\">\n    <script type=\"application\/json\">\n                          {\"videoId\":\"x906zis\",\"autoplay\":true,\"title\":\"QU\u00c9 TENER EN CUENTA PARA COMPRAR UN AIRE ACONDICIONADO \u2744\ufe0f\", \"tag\":\"webedia-prod\", \"duration\":\"433\"}\n                  <\/script>\n   <\/div>\n<\/p><\/div>\n<\/p><\/div>\n<\/div>\n<p>No vamos a hablar de la tecnolog\u00eda Inverter, que ayuda a reducir el consumo y mejora la eficiencia, puesto que hoy en d\u00eda casi todos los sistemas de climatizaci\u00f3n la incluyen. <strong>S\u00ed hacer referencia al <\/strong><a class=\"text-outboundlink\" href=\"https:\/\/www.xatakahome.com\/electrodomesticos-innovadores\/samsung-deja-obsoletas-etiquetas-a-eficiencia-energetica-sus-nuevas-lavadoras-prometen-gastar-65\" data-vars-post-title='Samsung deja obsoletas las etiquetas \"A\" de eficiencia energ\u00e9tica: sus nuevas lavadoras prometen gastar un 65% menos  ' data-vars-post-url=\"https:\/\/www.xatakahome.com\/electrodomesticos-innovadores\/samsung-deja-obsoletas-etiquetas-a-eficiencia-energetica-sus-nuevas-lavadoras-prometen-gastar-65\">etiquetado energ\u00e9tico<\/a>: cuanto m\u00e1s alto sea la clasificaci\u00f3n (A, B o C en el sistema actual, o A+, A++ y A+++ en las etiquetas anteriores), mejor rendimiento tendr\u00e1s a largo plazo. Pero sobre todo hay que fijarse en las <strong>frigor\u00edas<\/strong> y los vatios o la potencia t\u00e9rmica<strong>.<\/strong><\/p>\n<p><!-- BREAK 3 --><\/p>\n<p>Las primeras, las frigor\u00edas, indican cu\u00e1nto puede enfriar un equipo, mientras que los vatios, los segundos en esta ecuaci\u00f3n, reflejan la potencia t\u00e9rmica (ojo, no confundir con la potencia el\u00e9ctrica que mide el gasto en electricidad) necesaria para climatizar un espacio (mide lo que el aparato puede enfriar o calentar).<\/p>\n<p><!-- BREAK 4 --><\/p>\n<h2>C\u00f3mo calcular la potencia<\/h2>\n<div class=\"article-asset-image article-asset-large article-asset-center\">\n<div class=\"asset-content\">\n<p>   <img decoding=\"async\" alt=\"Carlos Laire Acondicionado\" class=\"\" src=\"https:\/\/i.blogs.es\/49c0c4\/carlos-laire-acondicionado\/450_1000.jpeg\"><\/p><\/div>\n<\/div>\n<p>Para tener en cuenta el equipo que necesitamos para nuestro hogar, muchos fabricantes recomiendan usar una f\u00f3rmula sencilla. Se trata, tomando como referencia el consejo de fabricantes como <a rel=\"noopener, noreferrer\" href=\"https:\/\/www.daikin.es\/es_es\/hogar\/inspiracion\/articulos\/que-son-las-frigorias.html\">Daikin<\/a> o <a rel=\"noopener, noreferrer\" href=\"https:\/\/www.hitachiaircon.com\/es\/noticias\/descubre-como-calcular-la-potencia-de-aire-acondicionado-que-necesitas-para-tu-casa\">Hitachi<\/a>, de calcular unas <strong>100 o 150 frigor\u00edas por metro cuadrado<\/strong> (1 frigor\u00eda se considera igual a aproximadamente 1,163 vatios-hora (Wh).<\/p>\n<p><!-- BREAK 5 --><\/p>\n<p><strong>Un c\u00e1lculo sencillo. <\/strong>Por ejemplo, si tu sal\u00f3n mide 27 m\u00b2, necesitar\u00e1s alrededor de 2.700 frigor\u00edas. Si prefieres expresarlo en vatios, basta con multiplicar por 1,163: en este caso, unos 3.140 W de potencia t\u00e9rmica. Y si ya tienes la potencia en vatios, puedes pasarla a frigor\u00edas multiplicando por 0,86.<\/p>\n<p><!-- BREAK 6 --><\/p>\n<div class=\"article-asset-image article-asset-large article-asset-center\">\n<div class=\"asset-content\">\n<div class=\"caption-img \">\n<p>   <img decoding=\"async\" alt=\"Interior 3 Frigorias\" class=\"\" src=\"https:\/\/i.blogs.es\/d288cf\/interior-3-frigorias\/450_1000.jpeg\"><\/p>\n<p>        <span>Imagen | Daikin<\/span>\n   <\/div>\n<\/p><\/div>\n<\/div>\n<p>M\u00e1s all\u00e1 de la superficie, <strong>tambi\u00e9n es recomendable tener en cuenta el volumen<\/strong> de la estancia a climatizar. Para calcularlo basta con multiplicar los metros cuadrados por la altura del techo. Una vez tengas los metros c\u00fabicos, calcula entre 30 y 50 frigor\u00edas por cada uno de ellos, ajustando seg\u00fan la orientaci\u00f3n de la vivienda, el aislamiento o la cantidad de sol que recibe. As\u00ed, un sal\u00f3n de 30 m\u00b2 con 2,5 m de altura (75 m\u00b3) necesitar\u00e1 entre 2.250 y 3.750 frigor\u00edas para enfriarse bien.<\/p>\n<p><!-- BREAK 7 --><\/p>\n<p><strong>Si el c\u00e1lculo queda demasiado justo<\/strong>, lo recomendable es optar por un equipo con la siguiente potencia superior. De este modo, se garantiza un confort adecuado en la vivienda y se previene un gasto energ\u00e9tico innecesario.<\/p>\n<p><!-- BREAK 8 --><\/p>\n<div class=\"article-asset article-asset-normal article-asset-center\">\n<div class=\"desvio-container\">\n<div class=\"desvio\">\n<div class=\"desvio-figure js-desvio-figure\">\n    <a href=\"https:\/\/www.xatakahome.com\/hogar\/queria-aire-acondicionado-me-hablaron-hvac-me-sonaba-extrano-ahora-se-que-mucho-mejor\" class=\"pivot-outboundlink\" data-vars-post-title=\"Quer\u00eda un aire acondicionado y me hablaron de HVAC. Me sonaba extra\u00f1o, pero ahora s\u00e9 por qu\u00e9 es mucho mejor\"><br \/>\n     <img loading=\"lazy\" decoding=\"async\" alt=\"Quer\u00eda un aire acondicionado y me hablaron de HVAC. Me sonaba extra\u00f1o, pero ahora s\u00e9 por qu\u00e9 es mucho mejor\" width=\"375\" height=\"142\" src=\"https:\/\/i.blogs.es\/a80c15\/hvac\/375_142.jpeg\"><br \/>\n    <\/a>\n   <\/div>\n<div class=\"desvio-summary\">\n<div class=\"desvio-taxonomy js-desvio-taxonomy\">\n     <a href=\"https:\/\/www.xatakahome.com\/hogar\/queria-aire-acondicionado-me-hablaron-hvac-me-sonaba-extrano-ahora-se-que-mucho-mejor\" class=\"desvio-taxonomy-anchor pivot-outboundlink\" data-vars-post-title=\"Quer\u00eda un aire acondicionado y me hablaron de HVAC. Me sonaba extra\u00f1o, pero ahora s\u00e9 por qu\u00e9 es mucho mejor\">En Xataka Smart Home<\/a>\n    <\/div>\n<p>    <a href=\"https:\/\/www.xatakahome.com\/hogar\/queria-aire-acondicionado-me-hablaron-hvac-me-sonaba-extrano-ahora-se-que-mucho-mejor\" class=\"desvio-title js-desvio-title pivot-outboundlink\" data-vars-post-title=\"Quer\u00eda un aire acondicionado y me hablaron de HVAC. Me sonaba extra\u00f1o, pero ahora s\u00e9 por qu\u00e9 es mucho mejor\">Quer\u00eda un aire acondicionado y me hablaron de HVAC. Me sonaba extra\u00f1o, pero ahora s\u00e9 por qu\u00e9 es mucho mejor<\/a>\n   <\/div>\n<\/p><\/div>\n<\/p><\/div>\n<\/div>\n<p>Pero <strong>no todo depende de f\u00f3rmulas r\u00e1pidas<\/strong>. El clima de tu zona, la calidad del aislamiento, el n\u00famero de ventanas, la orientaci\u00f3n de la vivienda o incluso los aparatos electr\u00f3nicos que tengas conectados pueden marcar la diferencia. Adem\u00e1s de los m\u00b2 y m\u00b3, si quieres instalar un equipo de climatizaci\u00f3n es adecuado fijarse en otros aspectos:<\/p>\n<p><!-- BREAK 9 --><\/p>\n<ul>\n<li><strong>Condiciones ambientales:<\/strong> temperatura y humedad de la zona (en climas m\u00e1s fr\u00edos, bastar\u00e1n de 50 a 100 frigor\u00edas por metro cuadrado).<\/li>\n<li><strong>Aislamiento t\u00e9rmico:<\/strong> cuanto mejor sea, menos potencia se necesita.<\/li>\n<li><strong>Tama\u00f1o y tipo de ventanas:<\/strong> mayor superficie acristalada = mayor demanda.<\/li>\n<li><strong>Orientaci\u00f3n de la vivienda:<\/strong> m\u00e1s sol directo implica mayor potencia en fr\u00edo.<\/li>\n<li><strong>Equipos electr\u00f3nicos presentes:<\/strong> generan calor adicional.<\/li>\n<li><strong>Uso del espacio:<\/strong> no es igual climatizar un piso, un local comercial o una oficina.<\/li>\n<\/ul>\n<h2>Ni pasarse ni quedarse corto<\/h2>\n<div class=\"article-asset-image article-asset-large article-asset-center\">\n<div class=\"asset-content\">\n<div class=\"caption-img \">\n<p>   <img decoding=\"async\" alt=\"aire\" class=\"\" src=\"https:\/\/i.blogs.es\/6edfc8\/1366_2000mando\/450_1000.jpeg\"><\/p>\n<p>        <span>Imagen | Paco Rodr\u00edguez<\/span>\n   <\/div>\n<\/p><\/div>\n<\/div>\n<p>Tanto optar por un equipo menos potente de lo necesario como por uno con frigor\u00edas de sobra, <strong>puede terminar afectando a nuestro bolsillo.<\/strong><\/p>\n<p>Un aire acondicionado con <strong>menos frigor\u00edas de las necesarias<\/strong> provoca un mayor consumo energ\u00e9tico por trabajar de forma continua, incapacidad para enfriar correctamente en d\u00edas calurosos, ciclos de encendido y apagado que aceleran el desgaste del equipo y dificultad para reducir la humedad, generando un ambiente inc\u00f3modo.<\/p>\n<p><!-- BREAK 10 --><\/p>\n<div class=\"article-asset article-asset-normal article-asset-center\">\n<div class=\"desvio-container\">\n<div class=\"desvio\">\n<div class=\"desvio-figure js-desvio-figure\">\n    <a href=\"https:\/\/www.xatakahome.com\/hogar\/quiero-instalar-aire-acondicionado-no-tengo-espacio-patio-parece-mejor-opcion-esto-que-dice-ley\" class=\"pivot-outboundlink\" data-vars-post-title=\"Quiero instalar un aire acondicionado, pero no tengo espacio y el patio parece la mejor opci\u00f3n. Esto es lo que dice la Ley\"><br \/>\n     <img loading=\"lazy\" decoding=\"async\" alt=\"Quiero instalar un aire acondicionado, pero no tengo espacio y el patio parece la mejor opci\u00f3n. Esto es lo que dice la Ley\" width=\"375\" height=\"142\" src=\"https:\/\/i.blogs.es\/658a9f\/captura-de-pantalla-2025-07-17-a-las-13.33.14\/375_142.jpeg\"><br \/>\n    <\/a>\n   <\/div>\n<div class=\"desvio-summary\">\n<div class=\"desvio-taxonomy js-desvio-taxonomy\">\n     <a href=\"https:\/\/www.xatakahome.com\/hogar\/quiero-instalar-aire-acondicionado-no-tengo-espacio-patio-parece-mejor-opcion-esto-que-dice-ley\" class=\"desvio-taxonomy-anchor pivot-outboundlink\" data-vars-post-title=\"Quiero instalar un aire acondicionado, pero no tengo espacio y el patio parece la mejor opci\u00f3n. Esto es lo que dice la Ley\">En Xataka Smart Home<\/a>\n    <\/div>\n<p>    <a href=\"https:\/\/www.xatakahome.com\/hogar\/quiero-instalar-aire-acondicionado-no-tengo-espacio-patio-parece-mejor-opcion-esto-que-dice-ley\" class=\"desvio-title js-desvio-title pivot-outboundlink\" data-vars-post-title=\"Quiero instalar un aire acondicionado, pero no tengo espacio y el patio parece la mejor opci\u00f3n. Esto es lo que dice la Ley\">Quiero instalar un aire acondicionado, pero no tengo espacio y el patio parece la mejor opci\u00f3n. Esto es lo que dice la Ley<\/a>\n   <\/div>\n<\/p><\/div>\n<\/p><\/div>\n<\/div>\n<p>Y al contrario, si eliges <strong>un aire acondicionado con m\u00e1s frigor\u00edas<\/strong> de las necesarias, el aparato enfriar\u00e1 el espacio demasiado r\u00e1pido, lo que provocar\u00e1 ciclos constantes de encendido y apagado que reducen la eficiencia energ\u00e9tica y la vida \u00fatil del equipo. Adem\u00e1s de un mayor consumo, esto puede llevar a una mayor humedad en el ambiente y a cambios bruscos de temperatura, generando un confort reducido a pesar de que el costo inicial del equipo sea mayor.<\/p>\n<p><!-- BREAK 11 --><\/p>\n<p>Por eso y si tienes dudas, <strong>lo m\u00e1s recomendable es que un instalador profesional revise el espacio, la estancia<\/strong> y haga los c\u00e1lculos con detalle. Solo as\u00ed te aseguras de que tu aire acondicionado no se quede corto, ni consuma m\u00e1s de la cuenta, y sobre todo que enfr\u00ede de verdad.<\/p>\n<p><!-- BREAK 12 --><\/p>\n<p>Foto de portada | <a rel=\"noopener, noreferrer\" href=\"https:\/\/www.pexels.com\/es-es\/foto\/persona-sosteniendo-calculadora-de-escritorio-negro-5921494\/\">RDNE Stock project<\/a><\/p>\n<p>En Xataka SmartHome | <a class=\"text-outboundlink\" href=\"https:\/\/www.xatakahome.com\/hogar\/aire-acondicionado-tiene-boton-para-resetearlo-tienes-que-hacerlo-estas-situaciones\" data-vars-post-title=\"El aire acondicionado tiene un bot\u00f3n para resetearlo. Y tienes que hacerlo en estas situaciones\" data-vars-post-url=\"https:\/\/www.xatakahome.com\/hogar\/aire-acondicionado-tiene-boton-para-resetearlo-tienes-que-hacerlo-estas-situaciones\">El aire acondicionado tiene un bot\u00f3n para resetearlo. Y tienes que hacerlo en estas situaciones<\/a><\/p>\n<p><script>\n (function() {\n  window._JS_MODULES = window._JS_MODULES || {};\n  var headElement = document.getElementsByTagName('head')[0];\n  if (_JS_MODULES.instagram) {\n   var instagramScript = document.createElement('script');\n   instagramScript.src = 'https:\/\/platform.instagram.com\/en_US\/embeds.js';\n   instagramScript.async = true;\n   instagramScript.defer = true;\n   headElement.appendChild(instagramScript);\n  }\n })();\n<\/script><\/p>\n<p> &#8211; <br \/> La noticia<br \/>\n      <a href=\"https:\/\/www.xatakahome.com\/hogar\/asi-calculo-frigorias-mi-aire-acondicionado-quiero-que-enfrie-verdad-no-gaste-cuenta?utm_source=feedburner&amp;utm_medium=feed&amp;utm_campaign=03_Sep_2025\"><br \/>\n       <em> As\u00ed calculo las frigor\u00edas que debe tener mi aire acondicionado: quiero que enfr\u00ede de verdad y no gaste m\u00e1s de la cuenta <\/em><br \/>\n      <\/a><br \/>\n      fue publicada originalmente en<br \/>\n      <a href=\"https:\/\/www.xatakahome.com\/?utm_source=feedburner&amp;utm_medium=feed&amp;utm_campaign=03_Sep_2025\"><br \/>\n       <strong> Xataka Smart Home <\/strong><br \/>\n      <\/a><br \/>\n             por <a href=\"https:\/\/www.xatakahome.com\/autor\/jose-antonio-carmona?utm_source=feedburner&amp;utm_medium=feed&amp;utm_campaign=03_Sep_2025\"><br \/>\n        Jose Antonio Carmona<br \/>\n       <\/a><br \/>\n      . <\/p>\n<\/div>\n","protected":false},"excerpt":{"rendered":"<p>Superado el sofocante verano \u2014y quiz\u00e1 tambi\u00e9n las olas de calor m\u00e1s duras\u2014 son muchas las personas que empiezan a plantearse la compra e instalaci\u00f3n de un aire acondicionado en casa, pensando ya en el pr\u00f3ximo a\u00f1o con el fin de tener una temperatura adecuada en casa. En esta \u00e9poca resulta m\u00e1s sencillo encontrar modelos &hellip; <a href=\"https:\/\/domosistemas.com\/?p=29826\" class=\"more-link\">Sigue leyendo <span class=\"screen-reader-text\">As\u00ed calculo las frigor\u00edas que debe tener mi aire acondicionado: quiero que enfr\u00ede de verdad y no gaste m\u00e1s de la cuenta<\/span><\/a><\/p>\n","protected":false},"author":1,"featured_media":0,"comment_status":"closed","ping_status":"closed","sticky":false,"template":"","format":"standard","meta":{"footnotes":""},"categories":[8],"tags":[],"class_list":["post-29826","post","type-post","status-publish","format-standard","hentry","category-xataka"],"_links":{"self":[{"href":"https:\/\/domosistemas.com\/index.php?rest_route=\/wp\/v2\/posts\/29826","targetHints":{"allow":["GET"]}}],"collection":[{"href":"https:\/\/domosistemas.com\/index.php?rest_route=\/wp\/v2\/posts"}],"about":[{"href":"https:\/\/domosistemas.com\/index.php?rest_route=\/wp\/v2\/types\/post"}],"author":[{"embeddable":true,"href":"https:\/\/domosistemas.com\/index.php?rest_route=\/wp\/v2\/users\/1"}],"replies":[{"embeddable":true,"href":"https:\/\/domosistemas.com\/index.php?rest_route=%2Fwp%2Fv2%2Fcomments&post=29826"}],"version-history":[{"count":0,"href":"https:\/\/domosistemas.com\/index.php?rest_route=\/wp\/v2\/posts\/29826\/revisions"}],"wp:attachment":[{"href":"https:\/\/domosistemas.com\/index.php?rest_route=%2Fwp%2Fv2%2Fmedia&parent=29826"}],"wp:term":[{"taxonomy":"category","embeddable":true,"href":"https:\/\/domosistemas.com\/index.php?rest_route=%2Fwp%2Fv2%2Fcategories&post=29826"},{"taxonomy":"post_tag","embeddable":true,"href":"https:\/\/domosistemas.com\/index.php?rest_route=%2Fwp%2Fv2%2Ftags&post=29826"}],"curies":[{"name":"wp","href":"https:\/\/api.w.org\/{rel}","templated":true}]}}