{"id":29836,"date":"2025-09-04T07:31:23","date_gmt":"2025-09-04T07:31:23","guid":{"rendered":"https:\/\/domosistemas.com\/?p=29836"},"modified":"2025-09-04T07:31:23","modified_gmt":"2025-09-04T07:31:23","slug":"carrefour-esta-liquidando-este-set-de-mesa-y-sillas-para-poder-relajarte-en-el-balcon-o-la-terraza","status":"publish","type":"post","link":"https:\/\/domosistemas.com\/?p=29836","title":{"rendered":"Carrefour est\u00e1 liquidando este set de mesa y sillas para poder relajarte en el balc\u00f3n o la terraza"},"content":{"rendered":"<div>\n<p>\n      <img decoding=\"async\" src=\"https:\/\/i.blogs.es\/4114c3\/ofertas_cpa_v3-copia-31-\/1024_2000.jpeg\" alt=\"Carrefour est\u00e1 liquidando este set de mesa y sillas para poder relajarte en el balc\u00f3n o la terraza \">\n    <\/p>\n<p>A\u00fan quedan d\u00edas de verano e incluso en oto\u00f1o e invierno, tenemos muchos d\u00edas con sol y buenas temperaturas. Si quieres disfrutarlos en tu terraza, balc\u00f3n o jard\u00edn, en Carrefour est\u00e1n liquidando este <strong>set de mesa y dos sillones<\/strong>. Ahora, puedes comprarlo por <a rel=\"nofollow, sponsored, noopener, noreferrer\" target=\"_blank\" class=\"js-ecommerce\" id=\"link-ecommerce-1\" href=\"https:\/\/www.xatakahome.com\/redirect?url=https%3A%2F%2Fwww.carrefour.es%2Fconjunto-de-jardin-mesa-2-sillones%2FVC4A-30998580%2Fp&amp;category=seleccion&amp;ecomPostExpiration=perish&amp;postId=119051\" data-vars-affiliate-url=\"https:\/\/www.carrefour.es\/conjunto-de-jardin-mesa-2-sillones\/VC4A-30998580\/p\">149 euros<\/a>.<\/p>\n<p><!-- BREAK 1 --><!-- PIVOT START --><\/p>\n<div class=\"pivot-ecommerce-container m-pivot-ecommerce-redesign article-asset-normal article-asset-center\">\n<div class=\"pivot-ecommerce\">\n<div class=\"pivot-ecommerce-figure\">\n  <a rel=\"nofollow, sponsored, noopener, noreferrer\" target=\"_blank\" href=\"https:\/\/www.xatakahome.com\/redirect?url=https%3A%2F%2Fwww.carrefour.es%2Fconjunto-de-jardin-mesa-2-sillones%2FVC4A-30998580%2Fp&amp;category=seleccion&amp;pivot=1&amp;ecomPostExpiration=perish&amp;postId=119051\"><br \/>\n   <img loading=\"lazy\" decoding=\"async\" alt=\"Conjunto de Jard\u00edn Mesa + 2 Sillones\n\" width=\"600\" height=\"600\" src=\"https:\/\/i.blogs.es\/28234c\/blob\/original.jpeg\"><br \/>\n  <\/a>\n  <\/div>\n<div class=\"pivot-ecommerce-summary\">\n<p class=\"pivot-ecommerce-desc\">Conjunto de Jard\u00edn Mesa + 2 Sillones\n<\/p>\n<div class=\"pivot-actions \">\n<div class=\"pivot-actions-row\">\n <a rel=\"nofollow, sponsored, noopener, noreferrer\" target=\"_blank\" data-asin=\"\" data-store=\"\" href=\"https:\/\/www.xatakahome.com\/redirect?url=https%3A%2F%2Fwww.carrefour.es%2Fconjunto-de-jardin-mesa-2-sillones%2FVC4A-30998580%2Fp&amp;category=seleccion&amp;pivot=1&amp;ecomPostExpiration=perish&amp;postId=119051\" title=\"Precio de venta al p\u00fablico a fecha de publicaci\u00f3n\" class=\"pivot-action-btn pivot-action-primary\">PVP en Carrefour \u2014 <strong><span class=\"js-deal-price\">149,00<\/span> \u20ac<\/strong><\/a>\n <\/div>\n<\/p><\/div>\n<\/p><\/div>\n<\/p><\/div>\n<div class=\"pivot-link-msg\">* Alg\u00fan precio puede haber cambiado desde la \u00faltima revisi\u00f3n<\/div>\n<\/p><\/div>\n<p><!-- PIVOT END --><\/p>\n<h2>Un conjunto de exterior a precio de chollo<\/h2>\n<div class=\"article-asset-image article-asset-normal article-asset-center\">\n<div class=\"asset-content\">\n                    <a rel=\"nofollow, sponsored, noopener, noreferrer\" target=\"_blank\" class=\"js-ecommerce\" id=\"link-ecommerce-2\" href=\"https:\/\/www.xatakahome.com\/redirect?url=https%3A%2F%2Fwww.carrefour.es%2Fconjunto-de-jardin-mesa-2-sillones%2FVC4A-30998580%2Fp&amp;category=seleccion&amp;ecomPostExpiration=perish&amp;postId=119051\" data-vars-affiliate-url=\"https:\/\/www.carrefour.es\/conjunto-de-jardin-mesa-2-sillones\/VC4A-30998580\/p\"><\/p>\n<p>    <img decoding=\"async\" alt=\"conjunto mesa y dos sillones\" class=\"centro_sinmarco\" src=\"https:\/\/i.blogs.es\/6bf136\/proyecto-nuevo-94-\/450_1000.jpeg\"><br \/>\n     <\/a><\/p><\/div>\n<\/div>\n<p>Ideal para la terraza o el balc\u00f3n de tu hogar, este set est\u00e1 compuesto por <strong>una mesa y dos sillones muy c\u00f3modos<\/strong>. Gracias a ellos, podr\u00e1s disfrutar del buen tiempo en la zona exterior de tu casa y relajarte en uno de estos sillones.<\/p>\n<p><!-- BREAK 2 --><\/p>\n<div class=\"article-asset article-asset-normal article-asset-center\">\n<div class=\"desvio-container\">\n<div class=\"desvio\">\n<div class=\"desvio-figure js-desvio-figure\">\n    <a href=\"https:\/\/www.compradiccion.com\/television\/carrefour-deja-a-recio-outlet-esta-smart-tv-lg-oled-barata-que-nunca-perfecta-para-cine-videojuegos\" class=\"pivot-outboundlink\" target=\"_blank\" data-vars-post-title=\"Carrefour liquida esta Smart TV LG de 48 pulgadas con panel OLED: precio m\u00ednimo para una de las mejores de la marca\"><br \/>\n     <img loading=\"lazy\" decoding=\"async\" alt=\"Carrefour liquida esta Smart TV LG de 48 pulgadas con panel OLED: precio m\u00ednimo para una de las mejores de la marca\" width=\"375\" height=\"142\" src=\"https:\/\/i.blogs.es\/68cb8c\/portada-smart-tv-lg\/375_142.jpeg\"><br \/>\n    <\/a>\n   <\/div>\n<div class=\"desvio-summary\">\n<div class=\"desvio-taxonomy js-desvio-taxonomy\">\n     <a href=\"https:\/\/www.compradiccion.com\/television\/carrefour-deja-a-recio-outlet-esta-smart-tv-lg-oled-barata-que-nunca-perfecta-para-cine-videojuegos\" class=\"desvio-taxonomy-anchor pivot-outboundlink m-crosspost\" target=\"_blank\" data-vars-post-title=\"Carrefour liquida esta Smart TV LG de 48 pulgadas con panel OLED: precio m\u00ednimo para una de las mejores de la marca\">En Compradicci\u00f3n<\/a>\n    <\/div>\n<p>    <a href=\"https:\/\/www.compradiccion.com\/television\/carrefour-deja-a-recio-outlet-esta-smart-tv-lg-oled-barata-que-nunca-perfecta-para-cine-videojuegos\" class=\"desvio-title js-desvio-title pivot-outboundlink\" target=\"_blank\" data-vars-post-title=\"Carrefour liquida esta Smart TV LG de 48 pulgadas con panel OLED: precio m\u00ednimo para una de las mejores de la marca\">Carrefour liquida esta Smart TV LG de 48 pulgadas con panel OLED: precio m\u00ednimo para una de las mejores de la marca<\/a>\n   <\/div>\n<\/p><\/div>\n<\/p><\/div>\n<\/div>\n<div class=\"article-asset-video article-asset-normal\">\n<div class=\"asset-content\">\n<div class=\"base-asset-video\">\n<div class=\"js-dailymotion\">\n    <script type=\"application\/json\">\n                          {\"videoId\":\"x87htyk\",\"autoplay\":true,\"title\":\"NANO GARDEN _ De la graine \u00e0 la plante dans un mini jardin intelligent (sous-titres FR) (1080p_25fps_H264-128kbit_AAC)\", \"tag\":\"Hogar conectado\", \"duration\":\"173\"}\n                  <\/script>\n   <\/div>\n<\/p><\/div>\n<\/p><\/div>\n<\/div>\n<p>Los sillones tienen unas dimensiones de 81 cm de alto, por 66,5 cm de profundidad y 87 cm de ancho. Soportan una <strong>carga m\u00e1xima de 110 kg<\/strong> y la altura del asiento es de 34,5 cm. Adem\u00e1s, vienen con dos c\u00f3modos cojines en color gris\u00e1ceo.<\/p>\n<p><!-- BREAK 3 --><\/p>\n<p>Respecto a la mesa auxiliar, tiene unas dimensiones de 43 x 43 x 41,5 cm. Ambos elementos est\u00e1n fabricados en <strong>metal con recubrimiento de polvo<\/strong>. Esto le confiere durabilidad, ya que es un material que soporta el viento y la lluvia; aunque es recomendable ponerle una funda cuando no lo est\u00e9s usando.<\/p>\n<p><!-- BREAK 4 --><\/p>\n<h2>Otros set de mesa y sillas ideales para el exterior de tu hogar<\/h2>\n<p><!-- PIVOT START --><\/p>\n<div class=\"pivot-ecommerce-container m-pivot-ecommerce-redesign article-asset-normal article-asset-center\">\n<div class=\"pivot-ecommerce\">\n<div class=\"pivot-ecommerce-figure\">\n  <a rel=\"nofollow, sponsored, noopener, noreferrer\" target=\"_blank\" href=\"https:\/\/www.xatakahome.com\/redirect?url=https%3A%2F%2Fwww.amazon.es%2Fdp%2FB0711B4HDQ%3Ftag%3Dxatakahome-21%26linkCode%3Dogi%26th%3D1%26psc%3D1&amp;category=seleccion&amp;pivot=1&amp;ecomPostExpiration=perish&amp;postId=119051\"><br \/>\n   <img loading=\"lazy\" decoding=\"async\" alt=\"vidaXL Juego de Comedor de Jard\u00edn 5 Piezas\" width=\"500\" height=\"500\" src=\"https:\/\/i.blogs.es\/625e36\/41hfhunzbbl._sl500_\/original.jpeg\"><br \/>\n  <\/a>\n  <\/div>\n<div class=\"pivot-ecommerce-summary\">\n<p class=\"pivot-ecommerce-desc\">vidaXL Juego de Comedor de Jard\u00edn 5 Piezas<\/p>\n<div class=\"pivot-actions \">\n<div class=\"pivot-actions-row\">\n <a rel=\"nofollow, sponsored, noopener, noreferrer\" target=\"_blank\" data-asin=\"B0711B4HDQ\" data-store=\"Amazon\" href=\"https:\/\/www.xatakahome.com\/redirect?url=https%3A%2F%2Fwww.amazon.es%2Fdp%2FB0711B4HDQ%3Ftag%3Dxatakahome-21%26linkCode%3Dogi%26th%3D1%26psc%3D1&amp;category=seleccion&amp;pivot=1&amp;ecomPostExpiration=perish&amp;postId=119051\" title=\"Precio actualizado hoy\" class=\"pivot-action-btn metrics-pivot-btn pivot-action-primary\">Hoy en Amazon \u2014 <strong><span class=\"js-deal-price\">138,99<\/span> \u20ac<\/strong><\/a>\n <\/div>\n<\/p><\/div>\n<\/p><\/div>\n<\/p><\/div>\n<div class=\"pivot-link-msg\">* Alg\u00fan precio puede haber cambiado desde la \u00faltima revisi\u00f3n<\/div>\n<\/p><\/div>\n<p><!-- PIVOT END --><br \/>\n<!-- PIVOT START --><\/p>\n<div class=\"pivot-ecommerce-container m-pivot-ecommerce-redesign article-asset-normal article-asset-center\">\n<div class=\"pivot-ecommerce\">\n<div class=\"pivot-ecommerce-figure\">\n  <a rel=\"nofollow, sponsored, noopener, noreferrer\" target=\"_blank\" href=\"https:\/\/www.xatakahome.com\/redirect?url=https%3A%2F%2Fwww.amazon.es%2Fdp%2FB0CNVJTRN7%3Ftag%3Dxatakahome-21%26linkCode%3Dogi%26th%3D1%26psc%3D1&amp;category=seleccion&amp;pivot=1&amp;ecomPostExpiration=perish&amp;postId=119051\"><br \/>\n   <img loading=\"lazy\" decoding=\"async\" alt=\"VOUNOT\u00ae Conjunto de Muebles de Jard\u00edn Plegable 3 Piezas\" width=\"500\" height=\"500\" src=\"https:\/\/i.blogs.es\/370312\/41ll8or1tnl._sl500_\/original.jpeg\"><br \/>\n  <\/a>\n  <\/div>\n<div class=\"pivot-ecommerce-summary\">\n<p class=\"pivot-ecommerce-desc\">VOUNOT\u00ae Conjunto de Muebles de Jard\u00edn Plegable 3 Piezas<\/p>\n<div class=\"pivot-actions \">\n<div class=\"pivot-actions-row\">\n <a rel=\"nofollow, sponsored, noopener, noreferrer\" target=\"_blank\" data-asin=\"B0CNVJTRN7\" data-store=\"Amazon\" href=\"https:\/\/www.xatakahome.com\/redirect?url=https%3A%2F%2Fwww.amazon.es%2Fdp%2FB0CNVJTRN7%3Ftag%3Dxatakahome-21%26linkCode%3Dogi%26th%3D1%26psc%3D1&amp;category=seleccion&amp;pivot=1&amp;ecomPostExpiration=perish&amp;postId=119051\" title=\"Precio actualizado hoy\" class=\"pivot-action-btn metrics-pivot-btn pivot-action-primary\">Hoy en Amazon \u2014 <strong><span class=\"js-deal-price\">79,99<\/span> \u20ac<\/strong><\/a>\n <\/div>\n<\/p><\/div>\n<\/p><\/div>\n<\/p><\/div>\n<div class=\"pivot-link-msg\">* Alg\u00fan precio puede haber cambiado desde la \u00faltima revisi\u00f3n<\/div>\n<\/p><\/div>\n<p><!-- PIVOT END --><\/p>\n<p><em>Nota: algunos de los enlaces aqu\u00ed publicados son de afiliados y pueden reportar un beneficio.<\/em><\/p>\n<p>Im\u00e1genes | Webedia y Carrefour<\/p>\n<p>En Xataka Smart Home | <a class=\"text-outboundlink\" href=\"https:\/\/www.xatakahome.com\/guia-de-compra\/estas-soluciones-baratas-ikea-para-iluminar-cables-cajones-armarios-1\" data-vars-post-title=\"Estas son las soluciones baratas de IKEA para iluminar sin cables los cajones y armarios\" data-vars-post-url=\"https:\/\/www.xatakahome.com\/guia-de-compra\/estas-soluciones-baratas-ikea-para-iluminar-cables-cajones-armarios-1\" data-id=\"noopener noreferrer\">Estas son las soluciones baratas de IKEA para iluminar sin cables los cajones y armarios<\/a><\/p>\n<p>En Xataka Smart Home | <a class=\"text-outboundlink\" href=\"https:\/\/www.xatakahome.com\/seleccion\/mejores-altavoces-bluetooth-cual-comprar-consejos-recomendaciones\" data-vars-post-title=\"Los mejores altavoces Bluetooth: \u00bfCu\u00e1l comprar? Consejos y recomendaciones\" data-vars-post-url=\"https:\/\/www.xatakahome.com\/seleccion\/mejores-altavoces-bluetooth-cual-comprar-consejos-recomendaciones\" data-id=\"noopener noreferrer\">Los mejores altavoces Bluetooth: \u00bfCu\u00e1l comprar? Consejos y recomendaciones<\/a><\/p>\n<p><script>\n (function() {\n  window._JS_MODULES = window._JS_MODULES || {};\n  var headElement = document.getElementsByTagName('head')[0];\n  if (_JS_MODULES.instagram) {\n   var instagramScript = document.createElement('script');\n   instagramScript.src = 'https:\/\/platform.instagram.com\/en_US\/embeds.js';\n   instagramScript.async = true;\n   instagramScript.defer = true;\n   headElement.appendChild(instagramScript);\n  }\n })();\n<\/script><\/p>\n<p> &#8211; <br \/> La noticia<br \/>\n      <a href=\"https:\/\/www.xatakahome.com\/seleccion\/carrefour-esta-liquidando-este-set-mesa-sillas-para-poder-relajarte-balcon-terraza?utm_source=feedburner&amp;utm_medium=feed&amp;utm_campaign=04_Sep_2025\"><br \/>\n       <em> Carrefour est\u00e1 liquidando este set de mesa y sillas para poder relajarte en el balc\u00f3n o la terraza  <\/em><br \/>\n      <\/a><br \/>\n      fue publicada originalmente en<br \/>\n      <a href=\"https:\/\/www.xatakahome.com\/?utm_source=feedburner&amp;utm_medium=feed&amp;utm_campaign=04_Sep_2025\"><br \/>\n       <strong> Xataka Smart Home <\/strong><br \/>\n      <\/a><br \/>\n             por <a href=\"https:\/\/www.xatakahome.com\/autor\/fran-leon?utm_source=feedburner&amp;utm_medium=feed&amp;utm_campaign=04_Sep_2025\"><br \/>\n        Fran Le\u00f3n<br \/>\n       <\/a><br \/>\n      . <\/p>\n<\/div>\n","protected":false},"excerpt":{"rendered":"<p>A\u00fan quedan d\u00edas de verano e incluso en oto\u00f1o e invierno, tenemos muchos d\u00edas con sol y buenas temperaturas. Si quieres disfrutarlos en tu terraza, balc\u00f3n o jard\u00edn, en Carrefour est\u00e1n liquidando este set de mesa y dos sillones. Ahora, puedes comprarlo por 149 euros. Conjunto de Jard\u00edn Mesa + 2 Sillones PVP en Carrefour &hellip; <a href=\"https:\/\/domosistemas.com\/?p=29836\" class=\"more-link\">Sigue leyendo <span class=\"screen-reader-text\">Carrefour est\u00e1 liquidando este set de mesa y sillas para poder relajarte en el balc\u00f3n o la terraza<\/span><\/a><\/p>\n","protected":false},"author":1,"featured_media":0,"comment_status":"closed","ping_status":"closed","sticky":false,"template":"","format":"standard","meta":{"footnotes":""},"categories":[8],"tags":[],"class_list":["post-29836","post","type-post","status-publish","format-standard","hentry","category-xataka"],"_links":{"self":[{"href":"https:\/\/domosistemas.com\/index.php?rest_route=\/wp\/v2\/posts\/29836","targetHints":{"allow":["GET"]}}],"collection":[{"href":"https:\/\/domosistemas.com\/index.php?rest_route=\/wp\/v2\/posts"}],"about":[{"href":"https:\/\/domosistemas.com\/index.php?rest_route=\/wp\/v2\/types\/post"}],"author":[{"embeddable":true,"href":"https:\/\/domosistemas.com\/index.php?rest_route=\/wp\/v2\/users\/1"}],"replies":[{"embeddable":true,"href":"https:\/\/domosistemas.com\/index.php?rest_route=%2Fwp%2Fv2%2Fcomments&post=29836"}],"version-history":[{"count":0,"href":"https:\/\/domosistemas.com\/index.php?rest_route=\/wp\/v2\/posts\/29836\/revisions"}],"wp:attachment":[{"href":"https:\/\/domosistemas.com\/index.php?rest_route=%2Fwp%2Fv2%2Fmedia&parent=29836"}],"wp:term":[{"taxonomy":"category","embeddable":true,"href":"https:\/\/domosistemas.com\/index.php?rest_route=%2Fwp%2Fv2%2Fcategories&post=29836"},{"taxonomy":"post_tag","embeddable":true,"href":"https:\/\/domosistemas.com\/index.php?rest_route=%2Fwp%2Fv2%2Ftags&post=29836"}],"curies":[{"name":"wp","href":"https:\/\/api.w.org\/{rel}","templated":true}]}}