{"id":29865,"date":"2025-09-05T18:57:58","date_gmt":"2025-09-05T18:57:58","guid":{"rendered":"https:\/\/domosistemas.com\/?p=29865"},"modified":"2025-09-05T18:57:58","modified_gmt":"2025-09-05T18:57:58","slug":"ifa-berlin-agenda-tendencias-y-grandes-lanzamientos","status":"publish","type":"post","link":"https:\/\/domosistemas.com\/?p=29865","title":{"rendered":"IFA Berl\u00edn: agenda, tendencias y grandes lanzamientos"},"content":{"rendered":"<div>\n<p><img decoding=\"async\" class=\"aligncenter first-post-image\" src=\"https:\/\/eloutput.com\/wp-content\/uploads\/2025\/09\/IFA-Berlin-2025.jpg\" alt=\"Feria IFA Berl\u00edn\" title=\"IFA Berl\u00edn en Messe Berlin\" data-no-lazy=\"true\"><\/p>\n<p>Con la apertura de puertas en <strong>Messe Berlin<\/strong>, la feria IFA vuelve a situar a la capital alemana en el foco de la electr\u00f3nica de consumo y los electrodom\u00e9sticos. Entre el <strong>5 y el 9 de septiembre<\/strong>, el recinto acoge a m\u00e1s de 1.800 expositores y 187 ponentes ante una afluencia prevista de <strong>m\u00e1s de 215.000 visitantes de 139 pa\u00edses<\/strong>.<\/p>\n<p>Este a\u00f1o desfilan los grandes nombres del sector \u2014<a href=\"https:\/\/eloutput.com\/noticias\/hogar\/samsung-revoluciona-el-hogar-inteligente-con-ia-asi-es-el-nuevo-ecosistema-smartthings\/\"><strong>Samsung<\/strong><\/a>, <strong>LG<\/strong>, Sony, Bosch, Miele, Hisense, Haier o Electrolux, entre otros\u2014 junto a un nutrido grupo de fabricantes espa\u00f1oles como <strong>Cecotec<\/strong>, B&amp;B Trends, <strong>Taurus<\/strong> o Sogo. El hilo conductor vuelve a ser la <strong>inteligencia artificial<\/strong> aplicada a productos cotidianos, con un enfoque en eficiencia, conectividad y experiencias inmersivas.<\/p>\n<h2>Cifras, calendario y mapa de \u00e1reas<\/h2>\n<p><img decoding=\"async\" class=\"aligncenter\" src=\"https:\/\/eloutput.com\/wp-content\/uploads\/2025\/09\/IFA-Berlin-2025-1.jpg\" alt=\"\u00c1reas de IFA Berl\u00edn\" title=\"\u00c1reas y pabellones de IFA Berl\u00edn\"><\/p>\n<p>El recinto ferial despliega <strong>26 pabellones<\/strong> sobre unos 160.000 m\u00b2, distribuidos en \u00e1reas como <strong>Home &amp; Entertainment<\/strong>, Audio, Fitness &amp; Digital Health, Communication &amp; Connectivity, Home Appliances, Computing &amp; Gaming, Smart Home, Mobility, Photo\/Video &amp; Content Creation, <strong>IFA Global Markets<\/strong> e <strong>IFA Next<\/strong>.<\/p>\n<p>La agenda incluye jornadas previas para medios los <strong>d\u00edas 3 y 4<\/strong>, con presentaciones y conferencias que adelantan lanzamientos de compa\u00f1\u00edas como Acer y Samsung. A partir del domingo 7 y hasta el martes 9, <strong>IFA Global Markets<\/strong> re\u00fane a OEM\/ODM, proveedores y distribuidores en la plataforma B2B l\u00edder en Europa.<\/p>\n<p>En paralelo, <strong>IFA Next<\/strong> re\u00fane a startups, investigadores y expertos en el Dream Stage para explorar casos de uso y validar tecnolog\u00edas emergentes. Se consolida as\u00ed el papel de IFA como <strong>plataforma de innovaci\u00f3n<\/strong> y espacio de encuentro para el negocio.<\/p>\n<p>Los organizadores han confirmado la continuidad del evento en los pabellones de <strong>Messe Berlin hasta 2034<\/strong>, un movimiento que aporta estabilidad a expositores y visitantes y mantiene el v\u00ednculo hist\u00f3rico con la ciudad.<\/p>\n<p>La asistencia de grandes marcas se combina con presencia local y regional, lo que refuerza la diversidad del escaparate y facilita <strong>acuerdos comerciales<\/strong> a todos los niveles de la cadena de valor.<\/p>\n<h2>Tendencias y lanzamientos esperados<\/h2>\n<p><img decoding=\"async\" class=\"aligncenter\" src=\"https:\/\/eloutput.com\/wp-content\/uploads\/2025\/09\/IFA-Berlin-2025-3.jpg\" alt=\"Tendencias tecnol\u00f3gicas en IFA Berl\u00edn\" title=\"Tendencias y lanzamientos en IFA Berl\u00edn\"><\/p>\n<p>En inform\u00e1tica se esperan port\u00e1tiles con <strong>Copilot+<\/strong> y aceleradores de IA, propuestas creativas y equipos para gaming. Acer y Asus preparan novedades, mientras <strong>Lenovo<\/strong> perfila prototipos como un ThinkBook con pantalla que gira hasta formato vertical, y mantiene su apuesta por las consolas port\u00e1tiles para juegos.<\/p>\n<p>Los <strong>televisores<\/strong> concentran miradas: Hisense actualiza su l\u00ednea RGB\u2011MiniLED, y Samsung apunta a diagonales de gran formato con funciones de IA. En proyecci\u00f3n ganan terreno los modelos compactos e inteligentes \u2014con ejemplos que exploran lentes intercambiables o <strong>bater\u00eda integrada<\/strong> para la portabilidad\u2014, y el ecosistema del hogar suma piezas como el <a href=\"https:\/\/eloutput.com\/noticias\/hogar\/philips-hue-matter-camaras\/\"><strong>Hue Bridge Pro<\/strong><\/a> para gestionar m\u00e1s luminarias y accesorios.<\/p>\n<p>En audio, los fabricantes exploran la <strong>personalizaci\u00f3n ac\u00fastica<\/strong> con IA, mejoras en cancelaci\u00f3n de ruido y barras de sonido modulares. La categor\u00eda de accesorios tambi\u00e9n crece con gafas inteligentes y visores XR, que se integran en usos de productividad y entretenimiento.<\/p>\n<p>La cocina y la colada evolucionan hacia la <strong>eficiencia energ\u00e9tica<\/strong> y la automatizaci\u00f3n: Bosch y Siemens empujan el dise\u00f1o duradero, Miele y AEG ponen el foco en procesos m\u00e1s aut\u00f3nomos y Haier integra su plataforma <strong>hOn<\/strong> para orquestar el hogar conectado. La gesti\u00f3n energ\u00e9tica del hogar gana peso con sistemas de almacenamiento port\u00e1tiles, y la limpieza robotizada suma propuestas de Roborock, Dreame o <strong>Dyson<\/strong>.<\/p>\n<p>M\u00e1s all\u00e1 del hogar, la movilidad ligera tambi\u00e9n encuentra su espacio con <strong>patinetes el\u00e9ctricos<\/strong> y soluciones urbanas, mientras las handhelds de juego consolidan un formato que mezcla ocio y computaci\u00f3n port\u00e1til.<\/p>\n<h2>Premios y protagonistas: Samsung, HAVIT y Morphy Richards<\/h2>\n<p><img decoding=\"async\" class=\"aligncenter\" src=\"https:\/\/eloutput.com\/wp-content\/uploads\/2025\/09\/IFA-Berlin-2025-2.jpg\" alt=\"Premios e innovaciones en IFA Berl\u00edn\" title=\"Premios e innovaciones destacadas en IFA\"><\/p>\n<p>IFA estrena los <strong>IFA Innovation Awards<\/strong>, un programa global que reconoce dise\u00f1o, innovaci\u00f3n e impacto de mercado. <strong>Samsung<\/strong> encabeza el palmar\u00e9s con nueve Best of Innovation y 17 menciones honor\u00edficas en m\u00faltiples categor\u00edas, subrayando su apuesta por la convergencia entre <strong>hardware e IA<\/strong>.<\/p>\n<p>Entre los galardones m\u00e1s destacados figura la <strong>Bespoke AI Laundry Combo<\/strong>, una lavadora\u2011secadora todo en uno que optimiza consumo y tiempos con bomba de calor y pantalla t\u00e1ctil de 7 pulgadas. Tambi\u00e9n \u201c<strong>Movingstyle<\/strong>\u201d, una pantalla QHD port\u00e1til con asa integrada y soporte 2\u2011en\u20111; y el proyector <a href=\"https:\/\/eloutput.com\/noticias\/imagen-sonido\/xgimi-proyector-4k-dolby\/\"><strong>Premiere5<\/strong><\/a> de triple l\u00e1ser y ultracorto alcance, que a\u00f1ade interacci\u00f3n t\u00e1ctil para uso educativo, l\u00fadico y fitness.<\/p>\n<p>El proyector port\u00e1til <strong>Freestyle+<\/strong> integra IA generativa y funciones de autoajuste de imagen mediante el procesador AI Q; la <strong>Galaxy Tab S11 Ultra<\/strong> recibi\u00f3 premios por creaci\u00f3n de contenidos y gaming gracias al binomio pantalla\/potencia; y <strong>Galaxy Z Fold7<\/strong> fue reconocido por comunicaciones y conectividad con una experiencia optimizada para pantallas grandes.<\/p>\n<p>Otros productos se\u00f1alados incluyen la lavadora <strong>Bespoke AI<\/strong> de muy alta eficiencia, la aspiradora Bespoke AI Jet Ultra con ajuste autom\u00e1tico de succi\u00f3n, la <strong>pantalla Micro RGB<\/strong> de 115\u2033 con atenuaci\u00f3n local por color, la se\u00f1alizaci\u00f3n de <em>visualizaci\u00f3n espacial<\/em>, el monitor <strong>Odyssey 3D<\/strong> sin gafas, adem\u00e1s de <a href=\"https:\/\/eloutput.com\/noticias\/moviles\/galaxy-s25-fe-diseno-colores-y-todas-las-novedades-del-proximo-fan-edition-de-samsung\/\"><strong>Galaxy S25 FE<\/strong><\/a>, <strong>Galaxy Z Flip7<\/strong> y los auriculares Buds3 FE con ANC mejorado.<\/p>\n<p>En sonido, la marca global <strong>HAVIT<\/strong> presenta sus auriculares de arquitectura abierta FUXI\u2011H8 para gaming \u2014con audio espacial y seguimiento de cabeza para localizar fuentes en 3D\u2014 y los <strong>SPACE NC02T<\/strong> con cancelaci\u00f3n de ruido adaptativa basada en IA, audio espacial y certificaci\u00f3n de alta resoluci\u00f3n. Ambos ponen el acento en comodidad prolongada, conectividad multiplataforma y un sello ac\u00fastico m\u00e1s natural.<\/p>\n<p>La brit\u00e1nica <strong>Morphy Richards<\/strong> acude con el <strong>S1 Ultra<\/strong>, evoluci\u00f3n de su aire acondicionado sin conductos con funciones 5\u2011en\u20111 (refrigeraci\u00f3n, calefacci\u00f3n, humidificaci\u00f3n y flujo de aire) y un dise\u00f1o influido por la aerodin\u00e1mica, junto con nuevos peque\u00f1os electrodom\u00e9sticos como juego de hervidor y tostadora Fusion, m\u00e1quina de hielo 3\u2011en\u20111 y una cafetera espresso autom\u00e1tica. La compa\u00f1\u00eda apuesta por alianzas, fabricaci\u00f3n sostenible y expansi\u00f3n de cat\u00e1logo para acercar soluciones inteligentes a m\u00e1s hogares.<\/p>\n<p>Con el foco puesto en la <strong>IA transversal<\/strong>, la diversidad de categor\u00edas y un empuje B2B reforzado, esta edici\u00f3n de IFA en Berl\u00edn dibuja el rumbo del mercado para los pr\u00f3ximos meses: televisores de gran formato con procesamiento avanzado, PC con aceleraci\u00f3n local, audio m\u00e1s contextual, <strong>electrodom\u00e9sticos conectados<\/strong> y una oferta creciente de productos port\u00e1tiles que difuminan la frontera entre ocio y productividad.<\/p>\n<\/div>\n","protected":false},"excerpt":{"rendered":"<p>Con la apertura de puertas en Messe Berlin, la feria IFA vuelve a situar a la capital alemana en el foco de la electr\u00f3nica de consumo y los electrodom\u00e9sticos. Entre el 5 y el 9 de septiembre, el recinto acoge a m\u00e1s de 1.800 expositores y 187 ponentes ante una afluencia prevista de m\u00e1s de &hellip; <a href=\"https:\/\/domosistemas.com\/?p=29865\" class=\"more-link\">Sigue leyendo <span class=\"screen-reader-text\">IFA Berl\u00edn: agenda, tendencias y grandes lanzamientos<\/span><\/a><\/p>\n","protected":false},"author":1,"featured_media":0,"comment_status":"closed","ping_status":"closed","sticky":false,"template":"","format":"standard","meta":{"footnotes":""},"categories":[9],"tags":[],"class_list":["post-29865","post","type-post","status-publish","format-standard","hentry","category-eloutput-com"],"_links":{"self":[{"href":"https:\/\/domosistemas.com\/index.php?rest_route=\/wp\/v2\/posts\/29865","targetHints":{"allow":["GET"]}}],"collection":[{"href":"https:\/\/domosistemas.com\/index.php?rest_route=\/wp\/v2\/posts"}],"about":[{"href":"https:\/\/domosistemas.com\/index.php?rest_route=\/wp\/v2\/types\/post"}],"author":[{"embeddable":true,"href":"https:\/\/domosistemas.com\/index.php?rest_route=\/wp\/v2\/users\/1"}],"replies":[{"embeddable":true,"href":"https:\/\/domosistemas.com\/index.php?rest_route=%2Fwp%2Fv2%2Fcomments&post=29865"}],"version-history":[{"count":0,"href":"https:\/\/domosistemas.com\/index.php?rest_route=\/wp\/v2\/posts\/29865\/revisions"}],"wp:attachment":[{"href":"https:\/\/domosistemas.com\/index.php?rest_route=%2Fwp%2Fv2%2Fmedia&parent=29865"}],"wp:term":[{"taxonomy":"category","embeddable":true,"href":"https:\/\/domosistemas.com\/index.php?rest_route=%2Fwp%2Fv2%2Fcategories&post=29865"},{"taxonomy":"post_tag","embeddable":true,"href":"https:\/\/domosistemas.com\/index.php?rest_route=%2Fwp%2Fv2%2Ftags&post=29865"}],"curies":[{"name":"wp","href":"https:\/\/api.w.org\/{rel}","templated":true}]}}