{"id":29868,"date":"2025-09-06T14:01:23","date_gmt":"2025-09-06T14:01:23","guid":{"rendered":"https:\/\/domosistemas.com\/?p=29868"},"modified":"2025-09-06T14:01:23","modified_gmt":"2025-09-06T14:01:23","slug":"segun-la-aesso-los-toldos-oscuros-no-irradian-calor-al-interior-de-las-viviendas-es-un-error-demasiado-extendido","status":"publish","type":"post","link":"https:\/\/domosistemas.com\/?p=29868","title":{"rendered":"Seg\u00fan la AESSO, \u201clos toldos oscuros no irradian calor al interior de las viviendas\u201d. Es un error demasiado extendido"},"content":{"rendered":"<div>\n<p>\n      <img decoding=\"async\" src=\"https:\/\/i.blogs.es\/332346\/captura-de-pantalla-2025-07-19-a-las-13.11.18\/1024_2000.jpeg\" alt=\"Seg\u00fan la AESSO, \u201clos toldos oscuros no irradian calor al interior de las viviendas\u201d. Es un error demasiado extendido\">\n    <\/p>\n<\/p>\n<p>En los <a class=\"text-outboundlink\" href=\"https:\/\/www.xatakahome.com\/hogar\/mapa-calor-que-ves-television-tiene-detras-plan-nacional-asi-se-activan-alertas\" data-vars-post-title=\"El mapa del calor que ves en televisi\u00f3n tiene detr\u00e1s un plan nacional: as\u00ed se activan las alertas\" data-vars-post-url=\"https:\/\/www.xatakahome.com\/hogar\/mapa-calor-que-ves-television-tiene-detras-plan-nacional-asi-se-activan-alertas\">d\u00edas m\u00e1s calurosos<\/a> del verano, bajar el toldo en busca de sombra parece un gesto rutinario, pero detr\u00e1s de \u00e9l hay mucho m\u00e1s que simple confort. La <a class=\"text-outboundlink\" href=\"https:\/\/www.xatakahome.com\/a-fondo\/que-vidrio-emisivo-como-funciona-para-aislar-casa-ayudar-ahorro-energia-como-saber-mi-ventana-tiene\" data-vars-post-title=\"Qu\u00e9 es el vidrio bajo emisivo, c\u00f3mo funciona para aislar la casa y ayudar en el ahorro de energ\u00eda y c\u00f3mo saber si mi ventana lo tiene\" data-vars-post-url=\"https:\/\/www.xatakahome.com\/a-fondo\/que-vidrio-emisivo-como-funciona-para-aislar-casa-ayudar-ahorro-energia-como-saber-mi-ventana-tiene\">protecci\u00f3n solar en ventanas<\/a> tiene una s\u00f3lida base f\u00edsica en la que intervienen todos los mecanismos de transferencia de calor: <strong>radiaci\u00f3n, conducci\u00f3n, convecci\u00f3n y el <\/strong><a class=\"text-outboundlink\" href=\"https:\/\/www.xatakahome.com\/iluminacion-y-energia\/que-efecto-peltier-como-puede-ayudarte-a-gastar-tu-chimenea-lena-estufa\" data-vars-post-title=\"Qu\u00e9 es el efecto Peltier y c\u00f3mo puede ayudarte a calentar m\u00e1s y gastar menos con tu chimenea de le\u00f1a o estufa\" data-vars-post-url=\"https:\/\/www.xatakahome.com\/iluminacion-y-energia\/que-efecto-peltier-como-puede-ayudarte-a-gastar-tu-chimenea-lena-estufa\">efecto chimenea<\/a>.<\/p>\n<p>Comprender c\u00f3mo act\u00faan estos procesos es fundamental para mejorar la eficiencia energ\u00e9tica de los edificios y disminuir la dependencia del aire acondicionado. En este contexto, la <strong>Asociaci\u00f3n Espa\u00f1ola de Sombreado y Control Solar Din\u00e1mico <\/strong>(<a rel=\"noopener, noreferrer\" href=\"https:\/\/aes-so.org\/\">AESSO<\/a>) ha querido aclarar un aspecto clave relacionado con el color de los toldos: el calor generado por un toldo caliente se queda en el exterior ya que el vidrio de las ventanas se encarga de frenar este tipo de radiaci\u00f3n. Y ahora lo explicamos.<\/p>\n<p><!-- BREAK 1 --><\/p>\n<div class=\"article-asset-video article-asset-normal\">\n<div class=\"asset-content\">\n<div class=\"base-asset-video\">\n<div class=\"js-dailymotion\">\n    <script type=\"application\/json\">\n                          {\"videoId\":\"x8006fc\",\"autoplay\":true,\"title\":\"C\u00f3mo dormir cuando hace mucho calor y no tienes aire acondicionado\", \"tag\":\"\"}\n                  <\/script>\n   <\/div>\n<\/p><\/div>\n<\/p><\/div>\n<\/div>\n<p>Es al menos la creencia habitual y la opini\u00f3n de <a rel=\"noopener, noreferrer\" href=\"https:\/\/www.tiktok.com\/@jordimartix\/video\/7141055994003492097\">el arquitecto t\u00e9cnico Jordi Mart\u00ed,<\/a>\u00a0para el que usar toldos verdes\u00a0<a class=\"text-outboundlink js-branded-hubs-link\" data-vars-brand-customer=\"decoracion\" href=\"https:\/\/decoracion.trendencias.com\/terraza\/jordi-marti-arquitecto-tecnico-tienes-toldo-verde-debes-saber-que-error-no-protege-calor\" data-vars-post-title=\"No, los toldos verdes que vemos en ciudades y playas no son la mejor opci\u00f3n para evitar el calor: este arquitecto explica el motivo\" data-vars-post-url=\"https:\/\/decoracion.trendencias.com\/terraza\/jordi-marti-arquitecto-tecnico-tienes-toldo-verde-debes-saber-que-error-no-protege-calor\">no es la mejor idea<\/a>. Pero no todos opinan igual y seg\u00fan la AESSO, es un error pensar que los toldos oscuros \u201cirradian calor\u201d hacia el interior de la vivienda. La f\u00edsica demuestra lo contrario y los c\u00e1lculos lo corroboran: lo que realmente eleva la temperatura en los edificios es la <strong>radiaci\u00f3n solar directa<\/strong> que penetra a trav\u00e9s del vidrio cuando no existe ning\u00fan tipo de protecci\u00f3n.<\/p>\n<h2><strong>C\u00f3mo funciona la radiaci\u00f3n solar<\/strong><\/h2>\n<p><!-- BREAK 2 --><\/p>\n<div class=\"article-asset-image article-asset-large article-asset-center\">\n<div class=\"asset-content\">\n<p>   <img decoding=\"async\" alt=\"Toldo\" class=\"\" src=\"https:\/\/i.blogs.es\/99c0f9\/toldo\/450_1000.jpeg\"><\/p><\/div>\n<\/div>\n<p>En <a class=\"text-outboundlink\" href=\"https:\/\/www.xatakahome.com\/hogar\/como-tener-radiador-arquitecto-critica-formas-comunes-luchar-calor-madrid-otras-partes\" data-vars-post-title='\"Es como tener un radiador\": un arquitecto explica por qu\u00e9 el color de los toldos de Madrid y otras partes no son la mejor forma de evitar el calor' data-vars-post-url=\"https:\/\/www.xatakahome.com\/hogar\/como-tener-radiador-arquitecto-critica-formas-comunes-luchar-calor-madrid-otras-partes\">este art\u00edculo<\/a> ya detallamos cual era la opini\u00f3n. Mart\u00ed cita en su tesis doctoral al arquitecto\u00a0<strong>Hubertus P\u00f6ppinghaus<\/strong>, especializado en estudios de dise\u00f1os de sombras y radiaci\u00f3n y <a rel=\"noopener, noreferrer\" href=\"https:\/\/upcommons.upc.edu\/bitstream\/handle\/2117\/186051\/MEMBRANES_2011-22_Shade%20design%20in%20Spain.pdf\">uno de sus papers<\/a>\u00a0acad\u00e9micos publicado en la Universitat Polit\u00e8cnica de Catalunya.<\/p>\n<p><strong>Aqu\u00ed es d\u00f3nde empieza el conflicto.<\/strong> Para evaluar correctamente la eficacia de un sistema de protecci\u00f3n solar es imprescindible comprender los procesos f\u00edsicos que ocurren cuando la radiaci\u00f3n incide sobre una fachada.\u00a0<\/p>\n<p>Factores como el color del <strong>tejido, el tipo de vidrio o la distanci<\/strong>a entre ambos determinan la cantidad de calor que penetra en el edificio. Muchas ideas err\u00f3neas surgen de ignorar estos principios, por lo que antes de hablar de valores t\u00e9cnicos como el factor solar conviene entender c\u00f3mo act\u00faa la radiaci\u00f3n al llegar a una ventana con un toldo, persiana u otro elemento de sombreado.<\/p>\n<p><!-- BREAK 3 --><\/p>\n<div class=\"article-asset article-asset-normal article-asset-center\">\n<div class=\"desvio-container\">\n<div class=\"desvio\">\n<div class=\"desvio-figure js-desvio-figure\">\n    <a href=\"https:\/\/www.xatakahome.com\/a-fondo\/como-elegir-toldo-adecuado-para-protegerte-sol-calor-claves-para-acertar-eleccion-tener-toldo-duradero\" class=\"pivot-outboundlink\" data-vars-post-title=\"C\u00f3mo elegir el toldo adecuado para protegerte del sol y del calor. Claves para acertar con la elecci\u00f3n y tener un toldo duradero\"><br \/>\n     <img loading=\"lazy\" decoding=\"async\" alt=\"C\u00f3mo elegir el toldo adecuado para protegerte del sol y del calor. Claves para acertar con la elecci\u00f3n y tener un toldo duradero\" width=\"375\" height=\"142\" src=\"https:\/\/i.blogs.es\/fd26df\/img_0125-en-tamano-grande\/375_142.jpeg\"><br \/>\n    <\/a>\n   <\/div>\n<div class=\"desvio-summary\">\n<div class=\"desvio-taxonomy js-desvio-taxonomy\">\n     <a href=\"https:\/\/www.xatakahome.com\/a-fondo\/como-elegir-toldo-adecuado-para-protegerte-sol-calor-claves-para-acertar-eleccion-tener-toldo-duradero\" class=\"desvio-taxonomy-anchor pivot-outboundlink\" data-vars-post-title=\"C\u00f3mo elegir el toldo adecuado para protegerte del sol y del calor. Claves para acertar con la elecci\u00f3n y tener un toldo duradero\">En Xataka Smart Home<\/a>\n    <\/div>\n<p>    <a href=\"https:\/\/www.xatakahome.com\/a-fondo\/como-elegir-toldo-adecuado-para-protegerte-sol-calor-claves-para-acertar-eleccion-tener-toldo-duradero\" class=\"desvio-title js-desvio-title pivot-outboundlink\" data-vars-post-title=\"C\u00f3mo elegir el toldo adecuado para protegerte del sol y del calor. Claves para acertar con la elecci\u00f3n y tener un toldo duradero\">C\u00f3mo elegir el toldo adecuado para protegerte del sol y del calor. Claves para acertar con la elecci\u00f3n y tener un toldo duradero<\/a>\n   <\/div>\n<\/p><\/div>\n<\/p><\/div>\n<\/div>\n<p>El arquitecto, en el art\u00edculo que antes hemos mencionado, se\u00f1alaba que <strong>ciertos elementos de sombreado \u2014como toldos o estores oscuros\u2014 pueden actuar como \u201cradiadores\u201d<\/strong>, calentando el aire pr\u00f3ximo y transmitiendo calor al interior. Pero desde la AESSO afirman que hay que tener claro c\u00f3mo se comporta la radiaci\u00f3n.<\/p>\n<p><strong>Transmisi\u00f3n, reflexi\u00f3n y absorci\u00f3n.<\/strong> Cuando la radiaci\u00f3n solar llega a una superficie, puede <strong>transmitirse <\/strong>(una parte atraviesa el material)<strong>, reflejarse o absorberse <\/strong>(queda atrapada en el material en forma de energ\u00eda), en proporciones que dependen del material, su color, textura y grosor. As\u00ed, un vidrio claro deja pasar gran parte de la radiaci\u00f3n, una persiana blanca refleja buena parte de ella y una superficie oscura absorbe m\u00e1s calor.<\/p>\n<p>Cuando la radiaci\u00f3n solar <strong>incide sobre un material<\/strong>, esta se descompone en tres partes:<\/p>\n<ul>\n<li value=\"1\"><strong>Transmisi\u00f3n (T)<\/strong>: Es la parte de la radiaci\u00f3n que atraviesa directamente el sistema (tejido o vidrio) y llega al interior del edificio. Cuanto mayor sea esta transmisi\u00f3n, mayor ser\u00e1 la ganancia t\u00e9rmica en el interior.<\/li>\n<li value=\"2\"><strong>Reflexi\u00f3n (R): <\/strong>Una fracci\u00f3n de la radiaci\u00f3n solar se refleja en la superficie del tejido o del vidrio y se devuelve al exterior sin calentar ni el sistema ni el espacio interior. Esta reflexi\u00f3n depende de las propiedades \u00f3pticas del material, incluidos el color y el acabado.<\/li>\n<li value=\"3\"><strong>Absorci\u00f3n (A): <\/strong>El resto de la radiaci\u00f3n es absorbida por los materiales, que se calientan como consecuencia. Ese calor absorbido puede liberarse despu\u00e9s hacia el interior o hacia el exterior por otros mecanismos.<\/li>\n<\/ul>\n<p><strong>Seg\u00fan nos cuentan desde la AESSO<\/strong> en el informe t\u00e9cnico, <em>\u201cestos tres fen\u00f3menos siempre se dan en conjunto y est\u00e1n relacionados entre s\u00ed: Transmisi\u00f3n + Reflexi\u00f3n + Absorci\u00f3n = 100 % de la radiaci\u00f3n incidente. Entender c\u00f3mo se reparte esa energ\u00eda es el primer paso para evaluar correctamente el comportamiento t\u00e9rmico de una soluci\u00f3n de sombreado<\/em><em>\u201d.<\/em><\/p>\n<p><!-- BREAK 4 --><\/p>\n<div class=\"article-asset-image article-asset-large article-asset-center\">\n<div class=\"asset-content\">\n<div class=\"caption-img \">\n<p>   <img decoding=\"async\" alt=\"Imagen Articulo Aesso 20250717 1\" class=\"\" src=\"https:\/\/i.blogs.es\/8a7878\/imagen-articulo-aesso-20250717-1\/450_1000.jpeg\"><\/p>\n<p>        <span>Imagen | AESSO<\/span>\n   <\/div>\n<\/p><\/div>\n<\/div>\n<h2><strong>\u00bfQu\u00e9 es el Factor Solar?<\/strong><\/h2>\n<p>Cuando hablamos de cu\u00e1nta radiaci\u00f3n solar penetra en un edificio a trav\u00e9s de una ventana hay que hacer referencia al <strong>factor solar<\/strong> o <strong>g<\/strong>. Este indicador expresa la proporci\u00f3n de energ\u00eda solar que, a trav\u00e9s de distintos mecanismos de transferencia de calor, <strong>termina penetrando en el espacio interior<\/strong>.<\/p>\n<p>El <strong>factor solar (g)<\/strong> mide la proporci\u00f3n de energ\u00eda solar que atraviesa una ventana, mientras que el <strong>gtot<\/strong> \u2014o <strong>factor solar total del hueco<\/strong>\u2014 incluye tambi\u00e9n el efecto de protecciones como toldos o persianas. Este valor es clave en el <a rel=\"noopener, noreferrer\" href=\"https:\/\/www.codigotecnico.org\/\">C\u00f3digo T\u00e9cnico de la Edificaci\u00f3n<\/a> (CTE), ya que permite evaluar el rendimiento t\u00e9rmico de los huecos acristalados y su impacto en la eficiencia energ\u00e9tica y el confort.\u00a0Aunque se emplea desde hace d\u00e9cadas en dise\u00f1o pasivo, su uso se generaliz\u00f3 en 2019 al ser obligatorio para justificar el cumplimiento normativo y los certificados de eficiencia.\u00a0<\/p>\n<h2><strong>\u00bfC\u00f3mo se calcula el factor solar?<\/strong><\/h2>\n<p><!-- BREAK 5 --><\/p>\n<div class=\"article-asset-image article-asset-large article-asset-center\">\n<div class=\"asset-content\">\n<p>   <img decoding=\"async\" alt=\"Sol\" class=\"\" src=\"https:\/\/i.blogs.es\/3ebe4e\/captura-de-pantalla-2025-09-04-a-las-17.15.07\/450_1000.jpeg\"><\/p><\/div>\n<\/div>\n<p>En proyectos residenciales suelen usarse valores por defecto del factor solar para simplificar c\u00e1lculos. Sin embargo, el <strong>CTE<\/strong> <strong>recomienda aplicar el m\u00e9todo detallado<\/strong> de la <a rel=\"noopener, noreferrer\" href=\"https:\/\/www.une.org\/encuentra-tu-norma\/busca-tu-norma\/norma?c=N0059251\">UNE-EN ISO 52022-3<\/a>, especialmente en proyectos exigentes, mientras que el m\u00e9todo simplificado de la <a rel=\"noopener, noreferrer\" href=\"https:\/\/www.une.org\/encuentra-tu-norma\/busca-tu-norma\/norma?c=N0059250\">UNE-EN ISO 52022-1<\/a> es suficiente en la mayor\u00eda de los casos.\u00a0<\/p>\n<p><!-- BREAK 6 --><\/p>\n<div class=\"article-asset-summary article-asset-normal article-asset-center\">\n<div class=\"asset-content\">\n<div class=\"sumario\">Cuando no hay vidrio de por medio \u2014por ejemplo, al colocarnos directamente bajo un toldo oscuro y sin ventilaci\u00f3n\u2014 s\u00ed se percibe claramente la radiaci\u00f3n t\u00e9rmica que emite el tejido<\/div>\n<\/p><\/div>\n<\/div>\n<p>Cuando se busca mayor precisi\u00f3n o certificaciones de sostenibilidad, el m\u00e9todo detallado resulta m\u00e1s adecuado, ya que <strong>considera variables como el color y la porosidad del tejido<\/strong>, el tipo de acristalamiento y la distancia entre el dispositivo de sombreado y el vidrio. Esta metodolog\u00eda de cuantificaci\u00f3n tiene en cuenta una amplia gama de variables:<\/p>\n<p><!-- BREAK 7 --><\/p>\n<ul>\n<li value=\"1\">El <strong>color <\/strong>del que depender\u00e1 la transmitancia y reflectancia espectrales del tejido o material de sombreado, as\u00ed como su <strong>porosidad<\/strong>.<\/li>\n<li value=\"2\">El tipo de <strong>acristalamiento<\/strong><\/li>\n<li value=\"3\">Las <strong>distancias<\/strong> entre el dispositivo de sombreado y el vidrio, y las distancias \u00a0\u00a0\u00a0\u00a0\u00a0perimetrales respecto al hueco.<\/li>\n<\/ul>\n<p>Todo ello permite modelar con precisi\u00f3n los tres mecanismos de transferencia de calor implicados:<\/p>\n<ul>\n<li value=\"1\"><strong>Radiaci\u00f3n<\/strong> solar directa y difusa<\/li>\n<li value=\"2\"><strong>Conducci\u00f3n<\/strong>, relevante en contacto o distancias m\u00ednimas<\/li>\n<li value=\"3\"><strong>Convecci\u00f3n<\/strong>, es decir, el movimiento del aire en la c\u00e1mara entre toldo y vidrio<\/li>\n<li value=\"4\">Y, de forma muy significativa, la <strong>re-radiaci\u00f3n<\/strong> t\u00e9rmica en el infrarrojo \u00a0\u00a0\u00a0\u00a0\u00a0lejano, que explica muchas de las confusiones actuales.<\/li>\n<\/ul>\n<h2>La clave del asunto: FIR y NIR<\/h2>\n<div class=\"article-asset-image article-asset-large article-asset-center\">\n<div class=\"asset-content\">\n<div class=\"caption-img \">\n<p>   <img decoding=\"async\" alt=\"Imagen Articulo Aesso 20250717 3\" class=\"\" src=\"https:\/\/i.blogs.es\/0acdfc\/imagen-articulo-aesso-20250717-3\/450_1000.jpeg\"><\/p>\n<p>        <span>Imagen | AESSO<\/span>\n   <\/div>\n<\/p><\/div>\n<\/div>\n<p><strong>El color oscuro: \u00bfun error?<\/strong> Pues no necesariamente. Uno de los mitos m\u00e1s comunes es pensar que un tejido oscuro \u201cirradiar\u00e1\u201d calor hacia el interior del edificio. Pero esta idea pasa por alto un principio esencial: el vidrio apenas deja pasar la <strong>radiaci\u00f3n t\u00e9rmica de onda larga (FIR)<\/strong> que emiten los materiales calientes. En cambio, resulta muy permeable a la <strong>radiaci\u00f3n solar de onda corta (NIR)<\/strong>, que es la que realmente provoca el aumento de temperatura en el interior. Dicho de otro modo: el calor generado por un toldo caliente se queda en el exterior.<\/p>\n<p><!-- BREAK 8 --><\/p>\n<div class=\"article-asset article-asset-normal article-asset-center\">\n<div class=\"desvio-container\">\n<div class=\"desvio\">\n<div class=\"desvio-figure js-desvio-figure\">\n    <a href=\"https:\/\/www.xatakahome.com\/hogar\/quiero-poner-toldo-no-tener-bronca-vecinos-multas-esto-todo-que-debo-tener-cuenta\" class=\"pivot-outboundlink\" data-vars-post-title=\"El toldo que nunca habr\u00eda elegido\u2026 pero era eso o broncas con los vecinos y una multa\"><br \/>\n     <img loading=\"lazy\" decoding=\"async\" alt=\"El toldo que nunca habr\u00eda elegido\u2026 pero era eso o broncas con los vecinos y una multa\" width=\"375\" height=\"142\" src=\"https:\/\/i.blogs.es\/007cf1\/captura-de-pantalla-2025-07-01-a-las-11.36.40\/375_142.jpeg\"><br \/>\n    <\/a>\n   <\/div>\n<div class=\"desvio-summary\">\n<div class=\"desvio-taxonomy js-desvio-taxonomy\">\n     <a href=\"https:\/\/www.xatakahome.com\/hogar\/quiero-poner-toldo-no-tener-bronca-vecinos-multas-esto-todo-que-debo-tener-cuenta\" class=\"desvio-taxonomy-anchor pivot-outboundlink\" data-vars-post-title=\"El toldo que nunca habr\u00eda elegido\u2026 pero era eso o broncas con los vecinos y una multa\">En Xataka Smart Home<\/a>\n    <\/div>\n<p>    <a href=\"https:\/\/www.xatakahome.com\/hogar\/quiero-poner-toldo-no-tener-bronca-vecinos-multas-esto-todo-que-debo-tener-cuenta\" class=\"desvio-title js-desvio-title pivot-outboundlink\" data-vars-post-title=\"El toldo que nunca habr\u00eda elegido\u2026 pero era eso o broncas con los vecinos y una multa\">El toldo que nunca habr\u00eda elegido\u2026 pero era eso o broncas con los vecinos y una multa<\/a>\n   <\/div>\n<\/p><\/div>\n<\/p><\/div>\n<\/div>\n<p><strong>Visible en el d\u00eda a d\u00eda.<\/strong> Este comportamiento se aprecia f\u00e1cilmente en situaciones cotidianas, como ocurre en los invernaderos o en los coches aparcados al sol. La radiaci\u00f3n NIR atraviesa el cristal y calienta las superficies internas; estas, al calentarse, emiten radiaci\u00f3n FIR que, al no poder salir porque el vidrio la bloquea, queda retenida dentro.<\/p>\n<p><strong>El vidrio frena la radiaci\u00f3n FIR<\/strong>. Eso s\u00ed, cuando no existe vidrio de por medio \u2014por ejemplo, al situarnos justo bajo un toldo oscuro y sin ventilaci\u00f3n\u2014 s\u00ed notamos la radiaci\u00f3n t\u00e9rmica que desprende el tejido. Por esta raz\u00f3n, en espacios abiertos como terrazas suele ser m\u00e1s agradable un material claro. En cambio, cuando se trata de <strong>proteger el interior de una vivienda<\/strong>, la combinaci\u00f3n de vidrio con un tejido oscuro resulta una de las soluciones m\u00e1s eficaces para reducir el sobrecalentamiento.<\/p>\n<h2><strong>\u00bfQu\u00e9 dicen las cifras?<\/strong><\/h2>\n<p><!-- BREAK 9 --><\/p>\n<div class=\"article-asset-image article-asset-large article-asset-center\">\n<div class=\"asset-content\">\n<div class=\"caption-img \">\n<p>   <img decoding=\"async\" alt=\"Imagen Articulo Aesso 20250717 2\" class=\"\" src=\"https:\/\/i.blogs.es\/de11d0\/imagen-articulo-aesso-20250717-2\/450_1000.jpeg\"><\/p>\n<p>        <span>Imagen | Aesso<\/span>\n   <\/div>\n<\/p><\/div>\n<\/div>\n<p>Con las herramientas de simulaci\u00f3n disponibles en la actualidad \u2014algunas de ellas en uso desde hace m\u00e1s de dos d\u00e9cadas y de acceso gratuito\u2014 <strong>es posible calcular con exactitud el<\/strong> <strong>factor solar<\/strong> en cualquier configuraci\u00f3n (siendo m\u00e1s eficaz la protecci\u00f3n cuanto menor es el porcentaje obtenido). \u00bfQu\u00e9 muestran los resultados?<\/p>\n<p><!-- BREAK 10 --><\/p>\n<p>Un tejido de toldo oscuro, combinado con un acristalamiento doble bajo emisivo, alcanza valores de <strong>factor solar total<\/strong> de entre el <strong>4 % y el 7 %<\/strong>, dependiendo de la distancia al vidrio y de los m\u00e1rgenes perimetrales.\u00a0<\/p>\n<p><!-- BREAK 11 --><\/p>\n<div class=\"article-asset article-asset-normal article-asset-center\">\n<div class=\"desvio-container\">\n<div class=\"desvio\">\n<div class=\"desvio-figure js-desvio-figure\">\n    <a href=\"https:\/\/www.xatakahome.com\/hogar\/he-medido-temperatura-toldo-luego-tuve-que-poner-aire-a-tope-para-sobrevivir-a-prueba\" class=\"pivot-outboundlink\" data-vars-post-title=\"Compar\u00e9 el calor en casa con y sin toldo: 32 grados que la convierten en un horno\"><br \/>\n     <img loading=\"lazy\" decoding=\"async\" alt=\"Compar\u00e9 el calor en casa con y sin toldo: 32 grados que la convierten en un horno\" width=\"375\" height=\"142\" src=\"https:\/\/i.blogs.es\/39c937\/portada\/375_142.jpeg\"><br \/>\n    <\/a>\n   <\/div>\n<div class=\"desvio-summary\">\n<div class=\"desvio-taxonomy js-desvio-taxonomy\">\n     <a href=\"https:\/\/www.xatakahome.com\/hogar\/he-medido-temperatura-toldo-luego-tuve-que-poner-aire-a-tope-para-sobrevivir-a-prueba\" class=\"desvio-taxonomy-anchor pivot-outboundlink\" data-vars-post-title=\"Compar\u00e9 el calor en casa con y sin toldo: 32 grados que la convierten en un horno\">En Xataka Smart Home<\/a>\n    <\/div>\n<p>    <a href=\"https:\/\/www.xatakahome.com\/hogar\/he-medido-temperatura-toldo-luego-tuve-que-poner-aire-a-tope-para-sobrevivir-a-prueba\" class=\"desvio-title js-desvio-title pivot-outboundlink\" data-vars-post-title=\"Compar\u00e9 el calor en casa con y sin toldo: 32 grados que la convierten en un horno\">Compar\u00e9 el calor en casa con y sin toldo: 32 grados que la convierten en un horno<\/a>\n   <\/div>\n<\/p><\/div>\n<\/p><\/div>\n<\/div>\n<p>En contraste, un tejido claro, como uno de color beige, puede situarse alrededor del <strong>14 %<\/strong>,<strong> lo que supone el doble o incluso el triple<\/strong>, ya que deja pasar m\u00e1s radiaci\u00f3n de forma directa.<\/p>\n<p><strong>En ambos casos, obtenemos excelentes valores<\/strong>, ya que el bloqueo de radiaci\u00f3n incidente se sit\u00faa respectivamente alrededor del 95% y del 85%.<\/p>\n<p>Seg\u00fan concluyen desde la AESSO, <strong>no existen materiales \u201cmejores\u201d o \u201cpeores\u201d<\/strong> en t\u00e9rminos absolutos. Todo depende del uso que queramos dar al espacio protegido:<\/p>\n<ul>\n<li value=\"1\">Si lo que queremos es reducir al m\u00e1ximo el calor que penetra en el interior, un tejido oscuro ser\u00e1 m\u00e1s eficaz y nunca actuar\u00e1 como un radiador que calienta el edificio.<\/li>\n<li value=\"2\">En cambio, para terrazas o espacios abiertos al exterior puede ser preferible un toldo en color claro ya que emite menos calor hacia la zona sombreada.<\/li>\n<\/ul>\n<p>En Xataka SmartHome | <a class=\"text-outboundlink\" href=\"https:\/\/www.xatakahome.com\/a-fondo\/la-mejor-forma-de-frenar-el-calor-sin-aire-acondicionado-y-mantener-la-casa-fresca-como-utilizar-persianas-estores-y-toldos\" data-vars-post-title=\"La mejor forma de frenar una ola de calor sin aire acondicionado y mantener la casa fresca: c\u00f3mo utilizar persianas, estores y toldos\" data-vars-post-url=\"https:\/\/www.xatakahome.com\/a-fondo\/la-mejor-forma-de-frenar-el-calor-sin-aire-acondicionado-y-mantener-la-casa-fresca-como-utilizar-persianas-estores-y-toldos\" target=\"_blank\">La mejor forma de frenar una ola de calor sin aire acondicionado y mantener la casa fresca: c\u00f3mo utilizar persianas, estores y toldos<\/a><\/p>\n<p><!-- BREAK 12 --><script>\n (function() {\n  window._JS_MODULES = window._JS_MODULES || {};\n  var headElement = document.getElementsByTagName('head')[0];\n  if (_JS_MODULES.instagram) {\n   var instagramScript = document.createElement('script');\n   instagramScript.src = 'https:\/\/platform.instagram.com\/en_US\/embeds.js';\n   instagramScript.async = true;\n   instagramScript.defer = true;\n   headElement.appendChild(instagramScript);\n  }\n })();\n<\/script><\/p>\n<p> &#8211; <br \/> La noticia<br \/>\n      <a href=\"https:\/\/www.xatakahome.com\/a-fondo\/toldos-oscuros-no-irradian-calor-al-interior-viviendas-aesso-aclara-que-enorme-error?utm_source=feedburner&amp;utm_medium=feed&amp;utm_campaign=06_Sep_2025\"><br \/>\n       <em> Seg\u00fan la AESSO, \u201clos toldos oscuros no irradian calor al interior de las viviendas\u201d. Es un error demasiado extendido <\/em><br \/>\n      <\/a><br \/>\n      fue publicada originalmente en<br \/>\n      <a href=\"https:\/\/www.xatakahome.com\/?utm_source=feedburner&amp;utm_medium=feed&amp;utm_campaign=06_Sep_2025\"><br \/>\n       <strong> Xataka Smart Home <\/strong><br \/>\n      <\/a><br \/>\n             por <a href=\"https:\/\/www.xatakahome.com\/autor\/jose-antonio-carmona?utm_source=feedburner&amp;utm_medium=feed&amp;utm_campaign=06_Sep_2025\"><br \/>\n        Jose Antonio Carmona<br \/>\n       <\/a><br \/>\n      . <\/p>\n<\/div>\n","protected":false},"excerpt":{"rendered":"<p>En los d\u00edas m\u00e1s calurosos del verano, bajar el toldo en busca de sombra parece un gesto rutinario, pero detr\u00e1s de \u00e9l hay mucho m\u00e1s que simple confort. La protecci\u00f3n solar en ventanas tiene una s\u00f3lida base f\u00edsica en la que intervienen todos los mecanismos de transferencia de calor: radiaci\u00f3n, conducci\u00f3n, convecci\u00f3n y el efecto &hellip; <a href=\"https:\/\/domosistemas.com\/?p=29868\" class=\"more-link\">Sigue leyendo <span class=\"screen-reader-text\">Seg\u00fan la AESSO, \u201clos toldos oscuros no irradian calor al interior de las viviendas\u201d. Es un error demasiado extendido<\/span><\/a><\/p>\n","protected":false},"author":1,"featured_media":0,"comment_status":"closed","ping_status":"closed","sticky":false,"template":"","format":"standard","meta":{"footnotes":""},"categories":[8],"tags":[],"class_list":["post-29868","post","type-post","status-publish","format-standard","hentry","category-xataka"],"_links":{"self":[{"href":"https:\/\/domosistemas.com\/index.php?rest_route=\/wp\/v2\/posts\/29868","targetHints":{"allow":["GET"]}}],"collection":[{"href":"https:\/\/domosistemas.com\/index.php?rest_route=\/wp\/v2\/posts"}],"about":[{"href":"https:\/\/domosistemas.com\/index.php?rest_route=\/wp\/v2\/types\/post"}],"author":[{"embeddable":true,"href":"https:\/\/domosistemas.com\/index.php?rest_route=\/wp\/v2\/users\/1"}],"replies":[{"embeddable":true,"href":"https:\/\/domosistemas.com\/index.php?rest_route=%2Fwp%2Fv2%2Fcomments&post=29868"}],"version-history":[{"count":0,"href":"https:\/\/domosistemas.com\/index.php?rest_route=\/wp\/v2\/posts\/29868\/revisions"}],"wp:attachment":[{"href":"https:\/\/domosistemas.com\/index.php?rest_route=%2Fwp%2Fv2%2Fmedia&parent=29868"}],"wp:term":[{"taxonomy":"category","embeddable":true,"href":"https:\/\/domosistemas.com\/index.php?rest_route=%2Fwp%2Fv2%2Fcategories&post=29868"},{"taxonomy":"post_tag","embeddable":true,"href":"https:\/\/domosistemas.com\/index.php?rest_route=%2Fwp%2Fv2%2Ftags&post=29868"}],"curies":[{"name":"wp","href":"https:\/\/api.w.org\/{rel}","templated":true}]}}