{"id":29945,"date":"2025-09-12T09:08:45","date_gmt":"2025-09-12T09:08:45","guid":{"rendered":"https:\/\/domosistemas.com\/?p=29945"},"modified":"2025-09-12T09:08:45","modified_gmt":"2025-09-12T09:08:45","slug":"si-eres-de-los-que-apaga-el-aire-acondicionado-desde-el-mando-a-distancia-cuando-acaba-el-verano-esto-es-lo-que-te-cuesta-hacerlo","status":"publish","type":"post","link":"https:\/\/domosistemas.com\/?p=29945","title":{"rendered":"Si eres de los que apaga el aire acondicionado desde el mando a distancia cuando acaba el verano, esto es lo que te cuesta hacerlo"},"content":{"rendered":"<div>\n<p>\n      <img decoding=\"async\" src=\"https:\/\/i.blogs.es\/bc6828\/1366_2000448\/1024_2000.jpeg\" alt=\"Si eres de los que apaga el aire acondicionado desde el mando a distancia cuando acaba el verano, esto es lo que te cuesta hacerlo \">\n    <\/p>\n<\/p>\n<p>Tras varios meses de uso intenso <strong>la temporada de calor ha terminado<\/strong> y con ella muchos hogares dejamos de usar el <a class=\"text-outboundlink\" href=\"https:\/\/www.xatakahome.com\/hogar\/tengo-casa-modelo-aire-acondicionado-que-recomienda-ocu-esto-que-me-gusta-su-uso-diario-1\" data-vars-post-title=\"Tengo en casa el aire acondicionado que recomienda la OCU: esto es lo que m\u00e1s y menos me gusta en su uso diario \" data-vars-post-url=\"https:\/\/www.xatakahome.com\/hogar\/tengo-casa-modelo-aire-acondicionado-que-recomienda-ocu-esto-que-me-gusta-su-uso-diario-1\">aire acondicionado<\/a> hasta el pr\u00f3ximo a\u00f1o prepar\u00e1ndonos incluso para la entrada de los primeros fr\u00edos oto\u00f1ales.<\/p>\n<p>Lo habitual es que el \u00faltimo d\u00eda que lo hayamos usado lo apag\u00e1semos como siempre, pulsando el <strong>bot\u00f3n On\/Off del mando a distancia<\/strong> y probablemente lo hayamos dejado as\u00ed desde hace d\u00edas in prestarle m\u00e1s atenci\u00f3n pensando que ya est\u00e1, que es el modo m\u00e1s adecuado.<\/p>\n<p>Sin embargo, apagar as\u00ed los aparatos de aire acondicionado al igual que sucede con otros muchos dispositivos y electrodom\u00e9sticos, en realidad no los apaga por completo, sino que los deja en <strong>modo de espera o standby<\/strong><strong> gastando electricidad en segundo plano.<\/strong> \u00bfC\u00f3mo de importante es este consumo?, \u00bflo notar\u00e9 en mi factura de la luz?<\/p>\n<p><!-- BREAK 1 --><\/p>\n<div class=\"article-asset article-asset-normal article-asset-center\">\n<div class=\"desvio-container\">\n<div class=\"desvio\">\n<div class=\"desvio-figure js-desvio-figure\">\n    <a href=\"https:\/\/www.xatakahome.com\/a-fondo\/dejar-tus-electrodomesticos-dispositivos-stand-by-tiene-precio-estos-que-gastan-cuantos-vatios-supone\" class=\"pivot-outboundlink\" data-vars-post-title='Dejar tus electrodom\u00e9sticos y dispositivos en \"stand by\" tiene un precio: estos son los que m\u00e1s gastan y cu\u00e1ntos vatios supone '><br \/>\n     <img loading=\"lazy\" decoding=\"async\" alt='Dejar tus electrodom\u00e9sticos y dispositivos en \"stand by\" tiene un precio: estos son los que m\u00e1s gastan y cu\u00e1ntos vatios supone ' width=\"375\" height=\"142\" src=\"https:\/\/i.blogs.es\/a44705\/convertkit-yrdsq_1gyre-unsplash\/375_142.jpeg\"><br \/>\n    <\/a>\n   <\/div>\n<div class=\"desvio-summary\">\n<div class=\"desvio-taxonomy js-desvio-taxonomy\">\n     <a href=\"https:\/\/www.xatakahome.com\/a-fondo\/dejar-tus-electrodomesticos-dispositivos-stand-by-tiene-precio-estos-que-gastan-cuantos-vatios-supone\" class=\"desvio-taxonomy-anchor pivot-outboundlink\" data-vars-post-title='Dejar tus electrodom\u00e9sticos y dispositivos en \"stand by\" tiene un precio: estos son los que m\u00e1s gastan y cu\u00e1ntos vatios supone '>En Xataka Smart Home<\/a>\n    <\/div>\n<p>    <a href=\"https:\/\/www.xatakahome.com\/a-fondo\/dejar-tus-electrodomesticos-dispositivos-stand-by-tiene-precio-estos-que-gastan-cuantos-vatios-supone\" class=\"desvio-title js-desvio-title pivot-outboundlink\" data-vars-post-title='Dejar tus electrodom\u00e9sticos y dispositivos en \"stand by\" tiene un precio: estos son los que m\u00e1s gastan y cu\u00e1ntos vatios supone '>Dejar tus electrodom\u00e9sticos y dispositivos en \u00abstand by\u00bb tiene un precio: estos son los que m\u00e1s gastan y cu\u00e1ntos vatios supone <\/a>\n   <\/div>\n<\/p><\/div>\n<\/p><\/div>\n<\/div>\n<h2>Haciendo n\u00fameros<\/h2>\n<p>Cada equipo de aire acondicionado tendr\u00e1 un consumo diferente mientras est\u00e1 en modo de espera, por lo que es dif\u00edcil dar una cifra exacta de este gasto. A\u00fan as\u00ed, podemos tratar de buscarlo en el manual de instrucciones, si es que lo tenemos disponible, o si no, guiarnos por la <a rel=\"noopener, noreferrer\" href=\"https:\/\/www.boe.es\/buscar\/doc.php?id=DOUE-L-2008-82519\">limitaci\u00f3n por ley<\/a> de este gasto el\u00e9ctrico para muchos equipos dom\u00e9sticos.<\/p>\n<p><!-- BREAK 2 --><\/p>\n<p>Si han sido fabricados a partir de 2010, actualmente tienen unos l\u00edmites de entre<strong> 0<\/strong><strong>,<\/strong><strong>5<\/strong><strong> vatios<\/strong> si solo tiene funci\u00f3n de reactivaci\u00f3n y <strong>1<\/strong><strong> vatio<\/strong> si cuenta con funci\u00f3n de visualizaci\u00f3n del estado (por ejemplo porque tiene un display), aunque consultando dicha normativa podemos observar que en el enorme listado de equipos no aparecen los aparatos de calefacci\u00f3n o aire acondicionado. Adem\u00e1s, si nuestros electrodom\u00e9sticos son <strong>anteriores a 2010 no tienen por qu\u00e9 cumplir esta norma<\/strong> y por lo tanto seguramente gastar\u00e1n m\u00e1s. No obstante, en general salvo que sean modelos muy, muy antiguos <strong>no superar\u00e1n los 4-5 vatios.<\/strong><\/p>\n<p><!-- BREAK 3 --><\/p>\n<div class=\"article-asset-image article-asset-normal article-asset-center\">\n<div class=\"asset-content\">\n<div class=\"caption-img \">\n<p>   <img decoding=\"async\" alt=\"Jota\" class=\"centro_sinmarco\" src=\"https:\/\/i.blogs.es\/a0d367\/1366_2000aire-48jota\/450_1000.jpeg\"><\/p>\n<p>        <span>Imagen: Jos\u00e9 Antonio Carmona<\/span>\n   <\/div>\n<\/p><\/div>\n<\/div>\n<p>Como cada dispositivo y caso particular ser\u00e1 diferente, podemos hacer unos c\u00e1lculos m\u00faltiples considerando cuatro opciones diferentes para consumos de <strong>0,5 vatios, 1 vatio, 1,5 vatios, 2 vatios y 4 vatios<\/strong>. As\u00ed podemos buscar en nuestro manual de instrucciones la cifra que m\u00e1s se parezca para hacernos una idea del gasto real.<\/p>\n<p>Supondremos que vamos a tener en standby el aire acondicionado desde septiembre hasta mayo ambos incluidos, lo que son <strong>9 meses o unos 270 d\u00edas<\/strong>. De este modo tendremos la siguiente tabla de consumos:<\/p>\n<p><!-- BREAK 4 --><\/p>\n<div class=\"article-asset-table article-asset-normal m-hr-scroll\">\n<div class=\"asset-content\">\n<table class=\"tabla-datos\">\n<thead>\n<tr>\n<th class=\"align-left\">\n<\/th>\n<th class=\"align-right\">\n<p>Consumo Standby al d\u00eda<\/p>\n<\/th>\n<th class=\"align-right\">\n<p>Consumo total en todo el a\u00f1o<\/p>\n<\/th>\n<\/tr>\n<\/thead>\n<tbody>\n<tr>\n<th class=\"align-left\">\n<p>Aire acondicionado 0,5 vatios<\/p>\n<\/th>\n<td class=\"align-right\">\n<p>12 vatios<\/p>\n<\/td>\n<td class=\"align-right\">\n<p>3.240 vatios<\/p>\n<\/td>\n<\/tr>\n<tr>\n<th class=\"align-left\">\n<p>Aire acondicionado 1 vatio<\/p>\n<\/th>\n<td class=\"align-right\">\n<p>24 vatios<\/p>\n<\/td>\n<td class=\"align-right\">\n<p>6.480 vatios<\/p>\n<\/td>\n<\/tr>\n<tr>\n<th class=\"align-left\">\n<p>Aire acondicionado 1,5 vatios<\/p>\n<\/th>\n<td class=\"align-right\">\n<p>36 vatios<\/p>\n<\/td>\n<td class=\"align-right\">\n<p>9.720 vatios<\/p>\n<\/td>\n<\/tr>\n<tr>\n<th class=\"align-left\">\n<p>Aire acondicionado 2 vatios<\/p>\n<\/th>\n<td class=\"align-right\">\n<p>48 vatios<\/p>\n<\/td>\n<td class=\"align-right\">\n<p>12.960 vatios<\/p>\n<\/td>\n<\/tr>\n<tr>\n<th class=\"align-left\">\n<p>Aire acondicionado 4 vatios<\/p>\n<\/th>\n<td class=\"align-right\">\n<p>96 vatios<\/p>\n<\/td>\n<td class=\"align-right\">\n<p>25.920 vatios<\/p>\n<\/td>\n<\/tr>\n<\/tbody>\n<\/table><\/div>\n<\/div>\n<p>Ahora tenemos que averiguar c\u00f3mo se traducen estos consumos en euros, y para ello multiplicaremos por el precio medio de la luz que <a rel=\"noopener, noreferrer\" href=\"https:\/\/comparador.cnmc.gob.es\/preciosPVPC\/inicio\/\">seg\u00fan la CNMC<\/a> ronda en las \u00faltimas semanas los <strong>0,14 \u20ac\/kWh<\/strong>. As\u00ed tenemos los siguientes costes:<\/p>\n<p><!-- BREAK 5 --><\/p>\n<div class=\"article-asset-table article-asset-normal\">\n<div class=\"asset-content\">\n<table class=\"tabla-datos\">\n<thead>\n<tr>\n<th class=\"align-left\">\n<\/th>\n<th class=\"align-right\">\n<p>Gasto total en todo el a\u00f1o<\/p>\n<\/th>\n<\/tr>\n<\/thead>\n<tbody>\n<tr>\n<th class=\"align-left\">\n<p>Aire acondicionado 0,5 vatios<\/p>\n<\/th>\n<td class=\"align-right\">\n<p>0,45 euros<\/p>\n<\/td>\n<\/tr>\n<tr>\n<th class=\"align-left\">\n<p>Aire acondicionado 1 vatio<\/p>\n<\/th>\n<td class=\"align-right\">\n<p>0,90 euros<\/p>\n<\/td>\n<\/tr>\n<tr>\n<th class=\"align-left\">\n<p>Aire acondicionado 1,5 vatios<\/p>\n<\/th>\n<td class=\"align-right\">\n<p>1,36 euros<\/p>\n<\/td>\n<\/tr>\n<tr>\n<th class=\"align-left\">\n<p>Aire acondicionado 2 vatios<\/p>\n<\/th>\n<td class=\"align-right\">\n<p>1,8 euros<\/p>\n<\/td>\n<\/tr>\n<tr>\n<th class=\"align-left\">\n<p>Aire acondicionado 4 vatios<\/p>\n<\/th>\n<td class=\"align-right\">\n<p>3,6 euros<\/p>\n<\/td>\n<\/tr>\n<\/tbody>\n<\/table><\/div>\n<\/div>\n<p>Como vemos, no son cifras muy abultadas, sobre todo si nuestro modelo es muy moderno y eficiente, aunque hay que tener en cuenta algo m\u00e1s, y es que normalmente solemos tener varios de estos aparatos en la casa, con lo que el coste real final ser\u00e1 el resultado de <strong>multiplicar por el n\u00famero de aparatos<\/strong>.<\/p>\n<p><!-- BREAK 6 --><\/p>\n<div class=\"article-asset-video article-asset-normal\">\n<div class=\"asset-content\">\n<div class=\"base-asset-video\">\n<div class=\"js-dailymotion\">\n    <script type=\"application\/json\">\n                          {\"videoId\":\"x7znesx\",\"autoplay\":true,\"title\":\"Edificio de autoconsumo AS\u00cd FUNCIONAN - Paneles solares en bloques de pisos\", \"tag\":\"solar\", \"duration\":\"564\"}\n                  <\/script>\n   <\/div>\n<\/p><\/div>\n<\/p><\/div>\n<\/div>\n<h2>No siempre es posible o f\u00e1cil dejarlo desenchufado<\/h2>\n<p>Como el gasto energ\u00e9tico no parece muy elevado puede que no nos merezca la pena <strong>desenchufarlo por completo<\/strong>, pero hay m\u00e1s ventajas si lo hacemos. Para empezar, al terminar el verano conviene hacer una limpieza a fondo del aparato, tanto de los filtros como de la bandeja de desag\u00fce en los modelos port\u00e1tiles, tareas para las que el equipo debe estar desconectado por seguridad.<\/p>\n<p>Tambi\u00e9n <strong>evitamos posibles problemas el\u00e9ctricos<\/strong> que puedan surgir por sobretensiones, tormentas el\u00e9ctricas, etc. Desenchufando de la red los aparatos que no usamos los estaremos protegiendo de estos inconvenientes.<\/p>\n<p>Muy bien, ya casi estoy convencido, pero tengo un problema importante, y es que mi aire est\u00e1 <strong>conectado directamente a la toma de la pared<\/strong> sin posibilidad de desenchufar nada. Es una situaci\u00f3n de lo m\u00e1s com\u00fan, ya que si no decimos nada en el momento de la instalaci\u00f3n, los t\u00e9cnicos probablemente optar\u00e1n por desmontar un enchufe de la pared y <strong>conectar el aparato de aire acondicionado directamente a los cables<\/strong> de la instalaci\u00f3n.\u00a0<\/p>\n<p>Esto tiene la ventaja de que el enchufe de la pared queda libre y puede seguir us\u00e1ndose como siempre, pero implica algunas desventajas adicionales, como que dificulta desconectar por completo el aparato.<\/p>\n<p><strong>\u00bfQu\u00e9 alternativas hay?<\/strong> Pues lo m\u00e1s sencillo es que cuando nos instalen el aire, o despu\u00e9s si somos manitas o conocemos a alg\u00fan amigo electricista, <strong>nos pongan un cabezal de enchufe convencional<\/strong> en los cables del aire acondicionado.<\/p>\n<p><strong>Al tener su propio cabezal<\/strong> conseguiremos que podamos enchufar y desenchufar el aparato de aire acondicionado como cualquier otro electrodom\u00e9stico, facilitando las tareas de mantenimiento y quit\u00e1ndolo de la corriente en los meses donde no lo utilicemos.<\/p>\n<p>Imagen portada \u00a0| Xataka Smart Home<\/p>\n<p>En Xataka Smart Home | <a class=\"text-outboundlink\" href=\"https:\/\/www.xatakahome.com\/a-fondo\/he-calculado-cuanto-me-cuesta-dejar-standby-equipos-electrodomesticos-casa-me-he-llevado-desagradable-sorpresa\" data-vars-post-title=\"He calculado cu\u00e1nto me cuesta dejar en standby los equipos y electrodom\u00e9sticos de casa, y me he llevado una desagradable sorpresa  \" data-vars-post-url=\"https:\/\/www.xatakahome.com\/a-fondo\/he-calculado-cuanto-me-cuesta-dejar-standby-equipos-electrodomesticos-casa-me-he-llevado-desagradable-sorpresa\">He calculado cu\u00e1nto me cuesta dejar en standby los equipos y electrodom\u00e9sticos de casa, y me he llevado una desagradable sorpresa<\/a><\/p>\n<p><\/p>\n<p><!-- BREAK 7 --><script>\n (function() {\n  window._JS_MODULES = window._JS_MODULES || {};\n  var headElement = document.getElementsByTagName('head')[0];\n  if (_JS_MODULES.instagram) {\n   var instagramScript = document.createElement('script');\n   instagramScript.src = 'https:\/\/platform.instagram.com\/en_US\/embeds.js';\n   instagramScript.async = true;\n   instagramScript.defer = true;\n   headElement.appendChild(instagramScript);\n  }\n })();\n<\/script><\/p>\n<p> &#8211; <br \/> La noticia<br \/>\n      <a href=\"https:\/\/www.xatakahome.com\/hogar\/eres-que-apaga-aire-acondicionado-mando-a-distancia-cuando-acaba-verano-esto-que-te-cuesta-hacerlo?utm_source=feedburner&amp;utm_medium=feed&amp;utm_campaign=12_Sep_2025\"><br \/>\n       <em> Si eres de los que apaga el aire acondicionado desde el mando a distancia cuando acaba el verano, esto es lo que te cuesta hacerlo  <\/em><br \/>\n      <\/a><br \/>\n      fue publicada originalmente en<br \/>\n      <a href=\"https:\/\/www.xatakahome.com\/?utm_source=feedburner&amp;utm_medium=feed&amp;utm_campaign=12_Sep_2025\"><br \/>\n       <strong> Xataka Smart Home <\/strong><br \/>\n      <\/a><br \/>\n             por <a href=\"https:\/\/www.xatakahome.com\/autor\/paco-rodriguez?utm_source=feedburner&amp;utm_medium=feed&amp;utm_campaign=12_Sep_2025\"><br \/>\n        Paco Rodr\u00edguez<br \/>\n       <\/a><br \/>\n      . <\/p>\n<\/div>\n","protected":false},"excerpt":{"rendered":"<p>Tras varios meses de uso intenso la temporada de calor ha terminado y con ella muchos hogares dejamos de usar el aire acondicionado hasta el pr\u00f3ximo a\u00f1o prepar\u00e1ndonos incluso para la entrada de los primeros fr\u00edos oto\u00f1ales. Lo habitual es que el \u00faltimo d\u00eda que lo hayamos usado lo apag\u00e1semos como siempre, pulsando el bot\u00f3n &hellip; <a href=\"https:\/\/domosistemas.com\/?p=29945\" class=\"more-link\">Sigue leyendo <span class=\"screen-reader-text\">Si eres de los que apaga el aire acondicionado desde el mando a distancia cuando acaba el verano, esto es lo que te cuesta hacerlo<\/span><\/a><\/p>\n","protected":false},"author":1,"featured_media":0,"comment_status":"closed","ping_status":"closed","sticky":false,"template":"","format":"standard","meta":{"footnotes":""},"categories":[8],"tags":[],"class_list":["post-29945","post","type-post","status-publish","format-standard","hentry","category-xataka"],"_links":{"self":[{"href":"https:\/\/domosistemas.com\/index.php?rest_route=\/wp\/v2\/posts\/29945","targetHints":{"allow":["GET"]}}],"collection":[{"href":"https:\/\/domosistemas.com\/index.php?rest_route=\/wp\/v2\/posts"}],"about":[{"href":"https:\/\/domosistemas.com\/index.php?rest_route=\/wp\/v2\/types\/post"}],"author":[{"embeddable":true,"href":"https:\/\/domosistemas.com\/index.php?rest_route=\/wp\/v2\/users\/1"}],"replies":[{"embeddable":true,"href":"https:\/\/domosistemas.com\/index.php?rest_route=%2Fwp%2Fv2%2Fcomments&post=29945"}],"version-history":[{"count":0,"href":"https:\/\/domosistemas.com\/index.php?rest_route=\/wp\/v2\/posts\/29945\/revisions"}],"wp:attachment":[{"href":"https:\/\/domosistemas.com\/index.php?rest_route=%2Fwp%2Fv2%2Fmedia&parent=29945"}],"wp:term":[{"taxonomy":"category","embeddable":true,"href":"https:\/\/domosistemas.com\/index.php?rest_route=%2Fwp%2Fv2%2Fcategories&post=29945"},{"taxonomy":"post_tag","embeddable":true,"href":"https:\/\/domosistemas.com\/index.php?rest_route=%2Fwp%2Fv2%2Ftags&post=29945"}],"curies":[{"name":"wp","href":"https:\/\/api.w.org\/{rel}","templated":true}]}}