{"id":30094,"date":"2025-09-29T07:01:01","date_gmt":"2025-09-29T07:01:01","guid":{"rendered":"https:\/\/domosistemas.com\/?p=30094"},"modified":"2025-09-29T07:01:01","modified_gmt":"2025-09-29T07:01:01","slug":"en-este-municipio-espanol-hay-tantas-placas-solares-en-su-casco-historico-que-el-ayuntamiento-se-ha-puesto-serio-no-quiere-ni-una-mas","status":"publish","type":"post","link":"https:\/\/domosistemas.com\/?p=30094","title":{"rendered":"En este municipio espa\u00f1ol hay tantas placas solares en su casco hist\u00f3rico que el Ayuntamiento se ha puesto serio: no quiere ni una m\u00e1s"},"content":{"rendered":"<div>\n<p>\n      <img decoding=\"async\" src=\"https:\/\/i.blogs.es\/d841b6\/pexels-rayraimundo-11448813\/1024_2000.jpeg\" alt=\"En este municipio espa\u00f1ol hay tantas placas solares en su casco hist\u00f3rico que el Ayuntamiento se ha puesto serio: no quiere ni una m\u00e1s\">\n    <\/p>\n<p>Las <a class=\"text-outboundlink\" href=\"https:\/\/www.xatakahome.com\/iluminacion-y-energia\/estas-recomendaciones-iberdrola-para-orientar-forma-correcta-placas-solares\" data-vars-post-title=\"Estas son las recomendaciones de Iberdrola para orientar de forma correcta las placas solares\" data-vars-post-url=\"https:\/\/www.xatakahome.com\/iluminacion-y-energia\/estas-recomendaciones-iberdrola-para-orientar-forma-correcta-placas-solares\">placas solares<\/a> se han consolidado como una de las alternativas m\u00e1s s\u00f3lidas para reducir la dependencia de la red el\u00e9ctrica convencional, algo en lo que pocos discrepan. Sin embargo, su r\u00e1pida expansi\u00f3n <strong>comienza a generar efectos secundarios<\/strong> y en Espa\u00f1a ya hay un municipio donde el Ayuntamiento ha decidido actuar con firmeza.<\/p>\n<p><!-- BREAK 1 --><\/p>\n<p>Seg\u00fan recoge <a rel=\"noopener, noreferrer\" href=\"https:\/\/www.diariosur.es\/interior\/overbooking-placas-solares-casco-historico-obliga-archidona-20250926181325-nt_amp.html\">DiarioSur<\/a>, se trata de una localidad del interior de la provincia de M\u00e1laga. Lo que antes asoci\u00e1bamos a <a class=\"text-outboundlink\" href=\"https:\/\/www.xataka.com\/energia\/hay-paneles-solares-tejados-california-que-se-han-vuelto-problema-para-red-electrica\" data-vars-post-title=\"Hay tantos paneles solares en los tejados de California que se han vuelto un problema para la red el\u00e9ctrica\" data-vars-post-url=\"https:\/\/www.xataka.com\/energia\/hay-paneles-solares-tejados-california-que-se-han-vuelto-problema-para-red-electrica\">lugares como California<\/a> o <a class=\"text-outboundlink\" href=\"https:\/\/www.xatakahome.com\/iluminacion-y-energia\/australia-gente-tiene-paneles-solares-que-han-emitido-alerta-red-electrica-ha-estado-peligro\" data-vars-post-title=\"La red el\u00e9ctrica ha estado a punto de colapsar en Australia. El problema es que casi todos tienen placas solares\" data-vars-post-url=\"https:\/\/www.xatakahome.com\/iluminacion-y-energia\/australia-gente-tiene-paneles-solares-que-han-emitido-alerta-red-electrica-ha-estado-peligro\">Australia<\/a>, donde la implantaci\u00f3n masiva de paneles ha generado <strong>tensiones urban\u00edsticas y paisaj\u00edsticas<\/strong>, empieza ahora a repetirse tambi\u00e9n en nuestro pa\u00eds.<\/p>\n<p><!-- BREAK 2 --><\/p>\n<h2>Contaminaci\u00f3n visual<\/h2>\n<div class=\"article-asset-image article-asset-large article-asset-center\">\n<div class=\"asset-content\">\n<div class=\"caption-img \">\n                    <a rel=\"noopener, noreferrer\" href=\"https:\/\/commons.wikimedia.org\/w\/index.php?curid=37544576\"><\/p>\n<p>    <img decoding=\"async\" alt=\"Archidona View\" class=\"\" src=\"https:\/\/i.blogs.es\/7528fc\/archidona_view\/450_1000.jpeg\"><br \/>\n     <\/a><\/p>\n<p>        <span>Foto de Ingo Mehling<\/span>\n   <\/div>\n<\/p><\/div>\n<\/div>\n<p>En concreto, ha sido <strong>Archidona<\/strong> la localidad que ha optado por una medida tajante. El Ayuntamiento del municipio malague\u00f1o ha emitido un bando (se puede consultar en <a rel=\"noopener, noreferrer\" href=\"https:\/\/archidona.sedelectronica.es\/preview-document\/2f757504-edec-4f53-ab96-29efdf784bde\/\">este enlace<\/a>) en el que proh\u00edbe la instalaci\u00f3n de placas solares tanto en el Conjunto Hist\u00f3rico como en su entorno inmediato. Una decisi\u00f3n que puede parecer dr\u00e1stica, pero que responde a motivos bien justificados.<\/p>\n<p><!-- BREAK 3 --><\/p>\n<p><strong>Cuidar la imagen de la ciudad.<\/strong> La medida llega tras constatar un incremento notable de solicitudes de licencia en los \u00faltimos meses, lo que ha generado una avalancha administrativa que, seg\u00fan el gobierno local, amenaza con alterar la imagen y el valor patrimonial de la ciudad.<\/p>\n<p><!-- BREAK 4 --><\/p>\n<div class=\"article-asset-video article-asset-normal\">\n<div class=\"asset-content\">\n<div class=\"base-asset-video\">\n<div class=\"js-dailymotion\">\n    <script type=\"application\/json\">\n                          {\"videoId\":\"x7znesx\",\"autoplay\":true,\"title\":\"Edificio de autoconsumo AS\u00cd FUNCIONAN - Paneles solares en bloques de pisos\", \"tag\":\"solar\"}\n                  <\/script>\n   <\/div>\n<\/p><\/div>\n<\/p><\/div>\n<\/div>\n<p>El escrito, firmado por el alcalde, recoge el <strong>acuerdo adoptado por unanimidad<\/strong> en la Comisi\u00f3n de Urbanismo, Obras, Infraestructuras y Medio Ambiente durante la sesi\u00f3n del 15 de septiembre. En esa reuni\u00f3n, los responsables municipales debatieron los efectos de la proliferaci\u00f3n de instalaciones fotovoltaicas y concluyeron que su presencia supone un impacto visual incompatible con la conservaci\u00f3n de un espacio protegido y catalogado.<\/p>\n<p><!-- BREAK 5 --><\/p>\n<blockquote><p><em>\u201cSe ha tomado acuerdo un\u00e1nime por la Comisi\u00f3n de Urbanismo, P.G.O.U., Vivienda, Obras, Infraestructuras y Medio Ambiente de 15 de septiembre de 2025, de informar a la ciudadan\u00eda afectada, que no est\u00e1 permitida la instalaci\u00f3n de placas fotovolt\u00e1icas en los inmuebles situados en el Conjunto Hist\u00f3rico y el entorno de este\u201d.<\/em><\/p><\/blockquote>\n<blockquote><p>\u201cSe insta a todos los propietarios, inquilinos, residentes, etc. del Conjunto Hist\u00f3rico de Archidona y su entorno a que no se realicen en dichas instalaciones\u201d.<\/p><\/blockquote>\n<blockquote><p><em>\u201cLas instalaciones que se hayan ejecutado sin la perceptiva licencia municipal. Deber\u00e1n ser retirarse antes del 15 de noviembre de 2025, a partir de esa fecha, se iniciaron los correspondientes expedientes de disciplina, sanciona y restituci\u00f3n de la legalidad urban\u00edstica\u201d.<\/em><\/p><\/blockquote>\n<p>El bando, firmado a 22 de septiembre detalla que <strong>la alteraci\u00f3n afecta tanto a la visi\u00f3n directa desde calles y plazas como a la perspectiva<\/strong> que se obtiene desde edificios cercanos o desde los miradores que dominan la panor\u00e1mica del municipio. En todos los casos, se considera que los paneles distorsionan la percepci\u00f3n global del conjunto urbano y ponen en riesgo la autenticidad de su fisonom\u00eda hist\u00f3rica.<\/p>\n<p><!-- BREAK 6 --><\/p>\n<p><strong>No solo prohibe instalar nuevas placas solares.<\/strong> El aviso municipal adem\u00e1s alcanza a las ya existentes, que deber\u00e1n retirarse antes del 15 de noviembre de 2025. De no cumplirse este plazo, el consistorio activar\u00e1 los expedientes sancionadores correspondientes, que podr\u00e1n incluir multas y medidas disciplinarias, adem\u00e1s de la obligaci\u00f3n de restituir la legalidad urban\u00edstica.<\/p>\n<p><!-- BREAK 7 --><\/p>\n<div class=\"article-asset article-asset-normal article-asset-center\">\n<div class=\"desvio-container\">\n<div class=\"desvio\">\n<div class=\"desvio-figure js-desvio-figure\">\n    <a href=\"https:\/\/www.xatakahome.com\/a-fondo\/baterias-solares-clave-para-aprovechar-placas-fotovoltaicas-estos-tipos-que-existen\" class=\"pivot-outboundlink\" data-vars-post-title=\"Tipos de bater\u00edas para placas solares: todo lo que hace falta saber para elegir la adecuada y lograr un autoconsumo eficiente\"><br \/>\n     <img loading=\"lazy\" decoding=\"async\" alt=\"Tipos de bater\u00edas para placas solares: todo lo que hace falta saber para elegir la adecuada y lograr un autoconsumo eficiente\" width=\"375\" height=\"142\" src=\"https:\/\/i.blogs.es\/6c21e8\/sungrow-emea-cetshq0qars-unsplash\/375_142.jpeg\"><br \/>\n    <\/a>\n   <\/div>\n<div class=\"desvio-summary\">\n<div class=\"desvio-taxonomy js-desvio-taxonomy\">\n     <a href=\"https:\/\/www.xatakahome.com\/a-fondo\/baterias-solares-clave-para-aprovechar-placas-fotovoltaicas-estos-tipos-que-existen\" class=\"desvio-taxonomy-anchor pivot-outboundlink\" data-vars-post-title=\"Tipos de bater\u00edas para placas solares: todo lo que hace falta saber para elegir la adecuada y lograr un autoconsumo eficiente\">En Xataka Smart Home<\/a>\n    <\/div>\n<p>    <a href=\"https:\/\/www.xatakahome.com\/a-fondo\/baterias-solares-clave-para-aprovechar-placas-fotovoltaicas-estos-tipos-que-existen\" class=\"desvio-title js-desvio-title pivot-outboundlink\" data-vars-post-title=\"Tipos de bater\u00edas para placas solares: todo lo que hace falta saber para elegir la adecuada y lograr un autoconsumo eficiente\">Tipos de bater\u00edas para placas solares: todo lo que hace falta saber para elegir la adecuada y lograr un autoconsumo eficiente<\/a>\n   <\/div>\n<\/p><\/div>\n<\/p><\/div>\n<\/div>\n<p>La advertencia se dirige <strong>tanto a propietarios como a inquilinos y residentes<\/strong> del casco hist\u00f3rico, a quienes se recuerda que cualquier montaje de este tipo carece de validez legal.<\/p>\n<p>El Ayuntamiento subraya que la instalaci\u00f3n de placas solares en el \u00e1mbito protegido est\u00e1 estrictamente prohibida. Con esta medida busca garantizar seguridad jur\u00eddica, <strong>evitar la presentaci\u00f3n de nuevas solicitudes<\/strong> que no podr\u00e1n autorizarse y, al mismo tiempo, preservar el espacio hist\u00f3rico, protegi\u00e9ndolo de la contaminaci\u00f3n visual que generan estos dispositivos.<\/p>\n<p>Foto de portada | <a rel=\"noopener, noreferrer\" href=\"https:\/\/www.pexels.com\/es-es\/foto\/edificios-espana-pueblo-vista-panoramica-11448813\/\">Ray Raimundo<\/a><\/p>\n<p>En Xataka SmartHome\u00a0| <a class=\"text-outboundlink\" href=\"https:\/\/www.xatakahome.com\/a-fondo\/quiero-poner-placas-solares-no-tengo-espacio-no-adecuado-estas-todas-alternativas-que-tienes\" data-vars-post-title=\"Quiero poner placas solares pero no tengo espacio o no es el adecuado. Estas son todas las alternativas que existen\" data-vars-post-url=\"https:\/\/www.xatakahome.com\/a-fondo\/quiero-poner-placas-solares-no-tengo-espacio-no-adecuado-estas-todas-alternativas-que-tienes\" target=\"_blank\">Quiero poner placas solares pero no tengo espacio o no es el adecuado. Estas son todas las alternativas que existen<\/a><\/p>\n<p><!-- BREAK 8 --><script>\n (function() {\n  window._JS_MODULES = window._JS_MODULES || {};\n  var headElement = document.getElementsByTagName('head')[0];\n  if (_JS_MODULES.instagram) {\n   var instagramScript = document.createElement('script');\n   instagramScript.src = 'https:\/\/platform.instagram.com\/en_US\/embeds.js';\n   instagramScript.async = true;\n   instagramScript.defer = true;\n   headElement.appendChild(instagramScript);\n  }\n })();\n<\/script><\/p>\n<p> &#8211; <br \/> La noticia<br \/>\n      <a href=\"https:\/\/www.xatakahome.com\/iluminacion-y-energia\/este-pueblo-espana-hay-tantas-placas-solares-su-casco-historico-que-ayuntamiento-se-ha-puesto-serio-no-quiere?utm_source=feedburner&amp;utm_medium=feed&amp;utm_campaign=29_Sep_2025\"><br \/>\n       <em> En este municipio espa\u00f1ol hay tantas placas solares en su casco hist\u00f3rico que el Ayuntamiento se ha puesto serio: no quiere ni una m\u00e1s <\/em><br \/>\n      <\/a><br \/>\n      fue publicada originalmente en<br \/>\n      <a href=\"https:\/\/www.xatakahome.com\/?utm_source=feedburner&amp;utm_medium=feed&amp;utm_campaign=29_Sep_2025\"><br \/>\n       <strong> Xataka Smart Home <\/strong><br \/>\n      <\/a><br \/>\n             por <a href=\"https:\/\/www.xatakahome.com\/autor\/jose-antonio-carmona?utm_source=feedburner&amp;utm_medium=feed&amp;utm_campaign=29_Sep_2025\"><br \/>\n        Jose Antonio Carmona<br \/>\n       <\/a><br \/>\n      . <\/p>\n<\/div>\n","protected":false},"excerpt":{"rendered":"<p>Las placas solares se han consolidado como una de las alternativas m\u00e1s s\u00f3lidas para reducir la dependencia de la red el\u00e9ctrica convencional, algo en lo que pocos discrepan. Sin embargo, su r\u00e1pida expansi\u00f3n comienza a generar efectos secundarios y en Espa\u00f1a ya hay un municipio donde el Ayuntamiento ha decidido actuar con firmeza. Seg\u00fan recoge &hellip; <a href=\"https:\/\/domosistemas.com\/?p=30094\" class=\"more-link\">Sigue leyendo <span class=\"screen-reader-text\">En este municipio espa\u00f1ol hay tantas placas solares en su casco hist\u00f3rico que el Ayuntamiento se ha puesto serio: no quiere ni una m\u00e1s<\/span><\/a><\/p>\n","protected":false},"author":1,"featured_media":0,"comment_status":"closed","ping_status":"closed","sticky":false,"template":"","format":"standard","meta":{"footnotes":""},"categories":[8],"tags":[],"class_list":["post-30094","post","type-post","status-publish","format-standard","hentry","category-xataka"],"_links":{"self":[{"href":"https:\/\/domosistemas.com\/index.php?rest_route=\/wp\/v2\/posts\/30094","targetHints":{"allow":["GET"]}}],"collection":[{"href":"https:\/\/domosistemas.com\/index.php?rest_route=\/wp\/v2\/posts"}],"about":[{"href":"https:\/\/domosistemas.com\/index.php?rest_route=\/wp\/v2\/types\/post"}],"author":[{"embeddable":true,"href":"https:\/\/domosistemas.com\/index.php?rest_route=\/wp\/v2\/users\/1"}],"replies":[{"embeddable":true,"href":"https:\/\/domosistemas.com\/index.php?rest_route=%2Fwp%2Fv2%2Fcomments&post=30094"}],"version-history":[{"count":0,"href":"https:\/\/domosistemas.com\/index.php?rest_route=\/wp\/v2\/posts\/30094\/revisions"}],"wp:attachment":[{"href":"https:\/\/domosistemas.com\/index.php?rest_route=%2Fwp%2Fv2%2Fmedia&parent=30094"}],"wp:term":[{"taxonomy":"category","embeddable":true,"href":"https:\/\/domosistemas.com\/index.php?rest_route=%2Fwp%2Fv2%2Fcategories&post=30094"},{"taxonomy":"post_tag","embeddable":true,"href":"https:\/\/domosistemas.com\/index.php?rest_route=%2Fwp%2Fv2%2Ftags&post=30094"}],"curies":[{"name":"wp","href":"https:\/\/api.w.org\/{rel}","templated":true}]}}