{"id":30223,"date":"2025-10-09T09:00:13","date_gmt":"2025-10-09T09:00:13","guid":{"rendered":"https:\/\/domosistemas.com\/?p=30223"},"modified":"2025-10-09T09:00:13","modified_gmt":"2025-10-09T09:00:13","slug":"no-es-solo-para-dormir-la-nueva-moda-que-reemplaza-al-edredon-y-hace-que-tu-cama-decore-toda-la-habitacion","status":"publish","type":"post","link":"https:\/\/domosistemas.com\/?p=30223","title":{"rendered":"No es solo para dormir: la nueva moda que reemplaza al edred\u00f3n y hace que tu cama decore toda la habitaci\u00f3n"},"content":{"rendered":"<div>\n<p>\n      <img decoding=\"async\" src=\"https:\/\/i.blogs.es\/67433c\/captura-de-pantalla-2025-10-09-a-las-8.41.29\/1024_2000.jpeg\" alt=\"No es solo para dormir: la nueva moda que reemplaza al edred\u00f3n y hace que tu cama decore toda la habitaci\u00f3n \">\n    <\/p>\n<\/p>\n<p><a class=\"text-outboundlink\" href=\"https:\/\/www.xatakahome.com\/hogar\/esta-semana-llega-frio-este-rincon-que-reviso-casa-para-no-pasar-frio-no-ventanas\" data-vars-post-title=\"Llega el fr\u00edo y muy poca gente revisa este rinc\u00f3n de casa: hacerlo puede ahorrarte mucho en calefacci\u00f3n\" data-vars-post-url=\"https:\/\/www.xatakahome.com\/hogar\/esta-semana-llega-frio-este-rincon-que-reviso-casa-para-no-pasar-frio-no-ventanas\">Llega el fr\u00edo<\/a> y es momento de sacar del armario \u2014o de los rincones donde los <a class=\"text-outboundlink\" href=\"https:\/\/www.xatakahome.com\/hogar\/voy-a-guardar-ropa-invierno-este-mejor-invento-para-ahorrar-espacio-no-gastar-dinero-no-ningun-armario\" data-vars-post-title=\"Voy a guardar la ropa de invierno. Este es el mejor invento para ahorrar espacio y no gastar dinero. Y no es ning\u00fan armario\" data-vars-post-url=\"https:\/\/www.xatakahome.com\/hogar\/voy-a-guardar-ropa-invierno-este-mejor-invento-para-ahorrar-espacio-no-gastar-dinero-no-ningun-armario\">guardamos durante el verano<\/a>\u2014 toda la ropa de invierno, tanto para nosotros como para el hogar. En esta \u00e9poca, la <a rel=\"noopener, noreferrer\" href=\"https:\/\/www.revistainteriores.es\/tendencias\/asi-es-ropa-cama-moda-que-triunfara-dormitorios-mas-estilosos-este-verano-2025_11312\">ropa de cama<\/a> (mantas, n\u00f3rdicos y edredones) se convierte en protagonista indiscutible. Estos \u00faltimos, adem\u00e1s, est\u00e1n <a rel=\"noopener, noreferrer\" href=\"https:\/\/www.revistainteriores.es\/tendencias\/asi-es-ropa-cama-moda-que-triunfara-dormitorios-mas-estilosos-este-verano-2025_11312\">experimentando una renovaci\u00f3n<\/a> gracias a la llegada de <strong>nuevos materiales que marcan tendencia<\/strong>.<\/p>\n<p>En los \u00faltimos a\u00f1os, han aparecido en el mercado tejidos innovadores que se han popularizado gracias a su uso en hoteles de lujo, donde se busca combinar confort, ligereza y elegancia. <strong>En lugar de los tradicionales edredones<\/strong> voluminosos, ahora <a rel=\"noopener, noreferrer\" href=\"https:\/\/lamallorquina.es\/blog\/tendencias-textiles-hogar\/#1-Texturas-y-tejidos-naturales\">son tendencia las soluciones textiles naturales<\/a>, m\u00e1s ligeras, transpirables y vers\u00e1tiles.<\/p>\n<p><!-- BREAK 1 --><\/p>\n<div class=\"article-asset-video article-asset-normal\">\n<div class=\"asset-content\">\n<div class=\"base-asset-video\">\n<div class=\"js-dailymotion\">\n    <script type=\"application\/json\">\n                          {\"videoId\":\"x813kjb\",\"autoplay\":true,\"title\":\"LG Vapor Cleaner Styler, an\u00e1lisis: UN ARMARIO QUE PLANCHA, SECA E HIGIENZA TU ROPA\", \"tag\":\"\", \"duration\":\"387\"}\n                  <\/script>\n   <\/div>\n<\/p><\/div>\n<\/p><\/div>\n<\/div>\n<p>Cuando nos alojamos en un hotel solemos fijarnos en la calidad del colch\u00f3n, pero la ropa de cama juega un papel igual de importante. En invierno, buscamos <strong>materiales que nos abriguen sin resultar pesados<\/strong>, ofreciendo una sensaci\u00f3n de suavidad y bienestar. Entre los tejidos que <a rel=\"noopener, noreferrer\" href=\"https:\/\/www.colchonesbestdream.com\/tendencias-en-ropa-de-cama-2025-de-tejidos-tecnologicos-a-disenos-eco-amigables\/\">est\u00e1n marcando tendencia<\/a> destacan el lino lavado de Normand\u00eda, el percal de algod\u00f3n org\u00e1nico, el bamb\u00fa y la gasa de algod\u00f3n: opciones ligeras, confortables y transpirables que, adem\u00e1s, aportan un estilo natural y relajado a cualquier dormitorio.<\/p>\n<p><!-- BREAK 2 --><\/p>\n<h2><strong>Lino lavado de Normand\u00eda<\/strong><\/h2>\n<div class=\"article-asset-image article-asset-large article-asset-center\">\n<div class=\"asset-content\">\n<div class=\"caption-img \">\n<p>   <img decoding=\"async\" alt=\"Lino lavado\" class=\"\" src=\"https:\/\/i.blogs.es\/ca36c7\/captura-de-pantalla-2025-10-09-a-las-8.55.12\/450_1000.jpeg\"><\/p>\n<p>        <span>Imagen | Amazon<\/span>\n   <\/div>\n<\/p><\/div>\n<\/div>\n<p>El lino lavado de Normand\u00eda es uno de los materiales m\u00e1s apreciados por su origen y calidad. Procede de una regi\u00f3n reconocida por producir uno de los mejores linos del mundo. Y quiz\u00e1s te preguntes de d\u00f3nde viene eso de \u201clavado\u201d; esto se debe a que en este tejido <strong>se suavizan las fibras mediante piedra o enzimas naturales<\/strong> (algo as\u00ed como los vaqueros a piedra pero salvando las diferencias), lo que le da su caracter\u00edstico aspecto arrugado y una textura agradable al tacto.\u00a0<\/p>\n<p><!-- BREAK 3 --><\/p>\n<div class=\"article-asset article-asset-normal article-asset-center\">\n<div class=\"desvio-container\">\n<div class=\"desvio\">\n<div class=\"desvio-figure js-desvio-figure\">\n    <a href=\"https:\/\/www.xatakahome.com\/hogar\/cada-cuanto-tiempo-bueno-cambiar-lavar-sabanas-ciencia-1\" class=\"pivot-outboundlink\" data-vars-post-title=\"Cada cu\u00e1nto tiempo es bueno cambiar y lavar las s\u00e1banas seg\u00fan la ciencia \"><br \/>\n     <img loading=\"lazy\" decoding=\"async\" alt=\"Cada cu\u00e1nto tiempo es bueno cambiar y lavar las s\u00e1banas seg\u00fan la ciencia \" width=\"375\" height=\"142\" src=\"https:\/\/i.blogs.es\/4fa724\/sabanas\/375_142.jpeg\"><br \/>\n    <\/a>\n   <\/div>\n<div class=\"desvio-summary\">\n<div class=\"desvio-taxonomy js-desvio-taxonomy\">\n     <a href=\"https:\/\/www.xatakahome.com\/hogar\/cada-cuanto-tiempo-bueno-cambiar-lavar-sabanas-ciencia-1\" class=\"desvio-taxonomy-anchor pivot-outboundlink\" data-vars-post-title=\"Cada cu\u00e1nto tiempo es bueno cambiar y lavar las s\u00e1banas seg\u00fan la ciencia \">En Xataka Smart Home<\/a>\n    <\/div>\n<p>    <a href=\"https:\/\/www.xatakahome.com\/hogar\/cada-cuanto-tiempo-bueno-cambiar-lavar-sabanas-ciencia-1\" class=\"desvio-title js-desvio-title pivot-outboundlink\" data-vars-post-title=\"Cada cu\u00e1nto tiempo es bueno cambiar y lavar las s\u00e1banas seg\u00fan la ciencia \">Cada cu\u00e1nto tiempo es bueno cambiar y lavar las s\u00e1banas seg\u00fan la ciencia <\/a>\n   <\/div>\n<\/p><\/div>\n<\/p><\/div>\n<\/div>\n<p>Es <strong>un tejido muy transpirable y termorregulador<\/strong>, por lo que resulta ideal tanto para el verano como para el invierno. Adem\u00e1s, es resistente, antibacteriano y ecol\u00f3gico, ya que su cultivo requiere muy pocos recursos. Es perfecto para ropa de cama, cortinas o cojines, especialmente en estilos n\u00f3rdicos, r\u00fasticos o mediterr\u00e1neos.<\/p>\n<p><!-- BREAK 4 --><\/p>\n<h2>Bamb\u00fa<\/h2>\n<p>El bamb\u00fa es un material natural que se obtiene de la pulpa de la planta del mismo nombre y que se transforma en fibra mediante procesos mec\u00e1nicos o qu\u00edmicos. Es <strong>un tejido muy suave y sedoso<\/strong> pero no acaban aqu\u00ed sus ventajas.<\/p>\n<p><!-- BREAK 5 --><\/p>\n<p>Es <strong>termorregulador, absorbe la humedad y posee propiedades antibacterianas<\/strong> naturales, adem\u00e1s de ser una fibra sostenible, ya que el bamb\u00fa crece r\u00e1pidamente y necesita poca agua. Es muy utilizado en s\u00e1banas, toallas y prendas, y resulta especialmente adecuado para pieles sensibles o entornos h\u00famedos.<\/p>\n<p><!-- BREAK 6 --><\/p>\n<h2><strong>Percal de algod\u00f3n org\u00e1nico<\/strong><\/h2>\n<div class=\"article-asset-image article-asset-large article-asset-center\">\n<div class=\"asset-content\">\n<div class=\"caption-img \">\n                    <a rel=\"noopener, noreferrer\" href=\"https:\/\/sancarlos.es\/blogs\/news\/sabanas-algodon-percal-300-hilos?srsltid=AfmBOoopVx9wxdTVpJDLEYRuhm0EV5WC1KZFgcfa8hKY0BNYOYA7L3Re\"><\/p>\n<p>    <img decoding=\"async\" alt=\"S\u00e1banas\" class=\"\" src=\"https:\/\/i.blogs.es\/ae6a8f\/captura-de-pantalla-2025-10-09-a-las-8.56.05\/450_1000.jpeg\"><br \/>\n     <\/a><\/p>\n<p>        <span>Imagen | SanCarlos.es<\/span>\n   <\/div>\n<\/p><\/div>\n<\/div>\n<p>El <a rel=\"noopener, noreferrer\" href=\"https:\/\/sancarlos.es\/blogs\/news\/sabanas-algodon-percal-300-hilos?srsltid=AfmBOoopVx9wxdTVpJDLEYRuhm0EV5WC1KZFgcfa8hKY0BNYOYA7L3Re\">percal de algod\u00f3n org\u00e1nico<\/a> se caracteriza por ser un tejido de algod\u00f3n peinado con una trama muy fina y apretada, generalmente superior a los 180 hilos. Al ser org\u00e1nico, se cultiva sin pesticidas ni productos qu\u00edmicos, lo que lo convierte en <strong>una opci\u00f3n saludable y sostenible.\u00a0<\/strong><\/p>\n<p>Su tacto es fresco, suave y con un acabado mate, similar al de las s\u00e1banas de hotel. Es altamente <strong>transpirable, hipoalerg\u00e9nico y muy agradable para dormir<\/strong>. Resulta ideal para climas c\u00e1lidos o para quienes buscan una sensaci\u00f3n ligera y fresca al descansar.<\/p>\n<h2><\/h2>\n<p><!-- BREAK 7 --><\/p>\n<div class=\"article-asset article-asset-normal article-asset-center\">\n<div class=\"desvio-container\">\n<div class=\"desvio\">\n<div class=\"desvio-figure js-desvio-figure\">\n    <a href=\"https:\/\/www.xatakahome.com\/hogar\/voy-a-guardar-ropa-invierno-este-mejor-invento-para-ahorrar-espacio-no-gastar-dinero-no-ningun-armario\" class=\"pivot-outboundlink\" data-vars-post-title=\"Voy a guardar la ropa de invierno. Este es el mejor invento para ahorrar espacio y no gastar dinero. Y no es ning\u00fan armario\"><br \/>\n     <img loading=\"lazy\" decoding=\"async\" alt=\"Voy a guardar la ropa de invierno. Este es el mejor invento para ahorrar espacio y no gastar dinero. Y no es ning\u00fan armario\" width=\"375\" height=\"142\" src=\"https:\/\/i.blogs.es\/257b11\/pexels-taryn-elliott-4231428\/375_142.jpeg\"><br \/>\n    <\/a>\n   <\/div>\n<div class=\"desvio-summary\">\n<div class=\"desvio-taxonomy js-desvio-taxonomy\">\n     <a href=\"https:\/\/www.xatakahome.com\/hogar\/voy-a-guardar-ropa-invierno-este-mejor-invento-para-ahorrar-espacio-no-gastar-dinero-no-ningun-armario\" class=\"desvio-taxonomy-anchor pivot-outboundlink\" data-vars-post-title=\"Voy a guardar la ropa de invierno. Este es el mejor invento para ahorrar espacio y no gastar dinero. Y no es ning\u00fan armario\">En Xataka Smart Home<\/a>\n    <\/div>\n<p>    <a href=\"https:\/\/www.xatakahome.com\/hogar\/voy-a-guardar-ropa-invierno-este-mejor-invento-para-ahorrar-espacio-no-gastar-dinero-no-ningun-armario\" class=\"desvio-title js-desvio-title pivot-outboundlink\" data-vars-post-title=\"Voy a guardar la ropa de invierno. Este es el mejor invento para ahorrar espacio y no gastar dinero. Y no es ning\u00fan armario\">Voy a guardar la ropa de invierno. Este es el mejor invento para ahorrar espacio y no gastar dinero. Y no es ning\u00fan armario<\/a>\n   <\/div>\n<\/p><\/div>\n<\/p><\/div>\n<\/div>\n<h2>Gasa de algod\u00f3n<\/h2>\n<p>Por \u00faltimo, la gasa de algod\u00f3n, tambi\u00e9n conocida como muselina, es un tejido ligero, aireado y con una estructura abierta que <strong>permite una gran transpirabilidad<\/strong>. Su tacto es suave y esponjoso, y se vuelve a\u00fan m\u00e1s agradable con los lavados.\u00a0<\/p>\n<p><strong>Es ideal para colchas de verano<\/strong>, cortinas vaporosas, arrullos o s\u00e1banas ligeras, aportando un aspecto relajado y natural. Su est\u00e9tica desenfadada encaja muy bien en ambientes boho, mediterr\u00e1neos o de inspiraci\u00f3n natural.<\/p>\n<p>Adem\u00e1s aparecen nuevos elementos como es el caso de la <strong>manta ponderada premium<\/strong> (<em>weighted blanket<\/em>), uno de los accesorios que se ha puesto de moda en los \u00faltimos a\u00f1os. Aunque antes era poco conocida, su popularidad no ha dejado de crecer gracias a su efecto relajante y a la sensaci\u00f3n envolvente que proporciona.<\/p>\n<p>Esta tendencia no se limita a los hoteles de lujo: marcas como <strong>Zara Home<\/strong> o <strong>Maisons du Monde<\/strong> est\u00e1n incorporando colecciones inspiradas en el algod\u00f3n lavado y en gamas crom\u00e1ticas suaves, con el objetivo de llevar este estilo c\u00f3modo, natural y sofisticado tambi\u00e9n a los hogares.<\/p>\n<h2>C\u00f3mo crear el ambiente perfecto<\/h2>\n<p><!-- BREAK 8 --><\/p>\n<div class=\"article-asset-image article-asset-large article-asset-center\">\n<div class=\"asset-content\">\n<div class=\"caption-img \">\n                    <a rel=\"noopener, noreferrer\" href=\"https:\/\/www.pexels.com\/es-es\/foto\/pies-cama-nino-manta-3905766\/\"><\/p>\n<p>    <img decoding=\"async\" alt=\"Pexels Shvetsa 3905766\" class=\"\" src=\"https:\/\/i.blogs.es\/711e62\/pexels-shvetsa-3905766\/450_1000.jpeg\"><br \/>\n     <\/a><\/p>\n<p>        <span>Foto de Anna Shvets<\/span>\n   <\/div>\n<\/p><\/div>\n<\/div>\n<p>No se trata solo de elegir el material adecuado, sino tambi\u00e9n de <strong>saber c\u00f3mo combinarlo<\/strong> con otros elementos. Los expertos recomiendan optar por piezas independientes que puedan lavarse f\u00e1cilmente a m\u00e1quina, lo que no solo facilita la limpieza, sino que tambi\u00e9n permite renovar la decoraci\u00f3n con m\u00e1s frecuencia y sin complicaciones.<\/p>\n<p><!-- BREAK 9 --><\/p>\n<div class=\"article-asset article-asset-normal article-asset-center\">\n<div class=\"desvio-container\">\n<div class=\"desvio\">\n<div class=\"desvio-figure js-desvio-figure\">\n    <a href=\"https:\/\/www.xatakahome.com\/hogar\/cambiaba-sabanas-fundas-almohada-vez-a-semana-resulta-que-estaba-haciendo-mal-este-tiempo-recomendado\" class=\"pivot-outboundlink\" data-vars-post-title=\"Toda la vida cambiando las s\u00e1banas y fundas de almohada una vez a la semana y resulta que lo estaba haciendo mal\"><br \/>\n     <img loading=\"lazy\" decoding=\"async\" alt=\"Toda la vida cambiando las s\u00e1banas y fundas de almohada una vez a la semana y resulta que lo estaba haciendo mal\" width=\"375\" height=\"142\" src=\"https:\/\/i.blogs.es\/e262f6\/pexels-liliana-drew-9462742\/375_142.jpeg\"><br \/>\n    <\/a>\n   <\/div>\n<div class=\"desvio-summary\">\n<div class=\"desvio-taxonomy js-desvio-taxonomy\">\n     <a href=\"https:\/\/www.xatakahome.com\/hogar\/cambiaba-sabanas-fundas-almohada-vez-a-semana-resulta-que-estaba-haciendo-mal-este-tiempo-recomendado\" class=\"desvio-taxonomy-anchor pivot-outboundlink\" data-vars-post-title=\"Toda la vida cambiando las s\u00e1banas y fundas de almohada una vez a la semana y resulta que lo estaba haciendo mal\">En Xataka Smart Home<\/a>\n    <\/div>\n<p>    <a href=\"https:\/\/www.xatakahome.com\/hogar\/cambiaba-sabanas-fundas-almohada-vez-a-semana-resulta-que-estaba-haciendo-mal-este-tiempo-recomendado\" class=\"desvio-title js-desvio-title pivot-outboundlink\" data-vars-post-title=\"Toda la vida cambiando las s\u00e1banas y fundas de almohada una vez a la semana y resulta que lo estaba haciendo mal\">Toda la vida cambiando las s\u00e1banas y fundas de almohada una vez a la semana y resulta que lo estaba haciendo mal<\/a>\n   <\/div>\n<\/p><\/div>\n<\/p><\/div>\n<\/div>\n<p>Los <a rel=\"noopener, noreferrer\" href=\"https:\/\/www.vogue.es\/articulos\/tendencias-ropa-cama-otono-2025-textiles-dormitorio\">especialistas en interiorismo<\/a> coinciden en que <strong>la cama ya no es solo un lugar para descansar<\/strong>, sino tambi\u00e9n un elemento decorativo clave dentro del dormitorio. Por eso, cada vez gana m\u00e1s terreno la tendencia de superponer capas: combinar superficies lisas con tejidos m\u00e1s voluminosos y jugar con diferentes tonos para conseguir un aspecto m\u00e1s c\u00e1lido, acogedor y visualmente atractivo.<\/p>\n<p>Foto de portada | <a rel=\"noopener, noreferrer\" href=\"https:\/\/lamallorquina.es\/blog\/tendencias-textiles-hogar\/\">La Mallorquina<\/a><\/p>\n<p>V\u00eda | <a rel=\"noopener, noreferrer\" href=\"https:\/\/cadenaser.com\/nacional\/hype\/2025\/10\/04\/adios-al-edredon-llega-una-nueva-tendencia-mas-comoda-desde-los-hoteles-de-lujo-cadena-ser\/?outputType=amp\">Cadena Ser<\/a><\/p>\n<p>En Xataka SmartHome |\u00a0<a class=\"text-outboundlink\" href=\"https:\/\/www.xatakahome.com\/hogar\/antes-ponia-almohada-sabanas-al-sol-para-eliminar-acaros-leer-a-este-neurocientifico-he-dejado-hacerlo\" data-vars-post-title=\"Antes pon\u00eda la almohada y s\u00e1banas al sol para eliminar los \u00e1caros, pero tras leer a este neurocient\u00edfico he dejado de hacerlo \" data-vars-post-url=\"https:\/\/www.xatakahome.com\/hogar\/antes-ponia-almohada-sabanas-al-sol-para-eliminar-acaros-leer-a-este-neurocientifico-he-dejado-hacerlo\" target=\"_blank\">Antes pon\u00eda la almohada y s\u00e1banas al sol para eliminar los \u00e1caros, pero tras leer a este neurocient\u00edfico he dejado de hacerlo<\/a><\/p>\n<p><!-- BREAK 10 --><script>\n (function() {\n  window._JS_MODULES = window._JS_MODULES || {};\n  var headElement = document.getElementsByTagName('head')[0];\n  if (_JS_MODULES.instagram) {\n   var instagramScript = document.createElement('script');\n   instagramScript.src = 'https:\/\/platform.instagram.com\/en_US\/embeds.js';\n   instagramScript.async = true;\n   instagramScript.defer = true;\n   headElement.appendChild(instagramScript);\n  }\n })();\n<\/script><\/p>\n<p> &#8211; <br \/> La noticia<br \/>\n      <a href=\"https:\/\/www.xatakahome.com\/hogar\/no-solo-para-dormir-nueva-moda-que-reemplaza-al-edredon-hace-que-tu-cama-decore-toda-habitacion?utm_source=feedburner&amp;utm_medium=feed&amp;utm_campaign=09_Oct_2025\"><br \/>\n       <em> No es solo para dormir: la nueva moda que reemplaza al edred\u00f3n y hace que tu cama decore toda la habitaci\u00f3n  <\/em><br \/>\n      <\/a><br \/>\n      fue publicada originalmente en<br \/>\n      <a href=\"https:\/\/www.xatakahome.com\/?utm_source=feedburner&amp;utm_medium=feed&amp;utm_campaign=09_Oct_2025\"><br \/>\n       <strong> Xataka Smart Home <\/strong><br \/>\n      <\/a><br \/>\n             por <a href=\"https:\/\/www.xatakahome.com\/autor\/jose-antonio-carmona?utm_source=feedburner&amp;utm_medium=feed&amp;utm_campaign=09_Oct_2025\"><br \/>\n        Jose Antonio Carmona<br \/>\n       <\/a><br \/>\n      . <\/p>\n<\/div>\n","protected":false},"excerpt":{"rendered":"<p>Llega el fr\u00edo y es momento de sacar del armario \u2014o de los rincones donde los guardamos durante el verano\u2014 toda la ropa de invierno, tanto para nosotros como para el hogar. En esta \u00e9poca, la ropa de cama (mantas, n\u00f3rdicos y edredones) se convierte en protagonista indiscutible. Estos \u00faltimos, adem\u00e1s, est\u00e1n experimentando una renovaci\u00f3n &hellip; <a href=\"https:\/\/domosistemas.com\/?p=30223\" class=\"more-link\">Sigue leyendo <span class=\"screen-reader-text\">No es solo para dormir: la nueva moda que reemplaza al edred\u00f3n y hace que tu cama decore toda la habitaci\u00f3n<\/span><\/a><\/p>\n","protected":false},"author":1,"featured_media":0,"comment_status":"closed","ping_status":"closed","sticky":false,"template":"","format":"standard","meta":{"footnotes":""},"categories":[8],"tags":[],"class_list":["post-30223","post","type-post","status-publish","format-standard","hentry","category-xataka"],"_links":{"self":[{"href":"https:\/\/domosistemas.com\/index.php?rest_route=\/wp\/v2\/posts\/30223","targetHints":{"allow":["GET"]}}],"collection":[{"href":"https:\/\/domosistemas.com\/index.php?rest_route=\/wp\/v2\/posts"}],"about":[{"href":"https:\/\/domosistemas.com\/index.php?rest_route=\/wp\/v2\/types\/post"}],"author":[{"embeddable":true,"href":"https:\/\/domosistemas.com\/index.php?rest_route=\/wp\/v2\/users\/1"}],"replies":[{"embeddable":true,"href":"https:\/\/domosistemas.com\/index.php?rest_route=%2Fwp%2Fv2%2Fcomments&post=30223"}],"version-history":[{"count":0,"href":"https:\/\/domosistemas.com\/index.php?rest_route=\/wp\/v2\/posts\/30223\/revisions"}],"wp:attachment":[{"href":"https:\/\/domosistemas.com\/index.php?rest_route=%2Fwp%2Fv2%2Fmedia&parent=30223"}],"wp:term":[{"taxonomy":"category","embeddable":true,"href":"https:\/\/domosistemas.com\/index.php?rest_route=%2Fwp%2Fv2%2Fcategories&post=30223"},{"taxonomy":"post_tag","embeddable":true,"href":"https:\/\/domosistemas.com\/index.php?rest_route=%2Fwp%2Fv2%2Ftags&post=30223"}],"curies":[{"name":"wp","href":"https:\/\/api.w.org\/{rel}","templated":true}]}}