{"id":30236,"date":"2025-10-10T06:31:43","date_gmt":"2025-10-10T06:31:43","guid":{"rendered":"https:\/\/domosistemas.com\/?p=30236"},"modified":"2025-10-10T06:31:43","modified_gmt":"2025-10-10T06:31:43","slug":"esta-es-la-cocina-que-tiene-carrefour-para-pisos-pequenos-y-que-sorprende-por-su-precio","status":"publish","type":"post","link":"https:\/\/domosistemas.com\/?p=30236","title":{"rendered":"Esta es la cocina que tiene Carrefour para pisos peque\u00f1os y que sorprende por su precio"},"content":{"rendered":"<div>\n<p>\n      <img decoding=\"async\" src=\"https:\/\/i.blogs.es\/8fe53c\/ofertas_cpa_v3-copia---2025-10-10t074555.349\/1024_2000.jpeg\" alt=\"Esta es la cocina que tiene Carrefour para pisos peque\u00f1os y que sorprende por su precio \">\n    <\/p>\n<p>Cada vez es mayor la tendencia de que los pisos sean peque\u00f1os. Esto hace que todas las estancias sean de reducidas dimensiones. Aunque esto no significa que para tener un ba\u00f1o, un dormitorio o una cocina en un <strong>estudio o apartamento<\/strong>, tengas que renunciar al dise\u00f1o.\u00a0<\/p>\n<p><!-- BREAK 1 --><\/p>\n<p>En <strong>Carrefour<\/strong>, ahora, hemos encontrado esta <strong>cocina Fame-line<\/strong>, a la que han bautizado en su web como \u201ccocina para solteros\u201d. Adem\u00e1s de por su dise\u00f1o, destaca por su precio, ya que cuesta <a rel=\"nofollow, sponsored, noopener, noreferrer\" target=\"_blank\" class=\"js-ecommerce\" id=\"link-ecommerce-1\" href=\"https:\/\/www.xatakahome.com\/redirect?url=https%3A%2F%2Fwww.carrefour.es%2Fcocina-para-solteros-fame-line-140-cm-et-roble-vicco%2F4066731376551%2Fp&amp;category=seleccion&amp;ecomPostExpiration=everlasting&amp;postId=119545\" data-vars-affiliate-url=\"https:\/\/www.carrefour.es\/cocina-para-solteros-fame-line-140-cm-et-roble-vicco\/4066731376551\/p\">762,90 euros<\/a> y el env\u00edo es gratuito.<\/p>\n<p><!-- BREAK 2 --><esi:include src=\"\/modules\/pivot-ecommerce\/26210?ecommerce_expiration=everlasting&amp;category=seleccion&amp;postId=119545\"><\/esi:include><\/p>\n<h2>Una soluci\u00f3n eficaz y barata para pisos peque\u00f1os<\/h2>\n<div class=\"article-asset-image article-asset-normal article-asset-center\">\n<div class=\"asset-content\">\n                    <a rel=\"nofollow, sponsored, noopener, noreferrer\" target=\"_blank\" class=\"js-ecommerce\" id=\"link-ecommerce-2\" href=\"https:\/\/www.xatakahome.com\/redirect?url=https%3A%2F%2Fwww.carrefour.es%2Fcocina-para-solteros-fame-line-140-cm-et-roble-vicco%2F4066731376551%2Fp&amp;category=seleccion&amp;ecomPostExpiration=everlasting&amp;postId=119545\" data-vars-affiliate-url=\"https:\/\/www.carrefour.es\/cocina-para-solteros-fame-line-140-cm-et-roble-vicco\/4066731376551\/p\"><\/p>\n<p>    <img decoding=\"async\" alt=\"cocina para pisos peque\u00f1os Carrefour\" class=\"centro_sinmarco\" src=\"https:\/\/i.blogs.es\/68c93b\/proyecto-nuevo---2025-10-10t073341.971\/450_1000.jpeg\"><br \/>\n     <\/a><\/p><\/div>\n<\/div>\n<p>Esta cocina de Carrefour es ideal para optimizar el espacio en cocinas peque\u00f1as. Se trata de una cocina modular con un <strong>ancho de 140 cm<\/strong>. Al ser compacta, encajar\u00e1 a la perfecci\u00f3n en cualquier espacio.<\/p>\n<p><!-- BREAK 3 --><\/p>\n<div class=\"article-asset article-asset-normal article-asset-center\">\n<div class=\"desvio-container\">\n<div class=\"desvio\">\n<div class=\"desvio-figure js-desvio-figure\">\n    <a href=\"https:\/\/www.directoalpaladar.com\/seleccion\/estanteria-lidl-que-aumenta-almacenamiento-forma-sencilla-e-inteligente-cuesta-8-euros\" class=\"pivot-outboundlink\" target=\"_blank\" data-vars-post-title=\"Lidl pone a la venta una estanter\u00eda por menos de 8 euros y es una soluci\u00f3n eficaz para a\u00f1adir almacenamiento a la cocina\"><br \/>\n     <img loading=\"lazy\" decoding=\"async\" alt=\"Lidl pone a la venta una estanter\u00eda por menos de 8 euros y es una soluci\u00f3n eficaz para a\u00f1adir almacenamiento a la cocina\" width=\"375\" height=\"142\" src=\"https:\/\/i.blogs.es\/ee775f\/by-fred-kleber\/375_142.jpeg\"><br \/>\n    <\/a>\n   <\/div>\n<div class=\"desvio-summary\">\n<div class=\"desvio-taxonomy js-desvio-taxonomy\">\n     <a href=\"https:\/\/www.directoalpaladar.com\/seleccion\/estanteria-lidl-que-aumenta-almacenamiento-forma-sencilla-e-inteligente-cuesta-8-euros\" class=\"desvio-taxonomy-anchor pivot-outboundlink m-crosspost\" target=\"_blank\" data-vars-post-title=\"Lidl pone a la venta una estanter\u00eda por menos de 8 euros y es una soluci\u00f3n eficaz para a\u00f1adir almacenamiento a la cocina\">En Directo al Paladar<\/a>\n    <\/div>\n<p>    <a href=\"https:\/\/www.directoalpaladar.com\/seleccion\/estanteria-lidl-que-aumenta-almacenamiento-forma-sencilla-e-inteligente-cuesta-8-euros\" class=\"desvio-title js-desvio-title pivot-outboundlink\" target=\"_blank\" data-vars-post-title=\"Lidl pone a la venta una estanter\u00eda por menos de 8 euros y es una soluci\u00f3n eficaz para a\u00f1adir almacenamiento a la cocina\">Lidl pone a la venta una estanter\u00eda por menos de 8 euros y es una soluci\u00f3n eficaz para a\u00f1adir almacenamiento a la cocina<\/a>\n   <\/div>\n<\/p><\/div>\n<\/p><\/div>\n<\/div>\n<div class=\"article-asset-video article-asset-normal\">\n<div class=\"asset-content\">\n<div class=\"base-asset-video\">\n<div class=\"js-dailymotion\">\n    <script type=\"application\/json\">\n                          {\"videoId\":\"x8k78hg\",\"autoplay\":true,\"title\":\"Antes de comprar un FRIGOR\u00cdFICO \u00a1mira esto! CARACTER\u00cdSTICAS DEL FRIGOR\u00cdFICO PERFECTO\", \"tag\":\"\", \"duration\":\"697\"}\n                  <\/script>\n   <\/div>\n<\/p><\/div>\n<\/p><\/div>\n<\/div>\n<p>Es, sin duda, una alternativa perfecta para quienes viven solos, <strong>apartamentos peque\u00f1os<\/strong> o incluso para quienes no son unos cocinillas y no le dan importancia a esta zona de la casa ni quieren pasar tiempo en ella.<\/p>\n<p>Su dise\u00f1o es minimalista con algunos toques escandinavos y est\u00e1 disponible en tono <strong>verde oliva con detalles en madera<\/strong>. En esta cocina vienen dos armarios inferiores (uno con dos puertas y hueco para el fregadero y otro con un caj\u00f3n y dos puertas) y otros dos superiores (cada uno con dos puertas e incluso uno de ellos con cristaleras).<\/p>\n<h2>Tambi\u00e9n te pueden interesar<\/h2>\n<p><!-- BREAK 4 --><esi:include src=\"\/modules\/pivot-ecommerce\/26211?ecommerce_expiration=everlasting&amp;category=seleccion&amp;postId=119545\"><\/esi:include><esi:include src=\"\/modules\/pivot-ecommerce\/26212?ecommerce_expiration=everlasting&amp;category=seleccion&amp;postId=119545\"><\/esi:include><\/p>\n<p><em>Nota: algunos de los enlaces aqu\u00ed publicados son de afiliados y pueden reportar un beneficio.<\/em><\/p>\n<p>Im\u00e1genes | Webedia y Carrefour<\/p>\n<p>En Xataka Smart Home |\u00a0<a class=\"text-outboundlink\" href=\"https:\/\/www.xatakahome.com\/a-fondo\/estos-aparatos-sustituyen-a-regletas-convencionales-mejor-forma-tener-tus-cables-organizados-1\" data-vars-post-title=\"Estos aparatos sustituyen a las regletas convencionales y son la mejor forma de tener tus cables organizados \" data-vars-post-url=\"https:\/\/www.xatakahome.com\/a-fondo\/estos-aparatos-sustituyen-a-regletas-convencionales-mejor-forma-tener-tus-cables-organizados-1\">Estos aparatos sustituyen a las regletas convencionales y son la mejor forma de tener tus cables organizados<\/a><\/p>\n<p>En Xataka Smart Home |\u00a0<a class=\"text-outboundlink\" href=\"https:\/\/www.xatakahome.com\/seleccion\/bombillas-led-para-iluminar-de-forma-eficiente-nuestro-hogar-cual-comprar-consejos-y-recomendaciones\" data-vars-post-title=\"Bombillas LED para iluminar de forma eficiente nuestro hogar: \u00bfCu\u00e1l comprar? Consejos y recomendaciones\" data-vars-post-url=\"https:\/\/www.xatakahome.com\/seleccion\/bombillas-led-para-iluminar-de-forma-eficiente-nuestro-hogar-cual-comprar-consejos-y-recomendaciones\">Bombillas LED para iluminar de forma eficiente nuestro hogar: \u00bfCu\u00e1l comprar? Consejos y recomendaciones<\/a><\/p>\n<p><\/p>\n<p><!-- BREAK 5 --><script>\n (function() {\n  window._JS_MODULES = window._JS_MODULES || {};\n  var headElement = document.getElementsByTagName('head')[0];\n  if (_JS_MODULES.instagram) {\n   var instagramScript = document.createElement('script');\n   instagramScript.src = 'https:\/\/platform.instagram.com\/en_US\/embeds.js';\n   instagramScript.async = true;\n   instagramScript.defer = true;\n   headElement.appendChild(instagramScript);\n  }\n })();\n<\/script><\/p>\n<p> &#8211; <br \/> La noticia<br \/>\n      <a href=\"https:\/\/www.xatakahome.com\/seleccion\/esta-cocina-que-tiene-carrefour-para-pisos-pequenos-que-sorprende-su-precio?utm_source=feedburner&amp;utm_medium=feed&amp;utm_campaign=10_Oct_2025\"><br \/>\n       <em> Esta es la cocina que tiene Carrefour para pisos peque\u00f1os y que sorprende por su precio  <\/em><br \/>\n      <\/a><br \/>\n      fue publicada originalmente en<br \/>\n      <a href=\"https:\/\/www.xatakahome.com\/?utm_source=feedburner&amp;utm_medium=feed&amp;utm_campaign=10_Oct_2025\"><br \/>\n       <strong> Xataka Smart Home <\/strong><br \/>\n      <\/a><br \/>\n             por <a href=\"https:\/\/www.xatakahome.com\/autor\/fran-leon?utm_source=feedburner&amp;utm_medium=feed&amp;utm_campaign=10_Oct_2025\"><br \/>\n        Fran Le\u00f3n<br \/>\n       <\/a><br \/>\n      . <\/p>\n<\/div>\n","protected":false},"excerpt":{"rendered":"<p>Cada vez es mayor la tendencia de que los pisos sean peque\u00f1os. Esto hace que todas las estancias sean de reducidas dimensiones. Aunque esto no significa que para tener un ba\u00f1o, un dormitorio o una cocina en un estudio o apartamento, tengas que renunciar al dise\u00f1o.\u00a0 En Carrefour, ahora, hemos encontrado esta cocina Fame-line, a &hellip; <a href=\"https:\/\/domosistemas.com\/?p=30236\" class=\"more-link\">Sigue leyendo <span class=\"screen-reader-text\">Esta es la cocina que tiene Carrefour para pisos peque\u00f1os y que sorprende por su precio<\/span><\/a><\/p>\n","protected":false},"author":1,"featured_media":0,"comment_status":"closed","ping_status":"closed","sticky":false,"template":"","format":"standard","meta":{"footnotes":""},"categories":[8],"tags":[],"class_list":["post-30236","post","type-post","status-publish","format-standard","hentry","category-xataka"],"_links":{"self":[{"href":"https:\/\/domosistemas.com\/index.php?rest_route=\/wp\/v2\/posts\/30236","targetHints":{"allow":["GET"]}}],"collection":[{"href":"https:\/\/domosistemas.com\/index.php?rest_route=\/wp\/v2\/posts"}],"about":[{"href":"https:\/\/domosistemas.com\/index.php?rest_route=\/wp\/v2\/types\/post"}],"author":[{"embeddable":true,"href":"https:\/\/domosistemas.com\/index.php?rest_route=\/wp\/v2\/users\/1"}],"replies":[{"embeddable":true,"href":"https:\/\/domosistemas.com\/index.php?rest_route=%2Fwp%2Fv2%2Fcomments&post=30236"}],"version-history":[{"count":0,"href":"https:\/\/domosistemas.com\/index.php?rest_route=\/wp\/v2\/posts\/30236\/revisions"}],"wp:attachment":[{"href":"https:\/\/domosistemas.com\/index.php?rest_route=%2Fwp%2Fv2%2Fmedia&parent=30236"}],"wp:term":[{"taxonomy":"category","embeddable":true,"href":"https:\/\/domosistemas.com\/index.php?rest_route=%2Fwp%2Fv2%2Fcategories&post=30236"},{"taxonomy":"post_tag","embeddable":true,"href":"https:\/\/domosistemas.com\/index.php?rest_route=%2Fwp%2Fv2%2Ftags&post=30236"}],"curies":[{"name":"wp","href":"https:\/\/api.w.org\/{rel}","templated":true}]}}