{"id":30244,"date":"2025-10-10T17:03:05","date_gmt":"2025-10-10T17:03:05","guid":{"rendered":"https:\/\/domosistemas.com\/?p=30244"},"modified":"2025-10-10T17:03:05","modified_gmt":"2025-10-10T17:03:05","slug":"las-cocinas-mas-modernas-las-mejores-ideas-para-tener-una-cocina-futurista","status":"publish","type":"post","link":"https:\/\/domosistemas.com\/?p=30244","title":{"rendered":"Las cocinas m\u00e1s modernas: las mejores ideas para tener una cocina futurista"},"content":{"rendered":"<div>\n<p>\n      <img decoding=\"async\" src=\"https:\/\/i.blogs.es\/556611\/2ad00bdc982356f43bd046346cafa9e5c00f720f08a8e6dc11c039a0004ce9e3\/1024_2000.jpeg\" alt=\"Las cocinas m\u00e1s modernas: las mejores ideas para tener una cocina futurista\">\n    <\/p>\n<\/p>\n<p>Ha llegado el momento de renovar el mobiliario del hogar, pero hay una estancia en la que conviene prestar especial atenci\u00f3n. La cocina, por sus caracter\u00edsticas y por contar con muebles a medida cuyo precio suele ser m\u00e1s elevado, es un espacio especialmente sensible. Adem\u00e1s, se trata de una inversi\u00f3n a largo plazo, por lo que <strong>acertar con el dise\u00f1o y el modelo adecuados<\/strong> es clave para no arrepentirse al poco tiempo.<\/p>\n<p>Por eso, te proponemos <strong>15 dise\u00f1os de cocinas modernas y funcionales<\/strong>, adaptadas a las tendencias del mercado por materiales, colores&#8230; ideales para instalar en casa o para inspirarte si est\u00e1s pensando en renovar esta parte tan importante de tu hogar.\u00a0<a class=\"text-outboundlink\" href=\"https:\/\/www.xatakahome.com\/hogar\/campanas-cocina-han-quedado-obsoletas-esta-tendencia-que-se-ha-impuesto-ifa-2025\" data-vars-post-title=\"Las campanas de cocina han quedado obsoletas. Esta es la tendencia que se ha impuesto en la IFA 2025 \" data-vars-post-url=\"https:\/\/www.xatakahome.com\/hogar\/campanas-cocina-han-quedado-obsoletas-esta-tendencia-que-se-ha-impuesto-ifa-2025\">Campanas integradas<\/a>, neveras con pantalla, techos foseados&#8230; no hemos escatimado en gastos.<\/p>\n<p><!-- BREAK 1 --><\/p>\n<div class=\"article-asset-video article-asset-normal\">\n<div class=\"asset-content\">\n<div class=\"base-asset-video\">\n<div class=\"js-dailymotion\">\n    <script type=\"application\/json\">\n                          {\"videoId\":\"x9rrxu8\",\"autoplay\":true,\"title\":\"Estos son los MEJORES AURICULARES \ud83e\udd4a Airpods Max vs Sony WH-1000 XM6\", \"tag\":\"webedia-prod\", \"duration\":\"583\"}\n                  <\/script>\n   <\/div>\n<\/p><\/div>\n<\/p><\/div>\n<\/div>\n<p><strong>Se trata de dejar volar la imaginaci\u00f3n<\/strong>, y por eso hemos recurrido a la inteligencia artificial para dar forma a las ideas que hemos ido recopilando. Nuestro objetivo ha sido crear cocinas modernas pero realistas, y estas son las propuestas que te presentamos.\u00a0<\/p>\n<p><!-- BREAK 2 --><\/p>\n<div class=\"article-asset-image article-asset-large article-asset-center\">\n<div class=\"asset-content\">\n<p>   <img decoding=\"async\" alt=\"Con Foseado\" class=\"\" src=\"https:\/\/i.blogs.es\/c928a7\/captura-de-pantalla-2025-09-30-a-las-13.41.09\/450_1000.jpeg\"><\/p><\/div>\n<\/div>\n<p>En esta primera propuesta, la cocina elegida destaca por su amplitud y <strong>cuidada iluminaci\u00f3n ambiental<\/strong>, (<a rel=\"noopener, noreferrer\" href=\"https:\/\/www.antaliacocinas.com\/es\/blog\/tendencias-2025-iluminacion-cocinas\/\">una de las tendencias<\/a> de este 2025) conseguida mediante tiras LED integradas en el techo y bajo los muebles. La isla central, en tonos oscuros, contrasta con los muebles superiores de acabado en madera, creando un equilibrio visual entre calidez y modernidad.<\/p>\n<p>En la columna izquierda, un <strong>frigor\u00edfico americano con pantalla<\/strong> se convierte en protagonista (los electrodom\u00e9sticos eficientes y modernos est\u00e1n de moda), acompa\u00f1ado por la luz natural que entra a trav\u00e9s de un gran ventanal. Frente a \u00e9l, un cuadro decorativo a\u00f1ade un toque de color que rompe la neutralidad del conjunto y aporta personalidad al espacio.<\/p>\n<p><!-- BREAK 3 --><\/p>\n<div class=\"article-asset-image article-asset-large article-asset-center\">\n<div class=\"asset-content\">\n<p>   <img decoding=\"async\" alt=\"Captura De Pantalla 2025 09 30 A Las 14 13 01\" class=\"\" src=\"https:\/\/i.blogs.es\/25507e\/captura-de-pantalla-2025-09-30-a-las-14.13.01\/450_1000.jpeg\"><\/p><\/div>\n<\/div>\n<p>Con esta imagen te proponemos una <strong>cocina minimalista y elegante<\/strong>, con muebles en tonos beige y madera (es el <a rel=\"noopener, noreferrer\" href=\"https:\/\/www.arquitecturaydiseno.es\/decoracion\/minimalismo-calido-tambien-llega-a-cocinas-este-2025_11400\">minimalismo c\u00e1lido<\/a>), l\u00edneas limpias y iluminaci\u00f3n LED c\u00e1lida que realza el espacio.\u00a0De nuevo la iluminaci\u00f3n cobra importancia.<\/p>\n<p>En la encimera, una cafetera y una Thermomix aportan <strong>funcionalidad sin romper la armon\u00eda<\/strong>. El grifo negro mate y los electrodom\u00e9sticos empotrados completan un dise\u00f1o moderno, pr\u00e1ctico y acogedor.<\/p>\n<p><!-- BREAK 4 --><\/p>\n<div class=\"article-asset-image article-asset-large article-asset-center\">\n<div class=\"asset-content\">\n<p>   <img decoding=\"async\" alt=\"Cocina\" class=\"\" src=\"https:\/\/i.blogs.es\/a43725\/cocina\/450_1000.jpeg\"><\/p><\/div>\n<\/div>\n<p>Una cocina con isla de <a rel=\"noopener, noreferrer\" href=\"https:\/\/www.cocinassoinco.es\/blog\/tendencias-cocina-2025\">l\u00edneas minimalistas<\/a>, algo que se lleva este a\u00f1o, con <strong>armarios y cajones <\/strong><strong>sin molduras ni tiradores<\/strong>, que apuesta por la iluminaci\u00f3n ambiental mediante tiras LED empotradas en los muebles. El frigor\u00edfico americano de doble puerta con congelador aporta un toque funcional y moderno.\u00a0<\/p>\n<p><strong>Los tonos neutros predominan en el espacio<\/strong> y contrastan con matices en marr\u00f3n oscuro, creando una atm\u00f3sfera equilibrada. La encimera clara, junto a la vitrocer\u00e1mica situada en el centro, completa una cocina amplia, elegante y luminosa.<\/p>\n<p><!-- BREAK 5 --><\/p>\n<div class=\"article-asset-image article-asset-large article-asset-center\">\n<div class=\"asset-content\">\n<p>   <img decoding=\"async\" alt=\"cocina\" class=\"\" src=\"https:\/\/i.blogs.es\/6b37d5\/61d18a47c96617d12a4bef4a5e0fcaba95e49ac17a57c3838fda80213351d5df\/450_1000.jpeg\"><\/p><\/div>\n<\/div>\n<p>En esta cocina se apuesta por un espacio lleno de luz, potenciado por una amplia ventana que ilumina tanto la encimera principal como la isla central con doble fregadero. Una cocina con fuerte presencia de madera y es que otra de las tendencias es usar <strong>muebles fabricados con <\/strong><a rel=\"noopener, noreferrer\" href=\"https:\/\/www.cocinassoinco.es\/blog\/tendencias-cocina-2025\">maderas recicladas<\/a><strong> o de gesti\u00f3n responsable<\/strong>. La encimera en forma de L, equipada con fogones y una campana extractora de estilo cl\u00e1sico, act\u00faa como elemento de separaci\u00f3n entre los muebles inferiores de acabado en madera clara y los superiores en tonos negros, creando un contraste elegante y equilibrado.<\/p>\n<p>Los electrodom\u00e9sticos en acero inoxidable <strong>aportan un toque moderno<\/strong> y combinan a la perfecci\u00f3n con el suelo de parquet en tonos marrones, que a\u00f1ade calidez y coherencia al conjunto.<\/p>\n<p><!-- BREAK 6 --><\/p>\n<div class=\"article-asset-image article-asset-large article-asset-center\">\n<div class=\"asset-content\">\n<p>   <img decoding=\"async\" alt=\"cocina\" class=\"\" src=\"https:\/\/i.blogs.es\/1dde70\/7b8c93f69a53822cca24c0e8c6e19287ab159bd8ab23e5fc7f1dd4dfeebe202d\/450_1000.jpeg\"><\/p><\/div>\n<\/div>\n<p>Es una de las tendencias: el <a rel=\"noopener, noreferrer\" href=\"https:\/\/www.cosentino.com\/es\/blog\/cocinas-rojas\/\">color rojo intenso o rojo cereza<\/a> combinado con la madera o colores claros. Con esta imagen te proponemos una cocina moderna y luminosa, donde los muebles <strong>combinan rojo y blanco creando un estilo actual y din\u00e1mico<\/strong>. La zona de fogones de gas se integra con un horno y microondas modernos, mientras que el frigor\u00edfico con pantalla a\u00f1ade un toque tecnol\u00f3gico.\u00a0<\/p>\n<p>La iluminaci\u00f3n LED bajo los muebles y en el techo aporta calidez, y <strong>las macetas sobre los armarios a\u00f1aden frescura<\/strong>. Las paredes gris claro y el panel met\u00e1lico sobre los fuegos completan un dise\u00f1o elegante y funcional.<\/p>\n<p><!-- BREAK 7 --><\/p>\n<div class=\"article-asset-image article-asset-large article-asset-center\">\n<div class=\"asset-content\">\n<p>   <img decoding=\"async\" alt=\"Cocina\" class=\"\" src=\"https:\/\/i.blogs.es\/e56e1e\/captura-de-pantalla-2025-10-07-a-las-17.35.09\/450_1000.jpeg\"><\/p><\/div>\n<\/div>\n<p>El m\u00e1rmol se convierte en el gran protagonista de esta cocina de estilo industrial en el que nos olvidamos del <a class=\"text-outboundlink\" href=\"https:\/\/www.xatakahome.com\/hogar\/esta-arquitecta-confirma-algo-que-sabiamos-no-recomiendo-poner-nevera-a-electrodomesticos-calor\" data-vars-post-title=\"Esta arquitecta explica un gran error que cometemos en nuestras cocinas. La colocaci\u00f3n de los electrodom\u00e9sticos lo es todo\" data-vars-post-url=\"https:\/\/www.xatakahome.com\/hogar\/esta-arquitecta-confirma-algo-que-sabiamos-no-recomiendo-poner-nevera-a-electrodomesticos-calor\">tri\u00e1ngulo de trabajo<\/a>. Seg\u00fan el dise\u00f1ador neoyorquino\u00a0<a rel=\"noopener, noreferrer\" href=\"http:\/\/www.younghuh.com\/\" target=\"_blank\">Young Huh<\/a>: \u201c<em>e<\/em><em>l tri\u00e1ngulo de trabajo se est\u00e1 quedando peque\u00f1o porque ahora hay varios cocineros en un hogar<\/em><em>\u201d<\/em> y es lo que hemos tratado de representar en esta cocina <strong>presidida por una imponente isla central <\/strong>(con un fregadero extra) rodeada de iluminaci\u00f3n LED que resalta sus l\u00edneas y su acabado elegante. En ella se integran un doble horno y una amplia vinoteca, aportando funcionalidad y un toque sofisticado.<\/p>\n<p>Un frigor\u00edfico de doble puerta y <strong>un conjunto de muebles con doble profundidad <\/strong>ayudan a optimizar el espacio y a mantener una distribuci\u00f3n equilibrada. La vitrocer\u00e1mica, situada frente a una pared de piedra natural, crea un atractivo contraste con el m\u00e1rmol que reviste el resto del entorno, combinando texturas para lograr un ambiente moderno.<\/p>\n<p><!-- BREAK 8 --><\/p>\n<div class=\"article-asset-image article-asset-large article-asset-center\">\n<div class=\"asset-content\">\n<p>   <img decoding=\"async\" alt=\"cocina\" class=\"\" src=\"https:\/\/i.blogs.es\/dcfa84\/8cef29f28d2e91d68c08dca32de0bb46e888a93187d9ea6a28f3bae28b77ad44\/450_1000.jpeg\"><\/p><\/div>\n<\/div>\n<p>En este caso, se trata de uno de los dise\u00f1os que m\u00e1s me ha gustado en el que <a rel=\"noopener, noreferrer\" href=\"https:\/\/www.elledecor.com\/es\/decoracion\/a65435877\/cocinas-cashmere-color-tendencia\/\">apostamos por el cashmere<\/a>, uno tono neutro que llega como alternativa al blanco tradicional y que <strong>hace que la cocina sea menos fr\u00eda<\/strong>. Una cocina de l\u00edneas limpias, con colores claros que combinan tonos de madera y matices pastel, creando un ambiente sereno y equilibrado. La encimera y la isla destacan por su acabado pulido, mientras que los muebles sin tiradores refuerzan la sensaci\u00f3n de orden y amplitud.<\/p>\n<p><strong>La columna de calor con doble horno<\/strong> se convierte en uno de los elementos principales, acompa\u00f1ada por una vitrocer\u00e1mica y un fregadero encastrado en la piedra de la encimera, que aportan continuidad visual. La iluminaci\u00f3n, basada en focos colgantes de estilo cl\u00e1sico y tiras LED empotradas en los muebles, a\u00f1ade calidez y realza la est\u00e9tica moderna.<\/p>\n<p><!-- BREAK 9 --><\/p>\n<div class=\"article-asset-image article-asset-large article-asset-center\">\n<div class=\"asset-content\">\n<p>   <img decoding=\"async\" alt=\"Cocina\" class=\"\" src=\"https:\/\/i.blogs.es\/60b2b5\/34d187353da7601baf80b55482531f61932eccda07202e330e243d4b4c6759b9\/450_1000.jpeg\"><\/p><\/div>\n<\/div>\n<p>Una cocina totalmente diferente a las anteriores y de nuevo siguiendo la moda de los <a rel=\"noopener, noreferrer\" href=\"https:\/\/www.elledecor.com\/es\/decoracion\/a38798795\/tendencias-decoracion-cocinas\/\">colores grises, sobrios y elegantes<\/a>, <strong>con un marcado estilo industrial<\/strong> logrado mediante el uso de tonos neutros tanto en los muebles como en los distintos elementos: grifer\u00eda, tiradores, mobiliario y electrodom\u00e9sticos, todos en gris o negro.<\/p>\n<p>En la parte superior <strong>nos hemos dado un capricho<\/strong>: una tuber\u00eda vista act\u00faa como elemento decorativo y funcional, conectada a una campana extractora de dise\u00f1o cl\u00e1sico que refuerza la est\u00e9tica industrial del conjunto. La iluminaci\u00f3n combina un gran ventanal que aporta luz natural con focos colgantes met\u00e1licos.<\/p>\n<p><!-- BREAK 10 --><\/p>\n<div class=\"article-asset-image article-asset-large article-asset-center\">\n<div class=\"asset-content\">\n<p>   <img decoding=\"async\" alt=\"cocina\" class=\"\" src=\"https:\/\/i.blogs.es\/9b37b3\/2958a8890f209ff29fa4c60be909060b6371ca109bf09c188962eee13411bd43\/450_1000.jpeg\"><\/p><\/div>\n<\/div>\n<p>El negro y el <a rel=\"noopener, noreferrer\" href=\"https:\/\/www.lokoloko.es\/blog\/decoracion\/ultimas-tendencias-en-cocinas\/\">m\u00e1rmol<\/a> es <a rel=\"noopener, noreferrer\" href=\"https:\/\/planner5d.com\/blog\/es\/los-colores-para-una-cocina-de-moda-en-2022\/\">otra de las tendencias que se llevan<\/a> este a\u00f1o. Esta cocina est\u00e1 pensada para quienes disfrutan de un buen vino, motivo por el cual hemos integrado una vinoteca encastrada en la isla central. Adem\u00e1s, <strong>el espacio est\u00e1 concebido como un lugar de encuentro<\/strong>, con una zona habilitada en la isla y cuatro taburetes que permiten utilizarla tambi\u00e9n como mesa para comer o compartir momentos.<\/p>\n<p>El dise\u00f1o apuesta por <strong>grandes azulejos en el suelo y paredes revestidas en m\u00e1rmol<\/strong> blanco, creando un contraste elegante con el mobiliario oscuro. Los detalles dorados en los muebles aportan un toque de sofisticaci\u00f3n y armonizan con la iluminaci\u00f3n art\u00edstica, protagonizada por bombillas decorativas que completan una atm\u00f3sfera moderna y acogedora.<\/p>\n<p><!-- BREAK 11 --><\/p>\n<div class=\"article-asset-image article-asset-large article-asset-center\">\n<div class=\"asset-content\">\n<p>   <img decoding=\"async\" alt=\"Cocinilla\" class=\"\" src=\"https:\/\/i.blogs.es\/3c8f33\/cocinilla\/450_1000.jpeg\"><\/p><\/div>\n<\/div>\n<p>Porque no todas las cocinas tienen que pertenecer a grandes pisos ni disponer de una isla, en este caso <strong>hemos apostado por un dise\u00f1o funcional<\/strong> pensado para un piso peque\u00f1o, con un espacio bien aprovechado que permite integrar horno, vinoteca, frigor\u00edfico y microondas sin renunciar al estilo. Y es que el verde intenso es <a rel=\"noopener, noreferrer\" href=\"https:\/\/www.elledecor.com\/es\/decoracion\/a38798795\/tendencias-decoracion-cocinas\/\">uno de los colores de moda<\/a> este a\u00f1o.<\/p>\n<p>La composici\u00f3n juega con <strong>distintos tonos para romper la monoton\u00eda<\/strong>: muebles inferiores en verde, superiores en madera clara y una encimera de m\u00e1rmol en color claro con fregadero encastrado, que aporta luminosidad y equilibrio al conjunto. Una cocina compacta, pr\u00e1ctica y con mucho encanto.<\/p>\n<p><!-- BREAK 12 --><\/p>\n<div class=\"article-asset-image article-asset-large article-asset-center\">\n<div class=\"asset-content\">\n<p>   <img decoding=\"async\" alt=\"Cocina Mod\" class=\"\" src=\"https:\/\/i.blogs.es\/29d441\/cocina-mod\/450_1000.jpeg\"><\/p><\/div>\n<\/div>\n<p>Y aunque no es el verde en los muebles, para esta ocasi\u00f3n hemos optado por <strong>llevar ese color a los azulejos en las paredes<\/strong>. Es quiz\u00e1s la cocina m\u00e1s cl\u00e1sica de esta selecci\u00f3n, aunque no renuncia a un toque de modernidad gracias al uso de l\u00edneas limpias y colores claros en el mobiliario, que contrastan con la encimera de piedra natural y la grifer\u00eda en negro mate.<\/p>\n<p>Para aportar frescura y calidez, <strong>hemos incorporado plantas distribuidas a lo largo de los muebles<\/strong> y la encimera, creando un ambiente m\u00e1s natural y acogedor. En la isla central, se ha dejado un espacio funcional para ocultar taburetes, convirti\u00e9ndola en el lugar perfecto para disfrutar de desayunos, comidas o cenas en buena compa\u00f1\u00eda.<\/p>\n<p><!-- BREAK 13 --><\/p>\n<div class=\"article-asset-image article-asset-large article-asset-center\">\n<div class=\"asset-content\">\n<p>   <img decoding=\"async\" alt=\"cocina\" class=\"\" src=\"https:\/\/i.blogs.es\/356908\/f14545b7e0daeaae2760641ae4b744e3fcd611f3da172885f557a3144e38cf21\/450_1000.jpeg\"><\/p><\/div>\n<\/div>\n<p>Para este dise\u00f1o hemos apostado por una cocina de l\u00edneas minimalistas, con una combinaci\u00f3n de color rojo y madera. En ella adem\u00e1s cobra protagonismo un elemento que es tendencia: los <a class=\"text-outboundlink\" href=\"https:\/\/www.xatakahome.com\/electrodomesticos-innovadores\/abrir-puerta-tu-lavadora-frigo-usando-solo-voz-sera-facil-asi-se-han-propuesto-conseguirlo-samsung\" data-vars-post-title=\"Samsung quiere que abrir la puerta de tu lavadora o frigo usando solo la voz ser\u00e1 m\u00e1s f\u00e1cil: as\u00ed se han propuesto conseguirlo\" data-vars-post-url=\"https:\/\/www.xatakahome.com\/electrodomesticos-innovadores\/abrir-puerta-tu-lavadora-frigo-usando-solo-voz-sera-facil-asi-se-han-propuesto-conseguirlo-samsung\">electrodom\u00e9sticos inteligentes<\/a> <strong>con un frigor\u00edfico conectado<\/strong> y d\u00f3nde la vitrocer\u00e1mica da paso a unos fogones de gas integrados en una encimera de tono claro que combina con un acabado en piedra. Los muebles inferiores, de colores vivos, contrastan con el blanco pulido de los armarios superiores.<\/p>\n<p>El frigor\u00edfico de gran capacidad, con <strong>acabado en aluminio pulido<\/strong>, se integra perfectamente en el espacio. La iluminaci\u00f3n ambiental se consigue mediante tiras LED bajo los muebles y focos empotrados en el techo, que crean una atm\u00f3sfera c\u00e1lida y contempor\u00e1nea.<\/p>\n<p><!-- BREAK 14 --><\/p>\n<div class=\"article-asset-image article-asset-large article-asset-center\">\n<div class=\"asset-content\">\n<p>   <img decoding=\"async\" alt=\"cocina\" class=\"\" src=\"https:\/\/i.blogs.es\/59ac71\/83ef625be6a4b5abf09681eec1be098f0c0c2aaadf31866f02a23691aad8f030\/450_1000.jpeg\"><\/p><\/div>\n<\/div>\n<p>Con esta imagen te proponemos una cocina minimalista y elegante que de nuevo apuesta por la combinaci\u00f3n de negro pero con\u00a0<a rel=\"noopener, noreferrer\" href=\"https:\/\/www.aparici.com\/azulejos-efecto-marmol\">porcel\u00e1nico marmoleado<\/a> (<a rel=\"noopener, noreferrer\" href=\"https:\/\/www.aparici.com\/blog\/tendencias\/ultimas-tendencias-en-azulejos-para-cocinas-ideas-para-2024\">otra tendencia<\/a> para este a\u00f1o), donde el negro mate de los muebles contrasta con la encimera clara y los <strong>azulejos de gran formato<\/strong>. A la derecha, un frigor\u00edfico de acero inoxidable se integra con una columna que alberga el horno y una vinoteca, mientras que el fregadero con grifo met\u00e1lico aporta un toque funcional.<\/p>\n<p>La iluminaci\u00f3n LED c\u00e1lida bajo los muebles y los <strong>focos empotrados del techo<\/strong> realzan el dise\u00f1o y crean una atm\u00f3sfera moderna y acogedora. Una cocina pensada para quienes buscan estilo, orden y luz en un solo espacio.<\/p>\n<p><!-- BREAK 15 --><\/p>\n<div class=\"article-asset-image article-asset-large article-asset-center\">\n<div class=\"asset-content\">\n<p>   <img decoding=\"async\" alt=\"Cocina\" class=\"\" src=\"https:\/\/i.blogs.es\/912d67\/captura-de-pantalla-2025-10-07-a-las-17.41.24\/450_1000.jpeg\"><\/p><\/div>\n<\/div>\n<p>Es la \u00faltima pero no la menos importante. Aqu\u00ed te proponemos una cocina peque\u00f1a y moderna, <strong>ideal para pisos de espacio reducido<\/strong>. Con una nevera compacta y un horno bajo la vitrocer\u00e1mica, bajo la encimera se integra un microondas encastrado.\u00a0Una cocina que <a rel=\"noopener, noreferrer\" href=\"https:\/\/www.elmueble.com\/estancias\/2025-dice-si-cocinas-pequenas-pero-modernas-abiertas-medida-colores-irresistibles_57707\">mezcla el look de una cocina grande<\/a> pero en poco espacio en la que se apuesta de nuevo por el color verde.<\/p>\n<p>La encimera de aluminio <strong>incluye un fregadero con grifo negro<\/strong> y una Thermomix. Los muebles verdes y de madera clara aprovechan la altura hasta el techo, y la iluminaci\u00f3n LED c\u00e1lida crea un ambiente funcional y acogedor.<\/p>\n<p>En Xataka SmartHome | <a class=\"text-outboundlink\" href=\"https:\/\/www.xatakahome.com\/hogar\/escurridor-platos-fregadero-cumulo-inconvenientes-esta-mejor-alternativa-para-cocina-sana-ordenada\" data-vars-post-title=\"El escurridor de platos en el fregadero tiene varios inconvenientes. Hay otra alternativa mejor para una cocina sana y ordenada \" data-vars-post-url=\"https:\/\/www.xatakahome.com\/hogar\/escurridor-platos-fregadero-cumulo-inconvenientes-esta-mejor-alternativa-para-cocina-sana-ordenada\" target=\"_blank\">El escurridor de platos en el fregadero tiene varios inconvenientes. Hay otra alternativa mejor para una cocina sana y ordenada<\/a><\/p>\n<p><!-- BREAK 16 --><script>\n (function() {\n  window._JS_MODULES = window._JS_MODULES || {};\n  var headElement = document.getElementsByTagName('head')[0];\n  if (_JS_MODULES.instagram) {\n   var instagramScript = document.createElement('script');\n   instagramScript.src = 'https:\/\/platform.instagram.com\/en_US\/embeds.js';\n   instagramScript.async = true;\n   instagramScript.defer = true;\n   headElement.appendChild(instagramScript);\n  }\n })();\n<\/script><\/p>\n<p> &#8211; <br \/> La noticia<br \/>\n      <a href=\"https:\/\/www.xatakahome.com\/hogar\/cocinas-modernas-mejores-ideas-para-tener-cocina-futurista?utm_source=feedburner&amp;utm_medium=feed&amp;utm_campaign=10_Oct_2025\"><br \/>\n       <em> Las cocinas m\u00e1s modernas: las mejores ideas para tener una cocina futurista <\/em><br \/>\n      <\/a><br \/>\n      fue publicada originalmente en<br \/>\n      <a href=\"https:\/\/www.xatakahome.com\/?utm_source=feedburner&amp;utm_medium=feed&amp;utm_campaign=10_Oct_2025\"><br \/>\n       <strong> Xataka Smart Home <\/strong><br \/>\n      <\/a><br \/>\n             por <a href=\"https:\/\/www.xatakahome.com\/autor\/jose-antonio-carmona?utm_source=feedburner&amp;utm_medium=feed&amp;utm_campaign=10_Oct_2025\"><br \/>\n        Jose Antonio Carmona<br \/>\n       <\/a><br \/>\n      . <\/p>\n<\/div>\n","protected":false},"excerpt":{"rendered":"<p>Ha llegado el momento de renovar el mobiliario del hogar, pero hay una estancia en la que conviene prestar especial atenci\u00f3n. La cocina, por sus caracter\u00edsticas y por contar con muebles a medida cuyo precio suele ser m\u00e1s elevado, es un espacio especialmente sensible. Adem\u00e1s, se trata de una inversi\u00f3n a largo plazo, por lo &hellip; <a href=\"https:\/\/domosistemas.com\/?p=30244\" class=\"more-link\">Sigue leyendo <span class=\"screen-reader-text\">Las cocinas m\u00e1s modernas: las mejores ideas para tener una cocina futurista<\/span><\/a><\/p>\n","protected":false},"author":1,"featured_media":0,"comment_status":"closed","ping_status":"closed","sticky":false,"template":"","format":"standard","meta":{"footnotes":""},"categories":[8],"tags":[],"class_list":["post-30244","post","type-post","status-publish","format-standard","hentry","category-xataka"],"_links":{"self":[{"href":"https:\/\/domosistemas.com\/index.php?rest_route=\/wp\/v2\/posts\/30244","targetHints":{"allow":["GET"]}}],"collection":[{"href":"https:\/\/domosistemas.com\/index.php?rest_route=\/wp\/v2\/posts"}],"about":[{"href":"https:\/\/domosistemas.com\/index.php?rest_route=\/wp\/v2\/types\/post"}],"author":[{"embeddable":true,"href":"https:\/\/domosistemas.com\/index.php?rest_route=\/wp\/v2\/users\/1"}],"replies":[{"embeddable":true,"href":"https:\/\/domosistemas.com\/index.php?rest_route=%2Fwp%2Fv2%2Fcomments&post=30244"}],"version-history":[{"count":0,"href":"https:\/\/domosistemas.com\/index.php?rest_route=\/wp\/v2\/posts\/30244\/revisions"}],"wp:attachment":[{"href":"https:\/\/domosistemas.com\/index.php?rest_route=%2Fwp%2Fv2%2Fmedia&parent=30244"}],"wp:term":[{"taxonomy":"category","embeddable":true,"href":"https:\/\/domosistemas.com\/index.php?rest_route=%2Fwp%2Fv2%2Fcategories&post=30244"},{"taxonomy":"post_tag","embeddable":true,"href":"https:\/\/domosistemas.com\/index.php?rest_route=%2Fwp%2Fv2%2Ftags&post=30244"}],"curies":[{"name":"wp","href":"https:\/\/api.w.org\/{rel}","templated":true}]}}