{"id":30260,"date":"2025-10-13T07:31:43","date_gmt":"2025-10-13T07:31:43","guid":{"rendered":"https:\/\/domosistemas.com\/?p=30260"},"modified":"2025-10-13T07:31:43","modified_gmt":"2025-10-13T07:31:43","slug":"no-sabia-por-que-mi-factura-de-la-luz-habia-subido-14-euros-en-los-ultimos-meses-conocer-el-motivo-me-ha-dejado-todavia-mas-preocupado","status":"publish","type":"post","link":"https:\/\/domosistemas.com\/?p=30260","title":{"rendered":"No sab\u00eda por qu\u00e9 mi factura de la luz hab\u00eda subido 14 euros en los \u00faltimos meses. Conocer el motivo me ha dejado todav\u00eda m\u00e1s preocupado"},"content":{"rendered":"<div>\n<p>\n      <img decoding=\"async\" src=\"https:\/\/i.blogs.es\/20aa33\/chatgpt-image-10-oct-2025-18_16_13\/1024_2000.jpeg\" alt=\"No sab\u00eda por qu\u00e9 mi factura de la luz hab\u00eda subido 14 euros en los \u00faltimos meses. Conocer el motivo me ha dejado todav\u00eda m\u00e1s preocupado \">\n    <\/p>\n<\/p>\n<p>El pasado 28 de abril sufrimos un hist\u00f3rico <a class=\"text-outboundlink\" href=\"https:\/\/www.xatakahome.com\/hogar\/luz-poder-llamar-internet-apagon-nos-dejo-estos-basicos-asi-podemos-reclamar-obtener-compensacion\" data-vars-post-title=\"El apag\u00f3n nos dej\u00f3 vendidos sin luz ni Internet, pero puedes reclamar los da\u00f1os: as\u00ed puedes obtener una compensaci\u00f3n\" data-vars-post-url=\"https:\/\/www.xatakahome.com\/hogar\/luz-poder-llamar-internet-apagon-nos-dejo-estos-basicos-asi-podemos-reclamar-obtener-compensacion\">apag\u00f3n el\u00e9ctrico<\/a> cuyas repercusiones no solo se limitan a esos primeros d\u00edas, sino que es un evento que parece <strong>seguir\u00e1 influyendo durante meses <\/strong>en nuestras vidas a trav\u00e9s de las facturas el\u00e9ctricas.<\/p>\n<p>Con la intenci\u00f3n de atajar las posibles causas del suceso,<strong> Red El\u00e9ctrica <\/strong>se propuso una <strong>estrategia de generaci\u00f3n m\u00e1s conservadora<\/strong> con la que evitar que vuelva a repetirse. Y parece que hasta ahora lo han conseguido a pesar de que <a class=\"text-outboundlink\" href=\"https:\/\/www.xatakahome.com\/iluminacion-y-energia\/red-electrica-avisa-cercania-otro-gran-apagon-se-han-observado-ultimas-dos-semanas-variaciones-bruscas-tension-sistema-electrico\" data-vars-post-title=\"Red El\u00e9ctrica avisa sobre la cercan\u00eda de otro gran apag\u00f3n: \u201cse han observado en las \u00faltimas dos semanas variaciones bruscas de tensi\u00f3n en el sistema el\u00e9ctrico\u201d\" data-vars-post-url=\"https:\/\/www.xatakahome.com\/iluminacion-y-energia\/red-electrica-avisa-cercania-otro-gran-apagon-se-han-observado-ultimas-dos-semanas-variaciones-bruscas-tension-sistema-electrico\">hace solo unos d\u00edas se avisaba<\/a> de que todav\u00eda no est\u00e1bamos a salvo por completo.<\/p>\n<p>\u00bfEn qu\u00e9 consiste esta estrategia? Pues en dar m\u00e1s peso a <strong>tecnolog\u00edas de producci\u00f3n energ\u00e9tica tradicionalmente m\u00e1s estables<\/strong>, pero tambi\u00e9n m\u00e1s caras que las fuentes renovables (como por ejemplo el gas), lo que tiene una repercusi\u00f3n directa en nuestras facturas.<\/p>\n<p><!-- BREAK 1 --><\/p>\n<div class=\"article-asset article-asset-normal article-asset-center\">\n<div class=\"desvio-container\">\n<div class=\"desvio\">\n<div class=\"desvio-figure js-desvio-figure\">\n    <a href=\"https:\/\/www.xatakahome.com\/iluminacion-y-energia\/tarifas-electricas-precio-luz-barato-octubre-2025-asi-queda-pvpc-respecto-al-mercado-libre\" class=\"pivot-outboundlink\" data-vars-post-title=\"Las tarifas el\u00e9ctricas con el precio de la luz m\u00e1s barato en octubre de 2025: as\u00ed queda la PVPC con respecto al mercado libre  \"><br \/>\n     <img loading=\"lazy\" decoding=\"async\" alt=\"Las tarifas el\u00e9ctricas con el precio de la luz m\u00e1s barato en octubre de 2025: as\u00ed queda la PVPC con respecto al mercado libre  \" width=\"375\" height=\"142\" src=\"https:\/\/i.blogs.es\/6eb9c5\/johannes-plenio-voq97kezcx0-unsplash\/375_142.jpeg\"><br \/>\n    <\/a>\n   <\/div>\n<div class=\"desvio-summary\">\n<div class=\"desvio-taxonomy js-desvio-taxonomy\">\n     <a href=\"https:\/\/www.xatakahome.com\/iluminacion-y-energia\/tarifas-electricas-precio-luz-barato-octubre-2025-asi-queda-pvpc-respecto-al-mercado-libre\" class=\"desvio-taxonomy-anchor pivot-outboundlink\" data-vars-post-title=\"Las tarifas el\u00e9ctricas con el precio de la luz m\u00e1s barato en octubre de 2025: as\u00ed queda la PVPC con respecto al mercado libre  \">En Xataka Smart Home<\/a>\n    <\/div>\n<p>    <a href=\"https:\/\/www.xatakahome.com\/iluminacion-y-energia\/tarifas-electricas-precio-luz-barato-octubre-2025-asi-queda-pvpc-respecto-al-mercado-libre\" class=\"desvio-title js-desvio-title pivot-outboundlink\" data-vars-post-title=\"Las tarifas el\u00e9ctricas con el precio de la luz m\u00e1s barato en octubre de 2025: as\u00ed queda la PVPC con respecto al mercado libre  \">Las tarifas el\u00e9ctricas con el precio de la luz m\u00e1s barato en octubre de 2025: as\u00ed queda la PVPC con respecto al mercado libre  <\/a>\n   <\/div>\n<\/p><\/div>\n<\/p><\/div>\n<\/div>\n<h2>El apag\u00f3n ya est\u00e1 repercutiendo en nuestras facturas el\u00e9ctricas<\/h2>\n<p>Cuando <a class=\"text-outboundlink\" href=\"https:\/\/www.xatakahome.com\/iluminacion-y-energia\/mi-tarifa-luz-tendria-que-ser-casi-gratis-tiene-costes-ocultos-que-disparan-precio\" data-vars-post-title='Mi tarifa de la luz tendr\u00eda que ser casi gratis pero tiene costes \"ocultos\" que disparan el precio ' data-vars-post-url=\"https:\/\/www.xatakahome.com\/iluminacion-y-energia\/mi-tarifa-luz-tendria-que-ser-casi-gratis-tiene-costes-ocultos-que-disparan-precio\">hablamos en su d\u00eda<\/a> de por qu\u00e9 aunque el precio mayorista de la luz sea gratis en ciertas horas el usuario tiene que pagar una cierta cantidad, explicamos que hay unos <strong>costes adicionales<\/strong> que terminamos pagando todos. Seg\u00fan <a rel=\"noopener, noreferrer\" href=\"https:\/\/www.cnmc.es\/la-nueva-factura-de-la-luz\">comenta la propia CNMC en su web<\/a>, en cumplimiento de la normativa europea, desde junio de 2021 se introdujo en la factura la separaci\u00f3n de la tarifa de acceso en dos \u00a0componentes: <strong>peajes y cargos<\/strong>.<\/p>\n<p>Los peajes son precios regulados destinados a <strong>recuperar los costes de las redes de transporte y distribuci\u00f3n<\/strong> y son determinados por la CNMC. Por su parte, <strong>los cargos<\/strong> son los precios destinados a cubrir el <strong>resto de costes regulados<\/strong>, tales como la financiaci\u00f3n de las renovables, el sobrecoste de producci\u00f3n de energ\u00eda en los territorios no peninsulares o las anualidades del d\u00e9ficit, y son determinados por el Ministerio para la Transici\u00f3n Ecol\u00f3gica y el Reto Demogr\u00e1fico.<\/p>\n<p><strong>\u00bfQu\u00e9 ha sucedido despu\u00e9s del apag\u00f3n?<\/strong> pues <a rel=\"noopener, noreferrer\" href=\"https:\/\/www.libremercado.com\/2025-06-09\/comercializadoras-se-preparan-para-subir-la-luz-tras-preguntar-sin-exito-a-red-electrica-hasta-cuando-tirara-del-gas-7263726\/\">seg\u00fan Julio C\u00e9sar Nieto<\/a>, presidente de la Asociaci\u00f3n de Comercializadores Independientes de Energ\u00eda (ACIE), los costes de la seguridad reforzada del sistema el\u00e9ctrico, que \u00abten\u00edan un valor m\u00e1s o menos predecible en los \u00faltimos a\u00f1os\u00bb se han duplicado. Por ejemplo, en solo un mes pasaron de <strong>11 euros por MWh en abril a 24 euros por MWh en mayo.<\/strong><\/p>\n<p>El <a rel=\"noopener, noreferrer\" href=\"https:\/\/www.ocu.org\/vivienda-y-energia\/gas-luz\/noticias\/repercutir-costes-apagon-usuarios\">\u00faltimo informe de la OCU<\/a> publicado hace unos d\u00edas refleja tambi\u00e9n estas variaciones se\u00f1alando c\u00f3mo si trasladamos este coste por MWh al impacto en una factura de la luz media (supone una con un consumo de 292 kWh al mes), la diferencia en lo que pagamos por estos servicios entre las facturas de 2024 y las de 2025 <strong>ha pasado de solo unos c\u00e9ntimos hasta casi 5 euros en las facturas de mayo<\/strong>.<\/p>\n<p><!-- BREAK 2 --><\/p>\n<div class=\"article-asset-image article-asset-normal article-asset-center\">\n<div class=\"asset-content\">\n<div class=\"caption-img \">\n                    <a rel=\"noopener, noreferrer\" href=\"https:\/\/www.ocu.org\/vivienda-y-energia\/gas-luz\/noticias\/repercutir-costes-apagon-usuarios\"><\/p>\n<p>    <img decoding=\"async\" alt=\"Tabla Ocu\" class=\"centro_sinmarco\" src=\"https:\/\/i.blogs.es\/5e9514\/tabla-ocu\/450_1000.jpeg\"><br \/>\n     <\/a><\/p>\n<p>        <span>Imagen: OCU<\/span>\n   <\/div>\n<\/p><\/div>\n<\/div>\n<p>Este sobrecoste hace que los usuarios con <strong>tarifa regulada o PVPC<\/strong> hayan pagado ya desde el apag\u00f3n unos <strong>14,31 euros m\u00e1s<\/strong> en sus facturas, mientras que los del <strong>mercado libre<\/strong> han pagado unos <strong>13,06 euros adicionales<\/strong>. No es que sean cifras muy exageradas, pero el problema es que las previsiones de la propia OCU anuncian que la situaci\u00f3n ir\u00e1 a peor.<\/p>\n<p>Seg\u00fan apuntan, de mantenerse la tendencia a finales de a\u00f1o habremos pagado <strong>28,6 y 26,2 euros m\u00e1s<\/strong> respectivamente<strong>, con la previsi\u00f3n de que este incremento se mantenga en el tiempo. <\/strong>De hecho, desde\u00a0Red El\u00e9ctrica acaban de solicitar a la CNMC que cambien con urgencia los protocolos para aumentar la seguridad\u00a0de la red con el fin de<a class=\"text-outboundlink\" href=\"https:\/\/www.xatakahome.com\/iluminacion-y-energia\/red-electrica-avisa-cercania-otro-gran-apagon-se-han-observado-ultimas-dos-semanas-variaciones-bruscas-tension-sistema-electrico\" data-vars-post-title=\"Red El\u00e9ctrica avisa sobre la cercan\u00eda de otro gran apag\u00f3n: \u201cse han observado en las \u00faltimas dos semanas variaciones bruscas de tensi\u00f3n en el sistema el\u00e9ctrico\u201d\" data-vars-post-url=\"https:\/\/www.xatakahome.com\/iluminacion-y-energia\/red-electrica-avisa-cercania-otro-gran-apagon-se-han-observado-ultimas-dos-semanas-variaciones-bruscas-tension-sistema-electrico\">\u00a0evitar posibles apagones<\/a>, ya que se siguen produciendo episodios de inestabilidad.<\/p>\n<p>Estos costes remuneran entre otras cosas la <strong>disponibilidad permanente de las centrales de gas,<\/strong> que no siempre est\u00e1n generando energ\u00eda, pero que tienen que estar listas para actuar en cuanto sea necesario, para evitar potenciales problemas de inestabilidad en la red.<\/p>\n<p><!-- BREAK 3 --><\/p>\n<div class=\"article-asset-video article-asset-normal\">\n<div class=\"asset-content\">\n<div class=\"base-asset-video\">\n<div class=\"js-dailymotion\">\n    <script type=\"application\/json\">\n                          {\"videoId\":\"x7znesx\",\"autoplay\":true,\"title\":\"Edificio de autoconsumo AS\u00cd FUNCIONAN - Paneles solares en bloques de pisos\", \"tag\":\"solar\", \"duration\":\"564\"}\n                  <\/script>\n   <\/div>\n<\/p><\/div>\n<\/p><\/div>\n<\/div>\n<p><strong>Si est\u00e1s en el mercado libre tampoco te librar\u00e1s<\/strong>. Como hemos visto, los clientes del mercado regulado son los que han visto incrementadas sus facturas de forma m\u00e1s inmediata, pero si est\u00e1s en el mercado libre por ejemplo con una tarifa plana, tampoco te librar\u00e1s.<\/p>\n<p>A los usuarios que tienen acordado con su comercializadora <strong>un precio fijo por su energ\u00eda para todo el a\u00f1o, todav\u00eda no se les ha podido aplicar la subida.<\/strong> Pero es algo que llegar\u00e1 en poco tiempo, o bien en cuanto les toque renovar su contrato o bien con un cambio en las condiciones del mismo que deber\u00e1n aceptar para seguir recibiendo servicio.<\/p>\n<p>Como vemos, el apag\u00f3n tuvo y seguir\u00e1 teniendo consecuencias durante los pr\u00f3ximos meses, y seremos los consumidores los que <strong>pagaremos los platos rotos<\/strong> con una subida en nuestras facturas que no sabemos si en alg\u00fan momento se retirar\u00e1.<\/p>\n<p>Imagen portada | Generada con IA<\/p>\n<p>En Xataka Smart Home | <a class=\"text-outboundlink\" href=\"https:\/\/www.xatakahome.com\/seleccion\/tener-luz-balcon-terraza-gastar-factura-posible-gracias-a-foco-como-este-ahora-esta-rebajado\" data-vars-post-title=\"Llevo tiempo pensando en c\u00f3mo iluminar mi balc\u00f3n sin gastar de m\u00e1s en la factura de la luz y este foco solar es la soluci\u00f3n\" data-vars-post-url=\"https:\/\/www.xatakahome.com\/seleccion\/tener-luz-balcon-terraza-gastar-factura-posible-gracias-a-foco-como-este-ahora-esta-rebajado\">Llevo tiempo pensando en c\u00f3mo iluminar mi balc\u00f3n sin gastar de m\u00e1s en la factura de la luz y este foco solar es la soluci\u00f3n<\/a><\/p>\n<p><!-- BREAK 4 --><script>\n (function() {\n  window._JS_MODULES = window._JS_MODULES || {};\n  var headElement = document.getElementsByTagName('head')[0];\n  if (_JS_MODULES.instagram) {\n   var instagramScript = document.createElement('script');\n   instagramScript.src = 'https:\/\/platform.instagram.com\/en_US\/embeds.js';\n   instagramScript.async = true;\n   instagramScript.defer = true;\n   headElement.appendChild(instagramScript);\n  }\n })();\n<\/script><\/p>\n<p> &#8211; <br \/> La noticia<br \/>\n      <a href=\"https:\/\/www.xatakahome.com\/iluminacion-y-energia\/no-sabia-que-mi-factura-luz-habia-subido-14-euros-ultimos-meses-conocer-motivo-me-ha-dejado-todavia-preocupado?utm_source=feedburner&amp;utm_medium=feed&amp;utm_campaign=13_Oct_2025\"><br \/>\n       <em> No sab\u00eda por qu\u00e9 mi factura de la luz hab\u00eda subido 14 euros en los \u00faltimos meses. Conocer el motivo me ha dejado todav\u00eda m\u00e1s preocupado  <\/em><br \/>\n      <\/a><br \/>\n      fue publicada originalmente en<br \/>\n      <a href=\"https:\/\/www.xatakahome.com\/?utm_source=feedburner&amp;utm_medium=feed&amp;utm_campaign=13_Oct_2025\"><br \/>\n       <strong> Xataka Smart Home <\/strong><br \/>\n      <\/a><br \/>\n             por <a href=\"https:\/\/www.xatakahome.com\/autor\/paco-rodriguez?utm_source=feedburner&amp;utm_medium=feed&amp;utm_campaign=13_Oct_2025\"><br \/>\n        Paco Rodr\u00edguez<br \/>\n       <\/a><br \/>\n      . <\/p>\n<\/div>\n","protected":false},"excerpt":{"rendered":"<p>El pasado 28 de abril sufrimos un hist\u00f3rico apag\u00f3n el\u00e9ctrico cuyas repercusiones no solo se limitan a esos primeros d\u00edas, sino que es un evento que parece seguir\u00e1 influyendo durante meses en nuestras vidas a trav\u00e9s de las facturas el\u00e9ctricas. Con la intenci\u00f3n de atajar las posibles causas del suceso, Red El\u00e9ctrica se propuso una &hellip; <a href=\"https:\/\/domosistemas.com\/?p=30260\" class=\"more-link\">Sigue leyendo <span class=\"screen-reader-text\">No sab\u00eda por qu\u00e9 mi factura de la luz hab\u00eda subido 14 euros en los \u00faltimos meses. Conocer el motivo me ha dejado todav\u00eda m\u00e1s preocupado<\/span><\/a><\/p>\n","protected":false},"author":1,"featured_media":0,"comment_status":"closed","ping_status":"closed","sticky":false,"template":"","format":"standard","meta":{"footnotes":""},"categories":[8],"tags":[],"class_list":["post-30260","post","type-post","status-publish","format-standard","hentry","category-xataka"],"_links":{"self":[{"href":"https:\/\/domosistemas.com\/index.php?rest_route=\/wp\/v2\/posts\/30260","targetHints":{"allow":["GET"]}}],"collection":[{"href":"https:\/\/domosistemas.com\/index.php?rest_route=\/wp\/v2\/posts"}],"about":[{"href":"https:\/\/domosistemas.com\/index.php?rest_route=\/wp\/v2\/types\/post"}],"author":[{"embeddable":true,"href":"https:\/\/domosistemas.com\/index.php?rest_route=\/wp\/v2\/users\/1"}],"replies":[{"embeddable":true,"href":"https:\/\/domosistemas.com\/index.php?rest_route=%2Fwp%2Fv2%2Fcomments&post=30260"}],"version-history":[{"count":0,"href":"https:\/\/domosistemas.com\/index.php?rest_route=\/wp\/v2\/posts\/30260\/revisions"}],"wp:attachment":[{"href":"https:\/\/domosistemas.com\/index.php?rest_route=%2Fwp%2Fv2%2Fmedia&parent=30260"}],"wp:term":[{"taxonomy":"category","embeddable":true,"href":"https:\/\/domosistemas.com\/index.php?rest_route=%2Fwp%2Fv2%2Fcategories&post=30260"},{"taxonomy":"post_tag","embeddable":true,"href":"https:\/\/domosistemas.com\/index.php?rest_route=%2Fwp%2Fv2%2Ftags&post=30260"}],"curies":[{"name":"wp","href":"https:\/\/api.w.org\/{rel}","templated":true}]}}