{"id":30314,"date":"2025-10-17T07:00:38","date_gmt":"2025-10-17T07:00:38","guid":{"rendered":"https:\/\/domosistemas.com\/?p=30314"},"modified":"2025-10-17T07:00:38","modified_gmt":"2025-10-17T07:00:38","slug":"no-esa-rueda-que-hay-en-tu-frigorifico-no-marca-los-grados-pero-saber-ajustarla-te-servira-para-que-gaste-menos","status":"publish","type":"post","link":"https:\/\/domosistemas.com\/?p=30314","title":{"rendered":"No, esa rueda que hay en tu frigor\u00edfico no marca los grados, pero saber ajustarla te servir\u00e1 para que gaste menos"},"content":{"rendered":"<div>\n<p>\n      <img decoding=\"async\" src=\"https:\/\/i.blogs.es\/7e0fa1\/captura-de-pantalla-2025-10-16-a-las-23.36.56\/1024_2000.jpeg\" alt=\"No, esa rueda que hay en tu frigor\u00edfico no marca los grados, pero saber ajustarla te servir\u00e1 para que gaste menos\">\n    <\/p>\n<\/p>\n<p>Puede que en alguna ocasi\u00f3n, al abrir la nevera (en los modelos m\u00e1s modernos, incluso desde el exterior), te hayas encontrado con una rueda o un selector con distintos n\u00fameros. Lo habitual es pensar que indican los <a class=\"text-outboundlink\" href=\"https:\/\/www.xatakahome.com\/hogar\/esta-temperatura-ideal-frigorifico-congelador-para-ahorrar-factura-luz-conservar-bien-alimentos-2\" data-vars-post-title=\"Esta es la temperatura ideal del frigor\u00edfico y congelador para ahorrar en la factura de la luz y conservar bien los alimentos \" data-vars-post-url=\"https:\/\/www.xatakahome.com\/hogar\/esta-temperatura-ideal-frigorifico-congelador-para-ahorrar-factura-luz-conservar-bien-alimentos-2\">grados a los que funciona el electrodom\u00e9stico<\/a>, pero quiz\u00e1s te sorprenda descubrir que <strong>en realidad hacen referencia a otra cosa muy diferente.<\/strong><\/p>\n<p>La rueda de ajuste del fr\u00edo que incorporan muchos frigor\u00edficos parece se\u00f1alar la temperatura de funcionamiento, pero nada m\u00e1s lejos de la verdad. M\u00e1s all\u00e1 de esa creencia tan extendida, esos n\u00fameros <strong>no representan los grados<\/strong> del interior del aparato. Y entender su verdadero prop\u00f3sito es clave para <a class=\"text-outboundlink\" href=\"https:\/\/www.xatakahome.com\/a-fondo\/he-probado-mi-frigorifico-modo-eco-frio-a-tope-esta-diferencia-consumo-factura-luz\" data-vars-post-title=\"He comparado lo que gasta mi frigor\u00edfico en modo eco y con el fr\u00edo a tope y el resultado ha sido una aut\u00e9ntica sorpresa\" data-vars-post-url=\"https:\/\/www.xatakahome.com\/a-fondo\/he-probado-mi-frigorifico-modo-eco-frio-a-tope-esta-diferencia-consumo-factura-luz\">ahorrar energ\u00eda<\/a> y <a class=\"text-outboundlink\" href=\"https:\/\/www.xatakahome.com\/a-fondo\/mi-frigorifico-ruina-factura-luz-estas-causas-frecuentes-que-consumo-se-dispare-posibles-soluciones\" data-vars-post-title=\"Mi frigor\u00edfico es una ruina en la factura de la luz: estas son las causas m\u00e1s frecuentes de que el consumo se dispare y posibles soluciones\" data-vars-post-url=\"https:\/\/www.xatakahome.com\/a-fondo\/mi-frigorifico-ruina-factura-luz-estas-causas-frecuentes-que-consumo-se-dispare-posibles-soluciones\">reducir lo que pagas<\/a> en tu factura el\u00e9ctrica.<\/p>\n<p><!-- BREAK 1 --><\/p>\n<div class=\"article-asset-image article-asset-large article-asset-center\">\n<div class=\"asset-content\">\n<p>   <img decoding=\"async\" alt=\"Nevera\" class=\"\" src=\"https:\/\/i.blogs.es\/4d4935\/captura-de-pantalla-2025-10-17-a-las-0.11.14\/450_1000.jpeg\"><\/p><\/div>\n<\/div>\n<p>Encontrarse dentro del frigor\u00edfico \u2014o en la puerta\u2014 con un selector num\u00e9rico es algo muy com\u00fan. Lo que no es tan frecuente es saber con certeza qu\u00e9 significa esa numeraci\u00f3n. Lo habitual es pensar que est\u00e1 relacionada con la temperatura, pero no es as\u00ed: <strong>su funci\u00f3n es otra muy distinta<\/strong>.<\/p>\n<p><!-- BREAK 2 --><\/p>\n<div class=\"article-asset-video article-asset-normal\">\n<div class=\"asset-content\">\n<div class=\"base-asset-video\">\n<div class=\"js-dailymotion\">\n    <script type=\"application\/json\">\n                          {\"videoId\":\"x88tf3k\",\"autoplay\":true,\"title\":\"AHORRA EN TU FACTURA DE LA LUZ: Las MEJORES OPCIONES para conocer los PRECIOS EN TU M\u00d3VIL\", \"tag\":\"webedia-prod\"}\n                  <\/script>\n   <\/div>\n<\/p><\/div>\n<\/p><\/div>\n<\/div>\n<p>Las ruedas de ajuste de fr\u00edo no muestran grados Celsius ni Fahrenheit, como podr\u00eda pensarse. En realidad, su numeraci\u00f3n est\u00e1 vinculada a <strong>la intensidad con la que trabaja el compresor interno<\/strong> para mantener el nivel de fr\u00edo en el interior del frigor\u00edfico.<\/p>\n<p><!-- BREAK 3 --><\/p>\n<p>Tal y como explica el creador de contenido <a rel=\"noopener, noreferrer\" href=\"https:\/\/www.tiktok.com\/@t.lifehackeng\">@t.ligehackeng<\/a> en su cuenta de TikTok, cuanto m\u00e1s alto sea el n\u00famero elegido, m\u00e1s tiempo funcionar\u00e1 el compresor y, por tanto, mayor ser\u00e1 el fr\u00edo generado. El inconveniente es que un valor demasiado alto tampoco es recomendable, ya que puede provocar <strong>acumulaci\u00f3n de hielo en las paredes<\/strong> y un <strong>mayor consumo energ\u00e9tico<\/strong>.<\/p>\n<p><!-- BREAK 4 --><\/p>\n<div class=\"article-asset-rich-content article-asset-normal\">\n<div class=\"asset-content\">\n<blockquote class=\"tiktok-embed\" cite=\"https:\/\/www.tiktok.com\/@t.lifehackeng\/video\/7550004461213732118\" data-video-id=\"7550004461213732118\" style=\"max-width: 605px;min-width: 325px;\">\n<section> <a rel=\"noopener, noreferrer\" target=\"_blank\" title=\"@t.lifehackeng\" href=\"https:\/\/www.tiktok.com\/@t.lifehackeng?refer=embed\">@t.lifehackeng<\/a> Refrigerator working better now. My friend from the USA told me this trick <a rel=\"noopener, noreferrer\" title=\"LifeHack\" target=\"_blank\" href=\"https:\/\/www.tiktok.com\/tag\/LifeHack?refer=embed\">#LifeHack<\/a> <a rel=\"noopener, noreferrer\" title=\"refrigerator\" target=\"_blank\" href=\"https:\/\/www.tiktok.com\/tag\/refrigerator?refer=embed\">#refrigerator<\/a> <a rel=\"noopener, noreferrer\" title=\"usa\" target=\"_blank\" href=\"https:\/\/www.tiktok.com\/tag\/usa?refer=embed\">#usa<\/a> <a rel=\"noopener, noreferrer\" target=\"_blank\" title=\"\u266c original sound - T.Lifehack Eng\" href=\"https:\/\/www.tiktok.com\/music\/original-sound-7550004465316481814?refer=embed\">\u266c original sound &#8211; T.Lifehack Eng<\/a> <\/section>\n<\/blockquote>\n<p> <script async=\"\" src=\"https:\/\/www.tiktok.com\/embed.js\"><\/script>\n  <\/div>\n<\/div>\n<p>Esta rueda regula la temperatura del frigor\u00edfico, <strong>encendiendo o apagando el compresor<\/strong> para mantener el nivel de fr\u00edo deseado. Y aunque no lo parezca, es b\u00e1sica para el buen funcionamiento del sistema, ya que cualquier fallo afecta directamente al rendimiento de la refrigeraci\u00f3n<\/p>\n<p><!-- BREAK 5 --><\/p>\n<h2><strong>Ajustar la rueda seg\u00fan la \u00e9poca del a\u00f1o<\/strong><\/h2>\n<div class=\"article-asset-image article-asset-large article-asset-center\">\n<div class=\"asset-content\">\n<div class=\"caption-img \">\n                    <a rel=\"noopener, noreferrer\" href=\"https:\/\/freeo.com.mx\/el-mejor-termostato-para-frigorifico-de-venta-en-freeo\/\"><\/p>\n<p>    <img decoding=\"async\" alt=\"Termostato\" class=\"\" src=\"https:\/\/i.blogs.es\/bfb257\/termostato\/450_1000.jpeg\"><br \/>\n     <\/a><\/p>\n<p>        <span>Imagen | Freeo<\/span>\n   <\/div>\n<\/p><\/div>\n<\/div>\n<p>Para que el frigor\u00edfico mantenga un <strong>consumo el\u00e9ctrico razonable<\/strong> y no se convierta en un <strong>pozo sin fondo<\/strong>, lo m\u00e1s recomendable es <strong>ajustar la posici\u00f3n de la rueda de temperatura seg\u00fan la estaci\u00f3n del a\u00f1o<\/strong>. No debe configurarse igual en invierno que en verano.<\/p>\n<p><!-- BREAK 6 --><\/p>\n<p>Uno de los errores m\u00e1s habituales es <strong>mantener el mismo nivel de enfriamiento durante todo el a\u00f1o<\/strong>, sin tener en cuenta los cambios de temperatura ambiental. Lo ideal es adaptar el ajuste del fr\u00edo al clima exterior.<\/p>\n<p><!-- BREAK 7 --><\/p>\n<p>En <strong>verano<\/strong>, cuando las temperaturas suben, se aconseja situar la rueda en los niveles <strong>2 o 3<\/strong>. Durante el <strong>oto\u00f1o<\/strong>, lo adecuado es mantenerla entre el <strong>2 y el 4<\/strong>, y en <strong>invierno<\/strong>, con el ambiente m\u00e1s fresco, puede elevarse hasta el <strong>5<\/strong> para lograr un rendimiento equilibrado.<\/p>\n<p><!-- BREAK 8 --><\/p>\n<div class=\"article-asset article-asset-normal article-asset-center\">\n<div class=\"desvio-container\">\n<div class=\"desvio\">\n<div class=\"desvio-figure js-desvio-figure\">\n    <a href=\"https:\/\/www.xatakahome.com\/hogar\/bosch-lg-responden-colocar-imanes-frigorifico-hace-que-consumo-se-dispare-explican-que-gasta\" class=\"pivot-outboundlink\" data-vars-post-title=\"Bosch y LG aclaran si los imanes en el frigor\u00edfico hacen que gaste m\u00e1s. Y de paso explican lo que m\u00e1s consume\"><br \/>\n     <img loading=\"lazy\" decoding=\"async\" alt=\"Bosch y LG aclaran si los imanes en el frigor\u00edfico hacen que gaste m\u00e1s. Y de paso explican lo que m\u00e1s consume\" width=\"375\" height=\"142\" src=\"https:\/\/i.blogs.es\/64ef1b\/img_5234\/375_142.jpeg\"><br \/>\n    <\/a>\n   <\/div>\n<div class=\"desvio-summary\">\n<div class=\"desvio-taxonomy js-desvio-taxonomy\">\n     <a href=\"https:\/\/www.xatakahome.com\/hogar\/bosch-lg-responden-colocar-imanes-frigorifico-hace-que-consumo-se-dispare-explican-que-gasta\" class=\"desvio-taxonomy-anchor pivot-outboundlink\" data-vars-post-title=\"Bosch y LG aclaran si los imanes en el frigor\u00edfico hacen que gaste m\u00e1s. Y de paso explican lo que m\u00e1s consume\">En Xataka Smart Home<\/a>\n    <\/div>\n<p>    <a href=\"https:\/\/www.xatakahome.com\/hogar\/bosch-lg-responden-colocar-imanes-frigorifico-hace-que-consumo-se-dispare-explican-que-gasta\" class=\"desvio-title js-desvio-title pivot-outboundlink\" data-vars-post-title=\"Bosch y LG aclaran si los imanes en el frigor\u00edfico hacen que gaste m\u00e1s. Y de paso explican lo que m\u00e1s consume\">Bosch y LG aclaran si los imanes en el frigor\u00edfico hacen que gaste m\u00e1s. Y de paso explican lo que m\u00e1s consume<\/a>\n   <\/div>\n<\/p><\/div>\n<\/p><\/div>\n<\/div>\n<p>Este peque\u00f1o ajuste puede suponer una <strong>reducci\u00f3n notable en el consumo el\u00e9ctrico<\/strong> y, adem\u00e1s, <strong>alargar la vida \u00fatil del frigor\u00edfico<\/strong>, ya que evita que el compresor trabaje m\u00e1s de lo necesario.<\/p>\n<p><strong>Pero no todas las neveras enfr\u00edan igual<\/strong> y por lo tanto, no en todas sirve el mismo ajuste. Fabricantes como <a rel=\"nofollow, sponsored, noopener, noreferrer\" target=\"_blank\" class=\"js-ecommerce\" id=\"link-ecommerce-1\" href=\"https:\/\/www.xatakahome.com\/redirect?url=https%3A%2F%2Fwww.samsung.com%2Fco%2Fsupport%2Fhome-appliances%2Frefrigerator-rt32k5710s8-cl-how-to-adjust-the-refrigerator-temperature%2F&amp;category=hogar&amp;ecomPostExpiration=not_classified&amp;postId=119641\" data-vars-affiliate-url=\"https:\/\/www.samsung.com\/co\/support\/home-appliances\/refrigerator-rt32k5710s8-cl-how-to-adjust-the-refrigerator-temperature\/\">Samsung<\/a> o <a rel=\"nofollow, sponsored, noopener, noreferrer\" target=\"_blank\" class=\"js-ecommerce\" id=\"link-ecommerce-2\" href=\"https:\/\/www.xatakahome.com\/redirect?url=https%3A%2F%2Fwww.lg.com%2Fcac%2Fsoporte%2Fayuda-producto%2FCT20188021-20154713200902&amp;category=hogar&amp;ecomPostExpiration=not_classified&amp;postId=119641\" data-vars-affiliate-url=\"https:\/\/www.lg.com\/cac\/soporte\/ayuda-producto\/CT20188021-20154713200902\">LG<\/a> aclaran que los n\u00fameros de esta rueda no indican grados exactos, ya que cada modelo tiene un dise\u00f1o y aislamiento distintos. Por ello, el mismo nivel en la rueda puede generar temperaturas diferentes seg\u00fan el frigor\u00edfico.<\/p>\n<p><a class=\"text-outboundlink\" href=\"https:\/\/www.xatakahome.com\/hogar\/temperatura-ideal-frigorifico-cambia-verano-esta-que-recomiendan-fabricantes\" data-vars-post-title=\"Con el calor intenso toca cambiar la temperatura del frigor\u00edfico para pasar el verano: esta es la que recomiendan los fabricantes\" data-vars-post-url=\"https:\/\/www.xatakahome.com\/hogar\/temperatura-ideal-frigorifico-cambia-verano-esta-que-recomiendan-fabricantes\">La temperatura ambiente influye<\/a> en el rendimiento del frigor\u00edfico: en verano necesita m\u00e1s potencia y en invierno menos. <strong>Ajustar mal la rueda puede provocar hielo o falta de fr\u00edo.\u00a0<\/strong><\/p>\n<p><!-- BREAK 9 --><\/p>\n<div class=\"article-asset article-asset-normal article-asset-center\">\n<div class=\"desvio-container\">\n<div class=\"desvio\">\n<div class=\"desvio-figure js-desvio-figure\">\n    <a href=\"https:\/\/www.xatakahome.com\/hogar\/mi-frigorifico-empezo-a-hacer-ruido-infernal-que-me-quitaba-sueno-ojala-hubiera-sabido-antes-facil-que-era-arreglarlo\" class=\"pivot-outboundlink\" data-vars-post-title=\"Mi frigor\u00edfico empez\u00f3 a hacer un ruido tan infernal que hasta me quitaba el sue\u00f1o. Ojal\u00e1 hubiera sabido antes lo f\u00e1cil que era arreglarlo\"><br \/>\n     <img loading=\"lazy\" decoding=\"async\" alt=\"Mi frigor\u00edfico empez\u00f3 a hacer un ruido tan infernal que hasta me quitaba el sue\u00f1o. Ojal\u00e1 hubiera sabido antes lo f\u00e1cil que era arreglarlo\" width=\"375\" height=\"142\" src=\"https:\/\/i.blogs.es\/71e440\/old-youth-ihqf8aqsqhi-unsplash\/375_142.jpeg\"><br \/>\n    <\/a>\n   <\/div>\n<div class=\"desvio-summary\">\n<div class=\"desvio-taxonomy js-desvio-taxonomy\">\n     <a href=\"https:\/\/www.xatakahome.com\/hogar\/mi-frigorifico-empezo-a-hacer-ruido-infernal-que-me-quitaba-sueno-ojala-hubiera-sabido-antes-facil-que-era-arreglarlo\" class=\"desvio-taxonomy-anchor pivot-outboundlink\" data-vars-post-title=\"Mi frigor\u00edfico empez\u00f3 a hacer un ruido tan infernal que hasta me quitaba el sue\u00f1o. Ojal\u00e1 hubiera sabido antes lo f\u00e1cil que era arreglarlo\">En Xataka Smart Home<\/a>\n    <\/div>\n<p>    <a href=\"https:\/\/www.xatakahome.com\/hogar\/mi-frigorifico-empezo-a-hacer-ruido-infernal-que-me-quitaba-sueno-ojala-hubiera-sabido-antes-facil-que-era-arreglarlo\" class=\"desvio-title js-desvio-title pivot-outboundlink\" data-vars-post-title=\"Mi frigor\u00edfico empez\u00f3 a hacer un ruido tan infernal que hasta me quitaba el sue\u00f1o. Ojal\u00e1 hubiera sabido antes lo f\u00e1cil que era arreglarlo\">Mi frigor\u00edfico empez\u00f3 a hacer un ruido tan infernal que hasta me quitaba el sue\u00f1o. Ojal\u00e1 hubiera sabido antes lo f\u00e1cil que era arreglarlo<\/a>\n   <\/div>\n<\/p><\/div>\n<\/p><\/div>\n<\/div>\n<p>En d\u00edas muy calurosos, el frigor\u00edfico necesita trabajar m\u00e1s para mantener el interior fresco, mientras que en invierno puede bastar con una potencia menor. De hecho, <strong>ajustar el dial sin tener en cuenta la temperatura ambiente<\/strong> puede causar tanto exceso de hielo como un enfriamiento insuficiente.<\/p>\n<p>En el interior de la nevera, <a class=\"text-outboundlink\" href=\"https:\/\/www.xatakahome.com\/a-fondo\/estas-perdiendo-espacio-nevera-porque-no-todos-alimentos-deben-ir-dentro-esto-que-conviene-tener-cuenta\" data-vars-post-title=\"Est\u00e1s perdiendo espacio en la nevera porque no todos los alimentos deben ir dentro: esto es lo que conviene tener en cuenta \" data-vars-post-url=\"https:\/\/www.xatakahome.com\/a-fondo\/estas-perdiendo-espacio-nevera-porque-no-todos-alimentos-deben-ir-dentro-esto-que-conviene-tener-cuenta\">todo tiene su orden<\/a>. La forma en la que est\u00e1n <a class=\"text-outboundlink\" href=\"https:\/\/www.xatakahome.com\/electrodomesticos-innovadores\/como-colocar-alimentos-frigorifico-para-mejorar-su-conservacion-que-aguanten-tiempo\" data-vars-post-title=\"C\u00f3mo colocar los alimentos en el frigor\u00edfico para mejorar su conservaci\u00f3n y que aguanten m\u00e1s tiempo \" data-vars-post-url=\"https:\/\/www.xatakahome.com\/electrodomesticos-innovadores\/como-colocar-alimentos-frigorifico-para-mejorar-su-conservacion-que-aguanten-tiempo\">colocados los alimentos dentro<\/a><strong> de la nevera tambi\u00e9n influye<\/strong>. Las zonas m\u00e1s fr\u00edas suelen encontrarse en la parte inferior o en el fondo, mientras que los estantes de la puerta y la parte superior son algo m\u00e1s templados. <a class=\"text-outboundlink\" href=\"https:\/\/www.xatakahome.com\/hogar\/que-mejor-meter-comida-frigorifico-esperar-a-que-se-enfrie-esto-que-dicen-expertos\" data-vars-post-title=\"Por qu\u00e9 es mejor meter la comida en el frigor\u00edfico sin esperar a que se enfr\u00ede. Esto es lo que dicen los expertos\" data-vars-post-url=\"https:\/\/www.xatakahome.com\/hogar\/que-mejor-meter-comida-frigorifico-esperar-a-que-se-enfrie-esto-que-dicen-expertos\">Colocar correctamente<\/a> los productos \u2014por ejemplo, la carne y el pescado en las zonas fr\u00edas, y los l\u00e1cteos o bebidas en las m\u00e1s altas\u2014 ayuda a conservarlos mejor y evitar desperdicios.<\/p>\n<h2><strong>C\u00f3mo saber si la temperatura es la adecuada<\/strong><\/h2>\n<p>Si tienes dudas sobre el fr\u00edo real de tu nevera, lo mejor es <strong>usar un term\u00f3metro de refrigeraci\u00f3n<\/strong>. Es un accesorio econ\u00f3mico que permite medir con precisi\u00f3n los grados internos y ajustar la rueda en consecuencia. De esta forma, no solo se optimiza el consumo el\u00e9ctrico, sino que tambi\u00e9n se asegura que los alimentos se mantengan frescos durante m\u00e1s tiempo.<\/p>\n<p>V\u00eda | <a class=\"text-outboundlink\" href=\"https:\/\/www.directoalpaladar.com\/consumidores\/muchos-desconocen-que-rueda-dentro-nevera-no-marca-temperatura-asi-se-ajusta-para-no-pagar\" data-vars-post-title=\"Muchos desconocen que la rueda de dentro de la nevera no marca la temperatura: as\u00ed se ajusta para no pagar de m\u00e1s \" data-vars-post-url=\"https:\/\/www.directoalpaladar.com\/consumidores\/muchos-desconocen-que-rueda-dentro-nevera-no-marca-temperatura-asi-se-ajusta-para-no-pagar\">DAP<\/a><\/p>\n<p>Imagen portada | <a rel=\"noopener, noreferrer\" href=\"https:\/\/www.embraco.com\/blog\/es-es\/posibles-problemas-en-el-termostato-de-un-refrigerador\/\">Embraco<\/a><\/p>\n<p>En Xataka SmartHome |\u00a0<a class=\"text-outboundlink\" href=\"https:\/\/www.xatakahome.com\/a-fondo\/descongelar-comida-fuera-frigorifico-mala-idea-ciencia\" data-vars-post-title=\"Descongelar la comida fuera del frigor\u00edfico es mala idea, seg\u00fan la ciencia\" data-vars-post-url=\"https:\/\/www.xatakahome.com\/a-fondo\/descongelar-comida-fuera-frigorifico-mala-idea-ciencia\" target=\"_blank\">Descongelar la comida fuera del frigor\u00edfico es mala idea, seg\u00fan la ciencia<\/a><\/p>\n<p><!-- BREAK 10 --><script>\n (function() {\n  window._JS_MODULES = window._JS_MODULES || {};\n  var headElement = document.getElementsByTagName('head')[0];\n  if (_JS_MODULES.instagram) {\n   var instagramScript = document.createElement('script');\n   instagramScript.src = 'https:\/\/platform.instagram.com\/en_US\/embeds.js';\n   instagramScript.async = true;\n   instagramScript.defer = true;\n   headElement.appendChild(instagramScript);\n  }\n })();\n<\/script><\/p>\n<p> &#8211; <br \/> La noticia<br \/>\n      <a href=\"https:\/\/www.xatakahome.com\/hogar\/no-esa-rueda-que-hay-tu-nevera-no-marca-grados-saber-ajustarla-te-servira-frigorifico-gaste?utm_source=feedburner&amp;utm_medium=feed&amp;utm_campaign=17_Oct_2025\"><br \/>\n       <em> No, esa rueda que hay en tu frigor\u00edfico no marca los grados, pero saber ajustarla te servir\u00e1 para que gaste menos <\/em><br \/>\n      <\/a><br \/>\n      fue publicada originalmente en<br \/>\n      <a href=\"https:\/\/www.xatakahome.com\/?utm_source=feedburner&amp;utm_medium=feed&amp;utm_campaign=17_Oct_2025\"><br \/>\n       <strong> Xataka Smart Home <\/strong><br \/>\n      <\/a><br \/>\n             por <a href=\"https:\/\/www.xatakahome.com\/autor\/jose-antonio-carmona?utm_source=feedburner&amp;utm_medium=feed&amp;utm_campaign=17_Oct_2025\"><br \/>\n        Jose Antonio Carmona<br \/>\n       <\/a><br \/>\n      . <\/p>\n<\/div>\n","protected":false},"excerpt":{"rendered":"<p>Puede que en alguna ocasi\u00f3n, al abrir la nevera (en los modelos m\u00e1s modernos, incluso desde el exterior), te hayas encontrado con una rueda o un selector con distintos n\u00fameros. Lo habitual es pensar que indican los grados a los que funciona el electrodom\u00e9stico, pero quiz\u00e1s te sorprenda descubrir que en realidad hacen referencia a &hellip; <a href=\"https:\/\/domosistemas.com\/?p=30314\" class=\"more-link\">Sigue leyendo <span class=\"screen-reader-text\">No, esa rueda que hay en tu frigor\u00edfico no marca los grados, pero saber ajustarla te servir\u00e1 para que gaste menos<\/span><\/a><\/p>\n","protected":false},"author":1,"featured_media":0,"comment_status":"closed","ping_status":"closed","sticky":false,"template":"","format":"standard","meta":{"footnotes":""},"categories":[8],"tags":[],"class_list":["post-30314","post","type-post","status-publish","format-standard","hentry","category-xataka"],"_links":{"self":[{"href":"https:\/\/domosistemas.com\/index.php?rest_route=\/wp\/v2\/posts\/30314","targetHints":{"allow":["GET"]}}],"collection":[{"href":"https:\/\/domosistemas.com\/index.php?rest_route=\/wp\/v2\/posts"}],"about":[{"href":"https:\/\/domosistemas.com\/index.php?rest_route=\/wp\/v2\/types\/post"}],"author":[{"embeddable":true,"href":"https:\/\/domosistemas.com\/index.php?rest_route=\/wp\/v2\/users\/1"}],"replies":[{"embeddable":true,"href":"https:\/\/domosistemas.com\/index.php?rest_route=%2Fwp%2Fv2%2Fcomments&post=30314"}],"version-history":[{"count":0,"href":"https:\/\/domosistemas.com\/index.php?rest_route=\/wp\/v2\/posts\/30314\/revisions"}],"wp:attachment":[{"href":"https:\/\/domosistemas.com\/index.php?rest_route=%2Fwp%2Fv2%2Fmedia&parent=30314"}],"wp:term":[{"taxonomy":"category","embeddable":true,"href":"https:\/\/domosistemas.com\/index.php?rest_route=%2Fwp%2Fv2%2Fcategories&post=30314"},{"taxonomy":"post_tag","embeddable":true,"href":"https:\/\/domosistemas.com\/index.php?rest_route=%2Fwp%2Fv2%2Ftags&post=30314"}],"curies":[{"name":"wp","href":"https:\/\/api.w.org\/{rel}","templated":true}]}}