{"id":30322,"date":"2025-10-18T08:01:00","date_gmt":"2025-10-18T08:01:00","guid":{"rendered":"https:\/\/domosistemas.com\/?p=30322"},"modified":"2025-10-18T08:01:00","modified_gmt":"2025-10-18T08:01:00","slug":"cortes-de-luz-por-impago-plazos-derechos-y-soluciones-que-debes-conocer-antes-de-quedarte-a-oscuras-en-tu-vivienda","status":"publish","type":"post","link":"https:\/\/domosistemas.com\/?p=30322","title":{"rendered":"Cortes de luz por impago: plazos, derechos y soluciones que debes conocer antes de quedarte a oscuras en tu vivienda"},"content":{"rendered":"<div>\n<p>\n      <img decoding=\"async\" src=\"https:\/\/i.blogs.es\/3202d6\/captura-de-pantalla-2025-10-17-a-las-11.23.45\/1024_2000.jpeg\" alt=\"Cortes de luz por impago: plazos, derechos y soluciones que debes conocer antes de quedarte a oscuras en tu vivienda \">\n    <\/p>\n<\/p>\n<p>Seguramente hayas escuchado en las noticias alg\u00fan caso de <a class=\"text-outboundlink\" href=\"https:\/\/www.xatakahome.com\/iluminacion-y-energia\/red-electrica-avisa-cercania-otro-gran-apagon-se-han-observado-ultimas-dos-semanas-variaciones-bruscas-tension-sistema-electrico\" data-vars-post-title=\"Red El\u00e9ctrica avisa sobre la cercan\u00eda de otro gran apag\u00f3n: \u201cse han observado en las \u00faltimas dos semanas variaciones bruscas de tensi\u00f3n en el sistema el\u00e9ctrico\u201d\" data-vars-post-url=\"https:\/\/www.xatakahome.com\/iluminacion-y-energia\/red-electrica-avisa-cercania-otro-gran-apagon-se-han-observado-ultimas-dos-semanas-variaciones-bruscas-tension-sistema-electrico\">cortes de luz\u00a0<\/a>por impago. Las situaciones son muy diversas y cada hogar tiene sus propias circunstancias que pueden desembocar en este problema. Sin embargo, <strong>no todo el mundo sabe c\u00f3mo debe actuar<\/strong> si se encuentra en una situaci\u00f3n as\u00ed.<\/p>\n<p>El <a class=\"text-outboundlink\" href=\"https:\/\/www.xatakahome.com\/iluminacion-y-energia\/pensaba-que-paneles-solares-podian-salvarnos-apagon-electrico-mayoria-no-nos-sirvieron-ayer\" data-vars-post-title=\"El apag\u00f3n ha mostrado la cruda realidad de las instalaciones solares en casas: dos tercios del total no sirven cuando se va la luz\" data-vars-post-url=\"https:\/\/www.xatakahome.com\/iluminacion-y-energia\/pensaba-que-paneles-solares-podian-salvarnos-apagon-electrico-mayoria-no-nos-sirvieron-ayer\">apag\u00f3n de esta primavera<\/a> nos record\u00f3 \u2014y muchos lo experimentaron en carne propia\u2014 lo que supone <a class=\"text-outboundlink\" href=\"https:\/\/www.xatakahome.com\/hogar\/donde-yo-vivo-apagon-general-fue-lunes-esto-que-he-aprendido-anos-experiencias-similares\" data-vars-post-title='Donde yo vivo el apag\u00f3n general fue un \"lunes cualquiera\". Esto es lo que he aprendido tras a\u00f1os de experiencias similares' data-vars-post-url=\"https:\/\/www.xatakahome.com\/hogar\/donde-yo-vivo-apagon-general-fue-lunes-esto-que-he-aprendido-anos-experiencias-similares\">quedarse sin electricidad<\/a> en casa. Un servicio tan esencial en la vida diaria puede convertirse en un aut\u00e9ntico quebradero de cabeza para las familias cuando la comercializadora suspende el suministro el\u00e9ctrico. Por eso, en este art\u00edculo queremos explicar <strong>qu\u00e9 pasos seguir si te cortan la luz<\/strong>, as\u00ed como los plazos y derechos que amparan al consumidor en estos casos.<\/p>\n<p><!-- BREAK 1 --><\/p>\n<div class=\"article-asset-video article-asset-normal\">\n<div class=\"asset-content\">\n<div class=\"base-asset-video\">\n<div class=\"js-dailymotion\">\n    <script type=\"application\/json\">\n                          {\"videoId\":\"x88tf3k\",\"autoplay\":true,\"title\":\"AHORRA EN TU FACTURA DE LA LUZ: Las MEJORES OPCIONES para conocer los PRECIOS EN TU M\u00d3VIL\", \"tag\":\"webedia-prod\", \"duration\":\"258\"}\n                  <\/script>\n   <\/div>\n<\/p><\/div>\n<\/p><\/div>\n<\/div>\n<p>La electricidad, al igual que el agua, es un bien b\u00e1sico que s<a class=\"text-outboundlink\" href=\"https:\/\/www.xatakahome.com\/hogar\/apagon-me-ha-pillado-nevera-congelador-lleno-esta-comida-que-debo-vigilar\" data-vars-post-title=\"El apag\u00f3n de casi 20 horas ha provocado muchas dudas: una es qu\u00e9 pasa con los alimentos de la nevera\" data-vars-post-url=\"https:\/\/www.xatakahome.com\/hogar\/apagon-me-ha-pillado-nevera-congelador-lleno-esta-comida-que-debo-vigilar\">ostiene nuestra rutina diaria<\/a>. Basta con una interrupci\u00f3n para que nuestro ritmo de vida se detenga en cuesti\u00f3n de minutos. Aunque solemos pensar que un corte de luz es algo poco probable, se trata de una posibilidad real. Por eso, repasaremos los <strong>motivos que pueden provocarlo<\/strong><strong>, los <\/strong><strong>plazos legales<\/strong><strong> antes de que se produzca y los <\/strong><strong>mecanismos de protecci\u00f3n<\/strong> que existen para evitar o retrasar la interrupci\u00f3n del servicio.<\/p>\n<p><!-- BREAK 2 --><\/p>\n<div class=\"toc-container article-asset-normal\">\n<details>\n<summary class=\"toc-header \">\n   <span class=\"toc-heading\"><br \/>\n    <span>\u00cdndice de Contenidos (4)<\/span><br \/>\n   <\/span><br \/>\n   <span class=\"icon-folded\"><\/span><br \/>\n  <\/summary>\n<\/details>\n<div class=\"toc-list-wrap \">\n<div class=\"toc-list-item\">\n<ul class=\"toc-list\">\n<li class=\"toc-item\">\n       <a href=\"https:\/\/www.xatakahome.com\/iluminacion-y-energia\/cortes-luz-impago-plazos-derechos-soluciones-que-debes-conocer-antes-quedarte-a-oscuras-tu-vivienda#cuando-pueden-cortarte-luz-impago-1\" class=\"toc-item-link\">\u00bfCu\u00e1ndo pueden cortarte la luz por impago?<\/a>\n      <\/li>\n<li class=\"toc-item\">\n       <a href=\"https:\/\/www.xatakahome.com\/iluminacion-y-energia\/cortes-luz-impago-plazos-derechos-soluciones-que-debes-conocer-antes-quedarte-a-oscuras-tu-vivienda#plazos-para-pago-2\" class=\"toc-item-link\">Plazos para el pago<\/a>\n      <\/li>\n<li class=\"toc-item\">\n       <a href=\"https:\/\/www.xatakahome.com\/iluminacion-y-energia\/cortes-luz-impago-plazos-derechos-soluciones-que-debes-conocer-antes-quedarte-a-oscuras-tu-vivienda#que-hacer-para-evitar-corte-3\" class=\"toc-item-link\">Que hacer para evitar el corte<\/a>\n      <\/li>\n<li class=\"toc-item\">\n       <a href=\"https:\/\/www.xatakahome.com\/iluminacion-y-energia\/cortes-luz-impago-plazos-derechos-soluciones-que-debes-conocer-antes-quedarte-a-oscuras-tu-vivienda#corte-se-ha-producido-4\" class=\"toc-item-link\">Si el corte ya se ha producido<\/a>\n      <\/li>\n<\/ul><\/div>\n<\/p><\/div>\n<\/div>\n<h2 id=\"cuando-pueden-cortarte-luz-impago-1\" class=\"toc-enabled\"><span class=\"toc-shortcut-icon\" title=\"Ver \u00cdndice de contenido\"><\/span>\u00bfCu\u00e1ndo pueden cortarte la luz por impago?<\/h2>\n<div class=\"article-asset-image article-asset-large article-asset-center\">\n<div class=\"asset-content\">\n<div class=\"caption-img \">\n<p>   <img decoding=\"async\" alt=\"poste el\u00e9ctrico\" class=\"\" src=\"https:\/\/i.blogs.es\/49fd1a\/caglar-oskay-na89nvkaxk8-unsplash\/450_1000.jpeg\"><\/p>\n<p>        <span>Imagen: Caglar Oskay (Unsplash)<\/span>\n   <\/div>\n<\/p><\/div>\n<\/div>\n<p>Un corte de suministro el\u00e9ctrico por impago <strong>no es algo que pueda realizarse de un d\u00eda para otro<\/strong>. Este proceso est\u00e1 regulado por el <a rel=\"noopener, noreferrer\" href=\"https:\/\/www.boe.es\/buscar\/act.php?id=BOE-A-2000-24019\">Real Decreto 1955\/2000, de 1 de diciembre<\/a>, en el que se definen las condiciones de suministro y los derechos de los consumidores el\u00e9ctricos.<\/p>\n<p><!-- BREAK 3 --><\/p>\n<p>Dicha normativa establece que <strong>no se puede interrumpir el suministro sin previo aviso<\/strong> y que deben respetarse una serie de plazos m\u00ednimos antes de proceder.<\/p>\n<p><!-- BREAK 4 --><\/p>\n<div class=\"article-asset article-asset-normal article-asset-center\">\n<div class=\"desvio-container\">\n<div class=\"desvio\">\n<div class=\"desvio-figure js-desvio-figure\">\n    <a href=\"https:\/\/www.xatakahome.com\/hogar\/apagon-me-ha-pillado-nevera-congelador-lleno-esta-comida-que-debo-vigilar\" class=\"pivot-outboundlink\" data-vars-post-title=\"El apag\u00f3n de casi 20 horas ha provocado muchas dudas: una es qu\u00e9 pasa con los alimentos de la nevera\"><br \/>\n     <img loading=\"lazy\" decoding=\"async\" alt=\"El apag\u00f3n de casi 20 horas ha provocado muchas dudas: una es qu\u00e9 pasa con los alimentos de la nevera\" width=\"375\" height=\"142\" src=\"https:\/\/i.blogs.es\/b3061a\/captura-de-pantalla-2025-04-29-a-las-11.04.16\/375_142.jpeg\"><br \/>\n    <\/a>\n   <\/div>\n<div class=\"desvio-summary\">\n<div class=\"desvio-taxonomy js-desvio-taxonomy\">\n     <a href=\"https:\/\/www.xatakahome.com\/hogar\/apagon-me-ha-pillado-nevera-congelador-lleno-esta-comida-que-debo-vigilar\" class=\"desvio-taxonomy-anchor pivot-outboundlink\" data-vars-post-title=\"El apag\u00f3n de casi 20 horas ha provocado muchas dudas: una es qu\u00e9 pasa con los alimentos de la nevera\">En Xataka Smart Home<\/a>\n    <\/div>\n<p>    <a href=\"https:\/\/www.xatakahome.com\/hogar\/apagon-me-ha-pillado-nevera-congelador-lleno-esta-comida-que-debo-vigilar\" class=\"desvio-title js-desvio-title pivot-outboundlink\" data-vars-post-title=\"El apag\u00f3n de casi 20 horas ha provocado muchas dudas: una es qu\u00e9 pasa con los alimentos de la nevera\">El apag\u00f3n de casi 20 horas ha provocado muchas dudas: una es qu\u00e9 pasa con los alimentos de la nevera<\/a>\n   <\/div>\n<\/p><\/div>\n<\/p><\/div>\n<\/div>\n<p>El corte solo puede llevarse a cabo cuando el cliente mantiene facturas impagadas durante un periodo prolongado \u2014<strong>una sola factura pendiente no es motivo suficiente<\/strong>\u2014. Adem\u00e1s, la ley exige que transcurran al menos dos meses desde la reclamaci\u00f3n formal del pago antes de iniciar la suspensi\u00f3n del servicio.<\/p>\n<p><!-- BREAK 5 --><\/p>\n<p><strong>Solo en el caso de que el usuario <\/strong><strong>no haya abonado la deuda<\/strong> ni alcanzado un acuerdo de fraccionamiento o aplazamiento, la comercializadora podr\u00e1 proceder al corte.<\/p>\n<p><!-- BREAK 6 --><\/p>\n<p>Este procedimiento se aplica <strong>tanto a los <\/strong><strong>clientes del mercado regulado<\/strong> (PVPC) <strong>como a los del <\/strong><strong>mercado libre<\/strong> con una potencia contratada igual o inferior a 10 kW. Tal y como cuentan en <a rel=\"noopener, noreferrer\" href=\"https:\/\/www.iberdrola.es\/blog\/luz\/corte-luz-impago-cuando-como\">Iberdrola<\/a>, antes que se produzca la comercializadora debe seguir una serie de pasos establecidos:<\/p>\n<p><!-- BREAK 7 --><\/p>\n<ul>\n<li value=\"1\"><strong>Emisi\u00f3n de la factura:<\/strong> el cliente dispone de 20 d\u00edas naturales para pagar.\u00a0<\/li>\n<li value=\"2\"><strong>Primer aviso:<\/strong> si no se realiza el pago, la empresa env\u00eda un aviso por burofax, correo certificado o medio electr\u00f3nico.\u00a0<\/li>\n<li value=\"3\"><strong>Segundo aviso:<\/strong> si el primer intento no llega a su destino, se repite la notificaci\u00f3n siete d\u00edas h\u00e1biles despu\u00e9s.\u00a0<\/li>\n<li value=\"4\"><strong>Comunicaci\u00f3n a la administraci\u00f3n:<\/strong> si el cliente sigue sin responder y antes de cortar el suministro, la compa\u00f1\u00eda avisa a la Comunidad Aut\u00f3noma para que valore si el cliente tiene derecho a alguna medida de protecci\u00f3n social (por ejemplo, si es consumidor vulnerable)<\/li>\n<li value=\"5\"><strong>Aviso final<\/strong><strong>:<\/strong> antes del corte, la comercializadora debe enviar un nuevo aviso con al menos 15 d\u00edas h\u00e1biles de antelaci\u00f3n, indicando la fecha exacta en la que se suspender\u00e1 el servicio.<\/li>\n<\/ul>\n<div class=\"article-asset-image article-asset-large article-asset-center\">\n<div class=\"asset-content\">\n<p>   <img decoding=\"async\" alt=\"Electricidad\" class=\"\" src=\"https:\/\/i.blogs.es\/4dff7e\/1366_2000\/450_1000.jpeg\"><\/p><\/div>\n<\/div>\n<p>Vemos, por tanto, que existen <strong>dos avisos previos y uno final<\/strong><strong>,<\/strong> adem\u00e1s de un paso intermedio en el que la comercializadora debe informar a la administraci\u00f3n auton\u00f3mica, encargada de valorar si procede aplicar alguna medida de protecci\u00f3n al consumidor.<\/p>\n<p><!-- BREAK 8 --><\/p>\n<p>No obstante, <strong>hay <\/strong><strong>situaciones excepcionales<\/strong> en las que la compa\u00f1\u00eda puede interrumpir el suministro sin necesidad de esperar los plazos habituales ni completar todos los avisos previos. Estas circunstancias son muy concretas y se limitan a casos como los siguientes:<\/p>\n<p><!-- BREAK 9 --><\/p>\n<ul>\n<li value=\"1\"><strong>Enganches ilegales<\/strong><\/li>\n<li value=\"2\"><strong>Manipulaci\u00f3n del contador<\/strong>: alterar los equipos de medida o control constituye una infracci\u00f3n grave.\u00a0<\/li>\n<li value=\"3\"><strong>Instalaciones peligrosas o defectuosas<\/strong> que supongan riesgo de incendio o descarga el\u00e9ctrica.<\/li>\n<li value=\"4\"><strong>Fraude o uso indebido de la electricidad<\/strong> (por ejemplo, derivar energ\u00eda a otro inmueble).<\/li>\n<\/ul>\n<h2 id=\"plazos-para-pago-2\" class=\"toc-enabled\"><span class=\"toc-shortcut-icon\" title=\"Ver \u00cdndice de contenido\"><\/span>Plazos para el pago<\/h2>\n<p>Desde que se emite la factura hasta que se ejecuta el corte <strong>pueden transcurrir entre 45 y 60 d\u00edas<\/strong>. En ning\u00fan caso puede producirse sin avisos previos ni sin ofrecer opciones de pago.<\/p>\n<p><!-- BREAK 10 --><\/p>\n<h2 id=\"que-hacer-para-evitar-corte-3\" class=\"toc-enabled\"><span class=\"toc-shortcut-icon\" title=\"Ver \u00cdndice de contenido\"><\/span>Que hacer para evitar el corte<\/h2>\n<div class=\"article-asset-image article-asset-large article-asset-center\">\n<div class=\"asset-content\">\n<p>   <img decoding=\"async\" alt=\"Corte de luz\" class=\"\" src=\"https:\/\/i.blogs.es\/e3cba0\/captura-de-pantalla-2025-10-17-a-las-11.29.05\/450_1000.jpeg\"><\/p><\/div>\n<\/div>\n<p>Si te encuentras en alguna de las situaciones mencionadas anteriormente y temes un posible corte del suministro el\u00e9ctrico, <strong>existen <\/strong><strong>varias acciones que puedes emprender<\/strong> para evitar que te corten la luz por impago o, al menos, retrasar ese momento.<\/p>\n<p><!-- BREAK 11 --><\/p>\n<p>Lo primero es contactar con la comercializadora en el momento en el que tengas problemas para efectuar el pago. Puedes solicitar un <strong>fraccionamiento o aplazamiento del pago <\/strong>incluso antes de que se cumplan los 20 d\u00edas de plazo.<\/p>\n<p><!-- BREAK 12 --><\/p>\n<div class=\"article-asset article-asset-normal article-asset-center\">\n<div class=\"desvio-container\">\n<div class=\"desvio\">\n<div class=\"desvio-figure js-desvio-figure\">\n    <a href=\"https:\/\/www.xatakahome.com\/hogar\/apagon-me-hizo-descubrir-algo-util-que-linterna-luces-led-recargables-que-instale-armarios\" class=\"pivot-outboundlink\" data-vars-post-title=\"El apag\u00f3n me ha ense\u00f1ado que tengo en casa algo mejor que una linterna: mi \u00faltima compra para los armarios\"><br \/>\n     <img loading=\"lazy\" decoding=\"async\" alt=\"El apag\u00f3n me ha ense\u00f1ado que tengo en casa algo mejor que una linterna: mi \u00faltima compra para los armarios\" width=\"375\" height=\"142\" src=\"https:\/\/i.blogs.es\/7a64c4\/img_0380\/375_142.jpeg\"><br \/>\n    <\/a>\n   <\/div>\n<div class=\"desvio-summary\">\n<div class=\"desvio-taxonomy js-desvio-taxonomy\">\n     <a href=\"https:\/\/www.xatakahome.com\/hogar\/apagon-me-hizo-descubrir-algo-util-que-linterna-luces-led-recargables-que-instale-armarios\" class=\"desvio-taxonomy-anchor pivot-outboundlink\" data-vars-post-title=\"El apag\u00f3n me ha ense\u00f1ado que tengo en casa algo mejor que una linterna: mi \u00faltima compra para los armarios\">En Xataka Smart Home<\/a>\n    <\/div>\n<p>    <a href=\"https:\/\/www.xatakahome.com\/hogar\/apagon-me-hizo-descubrir-algo-util-que-linterna-luces-led-recargables-que-instale-armarios\" class=\"desvio-title js-desvio-title pivot-outboundlink\" data-vars-post-title=\"El apag\u00f3n me ha ense\u00f1ado que tengo en casa algo mejor que una linterna: mi \u00faltima compra para los armarios\">El apag\u00f3n me ha ense\u00f1ado que tengo en casa algo mejor que una linterna: mi \u00faltima compra para los armarios<\/a>\n   <\/div>\n<\/p><\/div>\n<\/p><\/div>\n<\/div>\n<p>Si cumples los requisitos, puedes solicitar el <a class=\"text-outboundlink\" href=\"https:\/\/www.xatakahome.com\/a-fondo\/bono-social-electrico-termico-asi-aumentan-ayudas-como-solicitarlas-para-electricidad-calefaccion\" data-vars-post-title=\"Cambio radical y a peor en el Bono Social: desde ahora tocar\u00e1 pagar m\u00e1s en la factura de la luz\" data-vars-post-url=\"https:\/\/www.xatakahome.com\/a-fondo\/bono-social-electrico-termico-asi-aumentan-ayudas-como-solicitarlas-para-electricidad-calefaccion\">Bono Social El\u00e9ctrico<\/a>, que ofrece <strong>descuentos del 25 % al 65 %<\/strong> y adem\u00e1s, incluye una protecci\u00f3n extra frente al corte del suministro.<\/p>\n<p>Los beneficiarios del bono cuentan adem\u00e1s con el <strong>Suministro M\u00ednimo Vital<\/strong>, que garantiza que no se podr\u00e1 cortar la luz durante al menos cuatro meses despu\u00e9s del impago<\/p>\n<h2 id=\"corte-se-ha-producido-4\" class=\"toc-enabled\"><span class=\"toc-shortcut-icon\" title=\"Ver \u00cdndice de contenido\"><\/span>Si el corte ya se ha producido<\/h2>\n<p>Y si la desconexi\u00f3n de la red ya se ha producido, lo importante es actuar con rapidez. El primer paso siempre debe ser contactar con la comercializadora para <strong>regularizar la deuda o negociar un plan de pago<\/strong>. Una vez regularizada la situaci\u00f3n, la compa\u00f1\u00eda debe restablecer el servicio en un m\u00e1ximo de 24 horas.\u00a0<\/p>\n<p>La ley obliga a las compa\u00f1\u00edas a <strong>notificar el impago con al menos dos meses de antelaci\u00f3n<\/strong>, adem\u00e1s de informar al usuario sobre sus derechos y las ayudas disponibles.<\/p>\n<p>Ten en cuenta que si han pasado m\u00e1s de dos meses desde el corte y no se ha abonado la deuda, <strong>el contrato puede darse de baja<\/strong> y ser\u00e1 necesario firmar uno nuevo para recuperar el suministro.<\/p>\n<p>En Xataka SmartHome | <a class=\"text-outboundlink\" href=\"https:\/\/www.xatakahome.com\/iluminacion-y-energia\/bono-social-termico-2025-como-solicitar-ayudas-373-euros-tu-factura-gas\" data-vars-post-title=\"Bono social t\u00e9rmico 2025: c\u00f3mo solicitar las ayudas de hasta 373 euros en tu factura de gas \" data-vars-post-url=\"https:\/\/www.xatakahome.com\/iluminacion-y-energia\/bono-social-termico-2025-como-solicitar-ayudas-373-euros-tu-factura-gas\" target=\"_blank\">Bono social t\u00e9rmico 2025: c\u00f3mo solicitar las ayudas de hasta 373 euros en tu factura de gas<\/a><\/p>\n<p><\/p>\n<p><\/p>\n<p><!-- BREAK 13 --><script>\n (function() {\n  window._JS_MODULES = window._JS_MODULES || {};\n  var headElement = document.getElementsByTagName('head')[0];\n  if (_JS_MODULES.instagram) {\n   var instagramScript = document.createElement('script');\n   instagramScript.src = 'https:\/\/platform.instagram.com\/en_US\/embeds.js';\n   instagramScript.async = true;\n   instagramScript.defer = true;\n   headElement.appendChild(instagramScript);\n  }\n })();\n<\/script><\/p>\n<p> &#8211; <br \/> La noticia<br \/>\n      <a href=\"https:\/\/www.xatakahome.com\/iluminacion-y-energia\/cortes-luz-impago-plazos-derechos-soluciones-que-debes-conocer-antes-quedarte-a-oscuras-tu-vivienda?utm_source=feedburner&amp;utm_medium=feed&amp;utm_campaign=18_Oct_2025\"><br \/>\n       <em> Cortes de luz por impago: plazos, derechos y soluciones que debes conocer antes de quedarte a oscuras en tu vivienda  <\/em><br \/>\n      <\/a><br \/>\n      fue publicada originalmente en<br \/>\n      <a href=\"https:\/\/www.xatakahome.com\/?utm_source=feedburner&amp;utm_medium=feed&amp;utm_campaign=18_Oct_2025\"><br \/>\n       <strong> Xataka Smart Home <\/strong><br \/>\n      <\/a><br \/>\n             por <a href=\"https:\/\/www.xatakahome.com\/autor\/jose-antonio-carmona?utm_source=feedburner&amp;utm_medium=feed&amp;utm_campaign=18_Oct_2025\"><br \/>\n        Jose Antonio Carmona<br \/>\n       <\/a><br \/>\n      . <\/p>\n<\/div>\n","protected":false},"excerpt":{"rendered":"<p>Seguramente hayas escuchado en las noticias alg\u00fan caso de cortes de luz\u00a0por impago. Las situaciones son muy diversas y cada hogar tiene sus propias circunstancias que pueden desembocar en este problema. Sin embargo, no todo el mundo sabe c\u00f3mo debe actuar si se encuentra en una situaci\u00f3n as\u00ed. El apag\u00f3n de esta primavera nos record\u00f3 &hellip; <a href=\"https:\/\/domosistemas.com\/?p=30322\" class=\"more-link\">Sigue leyendo <span class=\"screen-reader-text\">Cortes de luz por impago: plazos, derechos y soluciones que debes conocer antes de quedarte a oscuras en tu vivienda<\/span><\/a><\/p>\n","protected":false},"author":1,"featured_media":0,"comment_status":"closed","ping_status":"closed","sticky":false,"template":"","format":"standard","meta":{"footnotes":""},"categories":[8],"tags":[],"class_list":["post-30322","post","type-post","status-publish","format-standard","hentry","category-xataka"],"_links":{"self":[{"href":"https:\/\/domosistemas.com\/index.php?rest_route=\/wp\/v2\/posts\/30322","targetHints":{"allow":["GET"]}}],"collection":[{"href":"https:\/\/domosistemas.com\/index.php?rest_route=\/wp\/v2\/posts"}],"about":[{"href":"https:\/\/domosistemas.com\/index.php?rest_route=\/wp\/v2\/types\/post"}],"author":[{"embeddable":true,"href":"https:\/\/domosistemas.com\/index.php?rest_route=\/wp\/v2\/users\/1"}],"replies":[{"embeddable":true,"href":"https:\/\/domosistemas.com\/index.php?rest_route=%2Fwp%2Fv2%2Fcomments&post=30322"}],"version-history":[{"count":0,"href":"https:\/\/domosistemas.com\/index.php?rest_route=\/wp\/v2\/posts\/30322\/revisions"}],"wp:attachment":[{"href":"https:\/\/domosistemas.com\/index.php?rest_route=%2Fwp%2Fv2%2Fmedia&parent=30322"}],"wp:term":[{"taxonomy":"category","embeddable":true,"href":"https:\/\/domosistemas.com\/index.php?rest_route=%2Fwp%2Fv2%2Fcategories&post=30322"},{"taxonomy":"post_tag","embeddable":true,"href":"https:\/\/domosistemas.com\/index.php?rest_route=%2Fwp%2Fv2%2Ftags&post=30322"}],"curies":[{"name":"wp","href":"https:\/\/api.w.org\/{rel}","templated":true}]}}