{"id":30336,"date":"2025-10-20T07:01:00","date_gmt":"2025-10-20T07:01:00","guid":{"rendered":"https:\/\/domosistemas.com\/?p=30336"},"modified":"2025-10-20T07:01:00","modified_gmt":"2025-10-20T07:01:00","slug":"llega-el-cambio-al-horario-de-invierno-de-2025-cuando-es-como-afecta-a-tu-factura-electrica-y-como-puede-influir-en-tu-salud","status":"publish","type":"post","link":"https:\/\/domosistemas.com\/?p=30336","title":{"rendered":"Llega el cambio al horario de invierno de 2025: cu\u00e1ndo es, c\u00f3mo afecta a tu factura el\u00e9ctrica y c\u00f3mo puede influir en tu salud"},"content":{"rendered":"<div>\n<p>\n      <img decoding=\"async\" src=\"https:\/\/i.blogs.es\/e10ad3\/mpho-mojapelo-i84vguygutq-unsplash\/1024_2000.jpeg\" alt=\"Llega el cambio al horario de invierno de 2025: cu\u00e1ndo es, c\u00f3mo afecta a tu factura el\u00e9ctrica y c\u00f3mo puede influir en tu salud \">\n    <\/p>\n<\/p>\n<p>!Ya est\u00e1 aqu\u00ed! Llega otra vez ese d\u00eda del a\u00f1o en el que <strong>cambiamos al horario de invierno<\/strong>, una acci\u00f3n que todos tendremos que <a class=\"text-outboundlink\" href=\"https:\/\/www.xatakahome.com\/curiosidades\/pronto-habra-que-atrasar-hora-estos-dispositivos-que-no-tendras-que-tocar-casa-inteligente-ha-cambiado-todo\" data-vars-post-title=\"Hoy toca el cambio de hora y estos son los dispositivos que no tendr\u00e1s que tocar. La casa inteligente lo ha cambiado todo\" data-vars-post-url=\"https:\/\/www.xatakahome.com\/curiosidades\/pronto-habra-que-atrasar-hora-estos-dispositivos-que-no-tendras-que-tocar-casa-inteligente-ha-cambiado-todo\">realizar de forma manual o autom\u00e1tica<\/a> en nuestros relojes y dispositivos, y que este 2025, como es costumbre, tendr\u00e1 lugar en el \u00faltimo fin de semana del mes.<\/p>\n<p><strong>\u00bfCu\u00e1ndo ser\u00e1 el cambio de hora de invierno de 2025?<\/strong> Se producir\u00e1 la madrugada del<strong> s\u00e1bado 25 de octubre al domingo 26 octubre, <\/strong>cuando <strong>a las 3:00 <\/strong><strong>horas<\/strong> los relojes se atrasar\u00e1n una hora, volviendo a<strong> las 2:00 horas.<\/strong><\/p>\n<p><strong>Es decir, a las tres de la madrugada pasar\u00e1n a ser las dos (hora peninsular)<\/strong>, justo lo contrario que sucede en el cambio de horario de verano. Parece poca cosa, pero este peque\u00f1o y aparentemente inofensivo cambio puede tener algunas consecuencias como ciertos <a class=\"text-outboundlink\" href=\"https:\/\/www.xataka.com\/medicina-y-salud\/este-fin-de-semana-pasaremos-al-horario-de-invierno-y-asi-es-como-nos-afectara-el-cambio\" data-vars-post-title=\"As\u00ed nos afecta el cambio de hora: las consecuencias de atrasar el reloj\" data-vars-post-url=\"https:\/\/www.xataka.com\/medicina-y-salud\/este-fin-de-semana-pasaremos-al-horario-de-invierno-y-asi-es-como-nos-afectara-el-cambio\">desarreglos fisiol\u00f3gicos<\/a> o incluso repercutir en nuestro gasto el\u00e9ctrico a final de mes. \u00bfPor qu\u00e9?, \u00bfcu\u00e1les son los efectos m\u00e1s destacados que puede ocasionarnos?<\/p>\n<p><!-- BREAK 1 --><\/p>\n<div class=\"toc-container article-asset-normal\">\n<details>\n<summary class=\"toc-header \">\n   <span class=\"toc-heading\"><br \/>\n    <span>\u00cdndice de Contenidos (2)<\/span><br \/>\n   <\/span><br \/>\n   <span class=\"icon-folded\"><\/span><br \/>\n  <\/summary>\n<\/details>\n<div class=\"toc-list-wrap \">\n<div class=\"toc-list-item\">\n<ul class=\"toc-list\">\n<li class=\"toc-item\">\n       <a href=\"https:\/\/www.xatakahome.com\/hogar\/llega-cambio-al-horario-invierno-2025-cuando-como-afecta-a-tu-factura-electrica-como-puede-influir-tu-salud#cambio-hora-efectos-factura-electrica-1\" class=\"toc-item-link\">Cambio de hora, efectos en la factura el\u00e9ctrica<\/a>\n      <\/li>\n<li class=\"toc-item\">\n       <a href=\"https:\/\/www.xatakahome.com\/hogar\/llega-cambio-al-horario-invierno-2025-cuando-como-afecta-a-tu-factura-electrica-como-puede-influir-tu-salud#como-afecta-cambio-horario-a-nuestra-salud-2\" class=\"toc-item-link\">C\u00f3mo afecta el cambio horario a nuestra salud<\/a>\n      <\/li>\n<\/ul><\/div>\n<\/p><\/div>\n<\/div>\n<div class=\"article-asset article-asset-normal article-asset-center\">\n<div class=\"desvio-container\">\n<div class=\"desvio\">\n<div class=\"desvio-figure js-desvio-figure\">\n    <a href=\"https:\/\/www.xatakahome.com\/a-fondo\/como-saber-que-precio-tendra-luz-manana-tienes-tarifa-mercado-libre-como-regulado\" class=\"pivot-outboundlink\" data-vars-post-title=\"C\u00f3mo saber qu\u00e9 precio tendr\u00e1 la luz ma\u00f1ana tanto si tienes una tarifa en el mercado libre como en el regulado\"><br \/>\n     <img loading=\"lazy\" decoding=\"async\" alt=\"C\u00f3mo saber qu\u00e9 precio tendr\u00e1 la luz ma\u00f1ana tanto si tienes una tarifa en el mercado libre como en el regulado\" width=\"375\" height=\"142\" src=\"https:\/\/i.blogs.es\/bad682\/jason-leung-6kb5c7_3cu0-unsplash\/375_142.jpg\"><br \/>\n    <\/a>\n   <\/div>\n<div class=\"desvio-summary\">\n<div class=\"desvio-taxonomy js-desvio-taxonomy\">\n     <a href=\"https:\/\/www.xatakahome.com\/a-fondo\/como-saber-que-precio-tendra-luz-manana-tienes-tarifa-mercado-libre-como-regulado\" class=\"desvio-taxonomy-anchor pivot-outboundlink\" data-vars-post-title=\"C\u00f3mo saber qu\u00e9 precio tendr\u00e1 la luz ma\u00f1ana tanto si tienes una tarifa en el mercado libre como en el regulado\">En Xataka Smart Home<\/a>\n    <\/div>\n<p>    <a href=\"https:\/\/www.xatakahome.com\/a-fondo\/como-saber-que-precio-tendra-luz-manana-tienes-tarifa-mercado-libre-como-regulado\" class=\"desvio-title js-desvio-title pivot-outboundlink\" data-vars-post-title=\"C\u00f3mo saber qu\u00e9 precio tendr\u00e1 la luz ma\u00f1ana tanto si tienes una tarifa en el mercado libre como en el regulado\">C\u00f3mo saber qu\u00e9 precio tendr\u00e1 la luz ma\u00f1ana tanto si tienes una tarifa en el mercado libre como en el regulado<\/a>\n   <\/div>\n<\/p><\/div>\n<\/p><\/div>\n<\/div>\n<h2 id=\"cambio-hora-efectos-factura-electrica-1\" class=\"toc-enabled\"><span class=\"toc-shortcut-icon\" title=\"Ver \u00cdndice de contenido\"><\/span>Cambio de hora, efectos en la factura el\u00e9ctrica<\/h2>\n<p>El cambio de hora es una medida que fue <a class=\"text-outboundlink\" href=\"https:\/\/www.xataka.com\/basics\/cambio-hora-invierno-2022-que-dia-que-se-hace-que-pasa-tus-dispositivos\" data-vars-post-title=\"Cambio de hora de invierno del 2022: qu\u00e9 d\u00eda es, por qu\u00e9 se hace, y qu\u00e9 pasa con tus dispositivos\" data-vars-post-url=\"https:\/\/www.xataka.com\/basics\/cambio-hora-invierno-2022-que-dia-que-se-hace-que-pasa-tus-dispositivos\">aplicada por primera vez<\/a> a principios del siglo XX y que posteriormente cerca de <a rel=\"noopener, noreferrer\" href=\"https:\/\/www.statista.com\/chart\/24473\/countries-changing-clock-daylight-savings\/\">un 40% de pa\u00edses<\/a> en todo el mundo han venido acogiendo con el argumento generalizado de que <a class=\"text-outboundlink\" href=\"https:\/\/www.xataka.com\/investigacion\/muchos-paises-que-decidieron-acabar-cambio-hora-pocos-que-han-regresado-a\" data-vars-post-title=\"Son muchos los pa\u00edses que decidieron acabar con el cambio de hora (y pocos los que han regresado a \u00e9l)\" data-vars-post-url=\"https:\/\/www.xataka.com\/investigacion\/muchos-paises-que-decidieron-acabar-cambio-hora-pocos-que-han-regresado-a\">se consigue un mayor ahorro energ\u00e9tico<\/a>, adem\u00e1s de que los ciudadanos podemos <strong>aprovechar mejor la luz natural del sol<\/strong>.<\/p>\n<p><!-- BREAK 2 --><\/p>\n<div class=\"article-asset-image article-asset-normal article-asset-center\">\n<div class=\"asset-content\">\n<p>   <img decoding=\"async\" alt=\"mapa\" class=\"centro_sinmarco\" src=\"https:\/\/i.blogs.es\/2d960a\/1366_2000mapamundo\/450_1000.jpeg\"><\/p><\/div>\n<\/div>\n<p>Sin embargo, si bien es cierto que en espacios con grandes sistemas de iluminaci\u00f3n artificial (empresas, comercios, oficinas, f\u00e1bricas, etc.) es posible lograr un ahorro econ\u00f3mico importante, <strong>en los hogares la medida puede incluso ser contraproducente<\/strong>, ya que este desplazamiento del horario de luz natural <strong>no coincide con los precios bajos de la electricidad para uso dom\u00e9stico<\/strong>.<\/p>\n<p>El principal motivo para que a los consumidores dom\u00e9sticos no nos beneficie el cambio de horario lo encontramos en c\u00f3mo se comporta el precio de la electricidad. \u00bfPor qu\u00e9? Pues porque la facturaci\u00f3n de nuestra compa\u00f1\u00eda el\u00e9ctrica va a mantenerse igual que antes, tengamos la tarifa que tengamos.\u00a0<\/p>\n<p>La mayor\u00eda de los d\u00edas, las horas con el precio de la electricidad m\u00e1s barato se sit\u00faan en la franja que va <strong>de las 14:00 a las 16:00<\/strong> de la tarde con tarifas indexadas como la PVPC. Por su parte, el horario m\u00e1s caro est\u00e1 habitualmente en la franja que comprende <strong>de las 20:00 a las 22:00<\/strong>.<\/p>\n<p><!-- BREAK 3 --><\/p>\n<div class=\"article-asset-image article-asset-normal article-asset-center\">\n<div class=\"asset-content\">\n<div class=\"caption-img \">\n<p>   <img decoding=\"async\" alt=\"Horario Precio Luz\" class=\"centro_sinmarco\" src=\"https:\/\/i.blogs.es\/4505b4\/horario-precio-luz\/450_1000.jpeg\"><\/p>\n<p>        <span>Horas m\u00e1s caras y baratas reales en septiembre para el precio de la luz. Fuente: Xataka Smart Home<\/span>\n   <\/div>\n<\/p><\/div>\n<\/div>\n<p>Y con el paso al horario de invierno lo que estamos haciendo es b\u00e1sicamente <strong>ganar una hora de luz natural al amanecer<\/strong>, tramo que como podemos ver en el gr\u00e1fico de precios medios tiene un <strong>coste intermedio<\/strong> de la electricidad para consumidores dom\u00e9sticos entre las 06:00 y las 13:00 horas, mientras que <strong>perdemos una hora de luz natural por la tarde-noche<\/strong>, que como podemos observar es donde se sit\u00faa la franja con <strong>precios m\u00e1s elevados<\/strong>.<\/p>\n<p>De hecho, si contamos con una tarifa como la PVPC el cambio al horario de invierno puede perjudicarnos, puesto que dependiendo del uso que hagamos en el hogar, de cu\u00e1ndo nos levantemos y acostemos, nos obliga a tener que <strong>encender las luces de casa una hora antes por las noches<\/strong>, <strong>justo en el horario donde la electricidad est\u00e1 en media m\u00e1s cara,<\/strong> lo contrario que sucede cuando pasamos al horario de verano.<\/p>\n<p>Por todo ello, el cambio horario de invierno puede ocasionarnos un cierto <strong>incremento en la factura el\u00e9ctrica<\/strong> a final de mes, aunque tambi\u00e9n hay que considerar c\u00f3mo de importante puede llegar a ser este coste. En la pr\u00e1ctica, la realidad es que la mayor\u00eda de familias sigue manteniendo sus h\u00e1bitos de uso de electrodom\u00e9sticos con independencia del horario de la luz natural (frigor\u00edficos, lavadoras, hornos, etc. se usan igual sin importar el cambio de hora), causando el cambio horario solo <strong>variaciones en el uso de la electricidad para generar luz.\u00a0<\/strong><\/p>\n<p>Es decir, en general lo que variamos es <strong>cu\u00e1ndo encendemos las bombillas<\/strong> de casa. Y puesto que la mayor\u00eda de viviendas contamos ya con <strong>bombillas de tipo LED de muy bajo consumo<\/strong>, tener encendida una hora m\u00e1s cada d\u00eda la iluminaci\u00f3n de casa en general no supone una diferencia notable.<\/p>\n<p>Por ejemplo, suponiendo un caso t\u00edpico en el que tengamos <strong>cuatro o cinco bombillas LED<\/strong> encendidas de m\u00e1s cada d\u00eda una hora por la tarde, cada una gastando 5 o 6 vatios, el consumo diario extra ser\u00e1 de entre 20-30 vatios. Extrapolando a todo un mes tenemos entre 600 y 900 vatios, que si tomamos un precio medio de la electricidad de 0,25 euros por kilovatio en esa hora de tarde-noche nos da un gasto extra de unos<strong> 0,22 euros al mes;<\/strong> insignificante.<\/p>\n<p><!-- BREAK 4 --><\/p>\n<div class=\"article-asset-video article-asset-normal\">\n<div class=\"asset-content\">\n<div class=\"base-asset-video\">\n<div class=\"js-dailymotion\">\n    <script type=\"application\/json\">\n                          {\"videoId\":\"x84et70\",\"autoplay\":true,\"title\":\"7 Razones para NO hacer el cambio de hora\", \"tag\":\"Cambio horario\"}\n                  <\/script>\n   <\/div>\n<\/p><\/div>\n<\/p><\/div>\n<\/div>\n<h2 id=\"como-afecta-cambio-horario-a-nuestra-salud-2\" class=\"toc-enabled\"><span class=\"toc-shortcut-icon\" title=\"Ver \u00cdndice de contenido\"><\/span>C\u00f3mo afecta el cambio horario a nuestra salud<\/h2>\n<p>Pero m\u00e1s all\u00e1 de la factura el\u00e9ctrica, el cambio horario tambi\u00e9n puede afectarnos a nivel fisiol\u00f3gico, ya que cambia lo que se conoce como <a class=\"text-outboundlink\" href=\"https:\/\/www.xataka.com\/medicina-y-salud\/cuerpo-tiene-su-propia-hora-interna-este-test-sangre-promete-decirte-cual-precision\" data-vars-post-title=\"El cuerpo tiene su propia hora interna, y este test de sangre promete decirte cu\u00e1l es con precisi\u00f3n\" data-vars-post-url=\"https:\/\/www.xataka.com\/medicina-y-salud\/cuerpo-tiene-su-propia-hora-interna-este-test-sangre-promete-decirte-cual-precision\">ritmo circadiano<\/a>. Es algo as\u00ed como el reloj interno de nuestro organismo que ayuda a regular el funcionamiento f\u00edsico y mental, estando a cargo de innumerables <strong>procesos fisiol\u00f3gicos<\/strong>.\u00a0<\/p>\n<p>De \u00e9l dependen aspectos tan cotidianos pero importantes como la hora a la que tenemos hambre, a la que tenemos sue\u00f1o, cu\u00e1ndo estamos m\u00e1s despiertos y activos o cu\u00e1ndo m\u00e1s aletargados y en estado de reposo.\u00a0Y modificar artificialmente este reloj puede provocar malestar temporal o, incluso, enfermedades m\u00e1s o menos graves a largo plazo sobre todo si se modifican los <strong>h\u00e1bitos de exposici\u00f3n a la luz solar<\/strong>.<\/p>\n<p>Este \u00faltimo punto es el que <a rel=\"noopener, noreferrer\" href=\"https:\/\/med.stanford.edu\/news\/all-news\/2025\/09\/daylight-saving-time.html\">Investigadores de Stanford Medicine\u00a0han\u00a0estudiado<\/a> recientemente para saber c\u00f3mo afectaban a dichos ritmos aplicar tres pol\u00edticas horarias diferentes: el<strong> horario de invierno, el de verano y el horario con cambio bianual.\u00a0<\/strong>Para ello analizaron la exposici\u00f3n real a la luz bajo cada pol\u00edtica, bas\u00e1ndose en las horas locales de salida y puesta del sol, observando el impacto en los ritmos circadianos y las caracter\u00edsticas sociosanitarias de cada condado norteamericano.\u00a0<\/p>\n<p><strong>\u00bfCu\u00e1les han sido los resultados? <\/strong>Se dieron cuenta de que \u00abmantener el horario est\u00e1ndar o el horario de verano es mejor que cambiar dos veces al a\u00f1o\u00bb. Seg\u00fan sus datos, el horario de invierno \u00abevitar\u00eda unos 300.000 casos de ictus al a\u00f1o y reducir\u00eda la obesidad en 2,6 millones de personas\u00bb. El horario de verano permanente, por su parte, \u00ablograr\u00eda aproximadamente dos tercios del mismo efecto\u00bb. Seg\u00fan <a rel=\"noopener, noreferrer\" href=\"https:\/\/med.stanford.edu\/news\/all-news\/2025\/09\/daylight-saving-time.html\">explicaba<\/a>\u00a0<a rel=\"noopener, noreferrer\" href=\"https:\/\/profiles.stanford.edu\/jamie-zeitzer\">Jamie Zeitzer<\/a>, profesor de psiquiatr\u00eda y ciencias del comportamiento de la Universidad de Standford:<\/p>\n<blockquote><p>Cuando hay luz por la ma\u00f1ana, se acelera el ciclo circadiano. Cuando hay luz por la tarde, se ralentiza [&#8230;]. Generalmente se necesita m\u00e1s luz matutina y menos luz vespertina para mantener una buena sincronizaci\u00f3n con un d\u00eda de 24 horas<\/p><\/blockquote>\n<p>Este estudio da indicaciones interesantes sobre el efecto del cambio horario, aunque est\u00e1 lejos de ofrecer una respuesta absoluta y definitiva sobre si es bueno o malo variar dichos horarios a largo plazo. No obstante, lo que s\u00ed est\u00e1 claro es que a corto plazo podemos sufrir <strong>peque\u00f1os desajustes de sue\u00f1o<\/strong> o sentir m\u00e1s cansancio de lo normal, situaciones que suelen durar unos pocos d\u00edas tras el nuevo horario.<\/p>\n<p>Imagen portada | <a rel=\"noopener, noreferrer\" href=\"https:\/\/unsplash.com\/es\/@mpho_mojapelo\">Mpho Mojapelo<\/a><\/p>\n<p>En Xataka Smart Home | <a class=\"text-outboundlink\" href=\"https:\/\/www.xatakahome.com\/a-fondo\/como-saber-que-precio-tendra-luz-manana-tienes-tarifa-mercado-libre-como-regulado\" data-vars-post-title=\"C\u00f3mo saber qu\u00e9 precio tendr\u00e1 la luz ma\u00f1ana tanto si tienes una tarifa en el mercado libre como en el regulado\" data-vars-post-url=\"https:\/\/www.xatakahome.com\/a-fondo\/como-saber-que-precio-tendra-luz-manana-tienes-tarifa-mercado-libre-como-regulado\">C\u00f3mo saber qu\u00e9 precio tendr\u00e1 la luz ma\u00f1ana tanto si tienes una tarifa en el mercado libre como en el regulado<\/a><\/p>\n<p><!-- BREAK 5 --><script>\n (function() {\n  window._JS_MODULES = window._JS_MODULES || {};\n  var headElement = document.getElementsByTagName('head')[0];\n  if (_JS_MODULES.instagram) {\n   var instagramScript = document.createElement('script');\n   instagramScript.src = 'https:\/\/platform.instagram.com\/en_US\/embeds.js';\n   instagramScript.async = true;\n   instagramScript.defer = true;\n   headElement.appendChild(instagramScript);\n  }\n })();\n<\/script><\/p>\n<p> &#8211; <br \/> La noticia<br \/>\n      <a href=\"https:\/\/www.xatakahome.com\/hogar\/llega-cambio-al-horario-invierno-2025-cuando-como-afecta-a-tu-factura-electrica-como-puede-influir-tu-salud?utm_source=feedburner&amp;utm_medium=feed&amp;utm_campaign=20_Oct_2025\"><br \/>\n       <em> Llega el cambio al horario de invierno de 2025: cu\u00e1ndo es, c\u00f3mo afecta a tu factura el\u00e9ctrica y c\u00f3mo puede influir en tu salud  <\/em><br \/>\n      <\/a><br \/>\n      fue publicada originalmente en<br \/>\n      <a href=\"https:\/\/www.xatakahome.com\/?utm_source=feedburner&amp;utm_medium=feed&amp;utm_campaign=20_Oct_2025\"><br \/>\n       <strong> Xataka Smart Home <\/strong><br \/>\n      <\/a><br \/>\n             por <a href=\"https:\/\/www.xatakahome.com\/autor\/paco-rodriguez?utm_source=feedburner&amp;utm_medium=feed&amp;utm_campaign=20_Oct_2025\"><br \/>\n        Paco Rodr\u00edguez<br \/>\n       <\/a><br \/>\n      . <\/p>\n<\/div>\n","protected":false},"excerpt":{"rendered":"<p>!Ya est\u00e1 aqu\u00ed! Llega otra vez ese d\u00eda del a\u00f1o en el que cambiamos al horario de invierno, una acci\u00f3n que todos tendremos que realizar de forma manual o autom\u00e1tica en nuestros relojes y dispositivos, y que este 2025, como es costumbre, tendr\u00e1 lugar en el \u00faltimo fin de semana del mes. \u00bfCu\u00e1ndo ser\u00e1 el &hellip; <a href=\"https:\/\/domosistemas.com\/?p=30336\" class=\"more-link\">Sigue leyendo <span class=\"screen-reader-text\">Llega el cambio al horario de invierno de 2025: cu\u00e1ndo es, c\u00f3mo afecta a tu factura el\u00e9ctrica y c\u00f3mo puede influir en tu salud<\/span><\/a><\/p>\n","protected":false},"author":1,"featured_media":0,"comment_status":"closed","ping_status":"closed","sticky":false,"template":"","format":"standard","meta":{"footnotes":""},"categories":[8],"tags":[],"class_list":["post-30336","post","type-post","status-publish","format-standard","hentry","category-xataka"],"_links":{"self":[{"href":"https:\/\/domosistemas.com\/index.php?rest_route=\/wp\/v2\/posts\/30336","targetHints":{"allow":["GET"]}}],"collection":[{"href":"https:\/\/domosistemas.com\/index.php?rest_route=\/wp\/v2\/posts"}],"about":[{"href":"https:\/\/domosistemas.com\/index.php?rest_route=\/wp\/v2\/types\/post"}],"author":[{"embeddable":true,"href":"https:\/\/domosistemas.com\/index.php?rest_route=\/wp\/v2\/users\/1"}],"replies":[{"embeddable":true,"href":"https:\/\/domosistemas.com\/index.php?rest_route=%2Fwp%2Fv2%2Fcomments&post=30336"}],"version-history":[{"count":0,"href":"https:\/\/domosistemas.com\/index.php?rest_route=\/wp\/v2\/posts\/30336\/revisions"}],"wp:attachment":[{"href":"https:\/\/domosistemas.com\/index.php?rest_route=%2Fwp%2Fv2%2Fmedia&parent=30336"}],"wp:term":[{"taxonomy":"category","embeddable":true,"href":"https:\/\/domosistemas.com\/index.php?rest_route=%2Fwp%2Fv2%2Fcategories&post=30336"},{"taxonomy":"post_tag","embeddable":true,"href":"https:\/\/domosistemas.com\/index.php?rest_route=%2Fwp%2Fv2%2Ftags&post=30336"}],"curies":[{"name":"wp","href":"https:\/\/api.w.org\/{rel}","templated":true}]}}