{"id":30623,"date":"2025-11-14T08:46:12","date_gmt":"2025-11-14T08:46:12","guid":{"rendered":"https:\/\/domosistemas.com\/?p=30623"},"modified":"2025-11-14T08:46:12","modified_gmt":"2025-11-14T08:46:12","slug":"manana-llega-a-aldi-esta-corona-navidena-con-led-por-menos-de-12-euros-ideal-para-decorar-tu-hogar-en-navidad","status":"publish","type":"post","link":"https:\/\/domosistemas.com\/?p=30623","title":{"rendered":"Ma\u00f1ana llega a Aldi esta corona navide\u00f1a con LED por menos de 12 euros: ideal para decorar tu hogar en Navidad"},"content":{"rendered":"<div>\n<p>\n      <img decoding=\"async\" src=\"https:\/\/i.blogs.es\/be9916\/aldi-6-\/1024_2000.jpeg\" alt=\"Ma\u00f1ana llega a Aldi esta corona navide\u00f1a con LED por menos de 12 euros: ideal para decorar tu hogar en Navidad \">\n    <\/p>\n<\/p>\n<p>Aunque es el Puente de Diciembre el que da el pistoletazo de salida a la <a class=\"text-outboundlink\" href=\"https:\/\/www.xatakahome.com\/hogar\/cuando-hay-que-poner-decoracion-navidena-esta-tradicion\" data-vars-post-title=\"Cu\u00e1ndo hay que poner la decoraci\u00f3n navide\u00f1a: esta es la tradici\u00f3n \" data-vars-post-url=\"https:\/\/www.xatakahome.com\/hogar\/cuando-hay-que-poner-decoracion-navidena-esta-tradicion\">decoraci\u00f3n navide\u00f1a<\/a>, es cierto que muchos ya se adelantan e incluso en noviembre empiezan a montar el <strong>\u00e1rbol de Navidad<\/strong>.<\/p>\n<p><!-- BREAK 1 --><\/p>\n<p>Bien porque quieras montar ya toda la decoraci\u00f3n navide\u00f1a de tu hogar o est\u00e9s pensando en <strong>comprar adornos nuevos<\/strong>, ma\u00f1ana llega a Aldi un producto que te va a interesar. Se trata de esta <a rel=\"noopener, noreferrer\" href=\"https:\/\/www.aldi.es\/ofertas\/desde-15-noviembre\/corona-navidena-led-6016087-0-0.article.html\">corona navide\u00f1a con LED<\/a>.<\/p>\n<p><!-- BREAK 2 --><\/p>\n<p>Su precio es de solo 11,99 euros y resulta una opci\u00f3n muy elegante para decorar la mesa o colgar en la puerta. Tiene un di\u00e1metro de 40 cm, funciona con tres pilas AAA e incorpora<strong> cuatro portavelas plateados<\/strong>. La luz que ofrece es blanca c\u00e1lida y cuenta con un temporizador de 6 horas encendida y 18 horas apagada.<\/p>\n<p><!-- BREAK 3 --><\/p>\n<h2>Si no llegas a conseguir este chollo, hay otra alternativa<\/h2>\n<div class=\"article-asset-image article-asset-normal article-asset-center\">\n<div class=\"asset-content\">\n                    <a rel=\"nofollow, sponsored, noopener, noreferrer\" target=\"_blank\" class=\"js-ecommerce\" id=\"link-ecommerce-1\" href=\"https:\/\/www.xatakahome.com\/redirect?url=https%3A%2F%2Fwww.amazon.es%2FZQEJEFD-Colgante-Guirnalda-Decoraci%25C3%25B3n-Decorativa%2Fdp%2FB0D637VVGY%2F&amp;category=seleccion&amp;ecomPostExpiration=perish&amp;postId=120048\" data-vars-affiliate-url=\"https:\/\/www.amazon.es\/ZQEJEFD-Colgante-Guirnalda-Decoraci%C3%B3n-Decorativa\/dp\/B0D637VVGY\/\"><\/p>\n<p>    <img decoding=\"async\" alt=\"Corona Navidena\" class=\"centro_sinmarco\" src=\"https:\/\/i.blogs.es\/1242f8\/corona-navidena\/450_1000.jpeg\"><br \/>\n     <\/a><\/p><\/div>\n<\/div>\n<p>De momento, Aldi no cuenta con tienda online, por lo que si no tienes un supermercado de la cadena cerca, o cuando llegues ya no queda ninguna unidad de esta corona navide\u00f1a; te ofrecemos una <strong>alternativa de Amazon<\/strong> igual de interesante.<\/p>\n<p><!-- BREAK 4 --><\/p>\n<p>Esta corona de Navidad cuesta <a rel=\"nofollow, sponsored, noopener, noreferrer\" target=\"_blank\" class=\"js-ecommerce\" id=\"link-ecommerce-2\" href=\"https:\/\/www.xatakahome.com\/redirect?url=https%3A%2F%2Fwww.amazon.es%2FZQEJEFD-Colgante-Guirnalda-Decoraci%25C3%25B3n-Decorativa%2Fdp%2FB0D637VVGY%2F&amp;category=seleccion&amp;ecomPostExpiration=perish&amp;postId=120048\" data-vars-affiliate-url=\"https:\/\/www.amazon.es\/ZQEJEFD-Colgante-Guirnalda-Decoraci%C3%B3n-Decorativa\/dp\/B0D637VVGY\/\">14,99 euros<\/a> y, aunque tiene un di\u00e1metro menor que la de Aldi (30 cm), sigue siendo una opci\u00f3n muy decorativa para tu hogar. Adem\u00e1s, viene con much\u00edsimos detalles navide\u00f1os.<\/p>\n<p><!-- BREAK 5 --><esi:include src=\"\/modules\/pivot-ecommerce\/26596?ecommerce_expiration=perish&amp;category=seleccion&amp;postId=120048\"><\/esi:include><\/p>\n<p>Es ideal para colocar en puertas, ventanas o como centro de mesa. Adem\u00e1s, incorpora <strong>30 elementos LED<\/strong> que ofrecen iluminaci\u00f3n blanca c\u00e1lida. Dicha iluminaci\u00f3n funciona con dos <a class=\"text-outboundlink\" href=\"https:\/\/www.xataka.com\/seleccion\/apagon-electrico-me-ha-dejado-clara-importancia-tener-pilas-casa-este-accesorio-permite-recargarlas-muy-barato\" data-vars-post-title=\"El apag\u00f3n me ha dejado claro lo importante que es tener pilas recargables. Este accesorio es ideal para recargarlas y es barato\" data-vars-post-url=\"https:\/\/www.xataka.com\/seleccion\/apagon-electrico-me-ha-dejado-clara-importancia-tener-pilas-casa-este-accesorio-permite-recargarlas-muy-barato\">pilas<\/a> AA (que no vienen incluidas).<\/p>\n<p><!-- BREAK 6 --><\/p>\n<p>Como hemos dicho, esta corona de Navidad viene con m\u00faltiples elementos que evocan a estas fechas como <strong>ramas de pino, pi\u00f1as y lazos<\/strong> (entre otros) y, todos ellos, en los colores de la Navidad: verde, rojo y dorado.<\/p>\n<p><!-- BREAK 7 --><\/p>\n<div class=\"article-asset article-asset-normal article-asset-center\">\n<div class=\"desvio-container\">\n<div class=\"desvio\">\n<div class=\"desvio-figure js-desvio-figure\">\n    <a href=\"https:\/\/www.xataka.com\/seleccion\/aldi-tambien-tiene-baliza-v16-dispositivo-obligatorio-tu-coche-proximo-1-enero\" class=\"pivot-outboundlink\" target=\"_blank\" data-vars-post-title=\"Ya en Aldi dos balizas V16 para tu coche y con las que cumplir la nueva norma de la DGT a partir del pr\u00f3ximo 1 de enero\"><br \/>\n     <img loading=\"lazy\" decoding=\"async\" alt=\"Ya en Aldi dos balizas V16 para tu coche y con las que cumplir la nueva norma de la DGT a partir del pr\u00f3ximo 1 de enero\" width=\"375\" height=\"142\" src=\"https:\/\/i.blogs.es\/49a7ba\/aldi-4-\/375_142.jpeg\"><br \/>\n    <\/a>\n   <\/div>\n<div class=\"desvio-summary\">\n<div class=\"desvio-taxonomy js-desvio-taxonomy\">\n     <a href=\"https:\/\/www.xataka.com\/seleccion\/aldi-tambien-tiene-baliza-v16-dispositivo-obligatorio-tu-coche-proximo-1-enero\" class=\"desvio-taxonomy-anchor pivot-outboundlink m-crosspost\" target=\"_blank\" data-vars-post-title=\"Ya en Aldi dos balizas V16 para tu coche y con las que cumplir la nueva norma de la DGT a partir del pr\u00f3ximo 1 de enero\">En Xataka<\/a>\n    <\/div>\n<p>    <a href=\"https:\/\/www.xataka.com\/seleccion\/aldi-tambien-tiene-baliza-v16-dispositivo-obligatorio-tu-coche-proximo-1-enero\" class=\"desvio-title js-desvio-title pivot-outboundlink\" target=\"_blank\" data-vars-post-title=\"Ya en Aldi dos balizas V16 para tu coche y con las que cumplir la nueva norma de la DGT a partir del pr\u00f3ximo 1 de enero\">Ya en Aldi dos balizas V16 para tu coche y con las que cumplir la nueva norma de la DGT a partir del pr\u00f3ximo 1 de enero<\/a>\n   <\/div>\n<\/p><\/div>\n<\/p><\/div>\n<\/div>\n<h2>Otras opciones que pueden interesarte para decorar tu hogar en Navidad<\/h2>\n<p><esi:include src=\"\/modules\/pivot-ecommerce\/26597?ecommerce_expiration=perish&amp;category=seleccion&amp;postId=120048\"><\/esi:include><esi:include src=\"\/modules\/pivot-ecommerce\/26598?ecommerce_expiration=perish&amp;category=seleccion&amp;postId=120048\"><\/esi:include><\/p>\n<p><em>Nota: algunos de los enlaces aqu\u00ed publicados son de afiliados y pueden reportar un beneficio.<\/em><\/p>\n<p>Im\u00e1genes | Aldi y Amazon<\/p>\n<p>En Xataka Smart Home | <a class=\"text-outboundlink\" href=\"https:\/\/www.xatakahome.com\/seleccion\/mejores-calefactores-consumo-cual-comprar-consejos-recomendaciones\" data-vars-post-title=\"Los mejores calefactores de bajo consumo: \u00bfCu\u00e1l comprar? Consejos y recomendaciones\" data-vars-post-url=\"https:\/\/www.xatakahome.com\/seleccion\/mejores-calefactores-consumo-cual-comprar-consejos-recomendaciones\" target=\"_blank\">Los mejores calefactores de bajo consumo: \u00bfCu\u00e1l comprar? Consejos y recomendaciones<\/a><\/p>\n<p>En Xataka Smart Home | <a class=\"text-outboundlink\" href=\"https:\/\/www.xatakahome.com\/seleccion\/estufas-pellets-para-calentar-nuestro-hogar-invierno-cual-comprar-consejos-recomendaciones\" data-vars-post-title=\"Estufas de pellets para calentar nuestro hogar en invierno: \u00bfCu\u00e1l comprar? Consejos y recomendaciones\" data-vars-post-url=\"https:\/\/www.xatakahome.com\/seleccion\/estufas-pellets-para-calentar-nuestro-hogar-invierno-cual-comprar-consejos-recomendaciones\" target=\"_blank\">Estufas de pellets para calentar nuestro hogar en invierno: \u00bfCu\u00e1l comprar? Consejos y recomendaciones<\/a><\/p>\n<p><\/p>\n<p><script>\n (function() {\n  window._JS_MODULES = window._JS_MODULES || {};\n  var headElement = document.getElementsByTagName('head')[0];\n  if (_JS_MODULES.instagram) {\n   var instagramScript = document.createElement('script');\n   instagramScript.src = 'https:\/\/platform.instagram.com\/en_US\/embeds.js';\n   instagramScript.async = true;\n   instagramScript.defer = true;\n   headElement.appendChild(instagramScript);\n  }\n })();\n<\/script><\/p>\n<p> &#8211; <br \/> La noticia<br \/>\n      <a href=\"https:\/\/www.xatakahome.com\/seleccion\/manana-llega-a-aldi-esta-corona-navidena-led-12-euros-ideal-para-decorar-tu-hogar-navidad?utm_source=feedburner&amp;utm_medium=feed&amp;utm_campaign=14_Nov_2025\"><br \/>\n       <em> Ma\u00f1ana llega a Aldi esta corona navide\u00f1a con LED por menos de 12 euros: ideal para decorar tu hogar en Navidad  <\/em><br \/>\n      <\/a><br \/>\n      fue publicada originalmente en<br \/>\n      <a href=\"https:\/\/www.xatakahome.com\/?utm_source=feedburner&amp;utm_medium=feed&amp;utm_campaign=14_Nov_2025\"><br \/>\n       <strong> Xataka Smart Home <\/strong><br \/>\n      <\/a><br \/>\n             por <a href=\"https:\/\/www.xatakahome.com\/autor\/fran-leon?utm_source=feedburner&amp;utm_medium=feed&amp;utm_campaign=14_Nov_2025\"><br \/>\n        Fran Le\u00f3n<br \/>\n       <\/a><br \/>\n      . <\/p>\n<\/div>\n","protected":false},"excerpt":{"rendered":"<p>Aunque es el Puente de Diciembre el que da el pistoletazo de salida a la decoraci\u00f3n navide\u00f1a, es cierto que muchos ya se adelantan e incluso en noviembre empiezan a montar el \u00e1rbol de Navidad. Bien porque quieras montar ya toda la decoraci\u00f3n navide\u00f1a de tu hogar o est\u00e9s pensando en comprar adornos nuevos, ma\u00f1ana &hellip; <a href=\"https:\/\/domosistemas.com\/?p=30623\" class=\"more-link\">Sigue leyendo <span class=\"screen-reader-text\">Ma\u00f1ana llega a Aldi esta corona navide\u00f1a con LED por menos de 12 euros: ideal para decorar tu hogar en Navidad<\/span><\/a><\/p>\n","protected":false},"author":1,"featured_media":0,"comment_status":"closed","ping_status":"closed","sticky":false,"template":"","format":"standard","meta":{"footnotes":""},"categories":[8],"tags":[],"class_list":["post-30623","post","type-post","status-publish","format-standard","hentry","category-xataka"],"_links":{"self":[{"href":"https:\/\/domosistemas.com\/index.php?rest_route=\/wp\/v2\/posts\/30623","targetHints":{"allow":["GET"]}}],"collection":[{"href":"https:\/\/domosistemas.com\/index.php?rest_route=\/wp\/v2\/posts"}],"about":[{"href":"https:\/\/domosistemas.com\/index.php?rest_route=\/wp\/v2\/types\/post"}],"author":[{"embeddable":true,"href":"https:\/\/domosistemas.com\/index.php?rest_route=\/wp\/v2\/users\/1"}],"replies":[{"embeddable":true,"href":"https:\/\/domosistemas.com\/index.php?rest_route=%2Fwp%2Fv2%2Fcomments&post=30623"}],"version-history":[{"count":0,"href":"https:\/\/domosistemas.com\/index.php?rest_route=\/wp\/v2\/posts\/30623\/revisions"}],"wp:attachment":[{"href":"https:\/\/domosistemas.com\/index.php?rest_route=%2Fwp%2Fv2%2Fmedia&parent=30623"}],"wp:term":[{"taxonomy":"category","embeddable":true,"href":"https:\/\/domosistemas.com\/index.php?rest_route=%2Fwp%2Fv2%2Fcategories&post=30623"},{"taxonomy":"post_tag","embeddable":true,"href":"https:\/\/domosistemas.com\/index.php?rest_route=%2Fwp%2Fv2%2Ftags&post=30623"}],"curies":[{"name":"wp","href":"https:\/\/api.w.org\/{rel}","templated":true}]}}