{"id":30624,"date":"2025-11-14T09:00:59","date_gmt":"2025-11-14T09:00:59","guid":{"rendered":"https:\/\/domosistemas.com\/?p=30624"},"modified":"2025-11-14T09:00:59","modified_gmt":"2025-11-14T09:00:59","slug":"la-comunidad-lo-denuncio-por-modificar-un-patio-poner-un-tejadillo-y-hasta-una-chimenea-asombrosamente-les-toca-pagar","status":"publish","type":"post","link":"https:\/\/domosistemas.com\/?p=30624","title":{"rendered":"La Comunidad lo denunci\u00f3 por modificar un patio, poner un tejadillo y hasta una chimenea: asombrosamente, les toca pagar"},"content":{"rendered":"<div>\n<p>\n      <img decoding=\"async\" src=\"https:\/\/i.blogs.es\/6ce743\/captura-de-pantalla-2025-11-14-a-las-9.45.15\/1024_2000.jpeg\" alt=\"La Comunidad lo denunci\u00f3 por modificar un patio, poner un tejadillo y hasta una chimenea: asombrosamente, les toca pagar \">\n    <\/p>\n<\/p>\n<p>Una vez m\u00e1s, las <a class=\"text-outboundlink\" href=\"https:\/\/www.xatakahome.com\/hogar\/abren-puerta-al-patio-permiso-colocan-macetas-lavadora-acaban-denunciados-justicia-les-ha-dado-buen-repaso\" data-vars-post-title=\"Abren una puerta al patio sin permiso, colocan macetas, lavadora... y la comunidad los denuncia: la justicia les ha dado un buen repaso\" data-vars-post-url=\"https:\/\/www.xatakahome.com\/hogar\/abren-puerta-al-patio-permiso-colocan-macetas-lavadora-acaban-denunciados-justicia-les-ha-dado-buen-repaso\">relaciones vecinales<\/a> vuelven a ser protagonistas, y en este caso afectan a vecinos que viven junto a un local comercial. Aunque muchos piensen lo contrario, <strong>este tipo de inmuebles no se libra de normas<\/strong> similares a las que rigen en el resto del inmueble.<\/p>\n<p><!-- BREAK 1 --><\/p>\n<p>En esta ocasi\u00f3n, <a class=\"text-outboundlink\" href=\"https:\/\/www.xatakahome.com\/hogar\/obligado-malas-a-deshacer-reforma-su-terraza-denuncia-sus-vecinos-daba-igual-que-hubiese-casos-similares\" data-vars-post-title=\"Reforma su terraza y los vecinos lo demandan: la sentencia de la justicia es ejemplar\" data-vars-post-url=\"https:\/\/www.xatakahome.com\/hogar\/obligado-malas-a-deshacer-reforma-su-terraza-denuncia-sus-vecinos-daba-igual-que-hubiese-casos-similares\">el conflicto<\/a> surgi\u00f3 por las <strong>modificaciones realizadas en un patio interior adjunto a un local comercial<\/strong>. Los vecinos acusaban al propietario de haber realizado obras sin autorizaci\u00f3n. Aquello acab\u00f3 generando un desacuerdo que finalmente tuvo que resolverse en los tribunales.<\/p>\n<p><!-- BREAK 2 --><\/p>\n<h2>Los hechos que motivan la denuncia<\/h2>\n<div class=\"article-asset-image article-asset-large article-asset-center\">\n<div class=\"asset-content\">\n<p>   <img decoding=\"async\" alt=\"Patio\" class=\"\" src=\"https:\/\/i.blogs.es\/96da3f\/captura-de-pantalla-2025-11-14-a-las-9.49.22\/450_1000.jpeg\"><\/p><\/div>\n<\/div>\n<p>La sentencia de la Audiencia Provincial de Badajoz (1172\/2025) que se puede consultar en <a rel=\"noopener, noreferrer\" href=\"https:\/\/www.poderjudicial.es\/search\/indexAN.jsp\">este enlace<\/a>, analiz\u00f3 un conflicto surgido entre una comunidad de propietarios y el due\u00f1o de un local en Zafra, al que <strong>acusaban de haber realizado varias obras sin autorizaci\u00f3n en el patio interior<\/strong>, la pared medianera, la chimenea y algunos accesos.\u00a0<\/p>\n<p><!-- BREAK 3 --><\/p>\n<p>La comunidad <strong>entend\u00eda que esas actuaciones afectaban a elementos comunes<\/strong> y ped\u00eda que el propietario lo devolviera todo a su estado original. Sin embargo, el Juzgado de Primera Instancia no les dio la raz\u00f3n y absolvi\u00f3 al propietario, por lo que la comunidad decidi\u00f3 apelar.<\/p>\n<p><!-- BREAK 4 --><\/p>\n<h2>Fundamentos de derecho<\/h2>\n<div class=\"article-asset-image article-asset-large article-asset-center\">\n<div class=\"asset-content\">\n<div class=\"caption-img \">\n                    <a rel=\"noopener, noreferrer\" href=\"https:\/\/www.pexels.com\/es-es\/foto\/persona-que-firma-el-documento-de-documentacion-48148\/\"><\/p>\n<p>    <img decoding=\"async\" alt=\"Pexels Pixabay 48148\" class=\"\" src=\"https:\/\/i.blogs.es\/a2371a\/pexels-pixabay-48148\/450_1000.jpeg\"><br \/>\n     <\/a><\/p>\n<p>        <span>Foto de Pixabay<\/span>\n   <\/div>\n<\/p><\/div>\n<\/div>\n<p>En lo referente a la chimenea, la Audiencia explic\u00f3 que no se trataba de una instalaci\u00f3n nueva, sino de <strong>una estructura que ya exist\u00eda en el patio interior<\/strong>. El propietario simplemente la conect\u00f3 a su salida de humos y la elev\u00f3 ligeramente para cumplir la normativa. Adem\u00e1s, no se demostr\u00f3 que causara molestias, ruidos o perjuicios a la comunidad. Por tanto, no hab\u00eda motivo para considerarla ilegal.<\/p>\n<p><!-- BREAK 5 --><\/p>\n<p>Respecto al recrecimiento de la pared del patio, los informes del Ayuntamiento y de la Junta reflejaban que esta obra <strong>no modificaba ning\u00fan elemento com\u00fan ni generaba da\u00f1os<\/strong>. De hecho, ayudaba a cumplir las exigencias t\u00e9cnicas para la instalaci\u00f3n de chimeneas y mejoraba la seguridad. Tampoco se acredit\u00f3 que se hubieran perdido vistas ni que afectara a la estructura del edificio.<\/p>\n<p><!-- BREAK 6 --><\/p>\n<div class=\"article-asset article-asset-normal article-asset-center\">\n<div class=\"desvio-container\">\n<div class=\"desvio\">\n<div class=\"desvio-figure js-desvio-figure\">\n    <a href=\"https:\/\/www.xatakahome.com\/diseno-y-arquitectura\/llevo-anos-equivocado-creia-que-casa-adosada-pareada-eran-estan-cargadas-diferencias\" class=\"pivot-outboundlink\" data-vars-post-title=\"Toda mi vida pensando que adosado y pareado es lo mismo: son tan diferentes que incluso afectan a las relaciones de vecinos\"><br \/>\n     <img loading=\"lazy\" decoding=\"async\" alt=\"Toda mi vida pensando que adosado y pareado es lo mismo: son tan diferentes que incluso afectan a las relaciones de vecinos\" width=\"375\" height=\"142\" src=\"https:\/\/i.blogs.es\/4f91fd\/pexels-introspectivedsgn-12551312\/375_142.jpeg\"><br \/>\n    <\/a>\n   <\/div>\n<div class=\"desvio-summary\">\n<div class=\"desvio-taxonomy js-desvio-taxonomy\">\n     <a href=\"https:\/\/www.xatakahome.com\/diseno-y-arquitectura\/llevo-anos-equivocado-creia-que-casa-adosada-pareada-eran-estan-cargadas-diferencias\" class=\"desvio-taxonomy-anchor pivot-outboundlink\" data-vars-post-title=\"Toda mi vida pensando que adosado y pareado es lo mismo: son tan diferentes que incluso afectan a las relaciones de vecinos\">En Xataka Smart Home<\/a>\n    <\/div>\n<p>    <a href=\"https:\/\/www.xatakahome.com\/diseno-y-arquitectura\/llevo-anos-equivocado-creia-que-casa-adosada-pareada-eran-estan-cargadas-diferencias\" class=\"desvio-title js-desvio-title pivot-outboundlink\" data-vars-post-title=\"Toda mi vida pensando que adosado y pareado es lo mismo: son tan diferentes que incluso afectan a las relaciones de vecinos\">Toda mi vida pensando que adosado y pareado es lo mismo: son tan diferentes que incluso afectan a las relaciones de vecinos<\/a>\n   <\/div>\n<\/p><\/div>\n<\/p><\/div>\n<\/div>\n<p>Otro de los puntos discutidos era si el propietario hab\u00eda cerrado o \u201capropiado\u201d el patio interior. La Audiencia dej\u00f3 claro que nunca hab\u00eda existido una puerta de acceso al patio para los vecinos y que siempre se hab\u00eda entrado por la ventana del local comercial. Por tanto, <strong>no se produjo ninguna desafecci\u00f3n ni apropiaci\u00f3n indebida<\/strong>. El patio segu\u00eda siendo comunitario y accesible cuando fuera necesario.<\/p>\n<p><!-- BREAK 7 --><\/p>\n<p><strong>Tambi\u00e9n se cuestion\u00f3 la instalaci\u00f3n de un tejadillo<\/strong>. El tribunal se\u00f1al\u00f3 que dicho tejadillo exist\u00eda desde hac\u00eda a\u00f1os y que su configuraci\u00f3n actual incluso era anterior a 2016. La comunidad no pudo demostrar ning\u00fan perjuicio, por lo que su impugnaci\u00f3n se consider\u00f3 un abuso de derecho.<\/p>\n<p><!-- BREAK 8 --><\/p>\n<div class=\"article-asset-video article-asset-normal\">\n<div class=\"asset-content\">\n<div class=\"base-asset-video\">\n<div class=\"js-dailymotion\">\n    <script type=\"application\/json\">\n                          {\"videoId\":\"x7znesx\",\"autoplay\":true,\"title\":\"Edificio de autoconsumo AS\u00cd FUNCIONAN - Paneles solares en bloques de pisos\", \"tag\":\"solar\", \"duration\":\"564\"}\n                  <\/script>\n   <\/div>\n<\/p><\/div>\n<\/p><\/div>\n<\/div>\n<p>En relaci\u00f3n con la puerta de acceso en el portal, la Audiencia record\u00f3 que este tipo de obras <strong>pod\u00edan autorizarse cuando eran necesarias para la actividad del negocio<\/strong> y no causaban da\u00f1os a la comunidad. Adem\u00e1s, la comunidad bas\u00f3 parte de su cr\u00edtica en un argumento nuevo \u2014que el local ya no era comercial y se usaba como vivienda\u2014 que no mencion\u00f3 en la demanda, as\u00ed que no pod\u00eda valorarse.<\/p>\n<p><!-- BREAK 9 --><\/p>\n<p>Por \u00faltimo, sobre la apertura de una puerta desde el local al patio com\u00fan, el tribunal mencion\u00f3 que <strong>esta modificaci\u00f3n ya estaba prevista en el proyecto t\u00e9cnico aprobado en 2014<\/strong>. La obra consisti\u00f3 simplemente en ampliar un hueco que ya exist\u00eda, sin afectar a estructura, fachada ni cubierta. Para la Audiencia, no hubo cambios que obligaran a obtener unanimidad ni alteraci\u00f3n del t\u00edtulo constitutivo.<\/p>\n<p><!-- BREAK 10 --><\/p>\n<h2>La resoluci\u00f3n<\/h2>\n<p>Con todo ello estaba clara cual iba a ser la resoluci\u00f3n: la Audiencia Provincial concluy\u00f3 que ninguna de las obras realizadas justificaba la demanda de la comunidad. Por este motivo, <strong>desestim\u00f3 el recurso<\/strong>, confirm\u00f3 la absoluci\u00f3n del propietario y conden\u00f3 a la comunidad a pagar las costas de la apelaci\u00f3n.<\/p>\n<p>V\u00eda | <a rel=\"noopener, noreferrer\" href=\"https:\/\/noticiastrabajo.huffingtonpost.es\/sociedad\/una-comunidad-de-vecinos-denuncia-al-dueno-de-un-local-por-hacer-obras-en-el-patio-interior-sin-permiso-la-justicia-las-da-por-validas-porque-no-alteraban-las-zonas-comunes\/\">NoticiasTrabajo<\/a><\/p>\n<p>M\u00e1s informaci\u00f3n | <a rel=\"noopener, noreferrer\" href=\"https:\/\/www.poderjudicial.es\/search\/indexAN.jsp\">Audiencia Provincial de Badajoz<\/a><\/p>\n<p>En Xataka SmartHome\u00a0| <a class=\"text-outboundlink\" href=\"https:\/\/www.xatakahome.com\/diseno-y-arquitectura\/necesitas-rampa-portal-no-hace-falta-que-voten-vecinos-que-dice-ley-reformas-accesibilidad\" data-vars-post-title=\"Da igual lo que voten los vecinos: hay obras en zonas comunes que se hacen s\u00ed o s\u00ed. Lo dice la Ley de las reformas de accesibilidad\" data-vars-post-url=\"https:\/\/www.xatakahome.com\/diseno-y-arquitectura\/necesitas-rampa-portal-no-hace-falta-que-voten-vecinos-que-dice-ley-reformas-accesibilidad\">Da igual lo que voten los vecinos: hay obras en zonas comunes que se hacen s\u00ed o s\u00ed. Lo dice la Ley de las reformas de accesibilidad<\/a><\/p>\n<p><!-- BREAK 11 --><br \/>\n<script>\n (function() {\n  window._JS_MODULES = window._JS_MODULES || {};\n  var headElement = document.getElementsByTagName('head')[0];\n  if (_JS_MODULES.instagram) {\n   var instagramScript = document.createElement('script');\n   instagramScript.src = 'https:\/\/platform.instagram.com\/en_US\/embeds.js';\n   instagramScript.async = true;\n   instagramScript.defer = true;\n   headElement.appendChild(instagramScript);\n  }\n })();\n<\/script><\/p>\n<p> &#8211; <br \/> La noticia<br \/>\n      <a href=\"https:\/\/www.xatakahome.com\/hogar\/comunidad-denuncio-modificar-patio-poner-tejadillo-chimenea-asombrosamente-les-toca-pagar?utm_source=feedburner&amp;utm_medium=feed&amp;utm_campaign=14_Nov_2025\"><br \/>\n       <em> La Comunidad lo denunci\u00f3 por modificar un patio, poner un tejadillo y hasta una chimenea: asombrosamente, les toca pagar  <\/em><br \/>\n      <\/a><br \/>\n      fue publicada originalmente en<br \/>\n      <a href=\"https:\/\/www.xatakahome.com\/?utm_source=feedburner&amp;utm_medium=feed&amp;utm_campaign=14_Nov_2025\"><br \/>\n       <strong> Xataka Smart Home <\/strong><br \/>\n      <\/a><br \/>\n             por <a href=\"https:\/\/www.xatakahome.com\/autor\/jose-antonio-carmona?utm_source=feedburner&amp;utm_medium=feed&amp;utm_campaign=14_Nov_2025\"><br \/>\n        Jose Antonio Carmona<br \/>\n       <\/a><br \/>\n      . <\/p>\n<\/div>\n","protected":false},"excerpt":{"rendered":"<p>Una vez m\u00e1s, las relaciones vecinales vuelven a ser protagonistas, y en este caso afectan a vecinos que viven junto a un local comercial. Aunque muchos piensen lo contrario, este tipo de inmuebles no se libra de normas similares a las que rigen en el resto del inmueble. En esta ocasi\u00f3n, el conflicto surgi\u00f3 por &hellip; <a href=\"https:\/\/domosistemas.com\/?p=30624\" class=\"more-link\">Sigue leyendo <span class=\"screen-reader-text\">La Comunidad lo denunci\u00f3 por modificar un patio, poner un tejadillo y hasta una chimenea: asombrosamente, les toca pagar<\/span><\/a><\/p>\n","protected":false},"author":1,"featured_media":0,"comment_status":"closed","ping_status":"closed","sticky":false,"template":"","format":"standard","meta":{"footnotes":""},"categories":[8],"tags":[],"class_list":["post-30624","post","type-post","status-publish","format-standard","hentry","category-xataka"],"_links":{"self":[{"href":"https:\/\/domosistemas.com\/index.php?rest_route=\/wp\/v2\/posts\/30624","targetHints":{"allow":["GET"]}}],"collection":[{"href":"https:\/\/domosistemas.com\/index.php?rest_route=\/wp\/v2\/posts"}],"about":[{"href":"https:\/\/domosistemas.com\/index.php?rest_route=\/wp\/v2\/types\/post"}],"author":[{"embeddable":true,"href":"https:\/\/domosistemas.com\/index.php?rest_route=\/wp\/v2\/users\/1"}],"replies":[{"embeddable":true,"href":"https:\/\/domosistemas.com\/index.php?rest_route=%2Fwp%2Fv2%2Fcomments&post=30624"}],"version-history":[{"count":0,"href":"https:\/\/domosistemas.com\/index.php?rest_route=\/wp\/v2\/posts\/30624\/revisions"}],"wp:attachment":[{"href":"https:\/\/domosistemas.com\/index.php?rest_route=%2Fwp%2Fv2%2Fmedia&parent=30624"}],"wp:term":[{"taxonomy":"category","embeddable":true,"href":"https:\/\/domosistemas.com\/index.php?rest_route=%2Fwp%2Fv2%2Fcategories&post=30624"},{"taxonomy":"post_tag","embeddable":true,"href":"https:\/\/domosistemas.com\/index.php?rest_route=%2Fwp%2Fv2%2Ftags&post=30624"}],"curies":[{"name":"wp","href":"https:\/\/api.w.org\/{rel}","templated":true}]}}