{"id":30703,"date":"2025-11-21T03:00:34","date_gmt":"2025-11-21T03:00:34","guid":{"rendered":"https:\/\/domosistemas.com\/?p=30703"},"modified":"2025-11-21T03:00:34","modified_gmt":"2025-11-21T03:00:34","slug":"el-mercado-de-veronicas-de-murcia-se-consolida-como-modelo-de-espacio-urbano-inclusivo-y-accesible","status":"publish","type":"post","link":"https:\/\/domosistemas.com\/?p=30703","title":{"rendered":"El Mercado de Ver\u00f3nicas de Murcia se consolida como modelo de espacio urbano inclusivo y accesible"},"content":{"rendered":"<div>\n<p>El Mercado de Ver\u00f3nicas en Murcia ha sido reconocido como un referente en accesibilidad urbana, gracias a los resultados de un exhaustivo estudio realizado dentro del marco del Proyecto europeo AccesS, seg\u00fan inform\u00f3 el <a href=\"https:\/\/web.murcia.es\/\" target=\"_blank\" rel=\"noopener\">Ayuntamiento de Murcia<\/a>. Este an\u00e1lisis de accesibilidad y experiencia de uso ha puesto de manifiesto que el mercado es un espacio accesible e inclusivo, destacando su dise\u00f1o y la facilidad con la que los usuarios se desplazan y se orientan dentro de \u00e9l. El Mercado de Ver\u00f3nicas ha actuado como edificio piloto, aportando datos clave que podr\u00e1n extrapolarse a otros entornos urbanos del municipio.<\/p>\n<figure id=\"attachment_165343\" aria-describedby=\"caption-attachment-165343\" style=\"width: 800px\" class=\"wp-caption aligncenter\"><img loading=\"lazy\" decoding=\"async\" class=\"wp-image-165343 size-full\" src=\"https:\/\/static.casadomo.com\/media\/2025\/11\/mercado-veronicas-murcia-consolida-modelo-espacio-urbano-inclusivo-accesible-ok-.png\" alt=\"Presentaci\u00f3n del Proyecto Europeo AccesS\" width=\"800\" height=\"450\" srcset=\"https:\/\/static.casadomo.com\/media\/2025\/11\/mercado-veronicas-murcia-consolida-modelo-espacio-urbano-inclusivo-accesible-ok-.png 800w, https:\/\/static.casadomo.com\/media\/2025\/11\/mercado-veronicas-murcia-consolida-modelo-espacio-urbano-inclusivo-accesible-ok--300x169.png 300w, https:\/\/static.casadomo.com\/media\/2025\/11\/mercado-veronicas-murcia-consolida-modelo-espacio-urbano-inclusivo-accesible-ok--768x432.png 768w, https:\/\/static.casadomo.com\/media\/2025\/11\/mercado-veronicas-murcia-consolida-modelo-espacio-urbano-inclusivo-accesible-ok--180x101.png 180w\" sizes=\"auto, (max-width: 800px) 100vw, 800px\"><figcaption id=\"caption-attachment-165343\" class=\"wp-caption-text\">La concejal de Gobierno Abierto, Promoci\u00f3n Econ\u00f3mica y Empleo, Mercedes Bernab\u00e9, presenta los resultados del estudio de accesibilidad y experiencia de uso realizado en el Mercado de Ver\u00f3nicas dentro del Proyecto europeo AccesS.<\/figcaption><\/figure>\n<p>El estudio, llevado a cabo mediante encuestas presenciales y online, revel\u00f3 que el 90% de los usuarios considera f\u00e1cil y c\u00f3modo moverse por el interior del mercado. Adem\u00e1s, el 95% de los encuestados asegur\u00f3 que es f\u00e1cil orientarse y localizar productos, lo que demuestra la organizaci\u00f3n eficiente del espacio. La mayor\u00eda de los visitantes, en su mayor\u00eda de distintas edades y capacidades, valoraron positivamente la accesibilidad, reflejando que el dise\u00f1o del mercado favorece tanto a los usuarios como a los comerciantes.<\/p>\n<p>La concejal de Gobierno Abierto, Promoci\u00f3n Econ\u00f3mica y Empleo, Mercedes Bernab\u00e9, ha presentado los resultados donde muestra que m\u00e1s del 95% de los comerciantes pasan m\u00e1s de seis horas al d\u00eda en el mercado, lo que resalta la relevancia del espacio como centro comercial y social. Por otro lado, el 60% de los usuarios considera que las entradas y salidas del mercado son accesibles, y el 56% valora positivamente la ubicaci\u00f3n de los puestos de venta.<\/p>\n<h2>Un espacio inclusivo para todos<\/h2>\n<p>Los resultados del estudio subrayan que el Mercado de Ver\u00f3nicas es un espacio urbano accesible para toda la ciudadan\u00eda, independientemente de sus capacidades. La valoraci\u00f3n positiva sobre la accesibilidad es homog\u00e9nea entre distintos grupos, incluidos j\u00f3venes, adultos mayores y personas con discapacidad, lo que confirma el compromiso del mercado con la inclusi\u00f3n y la diversidad.<\/p>\n<p>El <a href=\"https:\/\/www.casadomo.com\/2025\/01\/22\/proyecto-access-publica-documento-soluciones-innovadoras-accesibilidad\">proyecto AccesS<\/a>, que ha permitido la recopilaci\u00f3n de estos datos, utiliza tecnolog\u00eda y un enfoque basado en la participaci\u00f3n ciudadana para analizar el uso de los espacios p\u00fablicos. Estos datos clave no solo sirven para mejorar el Mercado de Ver\u00f3nicas, sino que tambi\u00e9n proporcionan una base para replicar las buenas pr\u00e1cticas de accesibilidad en otros entornos urbanos de Murcia.<\/p>\n<p>La entrada <a href=\"https:\/\/www.casadomo.com\/2025\/11\/21\/mercado-veronicas-murcia-consolida-modelo-espacio-urbano-inclusivo-accesible\">El Mercado de Ver\u00f3nicas de Murcia se consolida como modelo de espacio urbano inclusivo y accesible<\/a> aparece primero en <a href=\"https:\/\/www.casadomo.com\/\">CASADOMO<\/a>.<\/p>\n<\/div>\n","protected":false},"excerpt":{"rendered":"<p>El Mercado de Ver\u00f3nicas en Murcia ha sido reconocido como un referente en accesibilidad urbana, gracias a los resultados de un exhaustivo estudio realizado dentro del marco del Proyecto europeo AccesS, seg\u00fan inform\u00f3 el Ayuntamiento de Murcia. Este an\u00e1lisis de accesibilidad y experiencia de uso ha puesto de manifiesto que el mercado es un espacio &hellip; <a href=\"https:\/\/domosistemas.com\/?p=30703\" class=\"more-link\">Sigue leyendo <span class=\"screen-reader-text\">El Mercado de Ver\u00f3nicas de Murcia se consolida como modelo de espacio urbano inclusivo y accesible<\/span><\/a><\/p>\n","protected":false},"author":1,"featured_media":0,"comment_status":"closed","ping_status":"closed","sticky":false,"template":"","format":"standard","meta":{"footnotes":""},"categories":[3],"tags":[],"class_list":["post-30703","post","type-post","status-publish","format-standard","hentry","category-casadomo-com"],"_links":{"self":[{"href":"https:\/\/domosistemas.com\/index.php?rest_route=\/wp\/v2\/posts\/30703","targetHints":{"allow":["GET"]}}],"collection":[{"href":"https:\/\/domosistemas.com\/index.php?rest_route=\/wp\/v2\/posts"}],"about":[{"href":"https:\/\/domosistemas.com\/index.php?rest_route=\/wp\/v2\/types\/post"}],"author":[{"embeddable":true,"href":"https:\/\/domosistemas.com\/index.php?rest_route=\/wp\/v2\/users\/1"}],"replies":[{"embeddable":true,"href":"https:\/\/domosistemas.com\/index.php?rest_route=%2Fwp%2Fv2%2Fcomments&post=30703"}],"version-history":[{"count":0,"href":"https:\/\/domosistemas.com\/index.php?rest_route=\/wp\/v2\/posts\/30703\/revisions"}],"wp:attachment":[{"href":"https:\/\/domosistemas.com\/index.php?rest_route=%2Fwp%2Fv2%2Fmedia&parent=30703"}],"wp:term":[{"taxonomy":"category","embeddable":true,"href":"https:\/\/domosistemas.com\/index.php?rest_route=%2Fwp%2Fv2%2Fcategories&post=30703"},{"taxonomy":"post_tag","embeddable":true,"href":"https:\/\/domosistemas.com\/index.php?rest_route=%2Fwp%2Fv2%2Ftags&post=30703"}],"curies":[{"name":"wp","href":"https:\/\/api.w.org\/{rel}","templated":true}]}}