{"id":30766,"date":"2025-11-26T10:00:29","date_gmt":"2025-11-26T10:00:29","guid":{"rendered":"https:\/\/domosistemas.com\/?p=30766"},"modified":"2025-11-26T10:00:29","modified_gmt":"2025-11-26T10:00:29","slug":"pensaron-que-vivir-en-una-casa-rural-con-placas-solares-su-propio-pozo-y-animales-era-idilico-luego-llegaron-los-tribunales","status":"publish","type":"post","link":"https:\/\/domosistemas.com\/?p=30766","title":{"rendered":"Pensaron que vivir en una casa rural con placas solares, su propio pozo y animales era id\u00edlico. Luego llegaron los tribunales"},"content":{"rendered":"<div>\n<p>\n      <img decoding=\"async\" src=\"https:\/\/i.blogs.es\/8be330\/roman-garejev-uieakdswaao-unsplash\/1024_2000.jpeg\" alt=\"Pensaron que vivir en una casa rural con placas solares, su propio pozo y animales era id\u00edlico. Luego llegaron los tribunales \">\n    <\/p>\n<p>Con los <a class=\"text-outboundlink\" href=\"https:\/\/www.xatakahome.com\/iluminacion-y-energia\/tarifas-electricas-baratas-para-empezar-noviembre-2025-ahorrando-asi-queda-pvpc-respecto-al-mercado-libre\" data-vars-post-title=\"Las tarifas el\u00e9ctricas m\u00e1s baratas para empezar noviembre de 2025 ahorrando: as\u00ed queda la PVPC con respecto al mercado libre  \" data-vars-post-url=\"https:\/\/www.xatakahome.com\/iluminacion-y-energia\/tarifas-electricas-baratas-para-empezar-noviembre-2025-ahorrando-asi-queda-pvpc-respecto-al-mercado-libre\">precios de la electricidad<\/a>, <a class=\"text-outboundlink\" href=\"https:\/\/www.xatakahome.com\/iluminacion-y-energia\/quieres-ahorrar-factura-gas-esta-tarifa-barata-cara-al-otono-2025-ocu\" data-vars-post-title=\"Esta es la tarifa de gas m\u00e1s barata ahora mismo para cocinar y encender la calefacci\u00f3n, seg\u00fan la OCU\" data-vars-post-url=\"https:\/\/www.xatakahome.com\/iluminacion-y-energia\/quieres-ahorrar-factura-gas-esta-tarifa-barata-cara-al-otono-2025-ocu\">el gas<\/a>, el agua y <a class=\"text-outboundlink\" href=\"https:\/\/www.xataka.com\/magnet\/vivienda-esta-cara-que-nunca-espana-su-precio-supera-al-burbuja-dato-tiene-truco\" data-vars-post-title=\"El precio de la vivienda en Espa\u00f1a ya est\u00e1 m\u00e1s alto que en el pico de la burbuja. Pero el dato tiene un peque\u00f1o truco\" data-vars-post-url=\"https:\/\/www.xataka.com\/magnet\/vivienda-esta-cara-que-nunca-espana-su-precio-supera-al-burbuja-dato-tiene-truco\">de la vivienda<\/a> por las nubes en las ciudades, puede que se nos pase por la cabeza irnos a una zona rural, a un paraje poco poblado y montarnos una<strong> vivienda aislada de las redes de suministro generales<\/strong>, teniendo as\u00ed nuestro propio para\u00edso particular.<\/p>\n<p><!-- BREAK 1 --><\/p>\n<p>Un lugar donde contemos con <strong>autoconsumo energ\u00e9tico<\/strong>, incluso <strong>un pozo con agua<\/strong> para abastecer nuestras necesidades, un huerto, animales, etc. Suena de lo m\u00e1s buc\u00f3lico, pero tambi\u00e9n <strong>complejo de llevar a cabo<\/strong> en la sociedad moderna actual.<\/p>\n<div class=\"toc-container article-asset-normal\">\n<details>\n<summary class=\"toc-header \">\n   <span class=\"toc-heading\"><br \/>\n    <span>\u00cdndice de Contenidos (2)<\/span><br \/>\n   <\/span><br \/>\n   <span class=\"icon-folded\"><\/span><br \/>\n  <\/summary>\n<\/details>\n<div class=\"toc-list-wrap \">\n<div class=\"toc-list-item\">\n<ul class=\"toc-list\">\n<li class=\"toc-item\">\n       <a href=\"https:\/\/www.xatakahome.com\/hogar\/pensaron-que-vivir-casa-rural-placas-solares-su-propio-pozo-animales-era-idilico-luego-llegaron-tribunales#vida-idilica-campo-que-se-torno-pesadilla-1\" class=\"toc-item-link\">Una vida id\u00edlica en el campo que se torn\u00f3 en pesadilla<\/a>\n      <\/li>\n<li class=\"toc-item\">\n       <a href=\"https:\/\/www.xatakahome.com\/hogar\/pensaron-que-vivir-casa-rural-placas-solares-su-propio-pozo-animales-era-idilico-luego-llegaron-tribunales#que-dice-ley-espana-2\" class=\"toc-item-link\">Qu\u00e9 dice la Ley en Espa\u00f1a<\/a>\n      <\/li>\n<\/ul><\/div>\n<\/p><\/div>\n<\/div>\n<div class=\"article-asset article-asset-normal article-asset-center\">\n<div class=\"desvio-container\">\n<div class=\"desvio\">\n<div class=\"desvio-figure js-desvio-figure\">\n    <a href=\"https:\/\/www.xatakahome.com\/a-fondo\/que-al-autoconsumo-que-hace-falta-para-darse-alta-comenzar-a-ahorrar-factura-energetica\" class=\"pivot-outboundlink\" data-vars-post-title=\"Qu\u00e9 es el autoconsumo y qu\u00e9 hace falta para darse de alta y comenzar a ahorrar en la factura energ\u00e9tica\"><br \/>\n     <img loading=\"lazy\" decoding=\"async\" alt=\"Qu\u00e9 es el autoconsumo y qu\u00e9 hace falta para darse de alta y comenzar a ahorrar en la factura energ\u00e9tica\" width=\"375\" height=\"142\" src=\"https:\/\/i.blogs.es\/1f436a\/placas\/375_142.jpeg\"><br \/>\n    <\/a>\n   <\/div>\n<div class=\"desvio-summary\">\n<div class=\"desvio-taxonomy js-desvio-taxonomy\">\n     <a href=\"https:\/\/www.xatakahome.com\/a-fondo\/que-al-autoconsumo-que-hace-falta-para-darse-alta-comenzar-a-ahorrar-factura-energetica\" class=\"desvio-taxonomy-anchor pivot-outboundlink\" data-vars-post-title=\"Qu\u00e9 es el autoconsumo y qu\u00e9 hace falta para darse de alta y comenzar a ahorrar en la factura energ\u00e9tica\">En Xataka Smart Home<\/a>\n    <\/div>\n<p>    <a href=\"https:\/\/www.xatakahome.com\/a-fondo\/que-al-autoconsumo-que-hace-falta-para-darse-alta-comenzar-a-ahorrar-factura-energetica\" class=\"desvio-title js-desvio-title pivot-outboundlink\" data-vars-post-title=\"Qu\u00e9 es el autoconsumo y qu\u00e9 hace falta para darse de alta y comenzar a ahorrar en la factura energ\u00e9tica\">Qu\u00e9 es el autoconsumo y qu\u00e9 hace falta para darse de alta y comenzar a ahorrar en la factura energ\u00e9tica<\/a>\n   <\/div>\n<\/p><\/div>\n<\/p><\/div>\n<\/div>\n<h2 id=\"vida-idilica-campo-que-se-torno-pesadilla-1\" class=\"toc-enabled\"><span class=\"toc-shortcut-icon\" title=\"Ver \u00cdndice de contenido\"><\/span>Una vida id\u00edlica en el campo que se torn\u00f3 en pesadilla<\/h2>\n<p>Un ejemplo de este tipo de vida lo encontramos en el de <a rel=\"noopener, noreferrer\" href=\"https:\/\/edition.cnn.com\/2025\/11\/23\/europe\/bimbi-nel-bosco-italy-courts-intl\">esta familia italiana<\/a> formada por los padres, Nathan Trevallion, un ex chef profesional brit\u00e1nico de 51 a\u00f1os, y Catherine Birmingham, una entrenadora de 45 a\u00f1os, junto con sus tres hijos menores de edad.<\/p>\n<p><!-- BREAK 2 --><\/p>\n<p>La pareja se mud\u00f3 a una casa alejada de la civilizaci\u00f3n situada en un <strong>bosque italiano en Abruzzo<\/strong>, con caballos, burros y gallinas, contando con <strong>autoabastecimiento de electricidad y agua<\/strong>. Pasaban desapercibidos, pero su situaci\u00f3n de vida <a rel=\"noopener, noreferrer\" href=\"https:\/\/edition.cnn.com\/2025\/11\/23\/europe\/bimbi-nel-bosco-italy-courts-intl\">sali\u00f3 a la luz<\/a> en septiembre de 2024, despu\u00e9s de que los cinco fueron hospitalizados por envenenamiento despu\u00e9s de comer hongos silvestres del bosque.\u00a0<\/p>\n<p>Despu\u00e9s de ese tiempo y tras recuperarse, la familia fue visitada por funcionarios del servicio social y la polic\u00eda, porque los ni\u00f1os supuestamente no recib\u00edan atenci\u00f3n m\u00e9dica regular ni estaban escolarizados. Y finalmente un <strong>tribunal orden\u00f3 que los ni\u00f1os fueran retirados de la tutela de sus padres<\/strong> y llevados a hogares de acogida, teniendo ahora los padres acceso limitado a sus hijos.<\/p>\n<p><!-- BREAK 3 --><\/p>\n<p>En Italia el caso se conoce en los medios de comunicaci\u00f3n como el <strong>\u00ab<\/strong><strong><em>Bimbi nel Bosco\u00bb<\/em><\/strong><strong> o los ni\u00f1os en el bosque<\/strong>, y decenas de miles de personas han firmado una petici\u00f3n online para reunir a la familia. \u00bfCu\u00e1les son los problemas que han llevado a esta situaci\u00f3n?<\/p>\n<div class=\"article-asset-image article-asset-normal article-asset-center\">\n<div class=\"asset-content\">\n<div class=\"caption-img \">\n                    <a rel=\"noopener, noreferrer\" href=\"https:\/\/catherinelouisebirmingham.com\/\"><\/p>\n<p>    <img decoding=\"async\" alt=\"Escolarizacion\" class=\"centro_sinmarco\" src=\"https:\/\/i.blogs.es\/54713b\/escolarizacion\/450_1000.jpeg\"><br \/>\n     <\/a><\/p>\n<p>        <span>Foto de la vivienda de la familia en Italia. Imagen: Catherine Birmingham<\/span>\n   <\/div>\n<\/p><\/div>\n<\/div>\n<p>Pues la orden del tribunal establece que \u00abla unidad familiar vive en dificultades de vivienda, ya que <strong>el edificio no ha sido declarado habitable<\/strong>\u00ab, y que adem\u00e1s \u00ablos miembros de la familia Trevallion no tienen interacci\u00f3n social, ni ingresos fijos\u00bb. Pero adem\u00e1s, dos de los motivos m\u00e1s relevantes son que \u00ab<strong>el hogar no tiene instalaciones sanitarias y los ni\u00f1os no asisten a la escuela<\/strong>\u00ab.\u00a0<\/p>\n<p><!-- BREAK 4 --><\/p>\n<p>Giovanni Angelucci, <a rel=\"noopener, noreferrer\" href=\"https:\/\/edition.cnn.com\/2025\/11\/23\/europe\/bimbi-nel-bosco-italy-courts-intl\">el abogado de la familia se\u00f1ala<\/a> que calientan la casa con chimeneas y utilizan <strong>paneles solares<\/strong> para producir su propia luz y para cargar sus dispositivos. La familia opt\u00f3 por <strong>no utilizar agua corriente<\/strong> para evitar los micropl\u00e1sticos, as\u00ed como el coste mensual asociado, y en su lugar <strong>extraen agua potable de un pozo<\/strong> en la propiedad. Tampoco tienen un inodoro interior, sino que usan uno de compostaje al aire libre.<\/p>\n<p><!-- BREAK 5 --><\/p>\n<p>El caso ha tenido tanta repercusi\u00f3n en el pa\u00eds que incluso la primera ministra italiana, Giorgia Meloni, y su adjunto, Matteo Salvini, han criticado la decisi\u00f3n judicial, se\u00f1alando que la expulsi\u00f3n de los ni\u00f1os era \u00abalarmante\u00bb, llamando al ministro de Justicia italiano, Carlo Nordio, por el caso, seg\u00fan su portavoz.<\/p>\n<p><!-- BREAK 6 --><\/p>\n<div class=\"article-asset-video article-asset-normal\">\n<div class=\"asset-content\">\n<div class=\"base-asset-video\">\n<div class=\"js-dailymotion\">\n    <script type=\"application\/json\">\n                          {\"videoId\":\"x7znesx\",\"autoplay\":true,\"title\":\"Edificio de autoconsumo AS\u00cd FUNCIONAN - Paneles solares en bloques de pisos\", \"tag\":\"solar\", \"duration\":\"564\"}\n                  <\/script>\n   <\/div>\n<\/p><\/div>\n<\/p><\/div>\n<\/div>\n<h2 id=\"que-dice-ley-espana-2\" class=\"toc-enabled\"><span class=\"toc-shortcut-icon\" title=\"Ver \u00cdndice de contenido\"><\/span>Qu\u00e9 dice la Ley en Espa\u00f1a<\/h2>\n<p>El caso de esta familia italiana es de lo m\u00e1s llamativo, sobre todo porque toca varios aspectos regulados actualmente como son <strong>el autoconsumo y la escolarizaci\u00f3n de los hijos<\/strong>. \u00bfQu\u00e9 dice la Ley en Espa\u00f1a?<\/p>\n<p><!-- BREAK 7 --><\/p>\n<p>Pues si comenzamos por este \u00faltimo punto, el de la educaci\u00f3n, la normativa establece que en Espa\u00f1a, <strong>la escolarizaci\u00f3n es obligatoria para los hijos entre los 6 y 16 a\u00f1os<\/strong>, lo que significa que los padres tienen la <strong>obligaci\u00f3n legal<\/strong> de llevarlos a un centro educativo homologado. <a rel=\"noopener, noreferrer\" href=\"https:\/\/www.boe.es\/buscar\/act.php?id=BOE-A-2020-17264\">Seg\u00fan el BOE:<\/a><\/p>\n<blockquote><p>La ense\u00f1anza b\u00e1sica a la que se refiere el art\u00edculo 3.3 de esta Ley (de Educaci\u00f3n) es obligatoria y gratuita para todas las personas. La ense\u00f1anza b\u00e1sica comprende <strong>diez a\u00f1os de escolaridad<\/strong> y se desarrolla, de forma regular, <strong>entre los seis y los diecis\u00e9is a\u00f1os de edad<\/strong>.\u00a0<\/p><\/blockquote>\n<blockquote><p>No obstante, los alumnos y alumnas tendr\u00e1n derecho a permanecer en r\u00e9gimen ordinario cursando la ense\u00f1anza b\u00e1sica hasta los dieciocho a\u00f1os de edad, cumplidos en el a\u00f1o en que finalice el curso, en las condiciones establecidas en la presente Ley.<\/p><\/blockquote>\n<p><strong>La educaci\u00f3n en casa no es ilegal<\/strong>, pero <a rel=\"noopener, noreferrer\" href=\"https:\/\/www.arag.es\/blog\/derechos-de-los-ciudadanos\/es-legal-el-homeschooling-en-espana\/\">seg\u00fan los expertos se considera alegal<\/a> en la pr\u00e1ctica, ya que la normativa educativa vigente no la reconoce y las familias que la eligen pueden enfrentarse a procedimientos por absentismo escolar como sucedi\u00f3 en Italia.<\/p>\n<p><!-- BREAK 8 --><\/p>\n<p>En cuanto a la normativa relacionada con el autoconsumo, las leyes sobre autoconsumo en viviendas se rigen principalmente por el <a rel=\"noopener, noreferrer\" href=\"https:\/\/www.boe.es\/buscar\/doc.php?id=BOE-A-2019-5089\">Real Decreto 244\/2019<\/a>, que establece las condiciones t\u00e9cnicas y administrativas para la generaci\u00f3n de energ\u00eda renovable. Las instalaciones de <strong>menos de 10 kW, como suele ser una vivienda particular,<\/strong> generalmente requieren solo una <strong>comunicaci\u00f3n previa y el registro<\/strong>, mientras que las instalaciones que generan excedentes s\u00ed necesitan un contrato de compensaci\u00f3n con la comercializadora.<\/p>\n<div class=\"article-asset-image article-asset-normal article-asset-center\">\n<div class=\"asset-content\">\n<div class=\"caption-img \">\n                    <a rel=\"noopener, noreferrer\" href=\"https:\/\/unsplash.com\/es\/fotos\/hombre-con-camiseta-blanca-sentado-en-un-banco-de-madera-marron-durante-el-dia-i1PR2CjWV1E\"><\/p>\n<p>    <img decoding=\"async\" alt=\"Maxime Bouffard I1pr2cjwv1e Unsplash\" class=\"centro_sinmarco\" src=\"https:\/\/i.blogs.es\/a7a41e\/maxime-bouffard-i1pr2cjwv1e-unsplash\/450_1000.jpeg\"><br \/>\n     <\/a><\/p>\n<p>        <span>Imagen: Maxime Bouffard<\/span>\n   <\/div>\n<\/p><\/div>\n<\/div>\n<p><strong>\u00bfY qu\u00e9 pasa si no queremos conectarnos al suministro de agua corriente y en su lugar excavamos nuestro propio pozo?<\/strong> Pues esto tambi\u00e9n est\u00e1 regulado. Aunque en Espa\u00f1a es legal vivir en una casa con el agua de tu propio pozo, es necesario cumplir la <a rel=\"noopener, noreferrer\" href=\"https:\/\/www.boe.es\/buscar\/act.php?id=BOE-A-2001-14276\">Ley de Aguas<\/a> y obtener los permisos necesarios en cada regi\u00f3n.<\/p>\n<p><!-- BREAK 9 --><\/p>\n<p>El motivo es que las aguas subterr\u00e1neas son consideradas de dominio p\u00fablico y no solo del due\u00f1o de la propiedad donde est\u00e9 el pozo. Esto implica solicitar una <strong>licencia de obra<\/strong> al Ayuntamiento y una autorizaci\u00f3n de la <strong>Confederaci\u00f3n Hidrogr\u00e1fica<\/strong> correspondiente a la hora de realizar el pozo, explicando el proyecto y el uso que se le dar\u00e1 al agua.<\/p>\n<p><!-- BREAK 10 --><\/p>\n<p>Adem\u00e1s, los <a rel=\"noopener, noreferrer\" href=\"https:\/\/www.idealista.com\/news\/inmobiliario\/vivienda\/2021\/10\/01\/792627-como-construir-un-pozo-en-tu-vivienda\">requisitos para tener un pozo<\/a> <strong>var\u00edan de una comunidad a otra<\/strong>, con condiciones a verificar como la distancia a masas de agua cercanas, si estamos o no en una zona protegida, la permeabilidad del suelo, el estado de la masa de agua subterr\u00e1nea o la cantidad de consumo que estamos pensando hacer.<\/p>\n<p><!-- BREAK 11 --><\/p>\n<p>M\u00e1s informaci\u00f3n | <a rel=\"noopener, noreferrer\" href=\"https:\/\/www.boe.es\/buscar\/act.php?id=BOE-A-2020-17264\">Ley de Educaci\u00f3n<\/a> | <a rel=\"noopener, noreferrer\" href=\"https:\/\/www.boe.es\/buscar\/doc.php?id=BOE-A-2019-5089\">Ley de Autoconsumo<\/a> | <a rel=\"noopener, noreferrer\" href=\"https:\/\/www.boe.es\/buscar\/act.php?id=BOE-A-2001-14276\">Ley de Aguas<\/a><\/p>\n<p>V\u00eda | <a rel=\"noopener, noreferrer\" href=\"https:\/\/edition.cnn.com\/2025\/11\/23\/europe\/bimbi-nel-bosco-italy-courts-intl\">CNN<\/a><\/p>\n<p>Imagen portada |<a rel=\"noopener, noreferrer\" href=\"https:\/\/unsplash.com\/es\/fotos\/una-vieja-casa-destartalada-en-medio-de-un-bosque-UIeakdsWAao\">\u00a0Roman Garejev<\/a><\/p>\n<p>En Xataka Smart Home | <a class=\"text-outboundlink\" href=\"https:\/\/www.xatakahome.com\/a-fondo\/paneles-solares-kit-para-balcon-terraza-esto-que-podemos-ahorrar-al-ano-factura-luz\" data-vars-post-title=\"Paneles solares en kit para el balc\u00f3n o la terraza: esto es lo que podemos ahorrar al a\u00f1o en la factura de la luz \" data-vars-post-url=\"https:\/\/www.xatakahome.com\/a-fondo\/paneles-solares-kit-para-balcon-terraza-esto-que-podemos-ahorrar-al-ano-factura-luz\">Paneles solares en kit para el balc\u00f3n o la terraza: esto es lo que podemos ahorrar al a\u00f1o en la factura de la luz<\/a><\/p>\n<p><\/p>\n<p><script>\n (function() {\n  window._JS_MODULES = window._JS_MODULES || {};\n  var headElement = document.getElementsByTagName('head')[0];\n  if (_JS_MODULES.instagram) {\n   var instagramScript = document.createElement('script');\n   instagramScript.src = 'https:\/\/platform.instagram.com\/en_US\/embeds.js';\n   instagramScript.async = true;\n   instagramScript.defer = true;\n   headElement.appendChild(instagramScript);\n  }\n })();\n<\/script><\/p>\n<p> &#8211; <br \/> La noticia<br \/>\n      <a href=\"https:\/\/www.xatakahome.com\/hogar\/pensaron-que-vivir-casa-rural-placas-solares-su-propio-pozo-animales-era-idilico-luego-llegaron-tribunales?utm_source=feedburner&amp;utm_medium=feed&amp;utm_campaign=26_Nov_2025\"><br \/>\n       <em> Pensaron que vivir en una casa rural con placas solares, su propio pozo y animales era id\u00edlico. Luego llegaron los tribunales  <\/em><br \/>\n      <\/a><br \/>\n      fue publicada originalmente en<br \/>\n      <a href=\"https:\/\/www.xatakahome.com\/?utm_source=feedburner&amp;utm_medium=feed&amp;utm_campaign=26_Nov_2025\"><br \/>\n       <strong> Xataka Smart Home <\/strong><br \/>\n      <\/a><br \/>\n             por <a href=\"https:\/\/www.xatakahome.com\/autor\/paco-rodriguez?utm_source=feedburner&amp;utm_medium=feed&amp;utm_campaign=26_Nov_2025\"><br \/>\n        Paco Rodr\u00edguez<br \/>\n       <\/a><br \/>\n      . <\/p>\n<\/div>\n","protected":false},"excerpt":{"rendered":"<p>Con los precios de la electricidad, el gas, el agua y de la vivienda por las nubes en las ciudades, puede que se nos pase por la cabeza irnos a una zona rural, a un paraje poco poblado y montarnos una vivienda aislada de las redes de suministro generales, teniendo as\u00ed nuestro propio para\u00edso particular. &hellip; <a href=\"https:\/\/domosistemas.com\/?p=30766\" class=\"more-link\">Sigue leyendo <span class=\"screen-reader-text\">Pensaron que vivir en una casa rural con placas solares, su propio pozo y animales era id\u00edlico. Luego llegaron los tribunales<\/span><\/a><\/p>\n","protected":false},"author":1,"featured_media":0,"comment_status":"closed","ping_status":"closed","sticky":false,"template":"","format":"standard","meta":{"footnotes":""},"categories":[8],"tags":[],"class_list":["post-30766","post","type-post","status-publish","format-standard","hentry","category-xataka"],"_links":{"self":[{"href":"https:\/\/domosistemas.com\/index.php?rest_route=\/wp\/v2\/posts\/30766","targetHints":{"allow":["GET"]}}],"collection":[{"href":"https:\/\/domosistemas.com\/index.php?rest_route=\/wp\/v2\/posts"}],"about":[{"href":"https:\/\/domosistemas.com\/index.php?rest_route=\/wp\/v2\/types\/post"}],"author":[{"embeddable":true,"href":"https:\/\/domosistemas.com\/index.php?rest_route=\/wp\/v2\/users\/1"}],"replies":[{"embeddable":true,"href":"https:\/\/domosistemas.com\/index.php?rest_route=%2Fwp%2Fv2%2Fcomments&post=30766"}],"version-history":[{"count":0,"href":"https:\/\/domosistemas.com\/index.php?rest_route=\/wp\/v2\/posts\/30766\/revisions"}],"wp:attachment":[{"href":"https:\/\/domosistemas.com\/index.php?rest_route=%2Fwp%2Fv2%2Fmedia&parent=30766"}],"wp:term":[{"taxonomy":"category","embeddable":true,"href":"https:\/\/domosistemas.com\/index.php?rest_route=%2Fwp%2Fv2%2Fcategories&post=30766"},{"taxonomy":"post_tag","embeddable":true,"href":"https:\/\/domosistemas.com\/index.php?rest_route=%2Fwp%2Fv2%2Ftags&post=30766"}],"curies":[{"name":"wp","href":"https:\/\/api.w.org\/{rel}","templated":true}]}}