{"id":30795,"date":"2025-11-28T03:00:08","date_gmt":"2025-11-28T03:00:08","guid":{"rendered":"https:\/\/domosistemas.com\/?p=30795"},"modified":"2025-11-28T03:00:08","modified_gmt":"2025-11-28T03:00:08","slug":"abierta-una-convocatoria-para-evaluar-los-objetivos-del-programa-de-la-decada-digital-2030","status":"publish","type":"post","link":"https:\/\/domosistemas.com\/?p=30795","title":{"rendered":"Abierta una convocatoria para evaluar los objetivos del programa de la D\u00e9cada Digital 2030"},"content":{"rendered":"<div>\n<p>La <a href=\"https:\/\/commission.europa.eu\/index_en\" target=\"_blank\" rel=\"noopener\">Comisi\u00f3n Europea<\/a> ha lanzado una convocatoria p\u00fablica para evaluar si los objetivos y metas del programa D\u00e9cada Digital 2030 siguen estando alineados al panorama tecnol\u00f3gico desde su adopci\u00f3n en 2022. Este proceso de consulta p\u00fablica se enmarca dentro de la revisi\u00f3n prevista para 2026 del programa de pol\u00edtica que gu\u00eda la transformaci\u00f3n digital de Europa.<\/p>\n<figure id=\"attachment_165788\" aria-describedby=\"caption-attachment-165788\" style=\"width: 500px\" class=\"wp-caption aligncenter\"><img loading=\"lazy\" decoding=\"async\" class=\"wp-image-165788 size-full\" src=\"https:\/\/static.casadomo.com\/media\/2025\/11\/abierta-convocatoria-para-examinar-los-objetivos-del-programa-de-la-decada-digital-2030-ok.png\" alt=\"D\u00e9cada Digital para 2030\" width=\"500\" height=\"500\" srcset=\"https:\/\/static.casadomo.com\/media\/2025\/11\/abierta-convocatoria-para-examinar-los-objetivos-del-programa-de-la-decada-digital-2030-ok.png 500w, https:\/\/static.casadomo.com\/media\/2025\/11\/abierta-convocatoria-para-examinar-los-objetivos-del-programa-de-la-decada-digital-2030-ok-300x300.png 300w, https:\/\/static.casadomo.com\/media\/2025\/11\/abierta-convocatoria-para-examinar-los-objetivos-del-programa-de-la-decada-digital-2030-ok-150x150.png 150w, https:\/\/static.casadomo.com\/media\/2025\/11\/abierta-convocatoria-para-examinar-los-objetivos-del-programa-de-la-decada-digital-2030-ok-100x100.png 100w, https:\/\/static.casadomo.com\/media\/2025\/11\/abierta-convocatoria-para-examinar-los-objetivos-del-programa-de-la-decada-digital-2030-ok-75x75.png 75w, https:\/\/static.casadomo.com\/media\/2025\/11\/abierta-convocatoria-para-examinar-los-objetivos-del-programa-de-la-decada-digital-2030-ok-80x80.png 80w, https:\/\/static.casadomo.com\/media\/2025\/11\/abierta-convocatoria-para-examinar-los-objetivos-del-programa-de-la-decada-digital-2030-ok-180x180.png 180w\" sizes=\"auto, (max-width: 500px) 100vw, 500px\"><figcaption id=\"caption-attachment-165788\" class=\"wp-caption-text\">La Comisi\u00f3n Europea solicita aportaciones para analizar la vigencia de los objetivos digitales fijados para 2030.<\/figcaption><\/figure>\n<p>Adem\u00e1s, la Comisi\u00f3n Europea evaluar\u00e1 si el programa y su ejecuci\u00f3n requieren cambios en funci\u00f3n de los avances t\u00e9cnicos, econ\u00f3micos o sociales y de la evoluci\u00f3n de las prioridades de la UE. Tambi\u00e9n se examinar\u00e1 c\u00f3mo mejorar la participaci\u00f3n mediante canales estructurados para las regiones, ciudades y actores locales.<\/p>\n<h2>Prioridades en la transformaci\u00f3n digital<\/h2>\n<p>El programa de pol\u00edticas de la <a href=\"https:\/\/www.casadomo.com\/2025\/06\/18\/informe-sobre-estado-decada-digital-ue-destaca-avance-espana-conectividad\" target=\"_blank\" rel=\"noopener\">D\u00e9cada Digita<\/a>l es la primera estrategia digital acordada conjuntamente por la Comisi\u00f3n Europea, el Parlamento y el Consejo. Se trata de una iniciativa estrat\u00e9gica que define una visi\u00f3n para la transformaci\u00f3n digital de Europa hasta 2030, establece metas y objetivos concretos y proporciona un marco de gobernanza y mecanismos de colaboraci\u00f3n, tanto entre la Comisi\u00f3n Europea y los Estados miembros como entre estos \u00faltimos.\u00a0Asimismo, el programa define metas para \u00e1reas como la infraestructura digital, digitalizaci\u00f3n de empresas, y servicios p\u00fablicos digitales.<\/p>\n<p>La <a href=\"https:\/\/ec.europa.eu\/info\/law\/better-regulation\/have-your-say\/initiatives\/15514-Review-of-the-Digital-Decade-policy-programme_en\" target=\"_blank\" rel=\"noopener\">convocatoria<\/a> de pruebas estar\u00e1 abierta hasta el 23 de diciembre de 2025, y se invita a ciudadanos, organizaciones, administraciones p\u00fablicas y actores del sector tecnol\u00f3gico a aportar datos, evidencias y recomendaciones que puedan enriquecer el proceso de revisi\u00f3n. La Comisi\u00f3n Europea debe revisar el programa antes del 30 de junio de 2026 y podr\u00e1 proponer modificaciones.<\/p>\n<p>Desde su puesta en marcha, el programa de pol\u00edticas de la D\u00e9cada Digital ha movilizado m\u00e1s de 288.000 millones de euros en financiaci\u00f3n, canalizados a trav\u00e9s de <a href=\"https:\/\/www.casadomo.com\/2023\/09\/29\/informe-sobre-estado-decada-digital-muestra-avances-transformacion-digital-ue\">hojas de ruta<\/a> nacionales. Estos planes incluyen m\u00e1s de 1.900 medidas espec\u00edficas destinadas para la transformaci\u00f3n digital de la UE.<\/p>\n<p>La entrada <a href=\"https:\/\/www.casadomo.com\/2025\/11\/28\/abierta-convocatoria-evaluar-objetivos-programa-decada-digital-2030\">Abierta una convocatoria para evaluar los objetivos del programa de la D\u00e9cada Digital 2030<\/a> aparece primero en <a href=\"https:\/\/www.casadomo.com\/\">CASADOMO<\/a>.<\/p>\n<\/div>\n","protected":false},"excerpt":{"rendered":"<p>La Comisi\u00f3n Europea ha lanzado una convocatoria p\u00fablica para evaluar si los objetivos y metas del programa D\u00e9cada Digital 2030 siguen estando alineados al panorama tecnol\u00f3gico desde su adopci\u00f3n en 2022. Este proceso de consulta p\u00fablica se enmarca dentro de la revisi\u00f3n prevista para 2026 del programa de pol\u00edtica que gu\u00eda la transformaci\u00f3n digital de &hellip; <a href=\"https:\/\/domosistemas.com\/?p=30795\" class=\"more-link\">Sigue leyendo <span class=\"screen-reader-text\">Abierta una convocatoria para evaluar los objetivos del programa de la D\u00e9cada Digital 2030<\/span><\/a><\/p>\n","protected":false},"author":1,"featured_media":0,"comment_status":"closed","ping_status":"closed","sticky":false,"template":"","format":"standard","meta":{"footnotes":""},"categories":[3],"tags":[],"class_list":["post-30795","post","type-post","status-publish","format-standard","hentry","category-casadomo-com"],"_links":{"self":[{"href":"https:\/\/domosistemas.com\/index.php?rest_route=\/wp\/v2\/posts\/30795","targetHints":{"allow":["GET"]}}],"collection":[{"href":"https:\/\/domosistemas.com\/index.php?rest_route=\/wp\/v2\/posts"}],"about":[{"href":"https:\/\/domosistemas.com\/index.php?rest_route=\/wp\/v2\/types\/post"}],"author":[{"embeddable":true,"href":"https:\/\/domosistemas.com\/index.php?rest_route=\/wp\/v2\/users\/1"}],"replies":[{"embeddable":true,"href":"https:\/\/domosistemas.com\/index.php?rest_route=%2Fwp%2Fv2%2Fcomments&post=30795"}],"version-history":[{"count":0,"href":"https:\/\/domosistemas.com\/index.php?rest_route=\/wp\/v2\/posts\/30795\/revisions"}],"wp:attachment":[{"href":"https:\/\/domosistemas.com\/index.php?rest_route=%2Fwp%2Fv2%2Fmedia&parent=30795"}],"wp:term":[{"taxonomy":"category","embeddable":true,"href":"https:\/\/domosistemas.com\/index.php?rest_route=%2Fwp%2Fv2%2Fcategories&post=30795"},{"taxonomy":"post_tag","embeddable":true,"href":"https:\/\/domosistemas.com\/index.php?rest_route=%2Fwp%2Fv2%2Ftags&post=30795"}],"curies":[{"name":"wp","href":"https:\/\/api.w.org\/{rel}","templated":true}]}}