{"id":30854,"date":"2025-12-02T09:00:03","date_gmt":"2025-12-02T09:00:03","guid":{"rendered":"https:\/\/domosistemas.com\/?p=30854"},"modified":"2025-12-02T09:00:03","modified_gmt":"2025-12-02T09:00:03","slug":"quiero-ahorrar-en-la-factura-de-la-luz-y-estas-son-las-mejores-y-peores-horas-para-encender-la-calefaccion-en-diciembre","status":"publish","type":"post","link":"https:\/\/domosistemas.com\/?p=30854","title":{"rendered":"Quiero ahorrar en la factura de la luz y estas son las mejores y peores horas para encender la calefacci\u00f3n en diciembre"},"content":{"rendered":"<div>\n<p>\n      <img decoding=\"async\" src=\"https:\/\/i.blogs.es\/333579\/e24-ah03ldkafta-unsplash\/1024_2000.jpeg\" alt=\"Quiero ahorrar en la factura de la luz y estas son las mejores y peores horas para encender la calefacci\u00f3n en diciembre \">\n    <\/p>\n<p><strong>La factura de la electricidad<\/strong> sigue disparada y ha tenido varios cambios importantes en los \u00faltimos meses, como la <a class=\"text-outboundlink\" href=\"https:\/\/www.xatakahome.com\/iluminacion-y-energia\/usar-tus-electrodomesticos-horas-baratas-no-merecera-pena-esta-letra-pequena-nueva-tarifa-pvpc\" data-vars-post-title=\"Usar tus electrodom\u00e9sticos en las horas m\u00e1s baratas ya no merecer\u00e1 la pena: esta es la &quot;letra peque\u00f1a&quot; de la nueva tarifa PVPC\" data-vars-post-url=\"https:\/\/www.xatakahome.com\/iluminacion-y-energia\/usar-tus-electrodomesticos-horas-baratas-no-merecera-pena-esta-letra-pequena-nueva-tarifa-pvpc\">nueva forma de calcular el precio<\/a> que <strong>limita las diferencias entre horas caras y baratas <\/strong>o la <a class=\"text-outboundlink\" href=\"https:\/\/www.xatakahome.com\/iluminacion-y-energia\/suben-impuestos-luz-gas-pellets-este-iva-que-tendremos-que-pagar-2024\" data-vars-post-title=\"Suben los impuestos de la luz, el gas y los pellets: este es el IVA que tendremos que pagar en 2024 \" data-vars-post-url=\"https:\/\/www.xatakahome.com\/iluminacion-y-energia\/suben-impuestos-luz-gas-pellets-este-iva-que-tendremos-que-pagar-2024\">vuelta de impuestos como el IVA y el IEE<\/a> a su valor original anterior a la crisis.<\/p>\n<p><!-- BREAK 1 --><\/p>\n<p>De ah\u00ed que si tenemos un sistema de calefacci\u00f3n que use electricidad, como radiadores,<a class=\"text-outboundlink\" href=\"https:\/\/www.xatakahome.com\/hogar\/no-todos-calefactores-electricos-portatiles-iguales-como-elegir-ideal-para-tu-casa-modelos-recomendados\" data-vars-post-title=\"No todos los calefactores el\u00e9ctricos port\u00e1tiles son iguales: c\u00f3mo elegir el ideal para tu casa y modelos recomendados\" data-vars-post-url=\"https:\/\/www.xatakahome.com\/hogar\/no-todos-calefactores-electricos-portatiles-iguales-como-elegir-ideal-para-tu-casa-modelos-recomendados\">\u00a0calefactores port\u00e1tiles<\/a>, <a class=\"text-outboundlink\" href=\"https:\/\/www.xatakahome.com\/hogar\/tienes-aire-acondicionado-bomba-calor-asi-puedes-exprimirlo-al-maximo-para-calentar-casa-este-invierno-ahorrando-luz\" data-vars-post-title=\"Si tienes un aire acondicionado con bomba de calor, as\u00ed puedes exprimirlo al m\u00e1ximo para calentar la casa este invierno ahorrando luz \" data-vars-post-url=\"https:\/\/www.xatakahome.com\/hogar\/tienes-aire-acondicionado-bomba-calor-asi-puedes-exprimirlo-al-maximo-para-calentar-casa-este-invierno-ahorrando-luz\">aire condicionado con bomba de calor<\/a>, etc., lo recomendable sea escoger muy bien las horas del d\u00eda en las que encenderlos, darles m\u00e1s potencia o tenerlos al m\u00ednimo e incluso apagados.<\/p>\n<p>El ahorro puede llegar a ser considerable sobre todo si hacemos un <strong>uso diario intensivo <\/strong>de<strong> <\/strong>estos aparatos y por supuesto si tenemos una tarifa el\u00e9ctrica con precios que van cambiado d\u00eda a d\u00eda, ya que si la nuestra es de tipo tarifa plana nos costar\u00e1 siempre lo mismo.<\/p>\n<p><!-- BREAK 2 --><\/p>\n<div class=\"article-asset article-asset-normal article-asset-center\">\n<div class=\"desvio-container\">\n<div class=\"desvio\">\n<div class=\"desvio-figure js-desvio-figure\">\n    <a href=\"https:\/\/www.xatakahome.com\/hogar\/tienes-aire-acondicionado-bomba-calor-asi-puedes-exprimirlo-al-maximo-para-calentar-casa-este-invierno-ahorrando-luz\" class=\"pivot-outboundlink\" data-vars-post-title=\"Si tienes un aire acondicionado con bomba de calor, as\u00ed puedes exprimirlo al m\u00e1ximo para calentar la casa este invierno ahorrando luz \"><br \/>\n     <img loading=\"lazy\" decoding=\"async\" alt=\"Si tienes un aire acondicionado con bomba de calor, as\u00ed puedes exprimirlo al m\u00e1ximo para calentar la casa este invierno ahorrando luz \" width=\"375\" height=\"142\" src=\"https:\/\/i.blogs.es\/810a68\/1366_2000448\/375_142.jpeg\"><br \/>\n    <\/a>\n   <\/div>\n<div class=\"desvio-summary\">\n<div class=\"desvio-taxonomy js-desvio-taxonomy\">\n     <a href=\"https:\/\/www.xatakahome.com\/hogar\/tienes-aire-acondicionado-bomba-calor-asi-puedes-exprimirlo-al-maximo-para-calentar-casa-este-invierno-ahorrando-luz\" class=\"desvio-taxonomy-anchor pivot-outboundlink\" data-vars-post-title=\"Si tienes un aire acondicionado con bomba de calor, as\u00ed puedes exprimirlo al m\u00e1ximo para calentar la casa este invierno ahorrando luz \">En Xataka Smart Home<\/a>\n    <\/div>\n<p>    <a href=\"https:\/\/www.xatakahome.com\/hogar\/tienes-aire-acondicionado-bomba-calor-asi-puedes-exprimirlo-al-maximo-para-calentar-casa-este-invierno-ahorrando-luz\" class=\"desvio-title js-desvio-title pivot-outboundlink\" data-vars-post-title=\"Si tienes un aire acondicionado con bomba de calor, as\u00ed puedes exprimirlo al m\u00e1ximo para calentar la casa este invierno ahorrando luz \">Si tienes un aire acondicionado con bomba de calor, as\u00ed puedes exprimirlo al m\u00e1ximo para calentar la casa este invierno ahorrando luz <\/a>\n   <\/div>\n<\/p><\/div>\n<\/p><\/div>\n<\/div>\n<h2>Horas m\u00e1s caras y baratas de la luz en diciembre<\/h2>\n<p>Pero si como millones de espa\u00f1oles tenemos una tarifa con discriminaci\u00f3n horaria como por ejemplo la PVPC o regulada, planificar el encendido de nuestros equipos de calefacci\u00f3n el\u00e9ctrica es fundamental. Para ello hay que conocer <strong>cu\u00e1l ser\u00e1 la franja horaria m\u00e1s econ\u00f3mica<\/strong> de ese d\u00eda o a ser posible del d\u00eda siguiente, algo que como ya <a class=\"text-outboundlink\" href=\"https:\/\/www.xatakahome.com\/a-fondo\/como-saber-que-precio-tendra-luz-manana-tienes-tarifa-mercado-libre-como-regulado\" data-vars-post-title=\"C\u00f3mo saber qu\u00e9 precio tendr\u00e1 la luz ma\u00f1ana tanto si tienes una tarifa en el mercado libre como en el regulado\" data-vars-post-url=\"https:\/\/www.xatakahome.com\/a-fondo\/como-saber-que-precio-tendra-luz-manana-tienes-tarifa-mercado-libre-como-regulado\">vimos a fondo en su momento<\/a> es posible saber consultando diferentes p\u00e1ginas y servicios online.<\/p>\n<p><!-- BREAK 3 --><\/p>\n<p><strong>En las \u00faltimas semanas<\/strong>, atendiendo a los datos proporcionados por <a rel=\"noopener, noreferrer\" href=\"https:\/\/www.esios.ree.es\/es\/pvpc?date=14-03-2023\">Red El\u00e9ctrica Espa\u00f1ola<\/a>, la curva de precios se ha posicionado estableciendo un <strong>tramo bien diferenciado<\/strong> cada d\u00eda en el que los precios son claramente inferiores a los del resto de la jornada.<\/p>\n<div class=\"article-asset-image article-asset-normal article-asset-center\">\n<div class=\"asset-content\">\n<div class=\"caption-img \">\n<p>   <img decoding=\"async\" alt=\"Diario\" class=\"centro_sinmarco\" src=\"https:\/\/i.blogs.es\/2de7a3\/diario\/450_1000.jpeg\"><\/p>\n<p>        <span>Imagen: Red El\u00e9ctrica Espa\u00f1ola<\/span>\n   <\/div>\n<\/p><\/div>\n<\/div>\n<p>En los <strong>d\u00edas laborables<\/strong> el periodo de horas econ\u00f3micas se sit\u00faa de <strong>madrugada, entre las 00:00 y las 07:00<\/strong>, momento que podemos aprovechar para cargar nuestros radiadores de acumulaci\u00f3n, si es que los tenemos, o programar los termos el\u00e9ctricos de agua. Para el resto de usuarios con radiadores normales o bombas de calor las mejores horas de encendido se sit\u00faan habitualmente <strong>entre las 14:00 y las 17:00 horas.<\/strong><\/p>\n<p><!-- BREAK 4 --><\/p>\n<p>Esta franja es ideal para encender la calefacci\u00f3n de forma que <strong>hagamos el consumo de pico en dichas horas<\/strong> y calentemos la casa para el resto de la tarde noche, donde el gasto de mantener la temperatura ser\u00e1 menor.<\/p>\n<p><!-- BREAK 5 --><\/p>\n<p><strong>La<\/strong> f<strong>ranja<\/strong><strong> m\u00e1s cara<\/strong> comienza sobre las <strong>18:00<\/strong> <strong>horas y se alarga hasta las 21:00-22:00 horas, <\/strong>y si optamos por encender nuestros equipos en ella<strong> <\/strong>podemos llegar a <strong>pagar hasta 2-3 veces<\/strong> m\u00e1s que con respecto a la hora m\u00e1s econ\u00f3mica.<\/p>\n<p><!-- BREAK 6 --><\/p>\n<div class=\"article-asset-image article-asset-normal article-asset-center\">\n<div class=\"asset-content\">\n<div class=\"caption-img \">\n<p>   <img decoding=\"async\" alt=\"Festivos\" class=\"centro_sinmarco\" src=\"https:\/\/i.blogs.es\/0bb888\/festivos\/450_1000.jpeg\"><\/p>\n<p>        <span>Imagen: Red El\u00e9ctrica Espa\u00f1ola<\/span>\n   <\/div>\n<\/p><\/div>\n<\/div>\n<p>En cuanto a los d\u00edas <strong>festivos y los fines de semana<\/strong>, adem\u00e1s de en la franja de madrugada, el tramo de precios bajos se sit\u00faa habitualmente <strong>entre las 10:00 y las 15:00 horas<\/strong>, logrando tambi\u00e9n ahorros importantes con respecto a la hora punta del d\u00eda con los que pagar entre 2 y 3 veces menos.<\/p>\n<p><!-- BREAK 7 --><\/p>\n<p>\u00bfCu\u00e1l es el motivo de estos precios m\u00e1s bajos en las horas centrales del d\u00eda? Pues la entrada de <strong>producci\u00f3n de energ\u00eda fotovoltaica<\/strong>, que est\u00e1 suponiendo un importante aporte al mix energ\u00e9tico rebajando as\u00ed la necesidad de otras alternativas m\u00e1s caras en dicha franja horaria como el gas.<\/p>\n<p><!-- BREAK 8 --><\/p>\n<p>Imagen portada | <a rel=\"noopener, noreferrer\" href=\"https:\/\/unsplash.com\/es\/@e_heizung_24\">e24<\/a><\/p>\n<p>En Xataka Smart Home | <a class=\"text-outboundlink\" href=\"https:\/\/www.xatakahome.com\/iluminacion-y-energia\/como-ver-internet-tiempo-real-cual-consumo-electricidad-que-tienes-casa\" data-vars-post-title=\"C\u00f3mo ver por Internet en tiempo real cu\u00e1l es el consumo de electricidad que est\u00e1s haciendo en casa\" data-vars-post-url=\"https:\/\/www.xatakahome.com\/iluminacion-y-energia\/como-ver-internet-tiempo-real-cual-consumo-electricidad-que-tienes-casa\">C\u00f3mo ver por Internet en tiempo real cu\u00e1l es el consumo de electricidad que est\u00e1s haciendo en casa<\/a><\/p>\n<p><\/p>\n<p><script>\n (function() {\n  window._JS_MODULES = window._JS_MODULES || {};\n  var headElement = document.getElementsByTagName('head')[0];\n  if (_JS_MODULES.instagram) {\n   var instagramScript = document.createElement('script');\n   instagramScript.src = 'https:\/\/platform.instagram.com\/en_US\/embeds.js';\n   instagramScript.async = true;\n   instagramScript.defer = true;\n   headElement.appendChild(instagramScript);\n  }\n })();\n<\/script><\/p>\n<p> &#8211; <br \/> La noticia<br \/>\n      <a href=\"https:\/\/www.xatakahome.com\/iluminacion-y-energia\/quiero-ahorrar-factura-luz-estas-mejores-peores-horas-para-encender-calefaccion-diciembre?utm_source=feedburner&amp;utm_medium=feed&amp;utm_campaign=02_Dec_2025\"><br \/>\n       <em> Quiero ahorrar en la factura de la luz y estas son las mejores y peores horas para encender la calefacci\u00f3n en diciembre  <\/em><br \/>\n      <\/a><br \/>\n      fue publicada originalmente en<br \/>\n      <a href=\"https:\/\/www.xatakahome.com\/?utm_source=feedburner&amp;utm_medium=feed&amp;utm_campaign=02_Dec_2025\"><br \/>\n       <strong> Xataka Smart Home <\/strong><br \/>\n      <\/a><br \/>\n             por <a href=\"https:\/\/www.xatakahome.com\/autor\/paco-rodriguez?utm_source=feedburner&amp;utm_medium=feed&amp;utm_campaign=02_Dec_2025\"><br \/>\n        Paco Rodr\u00edguez<br \/>\n       <\/a><br \/>\n      . <\/p>\n<\/div>\n","protected":false},"excerpt":{"rendered":"<p>La factura de la electricidad sigue disparada y ha tenido varios cambios importantes en los \u00faltimos meses, como la nueva forma de calcular el precio que limita las diferencias entre horas caras y baratas o la vuelta de impuestos como el IVA y el IEE a su valor original anterior a la crisis. De ah\u00ed &hellip; <a href=\"https:\/\/domosistemas.com\/?p=30854\" class=\"more-link\">Sigue leyendo <span class=\"screen-reader-text\">Quiero ahorrar en la factura de la luz y estas son las mejores y peores horas para encender la calefacci\u00f3n en diciembre<\/span><\/a><\/p>\n","protected":false},"author":1,"featured_media":0,"comment_status":"closed","ping_status":"closed","sticky":false,"template":"","format":"standard","meta":{"footnotes":""},"categories":[8],"tags":[],"class_list":["post-30854","post","type-post","status-publish","format-standard","hentry","category-xataka"],"_links":{"self":[{"href":"https:\/\/domosistemas.com\/index.php?rest_route=\/wp\/v2\/posts\/30854","targetHints":{"allow":["GET"]}}],"collection":[{"href":"https:\/\/domosistemas.com\/index.php?rest_route=\/wp\/v2\/posts"}],"about":[{"href":"https:\/\/domosistemas.com\/index.php?rest_route=\/wp\/v2\/types\/post"}],"author":[{"embeddable":true,"href":"https:\/\/domosistemas.com\/index.php?rest_route=\/wp\/v2\/users\/1"}],"replies":[{"embeddable":true,"href":"https:\/\/domosistemas.com\/index.php?rest_route=%2Fwp%2Fv2%2Fcomments&post=30854"}],"version-history":[{"count":0,"href":"https:\/\/domosistemas.com\/index.php?rest_route=\/wp\/v2\/posts\/30854\/revisions"}],"wp:attachment":[{"href":"https:\/\/domosistemas.com\/index.php?rest_route=%2Fwp%2Fv2%2Fmedia&parent=30854"}],"wp:term":[{"taxonomy":"category","embeddable":true,"href":"https:\/\/domosistemas.com\/index.php?rest_route=%2Fwp%2Fv2%2Fcategories&post=30854"},{"taxonomy":"post_tag","embeddable":true,"href":"https:\/\/domosistemas.com\/index.php?rest_route=%2Fwp%2Fv2%2Ftags&post=30854"}],"curies":[{"name":"wp","href":"https:\/\/api.w.org\/{rel}","templated":true}]}}