{"id":30864,"date":"2025-12-02T17:05:36","date_gmt":"2025-12-02T17:05:36","guid":{"rendered":"https:\/\/domosistemas.com\/?p=30864"},"modified":"2025-12-02T17:05:36","modified_gmt":"2025-12-02T17:05:36","slug":"si-este-black-friday-has-estrenado-una-smart-tv-mejor-que-no-cometas-este-error-esto-es-lo-primero-que-hay-que-hacer-tras-instalarla","status":"publish","type":"post","link":"https:\/\/domosistemas.com\/?p=30864","title":{"rendered":"Si este Black Friday has estrenado una Smart TV, mejor que no cometas este error. Esto es lo primero que hay que hacer tras instalarla"},"content":{"rendered":"<div>\n<p>\n      <img decoding=\"async\" src=\"https:\/\/i.blogs.es\/3ae157\/samsung\/1024_2000.jpeg\" alt=\"Si este Black Friday has estrenado una Smart TV, mejor que no cometas este error. Esto es lo primero que hay que hacer tras instalarla \">\n    <\/p>\n<p><\/p>\n<p><\/p>\n<p>Si estos d\u00edas de ofertas los has aprovechado para comprar un nuevo televisor, es muy posible que ya lo est\u00e9s disfrutando en tu sal\u00f3n. Si es as\u00ed, quiere decir que ya habr\u00e1s pasado por el proceso de desembalaje e instalaci\u00f3n del mismo. Una vez fuera de la caja y con la Smart TV ya en su soporte, sobre la mesa o colocada en la pared, puede que te hayas planteado dejar el pl\u00e1stico protector que cubre el panel pero, <strong>no es una buena idea<\/strong>.<\/p>\n<p><!-- BREAK 1 --><\/p>\n<h2>El pl\u00e1stico del televisor no es como el vidrio templado que pones en tu m\u00f3vil<\/h2>\n<p>La pantalla de los televisores, los de Samsung y los de la pr\u00e1ctica totalidad de las marcas, viene <strong>protegida por una pel\u00edcula pl\u00e1stica<\/strong> que sirve para evitarles da\u00f1os y suciedad desde le proceso de fabricaci\u00f3n hasta el transporte y la instalaci\u00f3n en el hogar. Estos pl\u00e1sticos no est\u00e1n pensados para ser dejados ah\u00ed, como protecci\u00f3n \u00abeterna\u00bb. Vamos, que no son como el cristal templado o la l\u00e1mina protectora que ponemos en el m\u00f3vil o la tablet.<\/p>\n<p>Es recomendable <strong>dejar el pl\u00e1stico protector durante el proceso de instalaci\u00f3n en casa<\/strong>. Vas a estar movi\u00e9ndolo, y arriesg\u00e1ndote a golpearlo o a que roce con algo. Cuando ya lo tengas todo listo, con el televisor ya en su lugar definitivo, llega el momento de quitar el pl\u00e1stico.<\/p>\n<p><!-- BREAK 2 --><\/p>\n<p>Este pl\u00e1stico deber\u00eda tener <strong>una o dos pesta\u00f1as sobresaliendo de alguna de las esquinas<\/strong>. Su prop\u00f3sito est\u00e1 claro: <strong>es de ah\u00ed de donde debemos tirar para retirar la pel\u00edcula protectora<\/strong>. En caso de nuestro televisor no las tuviera o se hubieran roto en el montaje o el transporte, Samsung recomienda usar una cinta adhesiva que colocaremos en el lugar donde deber\u00edan estar esas pesta\u00f1as, para poder tirar igualmente de ellas.<\/p>\n<p><!-- BREAK 3 --><\/p>\n<div class=\"article-asset-video article-asset-normal\">\n<div class=\"asset-content\">\n<div class=\"base-asset-video\">\n<div class=\"js-dailymotion\">\n    <script type=\"application\/json\">\n                          {\"videoId\":\"x9uw5qg\",\"autoplay\":true,\"title\":\"\u00bfTengo que quitar el pl\u00e1stico protector de mi televisi\u00f3n\u00bf (1080p_25fps_H264-128kbit_AAC)\", \"tag\":\"Samsung\", \"duration\":\"63\"}\n                  <\/script>\n   <\/div>\n<\/p><\/div>\n<\/p><\/div>\n<\/div>\n<p>Como puedes ver en el v\u00eddeo sobre estas l\u00edneas, <strong>Samsung recomienda tambi\u00e9n usar la tele un par de horas antes de retirar el pl\u00e1stico<\/strong>. No explican el por qu\u00e9, aunque es de suponer que el calor que desprende la pantalla puede ayudar a que el adhesivo se desprenda m\u00e1s f\u00e1cilmente.<\/p>\n<p><!-- BREAK 4 --><\/p>\n<p>Debemos tener claro que <strong>dejar el pl\u00e1stico no deber\u00eda ser una opci\u00f3n para nosotros<\/strong>. Por varios motivos. El principal, porque los televisores no est\u00e1n dise\u00f1ados para que esa pel\u00edcula est\u00e9 siempre ah\u00ed. Podr\u00eda terminar adhiri\u00e9ndose m\u00e1s de lo debido y que ya no hubiera forma de retirarla sin da\u00f1ar el panel.\u00a0<\/p>\n<p>Adem\u00e1s, perderemos <strong>nitidez de imagen y podr\u00eda afectar a los \u00e1ngulos de visi\u00f3n laterales o incluso al color<\/strong>, puesto que el pl\u00e1stico no deja pasar la luz de la forma en la que el panel s\u00ed est\u00e1 dise\u00f1ado para hacerlo. Adem\u00e1s, si te has hecho con uno de los \u00faltimos modelos de Samsung con paneles antirreflejos, como los de las gamas S95F o QN90F, no tienes m\u00e1s que buscar un poco por las redes para encontrar <a rel=\"noopener, noreferrer\" href=\"https:\/\/www.youtube.com\/shorts\/Gr3AHePDnig\">v\u00eddeos que muestran lo que te est\u00e1s perdiendo<\/a>. El pl\u00e1stico es brillante y hace que tu televisor, dise\u00f1ado para que lo veas todo con la mayor calidad y sin reflejos, sea pr\u00e1cticamente un espejo, sobre todo cuando haya poca luz en la habitaci\u00f3n.<\/p>\n<p><!-- BREAK 5 --><\/p>\n<div class=\"article-asset article-asset-normal article-asset-center\">\n<div class=\"desvio-container\">\n<div class=\"desvio\">\n<div class=\"desvio-figure js-desvio-figure\">\n    <a href=\"https:\/\/www.xatakahome.com\/televisores\/quiero-cambiar-tele-pronto-estos-cinco-modelos-a-que-le-voy-a-seguir-pista-durante-black-friday-2025\" class=\"pivot-outboundlink\" data-vars-post-title=\"Quiero cambiar de tele ya, y estos son los cinco modelos a los que les voy a seguir la pista durante el Black Friday 2025\"><br \/>\n     <img loading=\"lazy\" decoding=\"async\" alt=\"Quiero cambiar de tele ya, y estos son los cinco modelos a los que les voy a seguir la pista durante el Black Friday 2025\" width=\"375\" height=\"142\" src=\"https:\/\/i.blogs.es\/3c1aef\/1366_2000tienda\/375_142.jpeg\"><br \/>\n    <\/a>\n   <\/div>\n<div class=\"desvio-summary\">\n<div class=\"desvio-taxonomy js-desvio-taxonomy\">\n     <a href=\"https:\/\/www.xatakahome.com\/televisores\/quiero-cambiar-tele-pronto-estos-cinco-modelos-a-que-le-voy-a-seguir-pista-durante-black-friday-2025\" class=\"desvio-taxonomy-anchor pivot-outboundlink\" data-vars-post-title=\"Quiero cambiar de tele ya, y estos son los cinco modelos a los que les voy a seguir la pista durante el Black Friday 2025\">En Xataka Smart Home<\/a>\n    <\/div>\n<p>    <a href=\"https:\/\/www.xatakahome.com\/televisores\/quiero-cambiar-tele-pronto-estos-cinco-modelos-a-que-le-voy-a-seguir-pista-durante-black-friday-2025\" class=\"desvio-title js-desvio-title pivot-outboundlink\" data-vars-post-title=\"Quiero cambiar de tele ya, y estos son los cinco modelos a los que les voy a seguir la pista durante el Black Friday 2025\">Quiero cambiar de tele ya, y estos son los cinco modelos a los que les voy a seguir la pista durante el Black Friday 2025<\/a>\n   <\/div>\n<\/p><\/div>\n<\/p><\/div>\n<\/div>\n<p>Por otro lado, <strong>no temas a perder la garant\u00eda<\/strong>, porque retirar el pl\u00e1stico <strong>no la invalida<\/strong>. Es m\u00e1s, te aconsejo quitarlo precisamente por este motivo: cuando est\u00e1s en el periodo de prueba es cuando debes detectar cualquier fallo de fabricaci\u00f3n o transporte que pueda tener tu televisor. Pongamos que hay un ara\u00f1azo en tu panel, pero lo descubres demasiado tarde, cuando ya no hay posibilidad de devolver la tele,<\/p>\n<p><!-- BREAK 6 --><\/p>\n<p>Una vez elimines el pl\u00e1stico, ser\u00e1 cuando comiences a <strong>disfrutar al cien por cien<\/strong> de todas esas horas y horas de entretenimiento que te esperan con \u00e9l.<\/p>\n<p><\/p>\n<p>Im\u00e1genes | Samsung<\/p>\n<p>En Xataka SmartHome | <a class=\"text-outboundlink\" href=\"https:\/\/www.xatakahome.com\/territorio-samsung\/no-no-tu-tele-nueva-actualizacion-tizen-provoca-que-app-youtube-deje-funcionar-hay-solucion\" data-vars-post-title=\"He actualizado a Tizen 9 y Youtube ha dejado de funcionar. La soluci\u00f3n no es complicada, pero est\u00e1 lejos del televisor\" data-vars-post-url=\"https:\/\/www.xatakahome.com\/territorio-samsung\/no-no-tu-tele-nueva-actualizacion-tizen-provoca-que-app-youtube-deje-funcionar-hay-solucion\">No, no es tu tele: la nueva actualizaci\u00f3n de Tizen provoca que la app de YouTube deje de funcionar. Pero hay soluci\u00f3n<\/a><\/p>\n<p>En Xataka SmartHome | <a class=\"text-outboundlink\" href=\"https:\/\/www.xatakahome.com\/servicios-de-smart-tv\/guerra-hdr-vuelve-a-recrudecerse-samsung-lanzara-hdr10-advanced-nuevo-formato-para-competir-dolby-vision-2\" data-vars-post-title=\"La guerra por el HDR vuelve a recrudecerse. Samsung lanzar\u00e1 HDR10+ Advanced, un nuevo formato para competir con Dolby Vision 2 \" data-vars-post-url=\"https:\/\/www.xatakahome.com\/servicios-de-smart-tv\/guerra-hdr-vuelve-a-recrudecerse-samsung-lanzara-hdr10-advanced-nuevo-formato-para-competir-dolby-vision-2\">La guerra por el HDR vuelve a recrudecerse. Samsung lanzar\u00e1 HDR10+ Advanced, un nuevo formato para competir con Dolby Vision 2<\/a><\/p>\n<p><script>\n (function() {\n  window._JS_MODULES = window._JS_MODULES || {};\n  var headElement = document.getElementsByTagName('head')[0];\n  if (_JS_MODULES.instagram) {\n   var instagramScript = document.createElement('script');\n   instagramScript.src = 'https:\/\/platform.instagram.com\/en_US\/embeds.js';\n   instagramScript.async = true;\n   instagramScript.defer = true;\n   headElement.appendChild(instagramScript);\n  }\n })();\n<\/script><\/p>\n<p> &#8211; <br \/> La noticia<br \/>\n      <a href=\"https:\/\/www.xatakahome.com\/territorio-samsung\/este-black-friday-has-estrenado-smart-tv-mejor-que-no-cometas-este-error-esto-primero-que-hay-que-hacer-instalarla?utm_source=feedburner&amp;utm_medium=feed&amp;utm_campaign=02_Dec_2025\"><br \/>\n       <em> Si este Black Friday has estrenado una Smart TV, mejor que no cometas este error. Esto es lo primero que hay que hacer tras instalarla  <\/em><br \/>\n      <\/a><br \/>\n      fue publicada originalmente en<br \/>\n      <a href=\"https:\/\/www.xatakahome.com\/?utm_source=feedburner&amp;utm_medium=feed&amp;utm_campaign=02_Dec_2025\"><br \/>\n       <strong> Xataka Smart Home <\/strong><br \/>\n      <\/a><br \/>\n             por <a href=\"https:\/\/www.xatakahome.com\/autor\/manuel-garcia-cardenete?utm_source=feedburner&amp;utm_medium=feed&amp;utm_campaign=02_Dec_2025\"><br \/>\n        Manu Garc\u00eda (Visnuh)<br \/>\n       <\/a><br \/>\n      . <\/p>\n<\/div>\n","protected":false},"excerpt":{"rendered":"<p>Si estos d\u00edas de ofertas los has aprovechado para comprar un nuevo televisor, es muy posible que ya lo est\u00e9s disfrutando en tu sal\u00f3n. Si es as\u00ed, quiere decir que ya habr\u00e1s pasado por el proceso de desembalaje e instalaci\u00f3n del mismo. Una vez fuera de la caja y con la Smart TV ya en &hellip; <a href=\"https:\/\/domosistemas.com\/?p=30864\" class=\"more-link\">Sigue leyendo <span class=\"screen-reader-text\">Si este Black Friday has estrenado una Smart TV, mejor que no cometas este error. Esto es lo primero que hay que hacer tras instalarla<\/span><\/a><\/p>\n","protected":false},"author":1,"featured_media":0,"comment_status":"closed","ping_status":"closed","sticky":false,"template":"","format":"standard","meta":{"footnotes":""},"categories":[8],"tags":[],"class_list":["post-30864","post","type-post","status-publish","format-standard","hentry","category-xataka"],"_links":{"self":[{"href":"https:\/\/domosistemas.com\/index.php?rest_route=\/wp\/v2\/posts\/30864","targetHints":{"allow":["GET"]}}],"collection":[{"href":"https:\/\/domosistemas.com\/index.php?rest_route=\/wp\/v2\/posts"}],"about":[{"href":"https:\/\/domosistemas.com\/index.php?rest_route=\/wp\/v2\/types\/post"}],"author":[{"embeddable":true,"href":"https:\/\/domosistemas.com\/index.php?rest_route=\/wp\/v2\/users\/1"}],"replies":[{"embeddable":true,"href":"https:\/\/domosistemas.com\/index.php?rest_route=%2Fwp%2Fv2%2Fcomments&post=30864"}],"version-history":[{"count":0,"href":"https:\/\/domosistemas.com\/index.php?rest_route=\/wp\/v2\/posts\/30864\/revisions"}],"wp:attachment":[{"href":"https:\/\/domosistemas.com\/index.php?rest_route=%2Fwp%2Fv2%2Fmedia&parent=30864"}],"wp:term":[{"taxonomy":"category","embeddable":true,"href":"https:\/\/domosistemas.com\/index.php?rest_route=%2Fwp%2Fv2%2Fcategories&post=30864"},{"taxonomy":"post_tag","embeddable":true,"href":"https:\/\/domosistemas.com\/index.php?rest_route=%2Fwp%2Fv2%2Ftags&post=30864"}],"curies":[{"name":"wp","href":"https:\/\/api.w.org\/{rel}","templated":true}]}}