{"id":30901,"date":"2025-12-04T15:46:43","date_gmt":"2025-12-04T15:46:43","guid":{"rendered":"https:\/\/domosistemas.com\/?p=30901"},"modified":"2025-12-04T15:46:43","modified_gmt":"2025-12-04T15:46:43","slug":"el-gobierno-quiere-subir-una-parte-de-la-factura-de-la-luz-en-2026-hay-una-buena-noticia-creen-que-aun-asi-ahorraremos-frente-a-2025","status":"publish","type":"post","link":"https:\/\/domosistemas.com\/?p=30901","title":{"rendered":"El Gobierno quiere subir una parte de la factura de la luz en 2026. Hay una buena noticia: creen que aun as\u00ed ahorraremos frente a 2025"},"content":{"rendered":"<div>\n<p>\n      <img decoding=\"async\" src=\"https:\/\/i.blogs.es\/2dd0a8\/bombilla\/1024_2000.jpeg\" alt=\"El Gobierno quiere subir una parte de la factura de la luz en 2026. Hay una buena noticia: creen que aun as\u00ed ahorraremos frente a 2025 \">\n    <\/p>\n<p>El Ministerio para la Transici\u00f3n Ecol\u00f3gica propone en el texto de una consulta p\u00fablica una subida de 10,5% los cargos del sistema el\u00e9ctrico. Este aumento se suma al 4% en los peajes planteado por la Comisi\u00f3n Nacional de los Mercados y la Competencia (CNMC). En total, la parte fija y regulada de la factura registrar\u00e1 una subida media del 14,5% el pr\u00f3ximo a\u00f1o. Dicha parte supone aproximadamente la mitad de la factural.<\/p>\n<p><!-- BREAK 1 --><\/p>\n<p><strong>\u00bfPor qu\u00e9 quiere el Gobierno subir los costes fijos?<\/strong> El principal motivo es el aumento de la partida destinada a financiar las energ\u00edas renovables con derecho a retribuci\u00f3n. En 2026, el total destinado crecer\u00e1 un 37% hasta los 5.760 millones de euros. El sobrecoste se debe, seg\u00fan <a rel=\"noopener, noreferrer\" href=\"https:\/\/cincodias.elpais.com\/companias\/2025-12-03\/transicion-ecologica-propone-una-subida-del-105-en-los-cargos-de-la-factura-de-la-luz-para-2026.html\">un experto cuyas palabras ha recogido Cinco D\u00edas<\/a>, a que, en su d\u00eda, Transici\u00f3n Ecol\u00f3gica estim\u00f3 en su d\u00eda precios de mercado m\u00e1s altos de los que finalmente se dieron.\u00a0<\/p>\n<p>Estas instalaciones tienen garantizado un precio fijo con contratos por diferencia, as\u00ed que habr\u00e1 que compensarlas por lo que no ingresaron. Con la subida del 4% de los peajes, se busca financiar el refuerzo y la ampliaci\u00f3n de redes para integrar m\u00e1s renovables y garantizar el suministro.<\/p>\n<p><!-- BREAK 2 --><\/p>\n<div class=\"article-asset article-asset-normal article-asset-center\">\n<div class=\"desvio-container\">\n<div class=\"desvio\">\n<div class=\"desvio-figure js-desvio-figure\">\n    <a href=\"https:\/\/www.xatakahome.com\/iluminacion-y-energia\/este-experto-aclara-cuantas-horas-deben-estar-encendidos-radiadores-para-estar-calentitos-no-derrochar-factura\" class=\"pivot-outboundlink\" data-vars-post-title=\"\u00bfEncender los radiadores demasiado tiempo es bueno? Este experto aclara cuantas horas son las ideales \"><br \/>\n     <img loading=\"lazy\" decoding=\"async\" alt=\"\u00bfEncender los radiadores demasiado tiempo es bueno? Este experto aclara cuantas horas son las ideales \" width=\"375\" height=\"142\" src=\"https:\/\/i.blogs.es\/d4e548\/pexels-skylar-kang-6044649\/375_142.jpeg\"><br \/>\n    <\/a>\n   <\/div>\n<div class=\"desvio-summary\">\n<div class=\"desvio-taxonomy js-desvio-taxonomy\">\n     <a href=\"https:\/\/www.xatakahome.com\/iluminacion-y-energia\/este-experto-aclara-cuantas-horas-deben-estar-encendidos-radiadores-para-estar-calentitos-no-derrochar-factura\" class=\"desvio-taxonomy-anchor pivot-outboundlink\" data-vars-post-title=\"\u00bfEncender los radiadores demasiado tiempo es bueno? Este experto aclara cuantas horas son las ideales \">En Xataka Smart Home<\/a>\n    <\/div>\n<p>    <a href=\"https:\/\/www.xatakahome.com\/iluminacion-y-energia\/este-experto-aclara-cuantas-horas-deben-estar-encendidos-radiadores-para-estar-calentitos-no-derrochar-factura\" class=\"desvio-title js-desvio-title pivot-outboundlink\" data-vars-post-title=\"\u00bfEncender los radiadores demasiado tiempo es bueno? Este experto aclara cuantas horas son las ideales \">\u00bfEncender los radiadores demasiado tiempo es bueno? Este experto aclara cuantas horas son las ideales <\/a>\n   <\/div>\n<\/p><\/div>\n<\/p><\/div>\n<\/div>\n<p><strong>El Gobierno es optimista con que salgan las cuentas.<\/strong> Pese al encarecimiento de la parte fija, el Ministerio sostiene que el usuario final ver\u00e1 una rebaja en su factura total de entre el 4% y el 10%. Su c\u00e1lculo se basa en los mercados de futuros, que anticipan un precio de la energ\u00eda de 56,7 \u20ac\/MWh para 2026, inferior a la media de 64,96 \u20ac\/MWh. Seg\u00fan esta l\u00f3gica, el abaratamiento de la energ\u00eda (un 12% aproximado, seg\u00fan esas cuentas) compensar\u00e1 con creces el aumento de los costes regulados.<\/p>\n<p><!-- BREAK 3 --><\/p>\n<p><strong>Incertidumbre.<\/strong> El problema de este planteamiento del Gobierno es que el mercado de futuros no tiene por qu\u00e9 cumplirse. Adem\u00e1s, fuentes del sector alertan en <a rel=\"noopener, noreferrer\" href=\"https:\/\/cincodias.elpais.com\/companias\/2025-12-03\/transicion-ecologica-propone-una-subida-del-105-en-los-cargos-de-la-factura-de-la-luz-para-2026.html\">Cinco D\u00edas<\/a> un posible desequilibrio. El Ministerio prev\u00e9 que la demanda el\u00e9ctrica crezca un 4,5% en 2026, lo que permitir\u00eda repartir los costes entre m\u00e1s consumo. La CNMC, por su parte, calcula un incremento del 2,3%. Si la previsi\u00f3n de este organismo se cumple, los ingresos no cubrir\u00e1n los gastos. Con ello, habr\u00eda un nuevo d\u00e9ficit de tarifa<\/p>\n<p>A este riesgo se suma la incertidumbre de los \u00abcostes de operaci\u00f3n reforzada\u00bb aplicados por Red El\u00e9ctrica para evitar apagones, que han aumentado un 33% en noviembre respecto al a\u00f1o anterior y no est\u00e1n del todo contemplados en estas previsiones optimistas.<\/p>\n<p><!-- BREAK 4 --><\/p>\n<p>Imagen | <a rel=\"noopener, noreferrer\" href=\"https:\/\/unsplash.com\/es\/@luis_tosta\">Luis Tosta<\/a> en Unsplash\u00a0<\/p>\n<p>En Unsplash | <a class=\"text-outboundlink\" href=\"https:\/\/www.xatakahome.com\/hogar\/tengo-termo-electrico-este-pequeno-truco-hace-que-gaste-mucha-luz-renunciar-al-agua-caliente\" data-vars-post-title=\"No quiero renunciar al agua caliente en casa, pero tampoco que se dispare la factura. Este es el truco que aplico para conseguirlo\" data-vars-post-url=\"https:\/\/www.xatakahome.com\/hogar\/tengo-termo-electrico-este-pequeno-truco-hace-que-gaste-mucha-luz-renunciar-al-agua-caliente\">No quiero renunciar al agua caliente en casa, pero tampoco que se dispare la factura. Este es el truco que aplico para conseguirlo<\/a><\/p>\n<p><script>\n (function() {\n  window._JS_MODULES = window._JS_MODULES || {};\n  var headElement = document.getElementsByTagName('head')[0];\n  if (_JS_MODULES.instagram) {\n   var instagramScript = document.createElement('script');\n   instagramScript.src = 'https:\/\/platform.instagram.com\/en_US\/embeds.js';\n   instagramScript.async = true;\n   instagramScript.defer = true;\n   headElement.appendChild(instagramScript);\n  }\n })();\n<\/script><\/p>\n<p> &#8211; <br \/> La noticia<br \/>\n      <a href=\"https:\/\/www.xatakahome.com\/hogar\/gobierno-quiere-subir-parte-factura-luz-2026-hay-buena-noticia-creen-que-asi-ahorraremos-frente-a-2025?utm_source=feedburner&amp;utm_medium=feed&amp;utm_campaign=04_Dec_2025\"><br \/>\n       <em> El Gobierno quiere subir una parte de la factura de la luz en 2026. Hay una buena noticia: creen que aun as\u00ed ahorraremos frente a 2025  <\/em><br \/>\n      <\/a><br \/>\n      fue publicada originalmente en<br \/>\n      <a href=\"https:\/\/www.xatakahome.com\/?utm_source=feedburner&amp;utm_medium=feed&amp;utm_campaign=04_Dec_2025\"><br \/>\n       <strong> Xataka Smart Home <\/strong><br \/>\n      <\/a><br \/>\n             por <a href=\"https:\/\/www.xatakahome.com\/autor\/antonio-saban?utm_source=feedburner&amp;utm_medium=feed&amp;utm_campaign=04_Dec_2025\"><br \/>\n        Antonio Sab\u00e1n<br \/>\n       <\/a><br \/>\n      . <\/p>\n<\/div>\n","protected":false},"excerpt":{"rendered":"<p>El Ministerio para la Transici\u00f3n Ecol\u00f3gica propone en el texto de una consulta p\u00fablica una subida de 10,5% los cargos del sistema el\u00e9ctrico. Este aumento se suma al 4% en los peajes planteado por la Comisi\u00f3n Nacional de los Mercados y la Competencia (CNMC). En total, la parte fija y regulada de la factura registrar\u00e1 &hellip; <a href=\"https:\/\/domosistemas.com\/?p=30901\" class=\"more-link\">Sigue leyendo <span class=\"screen-reader-text\">El Gobierno quiere subir una parte de la factura de la luz en 2026. Hay una buena noticia: creen que aun as\u00ed ahorraremos frente a 2025<\/span><\/a><\/p>\n","protected":false},"author":1,"featured_media":0,"comment_status":"closed","ping_status":"closed","sticky":false,"template":"","format":"standard","meta":{"footnotes":""},"categories":[8],"tags":[],"class_list":["post-30901","post","type-post","status-publish","format-standard","hentry","category-xataka"],"_links":{"self":[{"href":"https:\/\/domosistemas.com\/index.php?rest_route=\/wp\/v2\/posts\/30901","targetHints":{"allow":["GET"]}}],"collection":[{"href":"https:\/\/domosistemas.com\/index.php?rest_route=\/wp\/v2\/posts"}],"about":[{"href":"https:\/\/domosistemas.com\/index.php?rest_route=\/wp\/v2\/types\/post"}],"author":[{"embeddable":true,"href":"https:\/\/domosistemas.com\/index.php?rest_route=\/wp\/v2\/users\/1"}],"replies":[{"embeddable":true,"href":"https:\/\/domosistemas.com\/index.php?rest_route=%2Fwp%2Fv2%2Fcomments&post=30901"}],"version-history":[{"count":0,"href":"https:\/\/domosistemas.com\/index.php?rest_route=\/wp\/v2\/posts\/30901\/revisions"}],"wp:attachment":[{"href":"https:\/\/domosistemas.com\/index.php?rest_route=%2Fwp%2Fv2%2Fmedia&parent=30901"}],"wp:term":[{"taxonomy":"category","embeddable":true,"href":"https:\/\/domosistemas.com\/index.php?rest_route=%2Fwp%2Fv2%2Fcategories&post=30901"},{"taxonomy":"post_tag","embeddable":true,"href":"https:\/\/domosistemas.com\/index.php?rest_route=%2Fwp%2Fv2%2Ftags&post=30901"}],"curies":[{"name":"wp","href":"https:\/\/api.w.org\/{rel}","templated":true}]}}