{"id":30969,"date":"2025-12-10T03:00:57","date_gmt":"2025-12-10T03:00:57","guid":{"rendered":"https:\/\/domosistemas.com\/?p=30969"},"modified":"2025-12-10T03:00:57","modified_gmt":"2025-12-10T03:00:57","slug":"la-nueva-residencia-de-mayores-de-avila-integrara-telemedicina-y-tecnologia-de-ultima-generacion","status":"publish","type":"post","link":"https:\/\/domosistemas.com\/?p=30969","title":{"rendered":"La nueva residencia de mayores de \u00c1vila integrar\u00e1 telemedicina y tecnolog\u00eda de \u00faltima generaci\u00f3n"},"content":{"rendered":"<div>\n<p>Con el objetivo de ofrecer una infraestructura y tecnolog\u00eda avanzada, la <a href=\"https:\/\/www.jcyl.es\/web\/jcyl\/Portada\/es\/Home\/1246890364336\/_\/_\/_\" target=\"_blank\" rel=\"noopener\">Junta de Castilla y Le\u00f3n<\/a> construye en el municipio de \u00c1vila una nueva residencia de personas mayores que ofrecer\u00e1 180 plazas, 100 m\u00e1s que el centro actual, distribuidas en 12 unidades de convivencia y un centro de d\u00eda con 15 plazas. En materia tecnol\u00f3gica, el centro integrar\u00e1 estaciones de telemedicina avanzada para monitorizar constantes vitales sin desplazamientos, as\u00ed como la infraestructura wifi de Residencias Digitales para implementar sistemas como control de ca\u00eddas por radar, dispositivos de control de errantes, sistema de atenci\u00f3n al residente (SAR) y gesti\u00f3n inteligente de lavander\u00eda mediante RFID.<\/p>\n<figure id=\"attachment_166290\" aria-describedby=\"caption-attachment-166290\" style=\"width: 800px\" class=\"wp-caption aligncenter\"><img fetchpriority=\"high\" decoding=\"async\" class=\"wp-image-166290 size-full\" src=\"https:\/\/static.casadomo.com\/media\/2025\/12\/junta-de-castilla-y-leon-construye-la-nueva-residencia-de-mayores-de-avila-con-tecnologia-de-vanguardia-ok.png\" alt=\"Alfonso F. Ma\u00f1ueco\" width=\"800\" height=\"534\" srcset=\"https:\/\/static.casadomo.com\/media\/2025\/12\/junta-de-castilla-y-leon-construye-la-nueva-residencia-de-mayores-de-avila-con-tecnologia-de-vanguardia-ok.png 800w, https:\/\/static.casadomo.com\/media\/2025\/12\/junta-de-castilla-y-leon-construye-la-nueva-residencia-de-mayores-de-avila-con-tecnologia-de-vanguardia-ok-300x200.png 300w, https:\/\/static.casadomo.com\/media\/2025\/12\/junta-de-castilla-y-leon-construye-la-nueva-residencia-de-mayores-de-avila-con-tecnologia-de-vanguardia-ok-768x513.png 768w, https:\/\/static.casadomo.com\/media\/2025\/12\/junta-de-castilla-y-leon-construye-la-nueva-residencia-de-mayores-de-avila-con-tecnologia-de-vanguardia-ok-180x120.png 180w\" sizes=\"(max-width: 800px) 100vw, 800px\"><figcaption id=\"caption-attachment-166290\" class=\"wp-caption-text\">La residencia contar\u00e1 con 180 plazas y un completo equipamiento tecnol\u00f3gico para mejorar la atenci\u00f3n asistencial.<\/figcaption><\/figure>\n<p>Las obras finalizar\u00e1n en octubre de 2028. La inversi\u00f3n total del proyecto asciende a 27,3 millones de euros, Adem\u00e1s, las soluciones permiten una atenci\u00f3n personalizada y eficiente, optimizando recursos y mejorando la calidad de vida de los residentes. Adem\u00e1s, contar\u00e1 con un sistema de inteligencia artificial que reconoce sonidos como alarmas o mensajes y genera alertas visuales para residentes con problemas auditivos.<\/p>\n<h2>Eficiencia con el nuevo modelo de atenci\u00f3n residencial<\/h2>\n<p>Se trata de un edificio multiservicios de \u00faltima generaci\u00f3n, moderno y sostenible, dise\u00f1ado para funcionar bajo el sistema de unidades de convivencia, que forma parte del nuevo modelo de atenci\u00f3n residencial centrado en la persona.\u00a0Con la intenci\u00f3n de replicar estas innovaciones y el modelo de unidades de convivencia en otros centros de Castilla y Le\u00f3n, reforzando la atenci\u00f3n integral y tecnol\u00f3gica en toda la comunidad.<\/p>\n<p>Asimismo, las instalaciones de la residencia estar\u00e1n dise\u00f1adas para ser totalmente accesibles, no solo en los espacios privados de los residentes, sino tambi\u00e9n en los vestuarios del personal y los ba\u00f1os p\u00fablicos de la planta baja, adaptados para personas ostomizadas.<\/p>\n<p>El edificio contar\u00e1 con se\u00f1alizaci\u00f3n en braille y pavimentos podot\u00e1ctiles para facilitar el desplazamiento de personas con dificultades visuales, y bucles magn\u00e9ticos que transmiten audio directamente a aud\u00edfonos o implantes cocleares, beneficiando a quienes tengan discapacidad auditiva. Adem\u00e1s, se incorporar\u00e1 un sistema de inteligencia artificial capaz de reconocer sonidos, como mensajes o alarmas, y generar alertas visuales para residentes con problemas auditivos.<\/p>\n<p>Adem\u00e1s, la residencia responde a los est\u00e1ndares de centro multiservicio de cuidados de larga duraci\u00f3n y se va a estructurar en unidades de convivencia, ajust\u00e1ndose al nuevo modelo de atenci\u00f3n residencial establecido en la Ley de Atenci\u00f3n Residencial de 2024. Es decir, se configurar\u00e1n entornos acogedores, asimilables a un hogar, que garantizan la calidad de vida de los residentes, fomentan su autonom\u00eda y permiten el desarrollo de su proyecto vital.<\/p>\n<p>La entrada <a href=\"https:\/\/www.casadomo.com\/2025\/12\/10\/nueva-residencia-mayores-avila-integrara-telemedicina-tecnologia-de-ultima-generacion\">La nueva residencia de mayores de \u00c1vila integrar\u00e1 telemedicina y tecnolog\u00eda de \u00faltima generaci\u00f3n<\/a> aparece primero en <a href=\"https:\/\/www.casadomo.com\/\">CASADOMO<\/a>.<\/p>\n<\/div>\n","protected":false},"excerpt":{"rendered":"<p>Con el objetivo de ofrecer una infraestructura y tecnolog\u00eda avanzada, la Junta de Castilla y Le\u00f3n construye en el municipio de \u00c1vila una nueva residencia de personas mayores que ofrecer\u00e1 180 plazas, 100 m\u00e1s que el centro actual, distribuidas en 12 unidades de convivencia y un centro de d\u00eda con 15 plazas. En materia tecnol\u00f3gica, &hellip; <a href=\"https:\/\/domosistemas.com\/?p=30969\" class=\"more-link\">Sigue leyendo <span class=\"screen-reader-text\">La nueva residencia de mayores de \u00c1vila integrar\u00e1 telemedicina y tecnolog\u00eda de \u00faltima generaci\u00f3n<\/span><\/a><\/p>\n","protected":false},"author":1,"featured_media":0,"comment_status":"closed","ping_status":"closed","sticky":false,"template":"","format":"standard","meta":{"footnotes":""},"categories":[3],"tags":[],"class_list":["post-30969","post","type-post","status-publish","format-standard","hentry","category-casadomo-com"],"_links":{"self":[{"href":"https:\/\/domosistemas.com\/index.php?rest_route=\/wp\/v2\/posts\/30969","targetHints":{"allow":["GET"]}}],"collection":[{"href":"https:\/\/domosistemas.com\/index.php?rest_route=\/wp\/v2\/posts"}],"about":[{"href":"https:\/\/domosistemas.com\/index.php?rest_route=\/wp\/v2\/types\/post"}],"author":[{"embeddable":true,"href":"https:\/\/domosistemas.com\/index.php?rest_route=\/wp\/v2\/users\/1"}],"replies":[{"embeddable":true,"href":"https:\/\/domosistemas.com\/index.php?rest_route=%2Fwp%2Fv2%2Fcomments&post=30969"}],"version-history":[{"count":0,"href":"https:\/\/domosistemas.com\/index.php?rest_route=\/wp\/v2\/posts\/30969\/revisions"}],"wp:attachment":[{"href":"https:\/\/domosistemas.com\/index.php?rest_route=%2Fwp%2Fv2%2Fmedia&parent=30969"}],"wp:term":[{"taxonomy":"category","embeddable":true,"href":"https:\/\/domosistemas.com\/index.php?rest_route=%2Fwp%2Fv2%2Fcategories&post=30969"},{"taxonomy":"post_tag","embeddable":true,"href":"https:\/\/domosistemas.com\/index.php?rest_route=%2Fwp%2Fv2%2Ftags&post=30969"}],"curies":[{"name":"wp","href":"https:\/\/api.w.org\/{rel}","templated":true}]}}