{"id":31041,"date":"2025-12-15T13:30:58","date_gmt":"2025-12-15T13:30:58","guid":{"rendered":"https:\/\/domosistemas.com\/?p=31041"},"modified":"2025-12-15T13:30:58","modified_gmt":"2025-12-15T13:30:58","slug":"el-miercoles-llega-a-aldi-esta-envasadora-al-vacio-muy-util-para-tu-cocina-por-solo-20-euros","status":"publish","type":"post","link":"https:\/\/domosistemas.com\/?p=31041","title":{"rendered":"El mi\u00e9rcoles llega a Aldi esta envasadora al vac\u00edo muy \u00fatil para tu cocina por solo 20 euros"},"content":{"rendered":"<div>\n<p>\n      <img decoding=\"async\" src=\"https:\/\/i.blogs.es\/6b2523\/aldi-8-\/1024_2000.jpeg\" alt=\"El mi\u00e9rcoles llega a Aldi esta envasadora al vac\u00edo muy \u00fatil para tu cocina por solo 20 euros\">\n    <\/p>\n<p>En la cocina, hay numerosos dispositivos que pueden ser m\u00e1s \u00fatiles de lo que a priori piensas. Por ejemplo, el pr\u00f3ximo mi\u00e9rcoles 15 de diciembre, llegar\u00e1 a las tiendas de <strong>Aldi<\/strong> (tal y como podemos ver en su <a rel=\"noopener, noreferrer\" href=\"https:\/\/www.aldi.es\/folleto\/semanal-51-2025.html\">folleto digital<\/a>) una <strong>envasadora al vac\u00edo<\/strong> por solo 19,99 euros.\u00a0<\/p>\n<p><!-- BREAK 1 --><\/p>\n<p>Esta <a rel=\"noopener, noreferrer\" href=\"https:\/\/www.aldi.es\/ofertas\/desde-17-diciembre\/envasadora-al-vacio-5793-0-0.article.html\">envasadora al vac\u00edo de Aldi<\/a> es de la firma Ambiano (propia de la cadena de supermercados) y cuenta con <strong>diferentes funciones<\/strong>: sellado, envasado al vac\u00edo normal, en h\u00famedo y suave. Es compatible con la gran mayor\u00eda de l\u00e1minas de envasado y resulta muy \u00fatil para congelar, descongelar en microondas o cocinar.\u00a0<\/p>\n<h2>La alternativa (tambi\u00e9n barata) de Amazon<\/h2>\n<div class=\"article-asset-image article-asset-normal article-asset-center\">\n<div class=\"asset-content\">\n                    <a rel=\"nofollow, sponsored, noopener, noreferrer\" target=\"_blank\" class=\"js-ecommerce\" id=\"link-ecommerce-1\" href=\"https:\/\/www.xatakahome.com\/redirect?url=https%3A%2F%2Fwww.amazon.es%2FCecotec-Envasadora-Magnetik-Envasado-Segundos%2Fdp%2FB0BPYZ7V9K%2F&amp;category=seleccion&amp;ecomPostExpiration=everlasting&amp;postId=120589\" data-vars-affiliate-url=\"https:\/\/www.amazon.es\/Cecotec-Envasadora-Magnetik-Envasado-Segundos\/dp\/B0BPYZ7V9K\/\"><\/p>\n<p>    <img decoding=\"async\" alt=\"Envasadora Al Vacio Cecotec Sealvac Easy Magnetik\" class=\"centro_sinmarco\" src=\"https:\/\/i.blogs.es\/719290\/envasadora-al-vacio-cecotec-sealvac-easy-magnetik\/450_1000.jpeg\"><br \/>\n     <\/a><\/p><\/div>\n<\/div>\n<p>Si no tienes un Aldi cerca (y como este supermercado no permite la compra online), en Amazon tienes una alternativa tambi\u00e9n barata y que te puede interesar. Se trata de esta envasadora al vac\u00edo <strong>Cecotec SealVac Easy Magnetik<\/strong>, que ahora est\u00e1 rebajada y puedes conseguir por <a rel=\"nofollow, sponsored, noopener, noreferrer\" target=\"_blank\" class=\"js-ecommerce\" id=\"link-ecommerce-2\" href=\"https:\/\/www.xatakahome.com\/redirect?url=https%3A%2F%2Fwww.amazon.es%2FCecotec-Envasadora-Magnetik-Envasado-Segundos%2Fdp%2FB0BPYZ7V9K%2F&amp;category=seleccion&amp;ecomPostExpiration=everlasting&amp;postId=120589\" data-vars-affiliate-url=\"https:\/\/www.amazon.es\/Cecotec-Envasadora-Magnetik-Envasado-Segundos\/dp\/B0BPYZ7V9K\/\">23,13 euros<\/a>.<\/p>\n<p><!-- BREAK 2 --><br \/>\n<esi:include src=\"\/modules\/pivot-ecommerce\/27044?ecommerce_expiration=everlasting&amp;category=seleccion&amp;postId=120589&amp;post_type=normal\"><\/esi:include><\/p>\n<p>Esta envasadora al vac\u00edo de Cecotec es perfecta para conservar sabores, texturas y nutrientes con un sellado preciso y r\u00e1pido. Permite el envasado ultrarr\u00e1pido <strong>en solo 10 segundos<\/strong>. Esto es gracias a su motor de 90 W y la presi\u00f3n de vac\u00edo de 0,55 bar.<\/p>\n<p><!-- BREAK 3 --><\/p>\n<div class=\"article-asset article-asset-normal article-asset-center\">\n<div class=\"desvio-container\">\n<div class=\"desvio\">\n<div class=\"desvio-figure js-desvio-figure\">\n    <a href=\"https:\/\/www.xataka.com\/seleccion\/mediamarkt-vuelve-a-celebrar-dia-iva-mejores-chollos-tecnologia\" class=\"pivot-outboundlink\" target=\"_blank\" data-vars-post-title=\"MediaMarkt vuelve a celebrar un D\u00eda sin IVA: los mejores chollos en tecnolog\u00eda \"><br \/>\n     <img loading=\"lazy\" decoding=\"async\" alt=\"MediaMarkt vuelve a celebrar un D\u00eda sin IVA: los mejores chollos en tecnolog\u00eda \" width=\"375\" height=\"142\" src=\"https:\/\/i.blogs.es\/ab4ece\/mediamarkt-3-\/375_142.jpeg\"><br \/>\n    <\/a>\n   <\/div>\n<div class=\"desvio-summary\">\n<div class=\"desvio-taxonomy js-desvio-taxonomy\">\n     <a href=\"https:\/\/www.xataka.com\/seleccion\/mediamarkt-vuelve-a-celebrar-dia-iva-mejores-chollos-tecnologia\" class=\"desvio-taxonomy-anchor pivot-outboundlink m-crosspost\" target=\"_blank\" data-vars-post-title=\"MediaMarkt vuelve a celebrar un D\u00eda sin IVA: los mejores chollos en tecnolog\u00eda \">En Xataka<\/a>\n    <\/div>\n<p>    <a href=\"https:\/\/www.xataka.com\/seleccion\/mediamarkt-vuelve-a-celebrar-dia-iva-mejores-chollos-tecnologia\" class=\"desvio-title js-desvio-title pivot-outboundlink\" target=\"_blank\" data-vars-post-title=\"MediaMarkt vuelve a celebrar un D\u00eda sin IVA: los mejores chollos en tecnolog\u00eda \">MediaMarkt vuelve a celebrar un D\u00eda sin IVA: los mejores chollos en tecnolog\u00eda <\/a>\n   <\/div>\n<\/p><\/div>\n<\/p><\/div>\n<\/div>\n<div class=\"article-asset-video article-asset-normal\">\n<div class=\"asset-content\">\n<div class=\"base-asset-video\">\n<div class=\"js-dailymotion\">\n    <script type=\"application\/json\">\n                          {\"videoId\":\"x8eulp0\",\"autoplay\":true,\"title\":\"Robot de cocina inteligente Cookit de Bosch\", \"tag\":\"tech\", \"duration\":\"35\"}\n                  <\/script>\n   <\/div>\n<\/p><\/div>\n<\/p><\/div>\n<\/div>\n<p>Permite un ancho de sellado de hasta 30 cm, gracias al cortador que integra, por lo que es perfecta para envasar piezas grandes o m\u00faltiples raciones. Est\u00e1 <strong>fabricada en ABS<\/strong>, un material muy ligero y resistente y que se limpia f\u00e1cilmente.<\/p>\n<p><!-- BREAK 4 --><\/p>\n<p>Ofrece modos secos y h\u00famedos, que puedes seleccionar f\u00e1cilmente. Adem\u00e1s, su manejo es muy intuitivo, ya que se controla mediante los botones f\u00edsicos. Adem\u00e1s, su tama\u00f1o es muy <strong>compacto y ligero<\/strong>, por lo que incluso podr\u00e1s llev\u00e1rtela f\u00e1cilmente donde quieras.<\/p>\n<h2>Otros accesorios para tu cocina que pueden interesarte<\/h2>\n<p><esi:include src=\"\/modules\/pivot-ecommerce\/27045?ecommerce_expiration=everlasting&amp;category=seleccion&amp;postId=120589&amp;post_type=normal\"><\/esi:include><esi:include src=\"\/modules\/pivot-ecommerce\/27046?ecommerce_expiration=everlasting&amp;category=seleccion&amp;postId=120589&amp;post_type=normal\"><\/esi:include><\/p>\n<p><em>Algunos de los enlaces de este art\u00edculo son afiliados y pueden reportar un beneficio econ\u00f3mico<\/em>.<\/p>\n<p>Im\u00e1genes | Aldi y Cecotec<\/p>\n<p>En Xataka Home | <a class=\"text-outboundlink\" href=\"https:\/\/www.xatakahome.com\/hogar\/dime-como-cocinas-te-dire-que-tipo-freidora-aire-necesitas-hay-airfryers-para-todos-gustos\" data-vars-post-title=\"Dime c\u00f3mo cocinas y te dir\u00e9 qu\u00e9 tipo de freidora de aire necesitas: hay airfryers para todos los gustos \" data-vars-post-url=\"https:\/\/www.xatakahome.com\/hogar\/dime-como-cocinas-te-dire-que-tipo-freidora-aire-necesitas-hay-airfryers-para-todos-gustos\">Dime c\u00f3mo cocinas y te dir\u00e9 qu\u00e9 tipo de freidora de aire necesitas: hay airfryers para todos los gustos<\/a><\/p>\n<p>En Xataka Home | <a class=\"text-outboundlink\" href=\"https:\/\/www.xatakahome.com\/seleccion\/tengo-freidora-aire-hace-unos-anos-estos-accesorios-que-suelo-utilizar-para-cocinar-ella\" data-vars-post-title=\"Tengo una freidora de aire desde hace unos a\u00f1os. Estos son los accesorios que suelo utilizar para cocinar en ella \" data-vars-post-url=\"https:\/\/www.xatakahome.com\/seleccion\/tengo-freidora-aire-hace-unos-anos-estos-accesorios-que-suelo-utilizar-para-cocinar-ella\" target=\"_blank\">Tengo una freidora de aire desde hace unos a\u00f1os. Estos son los accesorios que suelo utilizar para cocinar en ella<\/a><\/p>\n<p><script>\n (function() {\n  window._JS_MODULES = window._JS_MODULES || {};\n  var headElement = document.getElementsByTagName('head')[0];\n  if (_JS_MODULES.instagram) {\n   var instagramScript = document.createElement('script');\n   instagramScript.src = 'https:\/\/platform.instagram.com\/en_US\/embeds.js';\n   instagramScript.async = true;\n   instagramScript.defer = true;\n   headElement.appendChild(instagramScript);\n  }\n })();\n<\/script><\/p>\n<p> &#8211; <br \/> La noticia<br \/>\n      <a href=\"https:\/\/www.xatakahome.com\/seleccion\/miercoles-llega-a-aldi-esta-envasadora-al-vacio-muy-util-para-tu-cocina-solo-20-euros?utm_source=feedburner&amp;utm_medium=feed&amp;utm_campaign=15_Dec_2025\"><br \/>\n       <em> El mi\u00e9rcoles llega a Aldi esta envasadora al vac\u00edo muy \u00fatil para tu cocina por solo 20 euros <\/em><br \/>\n      <\/a><br \/>\n      fue publicada originalmente en<br \/>\n      <a href=\"https:\/\/www.xatakahome.com\/?utm_source=feedburner&amp;utm_medium=feed&amp;utm_campaign=15_Dec_2025\"><br \/>\n       <strong> Xataka Smart Home <\/strong><br \/>\n      <\/a><br \/>\n             por <a href=\"https:\/\/www.xatakahome.com\/autor\/fran-leon?utm_source=feedburner&amp;utm_medium=feed&amp;utm_campaign=15_Dec_2025\"><br \/>\n        Fran Le\u00f3n<br \/>\n       <\/a><br \/>\n      . <\/p>\n<\/div>\n","protected":false},"excerpt":{"rendered":"<p>En la cocina, hay numerosos dispositivos que pueden ser m\u00e1s \u00fatiles de lo que a priori piensas. Por ejemplo, el pr\u00f3ximo mi\u00e9rcoles 15 de diciembre, llegar\u00e1 a las tiendas de Aldi (tal y como podemos ver en su folleto digital) una envasadora al vac\u00edo por solo 19,99 euros.\u00a0 Esta envasadora al vac\u00edo de Aldi es &hellip; <a href=\"https:\/\/domosistemas.com\/?p=31041\" class=\"more-link\">Sigue leyendo <span class=\"screen-reader-text\">El mi\u00e9rcoles llega a Aldi esta envasadora al vac\u00edo muy \u00fatil para tu cocina por solo 20 euros<\/span><\/a><\/p>\n","protected":false},"author":1,"featured_media":0,"comment_status":"closed","ping_status":"closed","sticky":false,"template":"","format":"standard","meta":{"footnotes":""},"categories":[8],"tags":[],"class_list":["post-31041","post","type-post","status-publish","format-standard","hentry","category-xataka"],"_links":{"self":[{"href":"https:\/\/domosistemas.com\/index.php?rest_route=\/wp\/v2\/posts\/31041","targetHints":{"allow":["GET"]}}],"collection":[{"href":"https:\/\/domosistemas.com\/index.php?rest_route=\/wp\/v2\/posts"}],"about":[{"href":"https:\/\/domosistemas.com\/index.php?rest_route=\/wp\/v2\/types\/post"}],"author":[{"embeddable":true,"href":"https:\/\/domosistemas.com\/index.php?rest_route=\/wp\/v2\/users\/1"}],"replies":[{"embeddable":true,"href":"https:\/\/domosistemas.com\/index.php?rest_route=%2Fwp%2Fv2%2Fcomments&post=31041"}],"version-history":[{"count":0,"href":"https:\/\/domosistemas.com\/index.php?rest_route=\/wp\/v2\/posts\/31041\/revisions"}],"wp:attachment":[{"href":"https:\/\/domosistemas.com\/index.php?rest_route=%2Fwp%2Fv2%2Fmedia&parent=31041"}],"wp:term":[{"taxonomy":"category","embeddable":true,"href":"https:\/\/domosistemas.com\/index.php?rest_route=%2Fwp%2Fv2%2Fcategories&post=31041"},{"taxonomy":"post_tag","embeddable":true,"href":"https:\/\/domosistemas.com\/index.php?rest_route=%2Fwp%2Fv2%2Ftags&post=31041"}],"curies":[{"name":"wp","href":"https:\/\/api.w.org\/{rel}","templated":true}]}}