{"id":31081,"date":"2025-12-18T03:00:21","date_gmt":"2025-12-18T03:00:21","guid":{"rendered":"https:\/\/domosistemas.com\/?p=31081"},"modified":"2025-12-18T03:00:21","modified_gmt":"2025-12-18T03:00:21","slug":"abierta-una-consulta-publica-sobre-el-apagado-de-las-tecnologias-2g-y-3g-en-espana","status":"publish","type":"post","link":"https:\/\/domosistemas.com\/?p=31081","title":{"rendered":"Abierta una consulta p\u00fablica sobre el apagado de las tecnolog\u00edas 2G y 3G en Espa\u00f1a"},"content":{"rendered":"<div>\n<p>El <a href=\"https:\/\/digital.gob.es\/inicio\" target=\"_blank\" rel=\"noopener\">Ministerio para la Transformaci\u00f3n Digital y de la Funci\u00f3n P\u00fablica<\/a> ha publicado una consulta p\u00fablica con el objetivo de recabar informaci\u00f3n y propuestas sobre el futuro proceso de apagado de las tecnolog\u00edas 2G y 3G en Espa\u00f1a. La iniciativa est\u00e1 dirigida a operadores, administraciones p\u00fablicas y otros agentes afectados, y busca garantizar una transici\u00f3n ordenada hacia redes m\u00f3viles m\u00e1s avanzadas.<\/p>\n<figure id=\"attachment_166685\" aria-describedby=\"caption-attachment-166685\" style=\"width: 500px\" class=\"wp-caption aligncenter\"><img loading=\"lazy\" decoding=\"async\" class=\"wp-image-166685 size-full\" src=\"https:\/\/static.casadomo.com\/media\/2025\/12\/abierta-consulta-publica-apagado-redes-2g-3g-espana.jpg\" alt=\"convocatoria\" width=\"500\" height=\"625\" srcset=\"https:\/\/static.casadomo.com\/media\/2025\/12\/abierta-consulta-publica-apagado-redes-2g-3g-espana.jpg 500w, https:\/\/static.casadomo.com\/media\/2025\/12\/abierta-consulta-publica-apagado-redes-2g-3g-espana-240x300.jpg 240w, https:\/\/static.casadomo.com\/media\/2025\/12\/abierta-consulta-publica-apagado-redes-2g-3g-espana-180x225.jpg 180w\" sizes=\"auto, (max-width: 500px) 100vw, 500px\"><figcaption id=\"caption-attachment-166685\" class=\"wp-caption-text\">Las aportaciones que se quieran presentar en el marco de este tr\u00e1mite de consulta podr\u00e1n remitirse hasta el d\u00eda 20 de enero de 2026.<\/figcaption><\/figure>\n<p>Las redes 2G y 3G, implantadas hace m\u00e1s de dos d\u00e9cadas, se encuentran al final de su ciclo tecnol\u00f3gico. Mantenerlas activas supone elevados costes operativos, un mayor consumo energ\u00e9tico y limitaciones en capacidad y seguridad frente a las redes actuales. Su apagado permitir\u00e1 liberar espectro radioel\u00e9ctrico, principalmente en las bandas de 900 y 2100 MHz, que podr\u00e1 reutilizarse para reforzar la cobertura y capacidad de las redes 4G y 5G, ofreciendo mayores velocidades, fiabilidad y eficiencia energ\u00e9tica.<\/p>\n<h2>Hacia una infraestructura m\u00f3vil m\u00e1s eficiente<\/h2>\n<p>La informaci\u00f3n recopilada a trav\u00e9s de la consulta permitir\u00e1 definir aspectos clave del proceso, como los calendarios de apagado por operador y tecnolog\u00eda, los planes de migraci\u00f3n de servicios y dispositivos hacia 4G y 5G, las medidas de comunicaci\u00f3n y acompa\u00f1amiento a los usuarios, as\u00ed como los indicadores necesarios para monitorizar el proceso y garantizar la continuidad de servicios esenciales como el 112.<\/p>\n<p>Adem\u00e1s, el proceso se dise\u00f1ar\u00e1 poniendo el foco en la protecci\u00f3n del usuario, la coordinaci\u00f3n territorial y la transparencia. Para ello, se prev\u00e9 la creaci\u00f3n de un grupo de trabajo de seguimiento que coordine la transici\u00f3n con operadores, organismos sectoriales y colectivos especialmente afectados.<\/p>\n<p>La consulta tambi\u00e9n aborda de forma espec\u00edfica la estrategia de comunicaci\u00f3n, incluyendo plazos de preaviso, canales, mensajes y campa\u00f1as informativas, as\u00ed como la atenci\u00f3n a clientes. Asimismo, se solicitan aportaciones sobre medidas dirigidas a dispositivos y servicios concretos, como eCall, alarmas, ascensores o sistemas de geolocalizaci\u00f3n, y sobre el impacto en colectivos vulnerables, como personas mayores, usuarios de teleasistencia, personas con discapacidad o residentes en zonas rurales.<\/p>\n<p>Espa\u00f1a se suma as\u00ed a otros pa\u00edses europeos que ya est\u00e1n inmersos en el apagado de estas tecnolog\u00edas. El objetivo final es avanzar hacia una infraestructura digital m\u00e1s moderna, eficiente y sostenible, alineada con las necesidades actuales de conectividad. La <a href=\"https:\/\/avance.digital.gob.es\/es-es\/Participacion\/Paginas\/DetalleParticipacionPublica.aspx?k=487\" target=\"_blank\" rel=\"noopener\">consulta p\u00fablica<\/a> permanecer\u00e1 abierta hasta el 20 de enero de 2026.<\/p>\n<p>La entrada <a href=\"https:\/\/www.casadomo.com\/2025\/12\/18\/abierta-consulta-publica-apagado-redes-2g-3g-espana\">Abierta una consulta p\u00fablica sobre el apagado de las tecnolog\u00edas 2G y 3G en Espa\u00f1a<\/a> aparece primero en <a href=\"https:\/\/www.casadomo.com\/\">CASADOMO<\/a>.<\/p>\n<\/div>\n","protected":false},"excerpt":{"rendered":"<p>El Ministerio para la Transformaci\u00f3n Digital y de la Funci\u00f3n P\u00fablica ha publicado una consulta p\u00fablica con el objetivo de recabar informaci\u00f3n y propuestas sobre el futuro proceso de apagado de las tecnolog\u00edas 2G y 3G en Espa\u00f1a. La iniciativa est\u00e1 dirigida a operadores, administraciones p\u00fablicas y otros agentes afectados, y busca garantizar una transici\u00f3n &hellip; <a href=\"https:\/\/domosistemas.com\/?p=31081\" class=\"more-link\">Sigue leyendo <span class=\"screen-reader-text\">Abierta una consulta p\u00fablica sobre el apagado de las tecnolog\u00edas 2G y 3G en Espa\u00f1a<\/span><\/a><\/p>\n","protected":false},"author":1,"featured_media":0,"comment_status":"closed","ping_status":"closed","sticky":false,"template":"","format":"standard","meta":{"footnotes":""},"categories":[3],"tags":[],"class_list":["post-31081","post","type-post","status-publish","format-standard","hentry","category-casadomo-com"],"_links":{"self":[{"href":"https:\/\/domosistemas.com\/index.php?rest_route=\/wp\/v2\/posts\/31081","targetHints":{"allow":["GET"]}}],"collection":[{"href":"https:\/\/domosistemas.com\/index.php?rest_route=\/wp\/v2\/posts"}],"about":[{"href":"https:\/\/domosistemas.com\/index.php?rest_route=\/wp\/v2\/types\/post"}],"author":[{"embeddable":true,"href":"https:\/\/domosistemas.com\/index.php?rest_route=\/wp\/v2\/users\/1"}],"replies":[{"embeddable":true,"href":"https:\/\/domosistemas.com\/index.php?rest_route=%2Fwp%2Fv2%2Fcomments&post=31081"}],"version-history":[{"count":0,"href":"https:\/\/domosistemas.com\/index.php?rest_route=\/wp\/v2\/posts\/31081\/revisions"}],"wp:attachment":[{"href":"https:\/\/domosistemas.com\/index.php?rest_route=%2Fwp%2Fv2%2Fmedia&parent=31081"}],"wp:term":[{"taxonomy":"category","embeddable":true,"href":"https:\/\/domosistemas.com\/index.php?rest_route=%2Fwp%2Fv2%2Fcategories&post=31081"},{"taxonomy":"post_tag","embeddable":true,"href":"https:\/\/domosistemas.com\/index.php?rest_route=%2Fwp%2Fv2%2Ftags&post=31081"}],"curies":[{"name":"wp","href":"https:\/\/api.w.org\/{rel}","templated":true}]}}