{"id":31103,"date":"2025-12-19T03:00:53","date_gmt":"2025-12-19T03:00:53","guid":{"rendered":"https:\/\/domosistemas.com\/?p=31103"},"modified":"2025-12-19T03:00:53","modified_gmt":"2025-12-19T03:00:53","slug":"la-mezquita-catedral-de-cordoba-se-dota-de-un-sistema-de-proteccion-contra-incendios","status":"publish","type":"post","link":"https:\/\/domosistemas.com\/?p=31103","title":{"rendered":"La Mezquita-Catedral de C\u00f3rdoba se dota de un sistema de protecci\u00f3n contra incendios"},"content":{"rendered":"<div>\n<p>El Cabildo Catedral ha puesto en marcha la primera fase de un sistema autom\u00e1tico de protecci\u00f3n contra incendios de \u00faltima generaci\u00f3n en la <a href=\"https:\/\/mezquita-catedraldecordoba.es\/\" target=\"_blank\" rel=\"noopener\">Mezquita-Catedral de C\u00f3rdoba<\/a>. La actuaci\u00f3n, aprobada en sesi\u00f3n capitular el pasado 21 de febrero, culmina un proceso de planificaci\u00f3n prolongado y se integra en la estrategia global de la instituci\u00f3n para reforzar la seguridad y la conservaci\u00f3n integral del monumento.<\/p>\n<figure id=\"attachment_166720\" aria-describedby=\"caption-attachment-166720\" style=\"width: 800px\" class=\"wp-caption aligncenter\"><img fetchpriority=\"high\" decoding=\"async\" class=\"wp-image-166720 size-full\" src=\"https:\/\/static.casadomo.com\/media\/2025\/12\/mezquita-catedral-cordoba-dota-sistema-pionero-proteccion-incendios-ok.jpg\" alt=\"La Mezquita-Catedral\" width=\"800\" height=\"535\" srcset=\"https:\/\/static.casadomo.com\/media\/2025\/12\/mezquita-catedral-cordoba-dota-sistema-pionero-proteccion-incendios-ok.jpg 800w, https:\/\/static.casadomo.com\/media\/2025\/12\/mezquita-catedral-cordoba-dota-sistema-pionero-proteccion-incendios-ok-300x201.jpg 300w, https:\/\/static.casadomo.com\/media\/2025\/12\/mezquita-catedral-cordoba-dota-sistema-pionero-proteccion-incendios-ok-768x514.jpg 768w, https:\/\/static.casadomo.com\/media\/2025\/12\/mezquita-catedral-cordoba-dota-sistema-pionero-proteccion-incendios-ok-180x120.jpg 180w\" sizes=\"(max-width: 800px) 100vw, 800px\"><figcaption id=\"caption-attachment-166720\" class=\"wp-caption-text\">El sistema combina agua nebulizada, c\u00e1maras termogr\u00e1ficas y fibra \u00f3ptica para la protecci\u00f3n de la Mezquita-Catedral.<\/figcaption><\/figure>\n<p>Esta fase inicial cuenta con un presupuesto de 1.320.596 euros y se centra en la protecci\u00f3n activa de las cinco c\u00fapulas que conforman el coro y el crucero del edificio. En una segunda etapa, el sistema se ampliar\u00e1 de manera progresiva al resto de las naves hasta alcanzar la cobertura total del conjunto monumental.<\/p>\n<h2>Un sistema de \u00faltima generaci\u00f3n para reforzar la seguridad<\/h2>\n<p>Asimismo, el proyecto incorpora una tecnolog\u00eda de \u00faltima generaci\u00f3n que combina agua nebulizada de alta presi\u00f3n, c\u00e1maras termogr\u00e1ficas para la detecci\u00f3n temprana de incendios y un sistema de medici\u00f3n de temperatura mediante fibra \u00f3ptica. Esta combinaci\u00f3n permite una respuesta r\u00e1pida y eficaz ante cualquier incidencia, al tiempo que minimiza el impacto sobre un bien de incalculable valor hist\u00f3rico y art\u00edstico y reduce el riesgo de falsas alarmas.<\/p>\n<p>Desde el Cabildo se destaca que la intervenci\u00f3n responde a una planificaci\u00f3n rigurosa y a una preocupaci\u00f3n constante por anticiparse a posibles riesgos, entendiendo la seguridad y la conservaci\u00f3n de la Mezquita-Catedral como una responsabilidad permanente y no como decisiones puntuales. La actuaci\u00f3n se enmarca, adem\u00e1s, en una pol\u00edtica continuada para dotar al monumento de los mejores sistemas de prevenci\u00f3n, siempre compatibles con su singularidad patrimonial.<\/p>\n<p>En este contexto, miembros del Cabildo y de su equipo t\u00e9cnico se desplazaron recientemente a Par\u00eds para conocer el funcionamiento de esta misma tecnolog\u00eda en la catedral de Notre Dame, considerada un referente europeo en la implantaci\u00f3n de sistemas avanzados de protecci\u00f3n contra incendios en edificios hist\u00f3ricos. La experiencia internacional ha servido para adaptar soluciones contrastadas a las necesidades espec\u00edficas del monumento cordob\u00e9s.<\/p>\n<p>El proyecto, desarrollado por la compa\u00f1\u00eda Chubb Iberia, refuerza el compromiso del Cabildo con la aplicaci\u00f3n de soluciones tecnol\u00f3gicas de vanguardia en un entorno patrimonial \u00fanico. Con esta iniciativa, la Mezquita-Catedral de C\u00f3rdoba se sit\u00faa como referente en la protecci\u00f3n contra incendios de bienes hist\u00f3ricos, un aspecto que ha sido reconocido por instituciones internacionales como la Unesco, as\u00ed como por el Ministerio de Cultura y la Consejer\u00eda de Cultura de la Junta de Andaluc\u00eda.<\/p>\n<p>El objetivo final de esta actuaci\u00f3n es garantizar que la Mezquita-Catedral llegue en las mejores condiciones posibles a las generaciones futuras, combinando respeto al patrimonio, innovaci\u00f3n tecnol\u00f3gica y los m\u00e1ximos niveles de seguridad.<\/p>\n<p>La entrada <a href=\"https:\/\/www.casadomo.com\/2025\/12\/19\/mezquita-catedral-cordoba-dota-sistema-proteccion-incendios\">La Mezquita-Catedral de C\u00f3rdoba se dota de un sistema de protecci\u00f3n contra incendios<\/a> aparece primero en <a href=\"https:\/\/www.casadomo.com\/\">CASADOMO<\/a>.<\/p>\n<\/div>\n","protected":false},"excerpt":{"rendered":"<p>El Cabildo Catedral ha puesto en marcha la primera fase de un sistema autom\u00e1tico de protecci\u00f3n contra incendios de \u00faltima generaci\u00f3n en la Mezquita-Catedral de C\u00f3rdoba. La actuaci\u00f3n, aprobada en sesi\u00f3n capitular el pasado 21 de febrero, culmina un proceso de planificaci\u00f3n prolongado y se integra en la estrategia global de la instituci\u00f3n para reforzar &hellip; <a href=\"https:\/\/domosistemas.com\/?p=31103\" class=\"more-link\">Sigue leyendo <span class=\"screen-reader-text\">La Mezquita-Catedral de C\u00f3rdoba se dota de un sistema de protecci\u00f3n contra incendios<\/span><\/a><\/p>\n","protected":false},"author":1,"featured_media":0,"comment_status":"closed","ping_status":"closed","sticky":false,"template":"","format":"standard","meta":{"footnotes":""},"categories":[3],"tags":[],"class_list":["post-31103","post","type-post","status-publish","format-standard","hentry","category-casadomo-com"],"_links":{"self":[{"href":"https:\/\/domosistemas.com\/index.php?rest_route=\/wp\/v2\/posts\/31103","targetHints":{"allow":["GET"]}}],"collection":[{"href":"https:\/\/domosistemas.com\/index.php?rest_route=\/wp\/v2\/posts"}],"about":[{"href":"https:\/\/domosistemas.com\/index.php?rest_route=\/wp\/v2\/types\/post"}],"author":[{"embeddable":true,"href":"https:\/\/domosistemas.com\/index.php?rest_route=\/wp\/v2\/users\/1"}],"replies":[{"embeddable":true,"href":"https:\/\/domosistemas.com\/index.php?rest_route=%2Fwp%2Fv2%2Fcomments&post=31103"}],"version-history":[{"count":0,"href":"https:\/\/domosistemas.com\/index.php?rest_route=\/wp\/v2\/posts\/31103\/revisions"}],"wp:attachment":[{"href":"https:\/\/domosistemas.com\/index.php?rest_route=%2Fwp%2Fv2%2Fmedia&parent=31103"}],"wp:term":[{"taxonomy":"category","embeddable":true,"href":"https:\/\/domosistemas.com\/index.php?rest_route=%2Fwp%2Fv2%2Fcategories&post=31103"},{"taxonomy":"post_tag","embeddable":true,"href":"https:\/\/domosistemas.com\/index.php?rest_route=%2Fwp%2Fv2%2Ftags&post=31103"}],"curies":[{"name":"wp","href":"https:\/\/api.w.org\/{rel}","templated":true}]}}