{"id":31263,"date":"2026-01-07T11:30:03","date_gmt":"2026-01-07T11:30:03","guid":{"rendered":"https:\/\/domosistemas.com\/?p=31263"},"modified":"2026-01-07T11:30:03","modified_gmt":"2026-01-07T11:30:03","slug":"si-usas-gas-natural-para-calefaccion-o-cocinar-llega-un-respiro-esta-es-la-rebaja-del-gobierno-que-se-aplicara-hasta-abril","status":"publish","type":"post","link":"https:\/\/domosistemas.com\/?p=31263","title":{"rendered":"Si usas gas natural para calefacci\u00f3n o cocinar llega un respiro. Esta es la rebaja del Gobierno que se aplicar\u00e1 hasta abril"},"content":{"rendered":"<div>\n<p>\n      <img decoding=\"async\" src=\"https:\/\/i.blogs.es\/b5ac36\/fogon\/1024_2000.jpeg\" alt=\"Si usas gas natural para calefacci\u00f3n o cocinar llega un respiro. Esta es la rebaja del Gobierno que se aplicar\u00e1 hasta abril\">\n    <\/p>\n<p>Estamos viviendo unos <a rel=\"noopener, noreferrer\" href=\"https:\/\/www.eltiempo.es\/noticias\/del-hielo-al-casi-calor-espana-pasa-del-invierno-mas-duro-a-un-giro-termico-en-dias\">d\u00edas de fr\u00edo especialmente intenso<\/a>, con m\u00e1ximas que en muchos lugares de la pen\u00ednsula no superan los 10 \u00b0C y m\u00ednimas bajo cero en una gran cantidad de poblaciones (ayer mismo se alcanzaron los <a rel=\"noopener, noreferrer\" href=\"https:\/\/www.canalsur.es\/noticias\/andalucia\/sierra-nevada-registra-la-temperatura-minima-mas-baja-de-espana--173\/2231805.html\">17 \u00b0C bajo cero en Prado Llano<\/a>). <a class=\"text-outboundlink\" href=\"https:\/\/www.xatakahome.com\/hogar\/frio-intenso-esta-aqui-esta-temperatura-que-pongo-mi-calefaccion-electrica-para-estar-comodo-gastar-fortuna\" data-vars-post-title=\"Esta es la temperatura que pongo en mi calefacci\u00f3n el\u00e9ctrica para estar c\u00f3modo en casa sin gastar una fortuna\" data-vars-post-url=\"https:\/\/www.xatakahome.com\/hogar\/frio-intenso-esta-aqui-esta-temperatura-que-pongo-mi-calefaccion-electrica-para-estar-comodo-gastar-fortuna\">Tener la casa caliente<\/a> y a una temperatura agradable es fundamental para <a class=\"text-outboundlink\" href=\"https:\/\/www.xatakahome.com\/hogar\/solo-necesitas-unos-segundos-tus-radiadores-calienten-mejor-truco-rapidisimo-no-no-purgarlos\" data-vars-post-title=\"Que los radiadores calienten m\u00e1s y en menos tiempo. Antes que purgarlos, esto es a\u00fan m\u00e1s importante: y tardar\u00e1s segundos\" data-vars-post-url=\"https:\/\/www.xatakahome.com\/hogar\/solo-necesitas-unos-segundos-tus-radiadores-calienten-mejor-truco-rapidisimo-no-no-purgarlos\">combatir el fr\u00edo<\/a> y, en este sentido, hay buenas noticias: <strong>en esta \u00e9poca del a\u00f1o nos va a salir m\u00e1s barato.<\/strong><\/p>\n<p><!-- BREAK 1 --><\/p>\n<p>Al menos para quienes tienen sistemas de calefacci\u00f3n de gas. El motivo es que <strong>el Gobierno ha aprobado una rebaja en la <\/strong><a class=\"text-outboundlink\" href=\"https:\/\/www.xatakahome.com\/iluminacion-y-energia\/tener-tarifa-gas-mercado-libre-regulado-que-diferencias-ventajas-e-inconvenientes-hay-cada-caso\" data-vars-post-title=\"Tener la tarifa del gas en el mercado libre o en el regulado: qu\u00e9 diferencias, ventajas e inconvenientes hay en cada caso\" data-vars-post-url=\"https:\/\/www.xatakahome.com\/iluminacion-y-energia\/tener-tarifa-gas-mercado-libre-regulado-que-diferencias-ventajas-e-inconvenientes-hay-cada-caso\">tarifa TUR<\/a>, o lo que es lo mismo, la <a class=\"text-outboundlink\" href=\"https:\/\/www.xatakahome.com\/iluminacion-y-energia\/tienes-tarifa-gas-regulada-tur-casa-sube-precio-a-partir-hoy-1-octubre-2023-estas-novedades\" data-vars-post-title=\"Si tienes una tarifa de gas regulada o TUR en casa, sube de precio a partir de hoy 1 de octubre de 2023: estas son las novedades \" data-vars-post-url=\"https:\/\/www.xatakahome.com\/iluminacion-y-energia\/tienes-tarifa-gas-regulada-tur-casa-sube-precio-a-partir-hoy-1-octubre-2023-estas-novedades\">Tarifa de \u00daltimo Recurso<\/a> del gas natural en Espa\u00f1a. Un panorama muy distinto al que ten\u00edamos a principios de oto\u00f1o, cuando se produjo una subida media del 13,2 % en la tarifa TUR para los hogares.<\/p>\n<p><!-- BREAK 2 --><\/p>\n<h2>Una rebaja en el precio final<\/h2>\n<div class=\"article-asset-image article-asset-large article-asset-center\">\n<div class=\"asset-content\">\n<p>   <img decoding=\"async\" alt=\"Gas\" class=\"\" src=\"https:\/\/i.blogs.es\/34f00a\/gas\/450_1000.jpeg\"><\/p><\/div>\n<\/div>\n<p>En comparaci\u00f3n con los <a class=\"text-outboundlink\" href=\"https:\/\/www.xataka.com\/energia\/parecia-que-precio-gas-iba-a-darnos-respiro-sorpresa-que-se-ha-disparado-resto-factura\" data-vars-post-title=\"A las puertas del oto\u00f1o y del fr\u00edo, alguien reserva una desagradable sorpresa para los hogares espa\u00f1oles: el gas\" data-vars-post-url=\"https:\/\/www.xataka.com\/energia\/parecia-que-precio-gas-iba-a-darnos-respiro-sorpresa-que-se-ha-disparado-resto-factura\">precios fijados en octubre<\/a>, la tarifa TUR ha quedado establecida desde principios de a\u00f1o como <strong>casi un 9 % m\u00e1s barata<\/strong>, en concreto un 8,7 %. Esa es la rebaja media que se aplica tras la resoluci\u00f3n de la Direcci\u00f3n General de Pol\u00edtica Energ\u00e9tica y Minas, publicada hace unos d\u00edas en el <a rel=\"noopener, noreferrer\" href=\"https:\/\/www.boe.es\/diario_boe\/txt.php?id=BOE-A-2025-26707\">Bolet\u00edn Oficial del Estado<\/a> (BOE).<\/p>\n<p><!-- BREAK 3 --><\/p>\n<p><strong>La reducci\u00f3n del precio<\/strong> responde principalmente a la ca\u00edda de los mercados internacionales: el abaratamiento de la materia prima, el menor coste del gas estacional este invierno y la fijaci\u00f3n de un precio base de unos 2,55 c\u00e9ntimos por kWh antes de peajes e impuestos.<\/p>\n<div class=\"article-asset-video article-asset-normal\">\n<div class=\"asset-content\">\n<div class=\"base-asset-video\">\n<div class=\"js-dailymotion\">\n    <script type=\"application\/json\">\n                          {\"videoId\":\"x8006fc\",\"autoplay\":true,\"title\":\"C\u00f3mo dormir cuando hace mucho calor y no tienes aire acondicionado\", \"tag\":\"\", \"duration\":\"217\"}\n                  <\/script>\n   <\/div>\n<\/p><\/div>\n<\/p><\/div>\n<\/div>\n<p>La resoluci\u00f3n publica los precios sin impuestos de la TUR que ser\u00e1n <strong>de aplicaci\u00f3n desde el <\/strong><strong>1 de enero de 2026<\/strong>, organizados por tramos de consumo (TUR1, TUR2, TUR3) y ampliados tambi\u00e9n a tramos superiores (TUR4, TUR5, etc.) para consumos m\u00e1s altos:<\/p>\n<p><!-- BREAK 4 --><\/p>\n<ul>\n<li value=\"1\"><strong>TUR 1<\/strong>: en viviendas con poco consumo (usan gas solo para cocina o agua caliente sanitaria), la factura anual con impuestos bajar\u00e1 un 3,7%.<\/li>\n<li value=\"2\"><strong>TUR 2<\/strong>: para hogares que tambi\u00e9n tienen calefacci\u00f3n (TUR 2), el descenso ser\u00e1 del 4,3%.<\/li>\n<li value=\"3\"><strong>TUR 3<\/strong>: consumos m\u00e1s altos, como peque\u00f1as empresas y PYMES, la rebaja ser\u00e1 del 4,8% en su recibo anual.<\/li>\n<\/ul>\n<p>Adem\u00e1s, la resoluci\u00f3n deja claro que la TUR no es solo para viviendas individuales, sino que tambi\u00e9n pueden beneficiarse otros colectivos, como lo que se conoce popularmente como TUR vecinal. Esto incluye a <strong>comunidades de vecinos<\/strong>, agrupaciones de comunidades, <strong>edificios p\u00fablicos de uso residencial<\/strong> y <strong>entidades sin \u00e1nimo de lucro<\/strong> destinadas a vivienda.<\/p>\n<div class=\"article-asset article-asset-normal article-asset-center\">\n<div class=\"desvio-container\">\n<div class=\"desvio\">\n<div class=\"desvio-figure js-desvio-figure\">\n    <a href=\"https:\/\/www.xatakahome.com\/iluminacion-y-energia\/tarifa-gas-barata-cara-al-verano-2025-esto-que-puedes-ahorrar-ocu\" class=\"pivot-outboundlink\" data-vars-post-title=\"Si quieres ahorrar en la factura del gas, esta es la tarifa m\u00e1s barata de cara al verano de 2025 seg\u00fan la OCU\"><br \/>\n     <img loading=\"lazy\" decoding=\"async\" alt=\"Si quieres ahorrar en la factura del gas, esta es la tarifa m\u00e1s barata de cara al verano de 2025 seg\u00fan la OCU\" width=\"375\" height=\"142\" src=\"https:\/\/i.blogs.es\/da8bb7\/light-cooking-natural-kitchen-flame-fire-1263302-pxhere.com\/375_142.jpeg\"><br \/>\n    <\/a>\n   <\/div>\n<div class=\"desvio-summary\">\n<div class=\"desvio-taxonomy js-desvio-taxonomy\">\n     <a href=\"https:\/\/www.xatakahome.com\/iluminacion-y-energia\/tarifa-gas-barata-cara-al-verano-2025-esto-que-puedes-ahorrar-ocu\" class=\"desvio-taxonomy-anchor pivot-outboundlink\" data-vars-post-title=\"Si quieres ahorrar en la factura del gas, esta es la tarifa m\u00e1s barata de cara al verano de 2025 seg\u00fan la OCU\">En Xataka Smart Home<\/a>\n    <\/div>\n<p>    <a href=\"https:\/\/www.xatakahome.com\/iluminacion-y-energia\/tarifa-gas-barata-cara-al-verano-2025-esto-que-puedes-ahorrar-ocu\" class=\"desvio-title js-desvio-title pivot-outboundlink\" data-vars-post-title=\"Si quieres ahorrar en la factura del gas, esta es la tarifa m\u00e1s barata de cara al verano de 2025 seg\u00fan la OCU\">Si quieres ahorrar en la factura del gas, esta es la tarifa m\u00e1s barata de cara al verano de 2025 seg\u00fan la OCU<\/a>\n   <\/div>\n<\/p><\/div>\n<\/p><\/div>\n<\/div>\n<p>En la pr\u00e1ctica, estos usuarios suelen estar dentro de tarifas m\u00e1s altas, entre la TUR 4 y la TUR 11, pero aun as\u00ed tambi\u00e9n notar\u00e1n la bajada. En concreto, el precio del gas que se paga por cada kWh consumido<strong> se reducir\u00e1 entre un 5,7 % y un 8,3 %<\/strong>, lo que ayudar\u00e1 a aliviar la factura, especialmente en los meses de m\u00e1s consumo.<\/p>\n<p><!-- BREAK 5 --><\/p>\n<p>Esta bajada de la TUR <strong>supone un alivio para los hogares<\/strong> en el periodo de mayor consumo, consolid\u00e1ndose como una opci\u00f3n m\u00e1s estable frente al mercado libre, donde algunos clientes llegan a pagar hasta el doble por el mismo suministro. La normativa, adem\u00e1s, refuerza la protecci\u00f3n de colectivos como comunidades de propietarios, edificios p\u00fablicos residenciales y entidades sin \u00e1nimo de lucro, que pueden acogerse a esta tarifa de forma indefinida.<\/p>\n<p><!-- BREAK 6 --><\/p>\n<p>Esta bajada entrar\u00e1 en vigor el 1 de enero de 2026, aunque <strong>la TUR se revisar\u00e1 de nuevo el 1 de abril<\/strong>, en funci\u00f3n de la evoluci\u00f3n del contexto internacional y del nivel de reservas de gas en la Uni\u00f3n Europea.<\/p>\n<p><!-- BREAK 7 --><\/p>\n<p>Recuerda adem\u00e1s que si tu factura incluye d\u00edas antes y despu\u00e9s de la fecha de revisi\u00f3n (enero, abril, julio y octubre), <strong>la comercializadora<\/strong> <strong>prorratear\u00e1 el consumo<\/strong>, aplicando el precio antiguo a los d\u00edas previos y el nuevo a los posteriores. En la factura lo ver\u00e1s reflejado en el apartado de \u201cconsumo de gas\u201d o \u201ct\u00e9rmino de energ\u00eda\u201d, donde el precio por kWh aparece m\u00e1s bajo que en el trimestre anterior.\u00a0<\/p>\n<p><!-- BREAK 8 --><\/p>\n<h2>Qu\u00e9 es la tarifa TUR y c\u00f3mo contratarla<\/h2>\n<div class=\"article-asset-image article-asset-large article-asset-center\">\n<div class=\"asset-content\">\n<p>   <img decoding=\"async\" alt=\"Radiador\" class=\"\" src=\"https:\/\/i.blogs.es\/d60553\/radiador\/450_1000.jpeg\"><\/p><\/div>\n<\/div>\n<p>La tarifa TUR es la Tarifa de \u00daltimo Recurso de gas natural en Espa\u00f1a. <strong>Es una tarifa <\/strong><strong>regulada por el Gobierno<\/strong>, pensada para proteger a los peque\u00f1os consumidores frente a subidas bruscas del precio del gas.<\/p>\n<p><!-- BREAK 9 --><\/p>\n<p>En la pr\u00e1ctica, la TUR <strong>no la fija el mercado<\/strong><strong>, sino el Estado<\/strong>, y solo puede contratarse a trav\u00e9s de comercializadoras de referencia (no con cualquier compa\u00f1\u00eda). Su precio se revisa trimestralmente y suele ser m\u00e1s estable \u2014y muchas veces m\u00e1s barata\u2014 que las tarifas de mercado libre, especialmente en periodos de crisis energ\u00e9tica.<\/p>\n<p><!-- BREAK 10 --><\/p>\n<div class=\"article-asset article-asset-normal article-asset-center\">\n<div class=\"desvio-container\">\n<div class=\"desvio\">\n<div class=\"desvio-figure js-desvio-figure\">\n    <a href=\"https:\/\/www.xatakahome.com\/a-fondo\/como-contratar-tarifa-gas-barata-ahora-tur-a-que-compania-llamar-requisitos-documentacion-que-pueden-pedir\" class=\"pivot-outboundlink\" data-vars-post-title=\"C\u00f3mo cambiar a la tarifa TUR de gas, la m\u00e1s barata ahora mismo: requisitos para contratar la tarifa de \u00faltimo recurso\"><br \/>\n     <img loading=\"lazy\" decoding=\"async\" alt=\"C\u00f3mo cambiar a la tarifa TUR de gas, la m\u00e1s barata ahora mismo: requisitos para contratar la tarifa de \u00faltimo recurso\" width=\"375\" height=\"142\" src=\"https:\/\/i.blogs.es\/a7de16\/kwon-junho-radv5yb8gdc-unsplash\/375_142.jpg\"><br \/>\n    <\/a>\n   <\/div>\n<div class=\"desvio-summary\">\n<div class=\"desvio-taxonomy js-desvio-taxonomy\">\n     <a href=\"https:\/\/www.xatakahome.com\/a-fondo\/como-contratar-tarifa-gas-barata-ahora-tur-a-que-compania-llamar-requisitos-documentacion-que-pueden-pedir\" class=\"desvio-taxonomy-anchor pivot-outboundlink\" data-vars-post-title=\"C\u00f3mo cambiar a la tarifa TUR de gas, la m\u00e1s barata ahora mismo: requisitos para contratar la tarifa de \u00faltimo recurso\">En Xataka Smart Home<\/a>\n    <\/div>\n<p>    <a href=\"https:\/\/www.xatakahome.com\/a-fondo\/como-contratar-tarifa-gas-barata-ahora-tur-a-que-compania-llamar-requisitos-documentacion-que-pueden-pedir\" class=\"desvio-title js-desvio-title pivot-outboundlink\" data-vars-post-title=\"C\u00f3mo cambiar a la tarifa TUR de gas, la m\u00e1s barata ahora mismo: requisitos para contratar la tarifa de \u00faltimo recurso\">C\u00f3mo cambiar a la tarifa TUR de gas, la m\u00e1s barata ahora mismo: requisitos para contratar la tarifa de \u00faltimo recurso<\/a>\n   <\/div>\n<\/p><\/div>\n<\/p><\/div>\n<\/div>\n<p>Una de sus grandes ventajas es que <strong>no tiene permanencia<\/strong>, no incluye servicios extra obligatorios y el precio del gas est\u00e1 limitado por la regulaci\u00f3n. Como contrapartida, no se pueden negociar descuentos ni promociones como en el mercado libre.<\/p>\n<p><!-- BREAK 11 --><\/p>\n<p>Si est\u00e1s interesado en acceder a una tarifa TUR, el proceso de contrataci\u00f3n es distinto al del mercado libre. En este caso <strong>no hay tantas compa\u00f1\u00edas comercializadoras<\/strong> con las que contratar el gas y su n\u00famero es mucho m\u00e1s limitado. De hecho, existe una gu\u00eda publicada por el Gobierno, a trav\u00e9s de un documento de la CNMC, con <a rel=\"noopener, noreferrer\" href=\"https:\/\/sede.cnmc.gob.es\/listado\/censo\/10\">todas las disponibles<\/a>.<\/p>\n<div class=\"article-asset-image article-asset-large article-asset-center\">\n<div class=\"asset-content\">\n<p>   <img decoding=\"async\" alt=\"Comercializadoras\" class=\"\" src=\"https:\/\/i.blogs.es\/62b306\/comercializadoras\/450_1000.jpeg\"><\/p><\/div>\n<\/div>\n<p>Para contratar la tarifa TUR basta con <strong>contactar con una comercializadora de referencia<\/strong>, ya sea por su web o por tel\u00e9fono, comprobar que presta servicio en la zona y elegir el tipo de tarifa disponible.<\/p>\n<p><!-- BREAK 12 --><\/p>\n<p>En Xataka SmartHome | <a class=\"text-outboundlink\" href=\"https:\/\/www.xatakahome.com\/a-fondo\/no-sabia-que-podia-tener-chimenea-obras-conductos-asi-opcion-que-se-puede-instalar-cualquier-casa\" data-vars-post-title=\"Si vives en un piso puedes tener chimenea para no pasar fr\u00edo: estos modelos no necesitan obras y funcionan sin salida de humos\" data-vars-post-url=\"https:\/\/www.xatakahome.com\/a-fondo\/no-sabia-que-podia-tener-chimenea-obras-conductos-asi-opcion-que-se-puede-instalar-cualquier-casa\" target=\"_blank\">Si vives en un piso puedes tener chimenea para no pasar fr\u00edo: estos modelos no necesitan obras y funcionan sin salida de humos<\/a><\/p>\n<p><script>\n (function() {\n  window._JS_MODULES = window._JS_MODULES || {};\n  var headElement = document.getElementsByTagName('head')[0];\n  if (_JS_MODULES.instagram) {\n   var instagramScript = document.createElement('script');\n   instagramScript.src = 'https:\/\/platform.instagram.com\/en_US\/embeds.js';\n   instagramScript.async = true;\n   instagramScript.defer = true;\n   headElement.appendChild(instagramScript);\n  }\n })();\n<\/script><\/p>\n<p> &#8211; <br \/> La noticia<br \/>\n      <a href=\"https:\/\/www.xatakahome.com\/iluminacion-y-energia\/usas-gas-natural-para-calefaccion-cocinar-llega-respiro-esta-rebaja-gobierno-que-se-aplicara-abril?utm_source=feedburner&amp;utm_medium=feed&amp;utm_campaign=07_Jan_2026\"><br \/>\n       <em> Si usas gas natural para calefacci\u00f3n o cocinar llega un respiro. Esta es la rebaja del Gobierno que se aplicar\u00e1 hasta abril <\/em><br \/>\n      <\/a><br \/>\n      fue publicada originalmente en<br \/>\n      <a href=\"https:\/\/www.xatakahome.com\/?utm_source=feedburner&amp;utm_medium=feed&amp;utm_campaign=07_Jan_2026\"><br \/>\n       <strong> Xataka Smart Home <\/strong><br \/>\n      <\/a><br \/>\n             por <a href=\"https:\/\/www.xatakahome.com\/autor\/jose-antonio-carmona?utm_source=feedburner&amp;utm_medium=feed&amp;utm_campaign=07_Jan_2026\"><br \/>\n        Jose Antonio Carmona<br \/>\n       <\/a><br \/>\n      . <\/p>\n<\/div>\n","protected":false},"excerpt":{"rendered":"<p>Estamos viviendo unos d\u00edas de fr\u00edo especialmente intenso, con m\u00e1ximas que en muchos lugares de la pen\u00ednsula no superan los 10 \u00b0C y m\u00ednimas bajo cero en una gran cantidad de poblaciones (ayer mismo se alcanzaron los 17 \u00b0C bajo cero en Prado Llano). Tener la casa caliente y a una temperatura agradable es fundamental &hellip; <a href=\"https:\/\/domosistemas.com\/?p=31263\" class=\"more-link\">Sigue leyendo <span class=\"screen-reader-text\">Si usas gas natural para calefacci\u00f3n o cocinar llega un respiro. Esta es la rebaja del Gobierno que se aplicar\u00e1 hasta abril<\/span><\/a><\/p>\n","protected":false},"author":1,"featured_media":0,"comment_status":"closed","ping_status":"closed","sticky":false,"template":"","format":"standard","meta":{"footnotes":""},"categories":[8],"tags":[],"class_list":["post-31263","post","type-post","status-publish","format-standard","hentry","category-xataka"],"_links":{"self":[{"href":"https:\/\/domosistemas.com\/index.php?rest_route=\/wp\/v2\/posts\/31263","targetHints":{"allow":["GET"]}}],"collection":[{"href":"https:\/\/domosistemas.com\/index.php?rest_route=\/wp\/v2\/posts"}],"about":[{"href":"https:\/\/domosistemas.com\/index.php?rest_route=\/wp\/v2\/types\/post"}],"author":[{"embeddable":true,"href":"https:\/\/domosistemas.com\/index.php?rest_route=\/wp\/v2\/users\/1"}],"replies":[{"embeddable":true,"href":"https:\/\/domosistemas.com\/index.php?rest_route=%2Fwp%2Fv2%2Fcomments&post=31263"}],"version-history":[{"count":0,"href":"https:\/\/domosistemas.com\/index.php?rest_route=\/wp\/v2\/posts\/31263\/revisions"}],"wp:attachment":[{"href":"https:\/\/domosistemas.com\/index.php?rest_route=%2Fwp%2Fv2%2Fmedia&parent=31263"}],"wp:term":[{"taxonomy":"category","embeddable":true,"href":"https:\/\/domosistemas.com\/index.php?rest_route=%2Fwp%2Fv2%2Fcategories&post=31263"},{"taxonomy":"post_tag","embeddable":true,"href":"https:\/\/domosistemas.com\/index.php?rest_route=%2Fwp%2Fv2%2Ftags&post=31263"}],"curies":[{"name":"wp","href":"https:\/\/api.w.org\/{rel}","templated":true}]}}