{"id":31284,"date":"2026-01-08T14:00:03","date_gmt":"2026-01-08T14:00:03","guid":{"rendered":"https:\/\/domosistemas.com\/?p=31284"},"modified":"2026-01-08T14:00:03","modified_gmt":"2026-01-08T14:00:03","slug":"samsung-avisa-el-coste-de-la-memoria-tambien-va-a-presionar-el-precio-de-los-televisores","status":"publish","type":"post","link":"https:\/\/domosistemas.com\/?p=31284","title":{"rendered":"Samsung avisa: el coste de la memoria tambi\u00e9n va a presionar el precio de los televisores"},"content":{"rendered":"<div>\n<p>\n      <img decoding=\"async\" src=\"https:\/\/i.blogs.es\/d912b0\/portada\/1024_2000.jpeg\" alt=\"Samsung avisa: el coste de la memoria tambi\u00e9n va a presionar el precio de los televisores \">\n    <\/p>\n<p>Cuando ya est\u00e1s en el proceso de cambiar la tele del sal\u00f3n, puede ser que te preguntes por qu\u00e9 el modelo que ten\u00edas fichado \u201cya no baja de precio como antes\u201d. Para los pr\u00f3ximos meses, no va a tener que ver con el panel, ni con si el <a class=\"text-outboundlink\" href=\"https:\/\/www.xataka.com\/televisores\/biblia-hdr-que-cuales-estandares-actuales-como-no-todo-que-dicen-que-hdr-efectivamente\" data-vars-post-title=\"La biblia del HDR: qu\u00e9 es, cu\u00e1les son los est\u00e1ndares actuales y c\u00f3mo no todo lo que dicen que es HDR lo es en realidad\" data-vars-post-url=\"https:\/\/www.xataka.com\/televisores\/biblia-hdr-que-cuales-estandares-actuales-como-no-todo-que-dicen-que-hdr-efectivamente\">HDR<\/a> es m\u00e1s espectacular, ni con la \u00faltima funci\u00f3n de IA, (de hecho, puede que la tele que quieres ya lleve unos meses en el mercado). En este caso, la tensi\u00f3n viene de algo mucho \u201cm\u00e1s b\u00e1sico\u201d y, precisamente por eso, m\u00e1s inc\u00f3modo: <strong>la memoria<\/strong> <strong>RAM<\/strong>.<\/p>\n<p><!-- BREAK 1 --><\/p>\n<p>La memoria est\u00e1 en todas partes. En tu m\u00f3vil, en tu tablet, en el router, en el electrodom\u00e9stico conectado\u2026 y tambi\u00e9n en una Smart TV. No la ves, pero es la que permite que el sistema arranque r\u00e1pido, que las apps no vayan a trompicones y que el televisor gestione tareas cada vez m\u00e1s pesadas. Y c<strong>uando el precio de esa memoria sube deprisa, la onda llega a casa aunque no te interese el mercado de semiconductores<\/strong>.<\/p>\n<p><!-- BREAK 2 --><\/p>\n<p>En un escenario as\u00ed, los fabricantes no hablan de subir precios por gusto. Hablan de m\u00e1rgenes que se estrechan, de costes que ya no se pueden absorber y de una decisi\u00f3n que acaba aterrizando donde siempre: <strong>en el ticket final<\/strong>.<\/p>\n<p><!-- BREAK 3 --><\/p>\n<h2>Una tele tambi\u00e9n depende de la RAM, aunque no sea un PC o un m\u00f3vil<\/h2>\n<div class=\"article-asset-image article-asset-normal article-asset-center\">\n<div class=\"asset-content\">\n<p>   <img decoding=\"async\" alt=\"televisor Samsung\" class=\"centro_sinmarco\" src=\"https:\/\/i.blogs.es\/005664\/500_333\/450_1000.jpeg\"><\/p><\/div>\n<\/div>\n<p>La tentaci\u00f3n es pensar que una tele \u201csolo muestra imagen\u201d y que la memoria no deber\u00eda importar demasiado. Pero <strong>una Smart TV actual hace bastante m\u00e1s<\/strong>: mantiene un sistema operativo, carga apps, gestiona streaming, procesa imagen en tiempo real y empieza a a\u00f1adir funciones inteligentes que necesitan recursos. Todo eso requiere <a class=\"text-outboundlink\" href=\"https:\/\/www.xataka.com\/basics\/memoria-ram-que-sirve-como-mirar-cuanta-tiene-tu-ordenador-movil\" data-vars-post-title=\"Memoria RAM: qu\u00e9 es, para qu\u00e9 sirve y c\u00f3mo mirar cu\u00e1nta tiene tu ordenador o m\u00f3vil\" data-vars-post-url=\"https:\/\/www.xataka.com\/basics\/memoria-ram-que-sirve-como-mirar-cuanta-tiene-tu-ordenador-movil\">RAM<\/a> y tambi\u00e9n almacenamiento.<\/p>\n<p><!-- BREAK 4 --><\/p>\n<p>Lo curioso es que, aunque los televisores no usan la memoria m\u00e1s potente del mercado, <strong>entran en el mismo ciclo de oferta y demanda<\/strong>. Si la industria se aprieta por la explosi\u00f3n de la IA y el consumo masivo de memoria en centros de datos, el efecto termina salpicando a productos de consumo. Y ah\u00ed no hay escapatoria: si el componente sube, el coste sube.<\/p>\n<p><!-- BREAK 5 --><\/p>\n<h2>El aviso desde Las Vegas: trasladar el coste al consumidor ya no es opcional<\/h2>\n<p>Durante el CES 2026, <strong>Wonjin Lee<\/strong>, presidente y responsable de marketing global de Samsung, ha reconocido que el contexto actual del mercado es cada vez m\u00e1s complejo. <em>\u201cVa a haber problemas en el suministro de semiconductores y eso va a afectar a todo el mundo\u201d<\/em>, asegur\u00f3 en una entrevista, subrayando que la tensi\u00f3n en la cadena de suministro ya es una realidad para toda la industria.<\/p>\n<p>Seg\u00fan explica, <strong>la presi\u00f3n sobre los costes no es algo futuro, sino presente<\/strong>. \u201cLos precios est\u00e1n subiendo incluso mientras hablamos. Evidentemente, no queremos trasladar esa carga a los consumidores, pero llegar\u00e1 un punto en el que tendremos que plantearnos una revisi\u00f3n de los precios de nuestros productos\u201d, admite, dejando claro que Samsung intenta contener el impacto, aunque no descarta ajustes si la situaci\u00f3n se prolonga.<\/p>\n<p><!-- BREAK 6 --><\/p>\n<p><strong>Esto es lo importante para ti<\/strong>: cuando una marca lo dice en alto, ya no es un runr\u00fan de mercado. Es una se\u00f1al de que el ajuste est\u00e1 cerca, porque nadie se mete en ese jard\u00edn si no siente que la presi\u00f3n es real.<\/p>\n<p><!-- BREAK 7 --><\/p>\n<div class=\"article-asset-video article-asset-normal\">\n<div class=\"asset-content\">\n<div class=\"base-asset-video\">\n<div class=\"js-dailymotion\">\n    <script type=\"application\/json\">\n                          {\"videoId\":\"x8wazki\",\"autoplay\":true,\"title\":\"As\u00ed puedes ELEGIR EL TAMA\u00d1O PERFECTO DE TV para tu sal\u00f3n | TCL C805\", \"tag\":\"\", \"duration\":\"492\"}\n                  <\/script>\n   <\/div>\n<\/p><\/div>\n<\/p><\/div>\n<\/div>\n<h2>Cu\u00e1nto puede notarse y por qu\u00e9 las gamas medias lo van a sufrir m\u00e1s<\/h2>\n<p>Hay una referencia especialmente reveladora: una consultora del sector sit\u00faa que <strong>los precios de la DRAM para televisores se han duplicado<\/strong> frente al primer semestre del a\u00f1o anterior.<\/p>\n<p>Ahora bien, una tele no se encarece solo por la RAM. El panel sigue siendo el componente m\u00e1s caro. El problema es que los televisores, sobre todo en <strong>gamas baja y media, se venden con m\u00e1rgenes muy ajustados<\/strong>. Eso significa que una subida peque\u00f1a en costes puede obligar a retocar el PVP, porque no hay colch\u00f3n para repercutirla.<\/p>\n<p><!-- BREAK 8 --><\/p>\n<p>En gamas altas suele haber m\u00e1s margen para amortiguar el golpe, as\u00ed que el impacto se reparte de forma desigual: los modelos econ\u00f3micos y medios son los que m\u00e1s lo notan cuando cada euro cuenta.<\/p>\n<p><!-- BREAK 9 --><\/p>\n<div class=\"article-asset article-asset-normal article-asset-center\">\n<div class=\"desvio-container\">\n<div class=\"desvio\">\n<div class=\"desvio-figure js-desvio-figure\">\n    <a href=\"https:\/\/www.xatakahome.com\/territorio-samsung\/samsung-amplia-su-gama-oled-televisores-cara-al-2026-s95-no-sera-reina\" class=\"pivot-outboundlink\" data-vars-post-title=\"Samsung sigue apostando por OLED con una gama de TVs m\u00e1s completa que nunca, con m\u00e1s brillo, m\u00e1s Hz y un nuevo modelo de gama alta\"><br \/>\n     <img loading=\"lazy\" decoding=\"async\" alt=\"Samsung sigue apostando por OLED con una gama de TVs m\u00e1s completa que nunca, con m\u00e1s brillo, m\u00e1s Hz y un nuevo modelo de gama alta\" width=\"375\" height=\"142\" src=\"https:\/\/i.blogs.es\/cb7514\/samsung_oled\/375_142.jpeg\"><br \/>\n    <\/a>\n   <\/div>\n<div class=\"desvio-summary\">\n<div class=\"desvio-taxonomy js-desvio-taxonomy\">\n     <a href=\"https:\/\/www.xatakahome.com\/territorio-samsung\/samsung-amplia-su-gama-oled-televisores-cara-al-2026-s95-no-sera-reina\" class=\"desvio-taxonomy-anchor pivot-outboundlink\" data-vars-post-title=\"Samsung sigue apostando por OLED con una gama de TVs m\u00e1s completa que nunca, con m\u00e1s brillo, m\u00e1s Hz y un nuevo modelo de gama alta\">En Xataka Smart Home<\/a>\n    <\/div>\n<p>    <a href=\"https:\/\/www.xatakahome.com\/territorio-samsung\/samsung-amplia-su-gama-oled-televisores-cara-al-2026-s95-no-sera-reina\" class=\"desvio-title js-desvio-title pivot-outboundlink\" data-vars-post-title=\"Samsung sigue apostando por OLED con una gama de TVs m\u00e1s completa que nunca, con m\u00e1s brillo, m\u00e1s Hz y un nuevo modelo de gama alta\">Samsung sigue apostando por OLED con una gama de TVs m\u00e1s completa que nunca, con m\u00e1s brillo, m\u00e1s Hz y un nuevo modelo de gama alta<\/a>\n   <\/div>\n<\/p><\/div>\n<\/p><\/div>\n<\/div>\n<p><strong>Tambi\u00e9n hay un matiz que conviene tener claro<\/strong>: los grandes fabricantes suelen trabajar con acuerdos de suministro a largo plazo, lo que frena una subida inmediata en los modelos ya fabricados o en los que est\u00e1n a punto de salir.<\/p>\n<p><!-- BREAK 10 --><\/p>\n<p>El cambio se nota cuando toca renegociar contratos y cuando aterrizan nuevas gamas, especialmente las que vienen con m\u00e1s funciones \u201cinteligentes\u201d y m\u00e1s carga de procesamiento. Si el coste base de los componentes se ha encarecido, la gama nueva nace ya con ese peso.<\/p>\n<p><!-- BREAK 11 --><\/p>\n<p>Im\u00e1genes |\u00a0Samsung con edici\u00f3n<\/p>\n<p>En Xataka Smart Home |\u00a0<a class=\"text-outboundlink\" href=\"https:\/\/www.xatakahome.com\/territorio-samsung\/me-he-empapado-todo-catalogo-teles-samsung-para-comprarme-esto-que-ahora-tendria-cuenta\" data-vars-post-title=\"Acabo de comprar una tele Samsung y estas son todas las dudas que he tenido que resolver antes de elegir\" data-vars-post-url=\"https:\/\/www.xatakahome.com\/territorio-samsung\/me-he-empapado-todo-catalogo-teles-samsung-para-comprarme-esto-que-ahora-tendria-cuenta\">Acabo de comprar una tele Samsung y estas son todas las dudas que he tenido que resolver antes de elegir<\/a><\/p>\n<p>En Xataka Home |\u00a0<a class=\"text-outboundlink\" href=\"https:\/\/www.xatakahome.com\/territorio-samsung\/todos-televisores-neo-qled-samsung-para-2025-sus-principales-caracteristicas-diferencias\" data-vars-post-title=\"Todos los televisores Neo QLED de Samsung para 2025 y sus principales caracter\u00edsticas y diferencias  \" data-vars-post-url=\"https:\/\/www.xatakahome.com\/territorio-samsung\/todos-televisores-neo-qled-samsung-para-2025-sus-principales-caracteristicas-diferencias\">Todos los televisores Neo QLED de Samsung para 2025 y sus principales caracter\u00edsticas y diferencias<\/a><\/p>\n<p><script>\n (function() {\n  window._JS_MODULES = window._JS_MODULES || {};\n  var headElement = document.getElementsByTagName('head')[0];\n  if (_JS_MODULES.instagram) {\n   var instagramScript = document.createElement('script');\n   instagramScript.src = 'https:\/\/platform.instagram.com\/en_US\/embeds.js';\n   instagramScript.async = true;\n   instagramScript.defer = true;\n   headElement.appendChild(instagramScript);\n  }\n })();\n<\/script><\/p>\n<p> &#8211; <br \/> La noticia<br \/>\n      <a href=\"https:\/\/www.xatakahome.com\/territorio-samsung\/samsung-avisa-coste-memoria-tambien-va-a-presionar-precio-televisores?utm_source=feedburner&amp;utm_medium=feed&amp;utm_campaign=08_Jan_2026\"><br \/>\n       <em> Samsung avisa: el coste de la memoria tambi\u00e9n va a presionar el precio de los televisores  <\/em><br \/>\n      <\/a><br \/>\n      fue publicada originalmente en<br \/>\n      <a href=\"https:\/\/www.xatakahome.com\/?utm_source=feedburner&amp;utm_medium=feed&amp;utm_campaign=08_Jan_2026\"><br \/>\n       <strong> Xataka Smart Home <\/strong><br \/>\n      <\/a><br \/>\n             por <a href=\"https:\/\/www.xatakahome.com\/autor\/manuel-naranjo?utm_source=feedburner&amp;utm_medium=feed&amp;utm_campaign=08_Jan_2026\"><br \/>\n        Manuel Naranjo<br \/>\n       <\/a><br \/>\n      . <\/p>\n<\/div>\n","protected":false},"excerpt":{"rendered":"<p>Cuando ya est\u00e1s en el proceso de cambiar la tele del sal\u00f3n, puede ser que te preguntes por qu\u00e9 el modelo que ten\u00edas fichado \u201cya no baja de precio como antes\u201d. Para los pr\u00f3ximos meses, no va a tener que ver con el panel, ni con si el HDR es m\u00e1s espectacular, ni con la &hellip; <a href=\"https:\/\/domosistemas.com\/?p=31284\" class=\"more-link\">Sigue leyendo <span class=\"screen-reader-text\">Samsung avisa: el coste de la memoria tambi\u00e9n va a presionar el precio de los televisores<\/span><\/a><\/p>\n","protected":false},"author":1,"featured_media":0,"comment_status":"closed","ping_status":"closed","sticky":false,"template":"","format":"standard","meta":{"footnotes":""},"categories":[8],"tags":[],"class_list":["post-31284","post","type-post","status-publish","format-standard","hentry","category-xataka"],"_links":{"self":[{"href":"https:\/\/domosistemas.com\/index.php?rest_route=\/wp\/v2\/posts\/31284","targetHints":{"allow":["GET"]}}],"collection":[{"href":"https:\/\/domosistemas.com\/index.php?rest_route=\/wp\/v2\/posts"}],"about":[{"href":"https:\/\/domosistemas.com\/index.php?rest_route=\/wp\/v2\/types\/post"}],"author":[{"embeddable":true,"href":"https:\/\/domosistemas.com\/index.php?rest_route=\/wp\/v2\/users\/1"}],"replies":[{"embeddable":true,"href":"https:\/\/domosistemas.com\/index.php?rest_route=%2Fwp%2Fv2%2Fcomments&post=31284"}],"version-history":[{"count":0,"href":"https:\/\/domosistemas.com\/index.php?rest_route=\/wp\/v2\/posts\/31284\/revisions"}],"wp:attachment":[{"href":"https:\/\/domosistemas.com\/index.php?rest_route=%2Fwp%2Fv2%2Fmedia&parent=31284"}],"wp:term":[{"taxonomy":"category","embeddable":true,"href":"https:\/\/domosistemas.com\/index.php?rest_route=%2Fwp%2Fv2%2Fcategories&post=31284"},{"taxonomy":"post_tag","embeddable":true,"href":"https:\/\/domosistemas.com\/index.php?rest_route=%2Fwp%2Fv2%2Ftags&post=31284"}],"curies":[{"name":"wp","href":"https:\/\/api.w.org\/{rel}","templated":true}]}}