{"id":31350,"date":"2026-01-14T08:30:59","date_gmt":"2026-01-14T08:30:59","guid":{"rendered":"https:\/\/domosistemas.com\/?p=31350"},"modified":"2026-01-14T08:30:59","modified_gmt":"2026-01-14T08:30:59","slug":"el-nuevo-canal-de-television-gratuito-de-rtve-llegara-en-junio-este-sera-su-enfoque-y-programacion","status":"publish","type":"post","link":"https:\/\/domosistemas.com\/?p=31350","title":{"rendered":"El nuevo canal de televisi\u00f3n gratuito de RTVE llegar\u00e1 en junio: este ser\u00e1 su enfoque y programaci\u00f3n"},"content":{"rendered":"<div>\n<p>\n      <img decoding=\"async\" src=\"https:\/\/i.blogs.es\/b15b31\/8958\/1024_2000.jpeg\" alt=\"El nuevo canal de televisi\u00f3n gratuito de RTVE llegar\u00e1 en junio: este ser\u00e1 su enfoque y programaci\u00f3n  \">\n    <\/p>\n<p><strong>RTVE<\/strong> es en la actualidad de las pocas grandes corporaciones televisivas europeas que no tiene un <strong>canal espec\u00edfico dedicado a la cultura<\/strong> como por ejemplo s\u00ed sucede en el caso de Francia y Alemania con &#8216;Arte&#8217; o la BBC y RAI.\u00a0<\/p>\n<p><!-- BREAK 1 --><\/p>\n<p>Pero parece que esto cambiar\u00e1 a partir del <strong>pr\u00f3ximo verano<\/strong>, ya que seg\u00fan <a rel=\"noopener, noreferrer\" href=\"https:\/\/www.rtve.es\/rtve\/20260113\/ana-pelaez-directora-del-area-artes-conocimiento\/16890915.shtml\">ha confirmado el ente p\u00fablico<\/a> llevan tiempo trabajando en la creaci\u00f3n de un <strong>nuevo canal de televisi\u00f3n<\/strong> con un enfoque puramente cultural que podremos ver gratis desde este mismo <strong>mes de junio<\/strong>.<\/p>\n<p><!-- BREAK 2 --><\/p>\n<div class=\"article-asset article-asset-normal article-asset-center\">\n<div class=\"desvio-container\">\n<div class=\"desvio\">\n<div class=\"desvio-figure js-desvio-figure\">\n    <a href=\"https:\/\/www.xatakahome.com\/televisores\/no-error-que-cambios-tdt-van-a-empeorar-calidad-muchos-canales\" class=\"pivot-outboundlink\" data-vars-post-title=\"No es un error: por qu\u00e9 los cambios en la TDT van a empeorar (m\u00e1s) la calidad de muchos canales \"><br \/>\n     <img loading=\"lazy\" decoding=\"async\" alt=\"No es un error: por qu\u00e9 los cambios en la TDT van a empeorar (m\u00e1s) la calidad de muchos canales \" width=\"375\" height=\"142\" src=\"https:\/\/i.blogs.es\/d15a90\/1366_2000tdt\/375_142.jpeg\"><br \/>\n    <\/a>\n   <\/div>\n<div class=\"desvio-summary\">\n<div class=\"desvio-taxonomy js-desvio-taxonomy\">\n     <a href=\"https:\/\/www.xatakahome.com\/televisores\/no-error-que-cambios-tdt-van-a-empeorar-calidad-muchos-canales\" class=\"desvio-taxonomy-anchor pivot-outboundlink\" data-vars-post-title=\"No es un error: por qu\u00e9 los cambios en la TDT van a empeorar (m\u00e1s) la calidad de muchos canales \">En Xataka Smart Home<\/a>\n    <\/div>\n<p>    <a href=\"https:\/\/www.xatakahome.com\/televisores\/no-error-que-cambios-tdt-van-a-empeorar-calidad-muchos-canales\" class=\"desvio-title js-desvio-title pivot-outboundlink\" data-vars-post-title=\"No es un error: por qu\u00e9 los cambios en la TDT van a empeorar (m\u00e1s) la calidad de muchos canales \">No es un error: por qu\u00e9 los cambios en la TDT van a empeorar (m\u00e1s) la calidad de muchos canales <\/a>\n   <\/div>\n<\/p><\/div>\n<\/p><\/div>\n<\/div>\n<h2>Nuevo canal cultural de RTVE<\/h2>\n<p>La periodista <strong>Ana Pel\u00e1ez<\/strong>, directora del programa de La 2 &#8216;Imprescindibles&#8217; y actual productora ejecutiva de Documentales de RTVE, ha sido nombrada <strong>directora del \u00e1rea de Artes y Conocimiento<\/strong>, con el objetivo de poner en marcha y dirigir el nuevo canal cultural de la Corporaci\u00f3n.\u00a0<\/p>\n<p><!-- BREAK 3 --><\/p>\n<p>En principio se llamar\u00e1 <strong>&#8216;Canal Cultura&#8217;<\/strong> y tal y como adelant\u00f3 el presidente de RTVE, Jos\u00e9 Pablo L\u00f3pez, en su primera <a rel=\"noopener, noreferrer\" href=\"https:\/\/www.congreso.es\/en\/publicaciones-organo?p_p_id=publicaciones&amp;p_p_lifecycle=0&amp;p_p_state=normal&amp;p_p_mode=view&amp;_publicaciones_mode=mostrarTextoIntegro&amp;_publicaciones_legislatura=XV&amp;_publicaciones_texto=&amp;_publicaciones_id_texto=DSCG-15-CM-118.CODI.#(P%C3%A1gina40)\">comparecencia parlamentaria<\/a>, el nuevo espacio televisivo estar\u00e1 fundamentado en cinco grandes pilares, entre ellos el <strong>documenta<\/strong><strong>l<\/strong>. Seg\u00fan L\u00f3pez:<\/p>\n<blockquote><p>El objetivo es que Radiotelevisi\u00f3n Espa\u00f1ola se convierta en el canal ARTE de Espa\u00f1a, y que esto se materialice a trav\u00e9s de una parte de las emisiones del Canal Cultura<\/p><\/blockquote>\n<p>El canal adem\u00e1s de por los documentales apostar\u00e1 por las <strong>artes esc\u00e9nicas y el teatro<\/strong>, donde se recuperar\u00e1n las grabaciones del legendario &#8216;Estudio 1&#8217;, junto a nuevas producciones que se pondr\u00e1n en marcha espec\u00edficamente para este nuevo proyecto.\u00a0<\/p>\n<p><!-- BREAK 4 --><\/p>\n<p>Tambi\u00e9n se centrar\u00e1 en el <strong>cine espa\u00f1ol<\/strong>, mediante el stock de cine participado de RTVE y ciclos tem\u00e1ticos, y en la <strong>m\u00fasica cl\u00e1sica y la \u00f3pera<\/strong>, donde jugar\u00e1 un papel importante la Orquesta y Coro de RTVE, apostando adem\u00e1s por <strong>nuevas tendencias<\/strong> a trav\u00e9s de <strong>Radio 3 Extra.<\/strong><\/p>\n<div class=\"article-asset-video article-asset-normal\">\n<div class=\"asset-content\">\n<div class=\"base-asset-video\">\n<div class=\"js-dailymotion\">\n    <script type=\"application\/json\">\n                          {\"videoId\":\"x7zw7r5\",\"autoplay\":true,\"title\":\"MicroLED, MiniLED, OLED, QLED... Aclarando el JALEO de TECNOLOG\u00cdAS de TV\", \"tag\":\"\", \"duration\":\"328\"}\n                  <\/script>\n   <\/div>\n<\/p><\/div>\n<\/p><\/div>\n<\/div>\n<p>El Canal Cultura es un proyecto en el que aseguran <strong>llevan trabajando desde hace meses<\/strong> y que se est\u00e1 ejecutando en dos fases. La primera consiste en el desarrollo de un c\u00f3rner digital alojado en la p\u00e1gina web de la corporaci\u00f3n y en <a class=\"text-outboundlink\" href=\"https:\/\/www.xatakahome.com\/servicios-de-smart-tv\/llegan-cambios-a-rtve-play-a-partir-30-junio-esto-que-tendras-que-hacer-quieres-seguir-viendo-sus-contenidos\" data-vars-post-title=\"RTVE Play cambia a partir del 30 de junio: estas son las novedades y lo que hay que hacer para seguir vi\u00e9ndolo\" data-vars-post-url=\"https:\/\/www.xatakahome.com\/servicios-de-smart-tv\/llegan-cambios-a-rtve-play-a-partir-30-junio-esto-que-tendras-que-hacer-quieres-seguir-viendo-sus-contenidos\">RTVE Play<\/a>, en el que se distribuir\u00e1n la mayor\u00eda de los contenidos producidos por ARTE.\u00a0<\/p>\n<p><!-- BREAK 5 --><\/p>\n<p>La segunda fase es la <strong>creaci\u00f3n del propio &#8216;Canal Cultura&#8217;<\/strong> con su identificaci\u00f3n definitiva y programaci\u00f3n propia. \u00bfQu\u00e9 tal acogida tendr\u00e1 este nuevo espacio televisivo? Tendremos que esperar a junio hasta que se inaugure para saberlo.<\/p>\n<p>M\u00e1s informaci\u00f3n | <a rel=\"noopener, noreferrer\" href=\"https:\/\/www.rtve.es\/rtve\/20260113\/ana-pelaez-directora-del-area-artes-conocimiento\/16890915.shtml\">RTVE<\/a> | <a rel=\"noopener, noreferrer\" href=\"https:\/\/www.congreso.es\/en\/publicaciones-organo?p_p_id=publicaciones&amp;p_p_lifecycle=0&amp;p_p_state=normal&amp;p_p_mode=view&amp;_publicaciones_mode=mostrarTextoIntegro&amp;_publicaciones_legislatura=XV&amp;_publicaciones_texto=&amp;_publicaciones_id_texto=DSCG-15-CM-118.CODI.#(P%C3%A1gina40)\">Congreso<\/a><\/p>\n<p>Imagen portada | Jos\u00e9 Antonio Carmona<\/p>\n<p>En Xataka Smart Home | <a class=\"text-outboundlink\" href=\"https:\/\/www.xatakahome.com\/a-fondo\/que-apagon-tdt-2025-no-como-2024-sino-bien-alumbron-esto-que-tienes-que-saber\" data-vars-post-title=\"Por qu\u00e9 el apag\u00f3n de la TDT de 2025 no es como el de 2024, sino m\u00e1s bien un 'alumbr\u00f3n': esto es lo que tienes que saber \" data-vars-post-url=\"https:\/\/www.xatakahome.com\/a-fondo\/que-apagon-tdt-2025-no-como-2024-sino-bien-alumbron-esto-que-tienes-que-saber\">Por qu\u00e9 el apag\u00f3n de la TDT de 2025 no es como el de 2024, sino m\u00e1s bien un &#8216;alumbr\u00f3n&#8217;: esto es lo que tienes que saber<\/a><\/p>\n<p><\/p>\n<p><script>\n (function() {\n  window._JS_MODULES = window._JS_MODULES || {};\n  var headElement = document.getElementsByTagName('head')[0];\n  if (_JS_MODULES.instagram) {\n   var instagramScript = document.createElement('script');\n   instagramScript.src = 'https:\/\/platform.instagram.com\/en_US\/embeds.js';\n   instagramScript.async = true;\n   instagramScript.defer = true;\n   headElement.appendChild(instagramScript);\n  }\n })();\n<\/script><\/p>\n<p> &#8211; <br \/> La noticia<br \/>\n      <a href=\"https:\/\/www.xatakahome.com\/servicios-de-smart-tv\/nuevo-canal-television-gratuito-rtve-llegara-junio-este-sera-su-enfoque-programacion?utm_source=feedburner&amp;utm_medium=feed&amp;utm_campaign=14_Jan_2026\"><br \/>\n       <em> El nuevo canal de televisi\u00f3n gratuito de RTVE llegar\u00e1 en junio: este ser\u00e1 su enfoque y programaci\u00f3n   <\/em><br \/>\n      <\/a><br \/>\n      fue publicada originalmente en<br \/>\n      <a href=\"https:\/\/www.xatakahome.com\/?utm_source=feedburner&amp;utm_medium=feed&amp;utm_campaign=14_Jan_2026\"><br \/>\n       <strong> Xataka Smart Home <\/strong><br \/>\n      <\/a><br \/>\n             por <a href=\"https:\/\/www.xatakahome.com\/autor\/paco-rodriguez?utm_source=feedburner&amp;utm_medium=feed&amp;utm_campaign=14_Jan_2026\"><br \/>\n        Paco Rodr\u00edguez<br \/>\n       <\/a><br \/>\n      . <\/p>\n<\/div>\n","protected":false},"excerpt":{"rendered":"<p>RTVE es en la actualidad de las pocas grandes corporaciones televisivas europeas que no tiene un canal espec\u00edfico dedicado a la cultura como por ejemplo s\u00ed sucede en el caso de Francia y Alemania con &#8216;Arte&#8217; o la BBC y RAI.\u00a0 Pero parece que esto cambiar\u00e1 a partir del pr\u00f3ximo verano, ya que seg\u00fan ha &hellip; <a href=\"https:\/\/domosistemas.com\/?p=31350\" class=\"more-link\">Sigue leyendo <span class=\"screen-reader-text\">El nuevo canal de televisi\u00f3n gratuito de RTVE llegar\u00e1 en junio: este ser\u00e1 su enfoque y programaci\u00f3n<\/span><\/a><\/p>\n","protected":false},"author":1,"featured_media":0,"comment_status":"closed","ping_status":"closed","sticky":false,"template":"","format":"standard","meta":{"footnotes":""},"categories":[8],"tags":[],"class_list":["post-31350","post","type-post","status-publish","format-standard","hentry","category-xataka"],"_links":{"self":[{"href":"https:\/\/domosistemas.com\/index.php?rest_route=\/wp\/v2\/posts\/31350","targetHints":{"allow":["GET"]}}],"collection":[{"href":"https:\/\/domosistemas.com\/index.php?rest_route=\/wp\/v2\/posts"}],"about":[{"href":"https:\/\/domosistemas.com\/index.php?rest_route=\/wp\/v2\/types\/post"}],"author":[{"embeddable":true,"href":"https:\/\/domosistemas.com\/index.php?rest_route=\/wp\/v2\/users\/1"}],"replies":[{"embeddable":true,"href":"https:\/\/domosistemas.com\/index.php?rest_route=%2Fwp%2Fv2%2Fcomments&post=31350"}],"version-history":[{"count":0,"href":"https:\/\/domosistemas.com\/index.php?rest_route=\/wp\/v2\/posts\/31350\/revisions"}],"wp:attachment":[{"href":"https:\/\/domosistemas.com\/index.php?rest_route=%2Fwp%2Fv2%2Fmedia&parent=31350"}],"wp:term":[{"taxonomy":"category","embeddable":true,"href":"https:\/\/domosistemas.com\/index.php?rest_route=%2Fwp%2Fv2%2Fcategories&post=31350"},{"taxonomy":"post_tag","embeddable":true,"href":"https:\/\/domosistemas.com\/index.php?rest_route=%2Fwp%2Fv2%2Ftags&post=31350"}],"curies":[{"name":"wp","href":"https:\/\/api.w.org\/{rel}","templated":true}]}}