{"id":31354,"date":"2026-01-14T11:04:59","date_gmt":"2026-01-14T11:04:59","guid":{"rendered":"https:\/\/domosistemas.com\/?p=31354"},"modified":"2026-01-14T11:04:59","modified_gmt":"2026-01-14T11:04:59","slug":"si-tienes-movistar-plus-llega-un-nuevo-canal-de-cine-gratis-y-decenas-de-peliculas-con-sabor-espanol","status":"publish","type":"post","link":"https:\/\/domosistemas.com\/?p=31354","title":{"rendered":"Si tienes Movistar Plus+, llega un nuevo canal de cine gratis y decenas de pel\u00edculas con sabor espa\u00f1ol"},"content":{"rendered":"<div>\n<p>\n      <img decoding=\"async\" src=\"https:\/\/i.blogs.es\/7407e8\/840_560deco\/1024_2000.jpeg\" alt=\"Si tienes Movistar Plus+, llega un nuevo canal de cine gratis y decenas de pel\u00edculas con sabor espa\u00f1ol \">\n    <\/p>\n<p><strong>Movistar Plus+<\/strong> contin\u00faa ampliando su oferta de canales y contenidos con sabor espa\u00f1ol, y tras la incorporaci\u00f3n hace unas semanas de los <a class=\"text-outboundlink\" href=\"https:\/\/www.xatakahome.com\/servicios-de-smart-tv\/movistar-ha-confirmado-tienes-movistar-plus-llega-gratis-catalogo-flixole-dos-nuevos-canales-cine-a-parrilla\" data-vars-post-title=\"Movistar lo ha confirmado: si tienes Movistar Plus+ llega gratis el cat\u00e1logo de FlixOl\u00e9 y dos nuevos canales de cine a la parrilla \" data-vars-post-url=\"https:\/\/www.xatakahome.com\/servicios-de-smart-tv\/movistar-ha-confirmado-tienes-movistar-plus-llega-gratis-catalogo-flixole-dos-nuevos-canales-cine-a-parrilla\">canales de FlixOl\u00e9<\/a> ahora llega un nuevo espacio que ya es habitual cada a\u00f1o en la parrilla de la operadora.<\/p>\n<p><!-- BREAK 1 --><\/p>\n<p>Se trata de un canal lineal temporal abierto con motivo de los <strong>Premios Goya 2026, <\/strong>que este a\u00f1o se celebran en Barcelona el pr\u00f3ximo 28 de febrero, y que llega adem\u00e1s acompa\u00f1ado de un buen n\u00famero de pel\u00edculas de creaci\u00f3n nacional.<\/p>\n<p><!-- BREAK 2 --><\/p>\n<div class=\"article-asset article-asset-normal article-asset-center\">\n<div class=\"desvio-container\">\n<div class=\"desvio\">\n<div class=\"desvio-figure js-desvio-figure\">\n    <a href=\"https:\/\/www.xatakahome.com\/la-red-local\/movistar-ha-lanzado-su-nuevo-router-sirve-para-hogares-que-no-tienen-fibra-funciona-5g\" class=\"pivot-outboundlink\" data-vars-post-title=\"Movistar ha lanzado su nuevo router. Sirve para los hogares que no tienen fibra y funciona con 5G\"><br \/>\n     <img loading=\"lazy\" decoding=\"async\" alt=\"Movistar ha lanzado su nuevo router. Sirve para los hogares que no tienen fibra y funciona con 5G\" width=\"375\" height=\"142\" src=\"https:\/\/i.blogs.es\/c3c9f1\/router\/375_142.jpeg\"><br \/>\n    <\/a>\n   <\/div>\n<div class=\"desvio-summary\">\n<div class=\"desvio-taxonomy js-desvio-taxonomy\">\n     <a href=\"https:\/\/www.xatakahome.com\/la-red-local\/movistar-ha-lanzado-su-nuevo-router-sirve-para-hogares-que-no-tienen-fibra-funciona-5g\" class=\"desvio-taxonomy-anchor pivot-outboundlink\" data-vars-post-title=\"Movistar ha lanzado su nuevo router. Sirve para los hogares que no tienen fibra y funciona con 5G\">En Xataka Smart Home<\/a>\n    <\/div>\n<p>    <a href=\"https:\/\/www.xatakahome.com\/la-red-local\/movistar-ha-lanzado-su-nuevo-router-sirve-para-hogares-que-no-tienen-fibra-funciona-5g\" class=\"desvio-title js-desvio-title pivot-outboundlink\" data-vars-post-title=\"Movistar ha lanzado su nuevo router. Sirve para los hogares que no tienen fibra y funciona con 5G\">Movistar ha lanzado su nuevo router. Sirve para los hogares que no tienen fibra y funciona con 5G<\/a>\n   <\/div>\n<\/p><\/div>\n<\/p><\/div>\n<\/div>\n<h2>Llega m\u00e1s cine espa\u00f1ol y &#8216;Los Goya por M+&#8217;<\/h2>\n<div class=\"article-asset-image article-asset-normal article-asset-center\">\n<div class=\"asset-content\">\n<p>   <img decoding=\"async\" alt=\"Movistar\" class=\"centro_sinmarco\" src=\"https:\/\/i.blogs.es\/462698\/45d5751c-e5df-e21c-6b1e-60458b43ac61\/450_1000.jpeg\"><\/p><\/div>\n<\/div>\n<p><strong>Movistar Plus+<\/strong> cuenta con cinco\u00a0pel\u00edculas originales con 34 nominaciones a los<strong> <\/strong>Premios Goya 2026: &#8216;Los domingos&#8217;, &#8216;Sirat&#8217;, &#8216;Los Tigres&#8217;, &#8216;Flores para Antonio&#8217; y &#8216;Hasta que me quede sin voz&#8217;, aunque la operadora ha participado tambi\u00e9n en otras 16 pel\u00edculas, por lo que han decidido apostar fuerte esta temporada por<strong>\u00a0cubrir a fondo los Premios Goya 2026<\/strong>.<\/p>\n<p><!-- BREAK 3 --><\/p>\n<p>Para ello lo har\u00e1n con dos estrategias: poniendo a disposici\u00f3n de los usuario algunas de las <strong>pel\u00edculas m\u00e1s destacadas<\/strong> en la modalidad de acceso bajo demanda y adem\u00e1s abriendo un <strong>canal de televisi\u00f3n lineal<\/strong> que se estrenar\u00e1 en las pr\u00f3ximas semanas.<\/p>\n<p><!-- BREAK 4 --><\/p>\n<p>El canal se llamar\u00e1 <strong>&#8216;Los Goya por M+&#8217;<\/strong>, estar\u00e1 situado en el <strong>dial 15<\/strong> de la parrilla y reunir\u00e1 los contenidos vinculados a los premios de la Academia de Cine y m\u00e1s de un centenar de pel\u00edculas galardonadas de a\u00f1os anteriores, que tambi\u00e9n estar\u00e1n disponibles bajo demanda.\u00a0<\/p>\n<p><!-- BREAK 5 --><\/p>\n<p>Entre los t\u00edtulos destacados figuran &#8216;La infiltrada&#8217;, &#8216;El 47&#8217;, &#8216;Belle \u00e9poque&#8217;, &#8216;Blancanieves&#8217;, &#8216;\u00a1Ay, Carmela!&#8217;, &#8216;El Bola&#8217; o &#8216;Tesis&#8217;.\u00a0El canal gratuito para todos los usuarios del servicio estar\u00e1 disponible del <strong>jueves 12 de febrero al martes 3 de marzo<\/strong>.<\/p>\n<p><!-- BREAK 6 --><\/p>\n<p>En cuanto a las pel\u00edculas disponibles bajo demanda, tambi\u00e9n gratis para todos los clientes, <strong>19 de las candidatas a los Goya 2026<\/strong> ya est\u00e1n listas para ver desde ahora mismo si buscamos en la plataforma. Son las siguientes:\u00a0<\/p>\n<p><!-- BREAK 7 --><\/p>\n<div class=\"article-asset-table article-asset-normal\">\n<div class=\"asset-content\">\n<table class=\"tabla-datos\">\n<tbody>\n<tr>\n<td class=\"align-left\">\n<p><strong>Sirat<\/strong>. 11 nominaciones.<br \/><strong>Sorda<\/strong>. 7 nominaciones.<br \/><strong>Romer\u00eda<\/strong>. 6 nominaciones.<br \/><strong>Los Tortuga<\/strong>. 2 nominaciones.<br \/><strong>Tardes de soledad<\/strong>. 2 nominaciones.<br \/><strong>Muy lejos<\/strong>. 2 nominaciones.<br \/><strong>La furia<\/strong>. 2 nominaciones.<br \/><strong>Hasta que me quede sin voz<\/strong>. 1 nominaci\u00f3n.\u00a0<br \/><strong>El talento<\/strong>. 1 nominaci\u00f3n.<br \/><strong>C\u00f3nclave<\/strong>. 1 nominaci\u00f3n.<\/p>\n<\/td>\n<td class=\"align-left\">\n<p><strong>Una quinta portuguesa<\/strong>. 1 nominaci\u00f3n.<br \/><strong>La buena letra<\/strong>. 1 nominaci\u00f3n.\u00a0<br \/><strong>\u00c1ngulo muerto<\/strong>. 1 nominaci\u00f3n.<br \/><strong>El cuento de una noche de verano<\/strong>.\u00a01 nominaci\u00f3n.<br \/><strong>Sexo a los 70<\/strong>.\u00a01 nominaci\u00f3n.<br \/><strong>Una cabeza en la pared<\/strong>.\u00a01 nominaci\u00f3n.<br \/><strong>El corto de Rub\u00e9n<\/strong>. 1 nominaci\u00f3n.\u00a0<br \/><strong>El estado del alma<\/strong>. 1 nominaci\u00f3n.<br \/><strong>Buffet Para\u00edso<\/strong>. 1 nominaci\u00f3n.\u00a0<br \/><strong>Carmela<\/strong>. 1 nominaci\u00f3n .<\/p>\n<\/td>\n<\/tr>\n<\/tbody>\n<\/table><\/div>\n<\/div>\n<div class=\"article-asset-video article-asset-normal\">\n<div class=\"asset-content\">\n<div class=\"base-asset-video\">\n<div class=\"js-dailymotion\">\n    <script type=\"application\/json\">\n                          {\"videoId\":\"x82yv7z\",\"autoplay\":true,\"title\":\"MEJORA EL SONIDO DE TU TV sin gastar UN SOLO EURO!!\", \"tag\":\"\", \"duration\":\"310\"}\n                  <\/script>\n   <\/div>\n<\/p><\/div>\n<\/p><\/div>\n<\/div>\n<p>Adem\u00e1s la operadora estrenar\u00e1 \u00ab<strong>pronto\u00bb otros 15 t\u00edtulos <\/strong>m\u00e1s a los que podremos acceder tambi\u00e9n bajo demanda cuando queramos. Las pel\u00edculas y las fechas de estreno son las siguientes:\u00a0<\/p>\n<p><!-- BREAK 8 --><\/p>\n<div class=\"article-asset-table article-asset-normal\">\n<div class=\"asset-content\">\n<table class=\"tabla-datos\">\n<thead>\n<tr>\n<th class=\"align-left\">\n<\/th>\n<th class=\"align-left\">\n<\/th>\n<\/tr>\n<\/thead>\n<tbody>\n<tr>\n<td class=\"align-left\">\n<p><strong>Los domingos<\/strong>. 13 nominaciones. Estreno 27 de febrero.<br \/><strong>Maspalomas<\/strong>. 9 nominaciones. Estreno 22 de enero.<br \/><strong>Los Tigres<\/strong>. 7 nominaciones. Estreno 20 de febrero.<br \/><strong>La cena<\/strong>. 8 nominaciones. Estreno 13 de febrero.<br \/><strong>Ciudad sin sue\u00f1o<\/strong>. 5 nominaciones. Pr\u00f3ximamente.<br \/><strong>Flores para Antonio<\/strong>. 2 nominaciones. Estreno en marzo.<br \/><strong>Estrany Riu<\/strong>. 2 nominaciones. Estreno 3 de febrero.<\/p>\n<\/td>\n<td class=\"align-left\">\n<p><strong>Eloy de la Iglesia. Adicto al cine<\/strong>. 1 nominaci\u00f3n. 17 de enero.<br \/><strong>Mi amiga Eva<\/strong>. 1 nominaci\u00f3n. Estreno 23 de enero.<br \/><strong>Decorado<\/strong>. 1 nominaci\u00f3n. Estreno 24 de febrero.<br \/><strong>Un simple accidente<\/strong>. 1 nominaci\u00f3n. Estreno 7 de febrero.<br \/><strong>Rondallas<\/strong>. 1 nominaci\u00f3n, Pr\u00f3ximamente.<br \/><strong>On Falling<\/strong>. 1 nominaci\u00f3n. Pr\u00f3ximamente.<br \/><strong>Valor sentimental<\/strong>. 1 nominaci\u00f3n. Pr\u00f3ximamente.<br \/><strong>Olivia y el terremoto invisible<\/strong>. 1 nominaci\u00f3n. Pr\u00f3ximamente.<\/p>\n<\/td>\n<\/tr>\n<\/tbody>\n<\/table><\/div>\n<\/div>\n<p>M\u00e1s informaci\u00f3n | <a rel=\"nofollow, sponsored, noopener, noreferrer\" target=\"_blank\" class=\"js-ecommerce\" id=\"link-ecommerce-1\" href=\"https:\/\/www.xatakahome.com\/redirect?url=https%3A%2F%2Fwww.movistarplus.es%2Fcomunicacion%2Fnotas-de-prensa%2Flas-peliculas-originales-movistar-plus-con-los-domingos-y-sirat-a-la-cabeza-triunfan-en-los-goya-con-34-nominaciones%2F&amp;category=servicios-de-smart-tv&amp;ecomPostExpiration=perish&amp;postId=120968\" data-vars-affiliate-url=\"https:\/\/www.movistarplus.es\/comunicacion\/notas-de-prensa\/las-peliculas-originales-movistar-plus-con-los-domingos-y-sirat-a-la-cabeza-triunfan-en-los-goya-con-34-nominaciones\/\">Movistar Plus+<\/a><\/p>\n<p>Imagen portada | Antonio Vallejo<\/p>\n<p>En Xataka SmartHome | <a class=\"text-outboundlink\" href=\"https:\/\/www.xatakahome.com\/la-red-local\/amigo-lleva-anos-apagando-router-noches-asi-le-he-convencido-que-no-hace-falta\" data-vars-post-title=\"Durante a\u00f1os pens\u00e9 que apagar el router por las noches era una gran idea. Ahora lo dejo siempre encendido por varios motivos\" data-vars-post-url=\"https:\/\/www.xatakahome.com\/la-red-local\/amigo-lleva-anos-apagando-router-noches-asi-le-he-convencido-que-no-hace-falta\" target=\"_blank\">Durante a\u00f1os pens\u00e9 que apagar el router por las noches era una gran idea. Ahora lo dejo siempre encendido por varios motivos<\/a><\/p>\n<p><\/p>\n<p><script>\n (function() {\n  window._JS_MODULES = window._JS_MODULES || {};\n  var headElement = document.getElementsByTagName('head')[0];\n  if (_JS_MODULES.instagram) {\n   var instagramScript = document.createElement('script');\n   instagramScript.src = 'https:\/\/platform.instagram.com\/en_US\/embeds.js';\n   instagramScript.async = true;\n   instagramScript.defer = true;\n   headElement.appendChild(instagramScript);\n  }\n })();\n<\/script><\/p>\n<p> &#8211; <br \/> La noticia<br \/>\n      <a href=\"https:\/\/www.xatakahome.com\/servicios-de-smart-tv\/tienes-movistar-plus-llega-nuevo-canal-cine-gratis-decenas-peliculas-sabor-espanol?utm_source=feedburner&amp;utm_medium=feed&amp;utm_campaign=14_Jan_2026\"><br \/>\n       <em> Si tienes Movistar Plus+, llega un nuevo canal de cine gratis y decenas de pel\u00edculas con sabor espa\u00f1ol  <\/em><br \/>\n      <\/a><br \/>\n      fue publicada originalmente en<br \/>\n      <a href=\"https:\/\/www.xatakahome.com\/?utm_source=feedburner&amp;utm_medium=feed&amp;utm_campaign=14_Jan_2026\"><br \/>\n       <strong> Xataka Smart Home <\/strong><br \/>\n      <\/a><br \/>\n             por <a href=\"https:\/\/www.xatakahome.com\/autor\/paco-rodriguez?utm_source=feedburner&amp;utm_medium=feed&amp;utm_campaign=14_Jan_2026\"><br \/>\n        Paco Rodr\u00edguez<br \/>\n       <\/a><br \/>\n      . <\/p>\n<\/div>\n","protected":false},"excerpt":{"rendered":"<p>Movistar Plus+ contin\u00faa ampliando su oferta de canales y contenidos con sabor espa\u00f1ol, y tras la incorporaci\u00f3n hace unas semanas de los canales de FlixOl\u00e9 ahora llega un nuevo espacio que ya es habitual cada a\u00f1o en la parrilla de la operadora. Se trata de un canal lineal temporal abierto con motivo de los Premios &hellip; <a href=\"https:\/\/domosistemas.com\/?p=31354\" class=\"more-link\">Sigue leyendo <span class=\"screen-reader-text\">Si tienes Movistar Plus+, llega un nuevo canal de cine gratis y decenas de pel\u00edculas con sabor espa\u00f1ol<\/span><\/a><\/p>\n","protected":false},"author":1,"featured_media":0,"comment_status":"closed","ping_status":"closed","sticky":false,"template":"","format":"standard","meta":{"footnotes":""},"categories":[8],"tags":[],"class_list":["post-31354","post","type-post","status-publish","format-standard","hentry","category-xataka"],"_links":{"self":[{"href":"https:\/\/domosistemas.com\/index.php?rest_route=\/wp\/v2\/posts\/31354","targetHints":{"allow":["GET"]}}],"collection":[{"href":"https:\/\/domosistemas.com\/index.php?rest_route=\/wp\/v2\/posts"}],"about":[{"href":"https:\/\/domosistemas.com\/index.php?rest_route=\/wp\/v2\/types\/post"}],"author":[{"embeddable":true,"href":"https:\/\/domosistemas.com\/index.php?rest_route=\/wp\/v2\/users\/1"}],"replies":[{"embeddable":true,"href":"https:\/\/domosistemas.com\/index.php?rest_route=%2Fwp%2Fv2%2Fcomments&post=31354"}],"version-history":[{"count":0,"href":"https:\/\/domosistemas.com\/index.php?rest_route=\/wp\/v2\/posts\/31354\/revisions"}],"wp:attachment":[{"href":"https:\/\/domosistemas.com\/index.php?rest_route=%2Fwp%2Fv2%2Fmedia&parent=31354"}],"wp:term":[{"taxonomy":"category","embeddable":true,"href":"https:\/\/domosistemas.com\/index.php?rest_route=%2Fwp%2Fv2%2Fcategories&post=31354"},{"taxonomy":"post_tag","embeddable":true,"href":"https:\/\/domosistemas.com\/index.php?rest_route=%2Fwp%2Fv2%2Ftags&post=31354"}],"curies":[{"name":"wp","href":"https:\/\/api.w.org\/{rel}","templated":true}]}}