{"id":31376,"date":"2026-01-15T14:02:58","date_gmt":"2026-01-15T14:02:58","guid":{"rendered":"https:\/\/domosistemas.com\/?p=31376"},"modified":"2026-01-15T14:02:58","modified_gmt":"2026-01-15T14:02:58","slug":"algunos-vecinos-querian-instalar-un-ascensor-aprovechando-el-hueco-bajo-la-escalera-del-edificio-la-justicia-les-quito-la-idea","status":"publish","type":"post","link":"https:\/\/domosistemas.com\/?p=31376","title":{"rendered":"Algunos vecinos quer\u00edan instalar un ascensor aprovechando el hueco bajo la escalera del edificio. La justicia les quit\u00f3 la idea"},"content":{"rendered":"<div>\n<p>\n      <img decoding=\"async\" src=\"https:\/\/i.blogs.es\/76d697\/pexels-ramon-clemente-1097299-7323869\/1024_2000.jpeg\" alt=\"Algunos vecinos quer\u00edan instalar un ascensor aprovechando el hueco bajo la escalera del edificio. La justicia les quit\u00f3 la idea \">\n    <\/p>\n<p>Imaginemos el t\u00edpico edificio con una <strong>escalera comunitaria<\/strong> que da acceso a varias plantas y el propietario del bajo decide, porque nadie le ha dicho nada en contra durante a\u00f1os, <strong>utilizar el hueco bajo dicha escalera<\/strong> para su uso particular.<\/p>\n<p><!-- BREAK 1 --><\/p>\n<p>Luego surge la necesidad de remodelar o <strong>usar este espacio para otro fin<\/strong> que incumbe a m\u00e1s vecinos, como puede ser por ejemplo <a class=\"text-outboundlink\" href=\"https:\/\/www.xatakahome.com\/hogar\/tu-edificio-viven-mayores-70-anos-podeis-instalar-ascensor-rampa-celebrar-reunion-ley-propiedad-horizontal\" data-vars-post-title=\"Si en tu comunidad de vecinos hay mayores de 70, no hace falta aprobaci\u00f3n en junta para poner un ascensor, seg\u00fan la Ley de Propiedad Horizontal\" data-vars-post-url=\"https:\/\/www.xatakahome.com\/hogar\/tu-edificio-viven-mayores-70-anos-podeis-instalar-ascensor-rampa-celebrar-reunion-ley-propiedad-horizontal\">instalar un ascensor<\/a> en la finca que utilizar\u00e1n algunos de ellos. L\u00f3gicamente esto impedir\u00eda que el propietario del bajo siguiera usando el hueco bajo las escaleras para su fin particular y se niega en redondo. \u00bfQui\u00e9n tiene raz\u00f3n o mejor dicho la preferencia seg\u00fan la justicia?<\/p>\n<p><!-- BREAK 2 --><\/p>\n<div class=\"article-asset article-asset-normal article-asset-center\">\n<div class=\"desvio-container\">\n<div class=\"desvio\">\n<div class=\"desvio-figure js-desvio-figure\">\n    <a href=\"https:\/\/www.xatakahome.com\/hogar\/querian-ascensor-bloque-viejo-no-habia-espacio-solucion-justicia-ha-sido-ocupar-parte-vivienda\" class=\"pivot-outboundlink\" data-vars-post-title=\"Quer\u00edan un ascensor en un bloque viejo y no hab\u00eda espacio: la soluci\u00f3n de la justicia ha sido ocupar parte de una vivienda\"><br \/>\n     <img loading=\"lazy\" decoding=\"async\" alt=\"Quer\u00edan un ascensor en un bloque viejo y no hab\u00eda espacio: la soluci\u00f3n de la justicia ha sido ocupar parte de una vivienda\" width=\"375\" height=\"142\" src=\"https:\/\/i.blogs.es\/68972a\/captura-de-pantalla-2026-01-05-a-las-7.58.06\/375_142.png\"><br \/>\n    <\/a>\n   <\/div>\n<div class=\"desvio-summary\">\n<div class=\"desvio-taxonomy js-desvio-taxonomy\">\n     <a href=\"https:\/\/www.xatakahome.com\/hogar\/querian-ascensor-bloque-viejo-no-habia-espacio-solucion-justicia-ha-sido-ocupar-parte-vivienda\" class=\"desvio-taxonomy-anchor pivot-outboundlink\" data-vars-post-title=\"Quer\u00edan un ascensor en un bloque viejo y no hab\u00eda espacio: la soluci\u00f3n de la justicia ha sido ocupar parte de una vivienda\">En Xataka Smart Home<\/a>\n    <\/div>\n<p>    <a href=\"https:\/\/www.xatakahome.com\/hogar\/querian-ascensor-bloque-viejo-no-habia-espacio-solucion-justicia-ha-sido-ocupar-parte-vivienda\" class=\"desvio-title js-desvio-title pivot-outboundlink\" data-vars-post-title=\"Quer\u00edan un ascensor en un bloque viejo y no hab\u00eda espacio: la soluci\u00f3n de la justicia ha sido ocupar parte de una vivienda\">Quer\u00edan un ascensor en un bloque viejo y no hab\u00eda espacio: la soluci\u00f3n de la justicia ha sido ocupar parte de una vivienda<\/a>\n   <\/div>\n<\/p><\/div>\n<\/p><\/div>\n<\/div>\n<h2>Un hueco de escalera pol\u00e9mico<\/h2>\n<p>La <strong>instalaci\u00f3n de ascensores<\/strong> en fincas urbanas que inicialmente no estaban preparadas para tal invento es un origen frecuente de pol\u00e9micas y problemas jur\u00eddicos, como hemos visto en casos anteriores tan llamativos como<a class=\"text-outboundlink\" href=\"https:\/\/www.xatakahome.com\/hogar\/querian-ascensor-bloque-viejo-no-habia-espacio-solucion-justicia-ha-sido-ocupar-parte-vivienda\" data-vars-post-title=\"Quer\u00edan un ascensor en un bloque viejo y no hab\u00eda espacio: la soluci\u00f3n de la justicia ha sido ocupar parte de una vivienda\" data-vars-post-url=\"https:\/\/www.xatakahome.com\/hogar\/querian-ascensor-bloque-viejo-no-habia-espacio-solucion-justicia-ha-sido-ocupar-parte-vivienda\">\u00a0este de Madrid.<\/a><\/p>\n<p>Hoy vamos con un ligeramente diferente, puesto que en este caso el conflicto se origin\u00f3 en una finca donde los due\u00f1os de un <strong>local comercial<\/strong> abierto al p\u00fablico e integrado en una comunidad de propietarios con m\u00e1s pisos encima suyo hab\u00edan estado usando durante d\u00e9cadas el hueco de la escalera comunitaria de la propiedad.<\/p>\n<p><!-- BREAK 3 --><\/p>\n<div class=\"article-asset-image article-asset-normal article-asset-center\">\n<div class=\"asset-content\">\n<div class=\"caption-img \">\n<p>   <img decoding=\"async\" alt=\"ascensor\" class=\"centro_sinmarco\" src=\"https:\/\/i.blogs.es\/ddafa6\/1366_2000\/450_1000.jpeg\"><\/p>\n<p>        <span>Imagen: Jos\u00e9 Antonio Carmona<\/span>\n   <\/div>\n<\/p><\/div>\n<\/div>\n<p>Seg\u00fan la sentencia a la que se puede acceder a trav\u00e9s del <a rel=\"noopener, noreferrer\" href=\"https:\/\/www.economistjurist.es\/premium\/sala-2-0\/modelo-de-escrito-de-ratificacion-de-escrito-de-acusacion\/\">portal Economist &amp; Jurist<\/a>, algunos de los vecinos pretend\u00edan utilizar dicho espacio para <strong>instalar un ascensor en la finca<\/strong>, algo a lo que la propiedad del local se neg\u00f3, puesto que perder\u00eda su uso particular y privativo.<\/p>\n<p><!-- BREAK 4 --><\/p>\n<p>Los propietarios hab\u00edan utilizado el hueco de debajo de la escalera junto con un descansillo del edificio como parte anexa de su propiedad, haci\u00e9ndolo formar parte de su negocio que estaba <strong>abierto al p\u00fablico y en conocimiento de todos los vecinos<\/strong> desde hac\u00eda muchos a\u00f1os cuando adquirieron el local.<\/p>\n<p>De hecho, cuando lo compraron, el acceso al hueco de la escalera no estaba separado por ning\u00fan tabique, por lo que comenzaron a utilizarlo de forma habitual sin que nadie, en principio, se opusiera formalmente a ello. Adem\u00e1s, seg\u00fan consta en el informe pericial, en la finca hay m\u00e1s locales comerciales con un uso similar de este espacio.<\/p>\n<p><!-- BREAK 5 --><\/p>\n<div class=\"article-asset-video article-asset-normal\">\n<div class=\"asset-content\">\n<div class=\"base-asset-video\">\n<div class=\"js-dailymotion\">\n    <script type=\"application\/json\">\n                          {\"videoId\":\"x7znesx\",\"autoplay\":true,\"title\":\"Edificio de autoconsumo AS\u00cd FUNCIONAN - Paneles solares en bloques de pisos\", \"tag\":\"solar\", \"duration\":\"564\"}\n                  <\/script>\n   <\/div>\n<\/p><\/div>\n<\/p><\/div>\n<\/div>\n<p>Por tanto, la <strong>Audiencia Provincial de Cantabria<\/strong> ha tenido que determinar si el hueco de las escaleras era un elemento de uso com\u00fan de todos los vecinos o bien se trataba de un espacio de uso privativo. La sentencia ha sido clara y ha terminado por <strong>dar la raz\u00f3n a los due\u00f1os del local<\/strong>, puesto que incluso en el propio contrato de la constructora se establec\u00eda que \u00abmanteniendo la propiedad, pod\u00eda darles a tales elementos el destino que tuviera por conveniente, careciendo de sentido tal reserva si luego iban a ser elementos comunes\u00bb.<\/p>\n<p><!-- BREAK 6 --><\/p>\n<p>Adem\u00e1s, los due\u00f1os del local comercial hab\u00edan venido usando el espacio \u00aben la misma forma, <strong>de manera p\u00fablica, pac\u00edfica e interrumpida<\/strong>\u00bb durante d\u00e9cadas (lo adquirieron en 1989). Por todo ello, la justicia ha concluido que el hueco situado bajo las escaleras <strong>nunca tuvo un car\u00e1cter de elemento com\u00fan, sino privativo<\/strong>, dando as\u00ed la raz\u00f3n a la propiedad del local.\u00a0<\/p>\n<p>V\u00eda | <a rel=\"noopener, noreferrer\" href=\"https:\/\/www.economistjurist.es\/actualidad-juridica\/jurisprudencia\/la-justicia-falla-a-favor-de-los-duenos-de-un-local-el-hueco-de-debajo-de-la-escalera-es-privativo-y-no-un-elemento-comun-de-la-comunidad-de-propietarios\/\">Economist &amp; Jurist<\/a><\/p>\n<p>Imagen portada |\u00a0<a rel=\"noopener, noreferrer\" href=\"https:\/\/www.pexels.com\/es-es\/foto\/escaleras-barandillas-pasamanos-de-madera-7323869\/\">Ramon Clemente<\/a><\/p>\n<p>En Xataka SmartHome |\u00a0<a class=\"text-outboundlink\" href=\"https:\/\/www.xatakahome.com\/tutoriales\/mi-comunidad-vecinos-hemos-fulminado-pisos-turisticos-esto-que-hemos-hecho-para-lograrlo\" data-vars-post-title=\"En mi comunidad de vecinos hemos fulminado los pisos tur\u00edsticos. Esto es lo que hemos hecho para lograrlo\" data-vars-post-url=\"https:\/\/www.xatakahome.com\/tutoriales\/mi-comunidad-vecinos-hemos-fulminado-pisos-turisticos-esto-que-hemos-hecho-para-lograrlo\" target=\"_blank\">En mi comunidad de vecinos hemos fulminado los pisos tur\u00edsticos. Esto es lo que hemos hecho para lograrlo<\/a><\/p>\n<p><\/p>\n<p><script>\n (function() {\n  window._JS_MODULES = window._JS_MODULES || {};\n  var headElement = document.getElementsByTagName('head')[0];\n  if (_JS_MODULES.instagram) {\n   var instagramScript = document.createElement('script');\n   instagramScript.src = 'https:\/\/platform.instagram.com\/en_US\/embeds.js';\n   instagramScript.async = true;\n   instagramScript.defer = true;\n   headElement.appendChild(instagramScript);\n  }\n })();\n<\/script><\/p>\n<p> &#8211; <br \/> La noticia<br \/>\n      <a href=\"https:\/\/www.xatakahome.com\/hogar\/algunos-vecinos-querian-instalar-ascensor-aprovechando-hueco-escalera-edificio-justicia-les-quito-idea?utm_source=feedburner&amp;utm_medium=feed&amp;utm_campaign=15_Jan_2026\"><br \/>\n       <em> Algunos vecinos quer\u00edan instalar un ascensor aprovechando el hueco bajo la escalera del edificio. La justicia les quit\u00f3 la idea  <\/em><br \/>\n      <\/a><br \/>\n      fue publicada originalmente en<br \/>\n      <a href=\"https:\/\/www.xatakahome.com\/?utm_source=feedburner&amp;utm_medium=feed&amp;utm_campaign=15_Jan_2026\"><br \/>\n       <strong> Xataka Smart Home <\/strong><br \/>\n      <\/a><br \/>\n             por <a href=\"https:\/\/www.xatakahome.com\/autor\/paco-rodriguez?utm_source=feedburner&amp;utm_medium=feed&amp;utm_campaign=15_Jan_2026\"><br \/>\n        Paco Rodr\u00edguez<br \/>\n       <\/a><br \/>\n      . <\/p>\n<\/div>\n","protected":false},"excerpt":{"rendered":"<p>Imaginemos el t\u00edpico edificio con una escalera comunitaria que da acceso a varias plantas y el propietario del bajo decide, porque nadie le ha dicho nada en contra durante a\u00f1os, utilizar el hueco bajo dicha escalera para su uso particular. Luego surge la necesidad de remodelar o usar este espacio para otro fin que incumbe &hellip; <a href=\"https:\/\/domosistemas.com\/?p=31376\" class=\"more-link\">Sigue leyendo <span class=\"screen-reader-text\">Algunos vecinos quer\u00edan instalar un ascensor aprovechando el hueco bajo la escalera del edificio. La justicia les quit\u00f3 la idea<\/span><\/a><\/p>\n","protected":false},"author":1,"featured_media":0,"comment_status":"closed","ping_status":"closed","sticky":false,"template":"","format":"standard","meta":{"footnotes":""},"categories":[8],"tags":[],"class_list":["post-31376","post","type-post","status-publish","format-standard","hentry","category-xataka"],"_links":{"self":[{"href":"https:\/\/domosistemas.com\/index.php?rest_route=\/wp\/v2\/posts\/31376","targetHints":{"allow":["GET"]}}],"collection":[{"href":"https:\/\/domosistemas.com\/index.php?rest_route=\/wp\/v2\/posts"}],"about":[{"href":"https:\/\/domosistemas.com\/index.php?rest_route=\/wp\/v2\/types\/post"}],"author":[{"embeddable":true,"href":"https:\/\/domosistemas.com\/index.php?rest_route=\/wp\/v2\/users\/1"}],"replies":[{"embeddable":true,"href":"https:\/\/domosistemas.com\/index.php?rest_route=%2Fwp%2Fv2%2Fcomments&post=31376"}],"version-history":[{"count":0,"href":"https:\/\/domosistemas.com\/index.php?rest_route=\/wp\/v2\/posts\/31376\/revisions"}],"wp:attachment":[{"href":"https:\/\/domosistemas.com\/index.php?rest_route=%2Fwp%2Fv2%2Fmedia&parent=31376"}],"wp:term":[{"taxonomy":"category","embeddable":true,"href":"https:\/\/domosistemas.com\/index.php?rest_route=%2Fwp%2Fv2%2Fcategories&post=31376"},{"taxonomy":"post_tag","embeddable":true,"href":"https:\/\/domosistemas.com\/index.php?rest_route=%2Fwp%2Fv2%2Ftags&post=31376"}],"curies":[{"name":"wp","href":"https:\/\/api.w.org\/{rel}","templated":true}]}}