{"id":31401,"date":"2026-01-18T10:01:27","date_gmt":"2026-01-18T10:01:27","guid":{"rendered":"https:\/\/domosistemas.com\/?p=31401"},"modified":"2026-01-18T10:01:27","modified_gmt":"2026-01-18T10:01:27","slug":"si-haces-la-prueba-de-ponerte-de-pie-levantas-la-mano-todo-lo-que-puedes-y-notas-mucho-calor-estas-gastando-calefaccion-de-mas","status":"publish","type":"post","link":"https:\/\/domosistemas.com\/?p=31401","title":{"rendered":"Si haces la prueba de ponerte de pie, levantas la mano todo lo que puedes y notas mucho calor, est\u00e1s gastando calefacci\u00f3n de m\u00e1s"},"content":{"rendered":"<div>\n<p>\n      <img decoding=\"async\" src=\"https:\/\/i.blogs.es\/a78faa\/chatgpt-image-12-ene-2026-11_51_53\/1024_2000.jpeg\" alt=\"Si haces la prueba de ponerte de pie, levantas la mano todo lo que puedes y notas mucho calor, est\u00e1s gastando calefacci\u00f3n de m\u00e1s \">\n    <\/p>\n<p>Estos d\u00edas de <strong>fr\u00edo intenso<\/strong> puede parecer que nuestro sistema de <strong>calefacci\u00f3n<\/strong>, aunque lo tengamos puesto a tope, no da m\u00e1s de s\u00ed, que le falta potencia o que la vivienda pierde temperatura m\u00e1s r\u00e1pido que lo que somos capaces de calentar por un <a class=\"text-outboundlink\" href=\"https:\/\/www.xatakahome.com\/hogar\/da-igual-que-pongas-calefaccion-a-tope-estos-pequenos-detalles-hacen-que-gasto-se-dispare-sigas-pasando-frio\" data-vars-post-title=\"Da igual que pongas la calefacci\u00f3n a tope estos d\u00edas de fr\u00edo polar. Todo esto hace que el gasto se dispare pero la casa siga helada\" data-vars-post-url=\"https:\/\/www.xatakahome.com\/hogar\/da-igual-que-pongas-calefaccion-a-tope-estos-pequenos-detalles-hacen-que-gasto-se-dispare-sigas-pasando-frio\">problema de aislamiento<\/a>.<\/p>\n<p><!-- BREAK 1 --><\/p>\n<p>Pero hay otro problema muy frecuente que se suele dar en casi todas las casas, y especialmente en las que tienen<strong> techos altos<\/strong>, que nos hace disparar el gasto en calefacci\u00f3n: <strong>el aire caliente se acumula en la zona superior de la sala<\/strong> y no lo aprovechamos.<\/p>\n<p><!-- BREAK 2 --><\/p>\n<div class=\"article-asset article-asset-normal article-asset-center\">\n<div class=\"desvio-container\">\n<div class=\"desvio\">\n<div class=\"desvio-figure js-desvio-figure\">\n    <a href=\"https:\/\/www.xatakahome.com\/hogar\/temperatura-minima-casa-para-tener-buena-salud-ideal-para-no-derrochar-calefaccion-durante-invierno\" class=\"pivot-outboundlink\" data-vars-post-title=\"La temperatura m\u00ednima en casa para tener buena salud y la ideal para no derrochar calefacci\u00f3n durante el invierno \"><br \/>\n     <img loading=\"lazy\" decoding=\"async\" alt=\"La temperatura m\u00ednima en casa para tener buena salud y la ideal para no derrochar calefacci\u00f3n durante el invierno \" width=\"375\" height=\"142\" src=\"https:\/\/i.blogs.es\/2d5081\/imagen1\/375_142.jpeg\"><br \/>\n    <\/a>\n   <\/div>\n<div class=\"desvio-summary\">\n<div class=\"desvio-taxonomy js-desvio-taxonomy\">\n     <a href=\"https:\/\/www.xatakahome.com\/hogar\/temperatura-minima-casa-para-tener-buena-salud-ideal-para-no-derrochar-calefaccion-durante-invierno\" class=\"desvio-taxonomy-anchor pivot-outboundlink\" data-vars-post-title=\"La temperatura m\u00ednima en casa para tener buena salud y la ideal para no derrochar calefacci\u00f3n durante el invierno \">En Xataka Smart Home<\/a>\n    <\/div>\n<p>    <a href=\"https:\/\/www.xatakahome.com\/hogar\/temperatura-minima-casa-para-tener-buena-salud-ideal-para-no-derrochar-calefaccion-durante-invierno\" class=\"desvio-title js-desvio-title pivot-outboundlink\" data-vars-post-title=\"La temperatura m\u00ednima en casa para tener buena salud y la ideal para no derrochar calefacci\u00f3n durante el invierno \">La temperatura m\u00ednima en casa para tener buena salud y la ideal para no derrochar calefacci\u00f3n durante el invierno <\/a>\n   <\/div>\n<\/p><\/div>\n<\/p><\/div>\n<\/div>\n<h2>Bolsas de aire caliente en la casa<\/h2>\n<div class=\"article-asset-image article-asset-normal article-asset-center\">\n<div class=\"asset-content\">\n<div class=\"caption-img \">\n<p>   <img decoding=\"async\" alt=\"Gemini Generated Image 5x97cw5x97cw5x97\" class=\"centro_sinmarco\" src=\"https:\/\/i.blogs.es\/7db398\/gemini_generated_image_5x97cw5x97cw5x97\/450_1000.jpeg\"><\/p>\n<p>        <span>Imagen: generada con IA<\/span>\n   <\/div>\n<\/p><\/div>\n<\/div>\n<p>Un problema habitual que nos impide alcanzar la temperatura ideal en casa es el relacionado con que muchos equipos de calefacci\u00f3n\u00a0tienden a generar un <strong>calor est\u00e1tico<\/strong> que permanece muy cerca de ellos. Es decir, calientan, s\u00ed, pero ese calor se suele quedar en las proximidades y en poco tiempo asciende hacia la parte superior de la sala por convecci\u00f3n.<\/p>\n<p><!-- BREAK 3 --><\/p>\n<p>No es magia, simplemente que el aire caliente es menos denso que el fr\u00edo y tiende a subir hasta que encuentra un obst\u00e1culo, que en este caso es el techo de la habitaci\u00f3n. Esto crea <strong>bolsas de aire caliente<\/strong> que podemos notar muy f\u00e1cilmente simplemente levantado el brazo y alzando la mano, donde percibiremos un aumento importante de temperatura.<\/p>\n<p><!-- BREAK 4 --><\/p>\n<p><strong>\u00bfCu\u00e1ntos grados m\u00e1s?<\/strong> Pues depende de cada caso concreto, pero seg\u00fan <a rel=\"nofollow, sponsored, noopener, noreferrer\" target=\"_blank\" class=\"js-ecommerce\" id=\"link-ecommerce-1\" href=\"https:\/\/www.xatakahome.com\/redirect?url=https%3A%2F%2Fwww.leroymerlin.es%2Fideas-y-consejos%2Fconsejos%2Fahorra-calefaccion-con-tu-ventilador-de-techo.html&amp;category=hogar&amp;ecomPostExpiration=everlasting&amp;postId=120923\" data-vars-affiliate-url=\"https:\/\/www.leroymerlin.es\/ideas-y-consejos\/consejos\/ahorra-calefaccion-con-tu-ventilador-de-techo.html\">se\u00f1alan en Leroy Merlin<\/a> podemos tener a nivel del suelo temperaturas de unos <strong>17 \u00baC<\/strong> y estar pasando fr\u00edo mientras que en el techo estamos cerca de los <strong>25 \u00baC.<\/strong> Como podemos imaginar, supone que hemos gastado energ\u00eda de m\u00e1s en calentar una zona que no habitamos.<\/p>\n<p><!-- BREAK 5 --><\/p>\n<div class=\"article-asset-image article-asset-normal article-asset-center\">\n<div class=\"asset-content\">\n<div class=\"caption-img \">\n                    <a rel=\"nofollow, sponsored, noopener, noreferrer\" target=\"_blank\" class=\"js-ecommerce\" id=\"link-ecommerce-2\" href=\"https:\/\/www.xatakahome.com\/redirect?url=https%3A%2F%2Fwww.leroymerlin.es%2Fideas-y-consejos%2Fconsejos%2Fahorra-calefaccion-con-tu-ventilador-de-techo.html&amp;category=hogar&amp;ecomPostExpiration=everlasting&amp;postId=120923\" data-vars-affiliate-url=\"https:\/\/www.leroymerlin.es\/ideas-y-consejos\/consejos\/ahorra-calefaccion-con-tu-ventilador-de-techo.html\"><\/p>\n<p>    <img decoding=\"async\" alt=\"Ventilador Techo\" class=\"centro_sinmarco\" src=\"https:\/\/i.blogs.es\/d588c8\/ventilador-techo\/450_1000.jpeg\"><br \/>\n     <\/a><\/p>\n<p>        <span>Imagen: Leroy Merlin<\/span>\n   <\/div>\n<\/p><\/div>\n<\/div>\n<p><strong>\u00bfLa soluci\u00f3n?<\/strong> Pues tratar de evitar la formaci\u00f3n de esas bolsas de aire caliente y especialmente las del techo mediante el movimiento constante de las part\u00edculas m\u00e1s calientes dentro de la sala. \u00bfC\u00f3mo lo hacemos? Pues <strong>los ventiladores<\/strong> ser\u00e1n nuestros mejores aliados.<\/p>\n<p><!-- BREAK 6 --><\/p>\n<p>En el caso de que el sistema de calefacci\u00f3n ya cuente con un ventilador, como puede ser por ejemplo un aire acondicionado, conviene<strong> dirigir el chorro de aire hacia abajo<\/strong> para aprovecharlo al m\u00e1ximo. Pero si no lo tiene podemos instalar nosotros uno nuevo o aprovechar los que ya tengamos.<\/p>\n<p><!-- BREAK 7 --><\/p>\n<p>En este sentido, los <strong>modelos de techo<\/strong> que se suelen usar para refrescarnos en verano pueden ser una gran alternativa, si tienen el llamado \u00ab<strong>modo invierno<\/strong>\u00ab, como bien <a rel=\"noopener, noreferrer\" href=\"https:\/\/www.ocu.org\/vivienda-y-energia\/calefaccion\/consejos\/ventilador-modo-invierno\">recomienda la OCU<\/a>.\u00a0<\/p>\n<p><!-- BREAK 8 --><\/p>\n<div class=\"article-asset-video article-asset-normal\">\n<div class=\"asset-content\">\n<div class=\"base-asset-video\">\n<div class=\"js-dailymotion\">\n    <script type=\"application\/json\">\n                          {\"videoId\":\"x7znesx\",\"autoplay\":true,\"title\":\"Edificio de autoconsumo AS\u00cd FUNCIONAN - Paneles solares en bloques de pisos\", \"tag\":\"solar\", \"duration\":\"564\"}\n                  <\/script>\n   <\/div>\n<\/p><\/div>\n<\/p><\/div>\n<\/div>\n<p>Con esta funci\u00f3n las aspas del ventilador giran en el <strong>sentido de las agujas del reloj <\/strong>haciendo que el aire caliente estancado cerca del techo sea empujado hacia las paredes y descienda hasta el suelo para volver subir naturalmente.<\/p>\n<p><!-- BREAK 9 --><\/p>\n<p>Esto puede hacer que en un ejemplo tan extremo como el anterior donde hab\u00eda una diferencia de 17 \u00baC en el suelo y 25 \u00baC en el techo el aire se mezcle y tengamos una temperatura m\u00e1s equilibrada de <a rel=\"nofollow, sponsored, noopener, noreferrer\" target=\"_blank\" class=\"js-ecommerce\" id=\"link-ecommerce-3\" href=\"https:\/\/www.xatakahome.com\/redirect?url=https%3A%2F%2Fwww.leroymerlin.es%2Fideas-y-consejos%2Fconsejos%2Fahorra-calefaccion-con-tu-ventilador-de-techo.html&amp;category=hogar&amp;ecomPostExpiration=everlasting&amp;postId=120923\" data-vars-affiliate-url=\"https:\/\/www.leroymerlin.es\/ideas-y-consejos\/consejos\/ahorra-calefaccion-con-tu-ventilador-de-techo.html\">entre 20-21 \u00baC en toda la sala<\/a>.<\/p>\n<p><!-- BREAK 10 --><\/p>\n<p>Si activamos este modo invierno probablemente no notaremos que se genera brisa, pero s\u00ed estaremos homogeneizando la temperatura del aire de la habitaci\u00f3n seg\u00fan <a rel=\"nofollow, sponsored, noopener, noreferrer\" target=\"_blank\" class=\"js-ecommerce\" id=\"link-ecommerce-4\" href=\"https:\/\/www.xatakahome.com\/redirect?url=https%3A%2F%2Fwww.leroymerlin.es%2Fideas-y-consejos%2Fconsejos%2Fahorra-calefaccion-con-tu-ventilador-de-techo.html&amp;category=hogar&amp;ecomPostExpiration=everlasting&amp;postId=120923\" data-vars-affiliate-url=\"https:\/\/www.leroymerlin.es\/ideas-y-consejos\/consejos\/ahorra-calefaccion-con-tu-ventilador-de-techo.html\">comentan los expertos<\/a> es posible ahorrar hasta un<strong> 15% en la factura de la calefacci\u00f3n.<\/strong><\/p>\n<p><!-- BREAK 11 --><\/p>\n<p>M\u00e1s informaci\u00f3n | <a rel=\"nofollow, sponsored, noopener, noreferrer\" target=\"_blank\" class=\"js-ecommerce\" id=\"link-ecommerce-5\" href=\"https:\/\/www.xatakahome.com\/redirect?url=https%3A%2F%2Fwww.leroymerlin.es%2Fideas-y-consejos%2Fconsejos%2Fahorra-calefaccion-con-tu-ventilador-de-techo.html&amp;category=hogar&amp;ecomPostExpiration=everlasting&amp;postId=120923\" data-vars-affiliate-url=\"https:\/\/www.leroymerlin.es\/ideas-y-consejos\/consejos\/ahorra-calefaccion-con-tu-ventilador-de-techo.html\">Leroy Merlin<\/a> | <a rel=\"noopener, noreferrer\" href=\"https:\/\/www.ocu.org\/vivienda-y-energia\/calefaccion\/consejos\/ventilador-modo-invierno\">OCU<\/a><\/p>\n<p>Imagen portada | Generada con IA<\/p>\n<p>En Xataka Smart Home | <a class=\"text-outboundlink\" href=\"https:\/\/www.xatakahome.com\/hogar\/he-pasado-usar-aire-acondicionado-portatil-a-uno-pared-esto-que-he-notado-cambio-1\" data-vars-post-title=\"He pasado de usar un aire acondicionado port\u00e1til a uno de pared: esto es lo que he notado con el cambio  \" data-vars-post-url=\"https:\/\/www.xatakahome.com\/hogar\/he-pasado-usar-aire-acondicionado-portatil-a-uno-pared-esto-que-he-notado-cambio-1\">He pasado de usar un aire acondicionado port\u00e1til a uno de pared: esto es lo que he notado con el cambio<\/a><\/p>\n<p><script>\n (function() {\n  window._JS_MODULES = window._JS_MODULES || {};\n  var headElement = document.getElementsByTagName('head')[0];\n  if (_JS_MODULES.instagram) {\n   var instagramScript = document.createElement('script');\n   instagramScript.src = 'https:\/\/platform.instagram.com\/en_US\/embeds.js';\n   instagramScript.async = true;\n   instagramScript.defer = true;\n   headElement.appendChild(instagramScript);\n  }\n })();\n<\/script><\/p>\n<p> &#8211; <br \/> La noticia<br \/>\n      <a href=\"https:\/\/www.xatakahome.com\/hogar\/haces-prueba-ponerte-pie-levantas-mano-todo-que-puedes-notas-mucho-calor-estas-gastando-calefaccion?utm_source=feedburner&amp;utm_medium=feed&amp;utm_campaign=18_Jan_2026\"><br \/>\n       <em> Si haces la prueba de ponerte de pie, levantas la mano todo lo que puedes y notas mucho calor, est\u00e1s gastando calefacci\u00f3n de m\u00e1s  <\/em><br \/>\n      <\/a><br \/>\n      fue publicada originalmente en<br \/>\n      <a href=\"https:\/\/www.xatakahome.com\/?utm_source=feedburner&amp;utm_medium=feed&amp;utm_campaign=18_Jan_2026\"><br \/>\n       <strong> Xataka Smart Home <\/strong><br \/>\n      <\/a><br \/>\n             por <a href=\"https:\/\/www.xatakahome.com\/autor\/paco-rodriguez?utm_source=feedburner&amp;utm_medium=feed&amp;utm_campaign=18_Jan_2026\"><br \/>\n        Paco Rodr\u00edguez<br \/>\n       <\/a><br \/>\n      . <\/p>\n<\/div>\n","protected":false},"excerpt":{"rendered":"<p>Estos d\u00edas de fr\u00edo intenso puede parecer que nuestro sistema de calefacci\u00f3n, aunque lo tengamos puesto a tope, no da m\u00e1s de s\u00ed, que le falta potencia o que la vivienda pierde temperatura m\u00e1s r\u00e1pido que lo que somos capaces de calentar por un problema de aislamiento. Pero hay otro problema muy frecuente que se &hellip; <a href=\"https:\/\/domosistemas.com\/?p=31401\" class=\"more-link\">Sigue leyendo <span class=\"screen-reader-text\">Si haces la prueba de ponerte de pie, levantas la mano todo lo que puedes y notas mucho calor, est\u00e1s gastando calefacci\u00f3n de m\u00e1s<\/span><\/a><\/p>\n","protected":false},"author":1,"featured_media":0,"comment_status":"closed","ping_status":"closed","sticky":false,"template":"","format":"standard","meta":{"footnotes":""},"categories":[8],"tags":[],"class_list":["post-31401","post","type-post","status-publish","format-standard","hentry","category-xataka"],"_links":{"self":[{"href":"https:\/\/domosistemas.com\/index.php?rest_route=\/wp\/v2\/posts\/31401","targetHints":{"allow":["GET"]}}],"collection":[{"href":"https:\/\/domosistemas.com\/index.php?rest_route=\/wp\/v2\/posts"}],"about":[{"href":"https:\/\/domosistemas.com\/index.php?rest_route=\/wp\/v2\/types\/post"}],"author":[{"embeddable":true,"href":"https:\/\/domosistemas.com\/index.php?rest_route=\/wp\/v2\/users\/1"}],"replies":[{"embeddable":true,"href":"https:\/\/domosistemas.com\/index.php?rest_route=%2Fwp%2Fv2%2Fcomments&post=31401"}],"version-history":[{"count":0,"href":"https:\/\/domosistemas.com\/index.php?rest_route=\/wp\/v2\/posts\/31401\/revisions"}],"wp:attachment":[{"href":"https:\/\/domosistemas.com\/index.php?rest_route=%2Fwp%2Fv2%2Fmedia&parent=31401"}],"wp:term":[{"taxonomy":"category","embeddable":true,"href":"https:\/\/domosistemas.com\/index.php?rest_route=%2Fwp%2Fv2%2Fcategories&post=31401"},{"taxonomy":"post_tag","embeddable":true,"href":"https:\/\/domosistemas.com\/index.php?rest_route=%2Fwp%2Fv2%2Ftags&post=31401"}],"curies":[{"name":"wp","href":"https:\/\/api.w.org\/{rel}","templated":true}]}}