{"id":31426,"date":"2026-01-20T09:01:27","date_gmt":"2026-01-20T09:01:27","guid":{"rendered":"https:\/\/domosistemas.com\/?p=31426"},"modified":"2026-01-20T09:01:27","modified_gmt":"2026-01-20T09:01:27","slug":"que-tu-vecino-aparque-la-bici-en-la-plaza-de-garaje-puede-ser-molesto-a-este-propietario-le-han-caido-2-000-euros-de-multa","status":"publish","type":"post","link":"https:\/\/domosistemas.com\/?p=31426","title":{"rendered":"Que tu vecino aparque la bici en la plaza de garaje puede ser molesto. A este propietario le han ca\u00eddo 2.000 euros de multa"},"content":{"rendered":"<div>\n<p>\n      <img decoding=\"async\" src=\"https:\/\/i.blogs.es\/7d7a02\/img_1339\/1024_2000.jpeg\" alt=\"Que tu vecino aparque la bici en la plaza de garaje puede ser molesto. A este propietario le han ca\u00eddo 2.000 euros de multa\">\n    <\/p>\n<p>M\u00e1s all\u00e1 de la convivencia vecinal t\u00edpica de los pisos, las plazas de aparcamiento en un garaje comunitario tambi\u00e9n pueden convertirse en una fuente importante de conflictos. Y esto suele pasar cuando, <strong>adem\u00e1s del coche, alguien guarda una bicicleta<\/strong> o una moto en su plaza.<\/p>\n<p><!-- BREAK 1 --><\/p>\n<p>Ya lo hemos visto: mientras el tama\u00f1o de los veh\u00edculos ha ido creciendo con los a\u00f1os, muchas plazas de garaje \u2014sobre todo en edificios antiguos\u2014 siguen pensadas para coches m\u00e1s peque\u00f1os. El problema, por tanto, no es solo el coche, sino lo que ocurre <strong>cuando a ese espacio ya justo le sumas una bici o una moto<\/strong>.<\/p>\n<p><!-- BREAK 2 --><\/p>\n<div class=\"article-asset-image article-asset-large article-asset-center\">\n<div class=\"asset-content\">\n<p>   <img decoding=\"async\" alt=\"Aparcamiento\" class=\"\" src=\"https:\/\/i.blogs.es\/d8e3a8\/img_1340\/450_1000.jpeg\"><\/p><\/div>\n<\/div>\n<p>Para salir de dudas, lo m\u00e1s sensato es acudir a la <a rel=\"noopener, noreferrer\" href=\"https:\/\/www.boe.es\/buscar\/act.php?id=BOE-A-1960-10906\">Ley de Propiedad Horizontal<\/a><strong> (LPH)<\/strong>. La norma no proh\u00edbe de forma expresa guardar una moto o una bicicleta en tu plaza, pero <strong>s\u00ed lo complica<\/strong> si esa pr\u00e1ctica <strong>genera molestias<\/strong> o dificulta el uso normal del resto. Y, como suele pasar en estos casos, aunque la carga de la prueba normalmente recae en quien se queja, si la molestia es real y se puede acreditar, tienes las de perder.<\/p>\n<p><!-- BREAK 3 --><\/p>\n<p>En este caso, si un vecino mantiene una bicicleta o una moto en su plaza de garaje y eso <strong>causa molestias a otros<\/strong>, puede estar vulnerando el <a rel=\"noopener, noreferrer\" href=\"https:\/\/www.boe.es\/buscar\/act.php?id=BOE-A-1960-10906#aseptimo\">art\u00edculo 7.2<\/a><strong> <\/strong>de la LPH, y tanto el vecino afectado como la propia comunidad podr\u00edan apoyarse en ese art\u00edculo para pedirle que no siga actuando as\u00ed. Esto es lo que dice el art\u00edculo.<\/p>\n<p><!-- BREAK 4 --><\/p>\n<blockquote><p><em>\u201cA<\/em><em>l propietario y al ocupante del piso o local no les est\u00e1 permitido desarrollar en \u00e9l o en el resto del inmueble actividades prohibidas en los estatutos, que resulten da\u00f1osas para la finca o que contravengan las disposiciones generales sobre actividades molestas, insalubres, nocivas, peligrosas o il\u00edcitas\u201d.<\/em><\/p><\/blockquote>\n<p>En este caso, si la bicicleta sobresale de la l\u00ednea pintada de la plaza (o hace que el coche tambi\u00e9n la sobrepase) o dificulta que el vecino abra bien la puerta, aparque o circule, <strong>puede considerarse una<\/strong> <strong>actividad molesta<\/strong> y podr\u00edan obligarle a retirarla.<\/p>\n<p>El mismo art\u00edculo establece que el presidente de la comunidad \u2014por iniciativa propia o porque se lo pida cualquier vecino\u2014 <strong>tiene que avisar al que est\u00e9 haciendo una actividad prohibida<\/strong> para que pare de inmediato, dej\u00e1ndole claro que, si no lo hace, se tomar\u00e1n medidas legales.<\/p>\n<p><!-- BREAK 5 --><\/p>\n<p>Si aun as\u00ed sigue, el presidente, con el permiso previo de la junta de propietarios (convocada expresamente para ese tema), <strong>puede <\/strong><strong>llevar el caso a los tribunales<\/strong> mediante una acci\u00f3n de cesaci\u00f3n, que normalmente se tramita por juicio ordinario.<\/p>\n<p><!-- BREAK 6 --><\/p>\n<div class=\"article-asset-image article-asset-large article-asset-center\">\n<div class=\"asset-content\">\n<p>   <img decoding=\"async\" alt=\"Aparcamiento\" class=\"\" src=\"https:\/\/i.blogs.es\/e342f5\/img_1338\/450_1000.jpeg\"><\/p><\/div>\n<\/div>\n<p>Lo normal es que si el caso llega a los tribunales, se suela dar la raz\u00f3n a quien guarda la bici en su plaza pero eso s\u00ed, <strong>si cumple tres reglas<\/strong>:\u00a0<\/p>\n<ul>\n<li value=\"1\"><strong>Que no sobresalga nada de la bici<\/strong> (ni ruedas, ni manillar) fuera de las l\u00edneas de su plaza.<\/li>\n<li value=\"2\">Que no instale soportes anclados en paredes o techo <strong>sin permiso de la comunidad<\/strong>, porque son elementos comunes.<\/li>\n<li value=\"3\">Que, aunque est\u00e9 dentro de su plaza, <strong>no dificulte la maniobra del vecino<\/strong> ni altere el uso normal de la plaza contigua.<\/li>\n<\/ul>\n<h2>Cuidado con los estatutos<\/h2>\n<p>Pero es que adem\u00e1s hay que tener en cuenta otros dos aspectos: los estatutos de la comunidad de vecinos y el seguro del garaje.<\/p>\n<p>Por un lado, adem\u00e1s de lo que marca la Ley de Propiedad Horizontal, es b\u00e1sico revisar <strong>si los <\/strong><strong>estatutos de la comunidad<\/strong><strong> proh\u00edben<\/strong> expresamente guardar m\u00e1s de un veh\u00edculo por plaza. Si lo proh\u00edben, da igual que la bici quepa: no se puede.<\/p>\n<p>Por otra parte, hay que tener en cuenta que el garaje comunitario tiene un seguro y en caso que se produzca alg\u00fan percance, como puede ser un incendio o un robo, el seguro comunitario <strong>suele cubrir solo los veh\u00edculos a motor declarados<\/strong> y es muy probable que la bicicleta no est\u00e9 cubierta.<\/p>\n<p><!-- BREAK 7 --><\/p>\n<p>En este caso hay <a rel=\"noopener, noreferrer\" href=\"https:\/\/www.poderjudicial.es\/search\/AN\/openDocument\/0b082214c0f98d8ea0a8778d75e36f0d\/20251216\">una sentencia ejemplar en Vigo<\/a>. Tiene por protagonista a un vecino que estaba invadiendo la plaza de garaje del vecino y que usaba su plaza de garaje para guardar <strong>bicicletas\/soportes ocupando una zona com\u00fan de paso<\/strong> (e incluso invadiendo el \u201cvuelo\u201d de la plaza ajena)<\/p>\n<p>Finalmente fue sentenciado a mantener el coche dentro de los l\u00edmites de su plaza y pagar una indemnizaci\u00f3n de <strong>2.000 euros <\/strong><strong>por da\u00f1o moral<\/strong> porque el perjuicio se deduce de la propia molestia y obstrucci\u00f3n continuada. \u00a0Adem\u00e1s el fallo recalca que la supuesta tolerancia o pasividad de la comunidad no equivale a autorizaci\u00f3n.<\/p>\n<p><!-- BREAK 8 --><br \/>\n<script>\n (function() {\n  window._JS_MODULES = window._JS_MODULES || {};\n  var headElement = document.getElementsByTagName('head')[0];\n  if (_JS_MODULES.instagram) {\n   var instagramScript = document.createElement('script');\n   instagramScript.src = 'https:\/\/platform.instagram.com\/en_US\/embeds.js';\n   instagramScript.async = true;\n   instagramScript.defer = true;\n   headElement.appendChild(instagramScript);\n  }\n })();\n<\/script><\/p>\n<p> &#8211; <br \/> La noticia<br \/>\n      <a href=\"https:\/\/www.xatakahome.com\/hogar\/que-tu-vecino-aparque-bici-plaza-garaje-puede-ser-molesto-a-este-propietario-le-han-caido-2-000-euros-multa?utm_source=feedburner&amp;utm_medium=feed&amp;utm_campaign=20_Jan_2026\"><br \/>\n       <em> Que tu vecino aparque la bici en la plaza de garaje puede ser molesto. A este propietario le han ca\u00eddo 2.000 euros de multa <\/em><br \/>\n      <\/a><br \/>\n      fue publicada originalmente en<br \/>\n      <a href=\"https:\/\/www.xatakahome.com\/?utm_source=feedburner&amp;utm_medium=feed&amp;utm_campaign=20_Jan_2026\"><br \/>\n       <strong> Xataka Smart Home <\/strong><br \/>\n      <\/a><br \/>\n             por <a href=\"https:\/\/www.xatakahome.com\/autor\/jose-antonio-carmona?utm_source=feedburner&amp;utm_medium=feed&amp;utm_campaign=20_Jan_2026\"><br \/>\n        Jose Antonio Carmona<br \/>\n       <\/a><br \/>\n      . <\/p>\n<\/div>\n","protected":false},"excerpt":{"rendered":"<p>M\u00e1s all\u00e1 de la convivencia vecinal t\u00edpica de los pisos, las plazas de aparcamiento en un garaje comunitario tambi\u00e9n pueden convertirse en una fuente importante de conflictos. Y esto suele pasar cuando, adem\u00e1s del coche, alguien guarda una bicicleta o una moto en su plaza. Ya lo hemos visto: mientras el tama\u00f1o de los veh\u00edculos &hellip; <a href=\"https:\/\/domosistemas.com\/?p=31426\" class=\"more-link\">Sigue leyendo <span class=\"screen-reader-text\">Que tu vecino aparque la bici en la plaza de garaje puede ser molesto. A este propietario le han ca\u00eddo 2.000 euros de multa<\/span><\/a><\/p>\n","protected":false},"author":1,"featured_media":0,"comment_status":"closed","ping_status":"closed","sticky":false,"template":"","format":"standard","meta":{"footnotes":""},"categories":[8],"tags":[],"class_list":["post-31426","post","type-post","status-publish","format-standard","hentry","category-xataka"],"_links":{"self":[{"href":"https:\/\/domosistemas.com\/index.php?rest_route=\/wp\/v2\/posts\/31426","targetHints":{"allow":["GET"]}}],"collection":[{"href":"https:\/\/domosistemas.com\/index.php?rest_route=\/wp\/v2\/posts"}],"about":[{"href":"https:\/\/domosistemas.com\/index.php?rest_route=\/wp\/v2\/types\/post"}],"author":[{"embeddable":true,"href":"https:\/\/domosistemas.com\/index.php?rest_route=\/wp\/v2\/users\/1"}],"replies":[{"embeddable":true,"href":"https:\/\/domosistemas.com\/index.php?rest_route=%2Fwp%2Fv2%2Fcomments&post=31426"}],"version-history":[{"count":0,"href":"https:\/\/domosistemas.com\/index.php?rest_route=\/wp\/v2\/posts\/31426\/revisions"}],"wp:attachment":[{"href":"https:\/\/domosistemas.com\/index.php?rest_route=%2Fwp%2Fv2%2Fmedia&parent=31426"}],"wp:term":[{"taxonomy":"category","embeddable":true,"href":"https:\/\/domosistemas.com\/index.php?rest_route=%2Fwp%2Fv2%2Fcategories&post=31426"},{"taxonomy":"post_tag","embeddable":true,"href":"https:\/\/domosistemas.com\/index.php?rest_route=%2Fwp%2Fv2%2Ftags&post=31426"}],"curies":[{"name":"wp","href":"https:\/\/api.w.org\/{rel}","templated":true}]}}