{"id":31428,"date":"2026-01-20T11:02:55","date_gmt":"2026-01-20T11:02:55","guid":{"rendered":"https:\/\/domosistemas.com\/?p=31428"},"modified":"2026-01-20T11:02:55","modified_gmt":"2026-01-20T11:02:55","slug":"vivia-de-alquiler-y-el-propietario-le-dijo-que-tenia-que-pagar-el-ibi-y-la-tasa-de-basuras-esto-es-lo-que-dictamino-la-justicia","status":"publish","type":"post","link":"https:\/\/domosistemas.com\/?p=31428","title":{"rendered":"Viv\u00eda de alquiler y el propietario le dijo que ten\u00eda que pagar el IBI y la tasa de basuras. Esto es lo que dictamin\u00f3 la justicia"},"content":{"rendered":"<div>\n<p>\n      <img decoding=\"async\" src=\"https:\/\/i.blogs.es\/982108\/pexels-lifeofnacchi-4124936\/1024_2000.jpeg\" alt=\"Viv\u00eda de alquiler y el propietario le dijo que ten\u00eda que pagar el IBI y la tasa de basuras. Esto es lo que dictamin\u00f3 la justicia \">\n    <\/p>\n<p>Si hay dos puntos que pueden ser de lo m\u00e1s pol\u00e9mico en lo que respecta al pago del alquiler esos son la <a class=\"text-outboundlink\" href=\"https:\/\/www.xataka.com\/magnet\/tasa-basuras-se-ha-convertido-gran-patata-caliente-politica-espanola-realidad-tiene-poco-inesperado\" data-vars-post-title=\"Si tienes una casa en propiedad, lo m\u00e1s probable es que tengas un nuevo problema en el horizonte: la tasa de basuras\" data-vars-post-url=\"https:\/\/www.xataka.com\/magnet\/tasa-basuras-se-ha-convertido-gran-patata-caliente-politica-espanola-realidad-tiene-poco-inesperado\">nueva tasa de basuras<\/a><strong> <\/strong>y el<strong> IBI o Impuesto de Bienes Inmuebles.<\/strong><\/p>\n<p><!-- BREAK 1 --><\/p>\n<p>Unos costes que muchas veces dudamos si son responsabilidad de propietario o bien \u00e9ste los puede <strong>repercutir al inquilino<\/strong><strong> <\/strong>ampliando as\u00ed el precio total de la renta mensual que ha de pagar. \u00bfA qui\u00e9n corresponde? Pues depender\u00e1 de lo que hayan pactado ambas partes, como aclara la sentencia que hoy traemos.<\/p>\n<p><!-- BREAK 2 --><\/p>\n<div class=\"article-asset article-asset-normal article-asset-center\">\n<div class=\"desvio-container\">\n<div class=\"desvio\">\n<div class=\"desvio-figure js-desvio-figure\">\n    <a href=\"https:\/\/www.xatakahome.com\/hogar\/vivo-alquiler-quiero-aire-acondicionado-quien-debe-pagar-instalacion-arreglo\" class=\"pivot-outboundlink\" data-vars-post-title=\"Aire acondicionado en un piso de alquiler: \u00bfqui\u00e9n paga la instalaci\u00f3n o la reparaci\u00f3n?\"><br \/>\n     <img loading=\"lazy\" decoding=\"async\" alt=\"Aire acondicionado en un piso de alquiler: \u00bfqui\u00e9n paga la instalaci\u00f3n o la reparaci\u00f3n?\" width=\"375\" height=\"142\" src=\"https:\/\/i.blogs.es\/c3e0db\/pexels-joseantoniogallego-5539540\/375_142.jpeg\"><br \/>\n    <\/a>\n   <\/div>\n<div class=\"desvio-summary\">\n<div class=\"desvio-taxonomy js-desvio-taxonomy\">\n     <a href=\"https:\/\/www.xatakahome.com\/hogar\/vivo-alquiler-quiero-aire-acondicionado-quien-debe-pagar-instalacion-arreglo\" class=\"desvio-taxonomy-anchor pivot-outboundlink\" data-vars-post-title=\"Aire acondicionado en un piso de alquiler: \u00bfqui\u00e9n paga la instalaci\u00f3n o la reparaci\u00f3n?\">En Xataka Smart Home<\/a>\n    <\/div>\n<p>    <a href=\"https:\/\/www.xatakahome.com\/hogar\/vivo-alquiler-quiero-aire-acondicionado-quien-debe-pagar-instalacion-arreglo\" class=\"desvio-title js-desvio-title pivot-outboundlink\" data-vars-post-title=\"Aire acondicionado en un piso de alquiler: \u00bfqui\u00e9n paga la instalaci\u00f3n o la reparaci\u00f3n?\">Aire acondicionado en un piso de alquiler: \u00bfqui\u00e9n paga la instalaci\u00f3n o la reparaci\u00f3n?<\/a>\n   <\/div>\n<\/p><\/div>\n<\/p><\/div>\n<\/div>\n<h2>IBI y tasas de basuras, lo que dice la Ley<\/h2>\n<p>La pol\u00e9mica <a rel=\"noopener, noreferrer\" href=\"https:\/\/www.idealista.com\/news\/inmobiliario\/vivienda\/2026\/01\/19\/880056-un-tribunal-avala-que-el-inquilino-pague-el-ibi-y-la-tasa-de-basuras-si-asi-se\">resuelta en la Audiencia Provincial de Alicante<\/a> enfrentaba a arrendador e inquilino por el pago de las rentas correspondientes entre marzo de 2020 y mayo de 2021, donde el inquilino aseguraba que se hab\u00eda incluido indebidamente los gastos como la <strong>tasa de basuras y el IBI<\/strong> y que no le correspond\u00eda pagarlos.\u00a0<\/p>\n<p>El tribunal record\u00f3 a las partes que la <a rel=\"noopener, noreferrer\" href=\"https:\/\/www.boe.es\/buscar\/act.php?id=BOE-A-1994-26003\">Ley de Arrendamientos Urbanos (LAU)<\/a> permite pactar la repercusi\u00f3n de determinados gastos, y aunque <strong>el IBI no puede considerarse un gasto general <\/strong>para el adecuado sostenimiento del inmueble, dicho impuesto viene fijado por la Administraci\u00f3n, por lo que la sala considera que es leg\u00edtima su inclusi\u00f3n en la renta cuando existe un pacto contractual.<\/p>\n<p><!-- BREAK 3 --><\/p>\n<p>De igual modo sucede con la <strong>tasa de basuras<\/strong>, sobre todo en este caso concreto donde se desglosaba expresamente en el contrato la cantidad mensual correspondiente a la vivienda en conflicto. Por todo ello la Audiencia sentenci\u00f3 que, al tratarse de un tributo municipal individualizado y directamente vinculado a la vivienda, <strong>el due\u00f1o pod\u00eda repercutirlo en la renta<\/strong> al haber sido aceptada dicha repercusi\u00f3n contractualmente.<\/p>\n<p><!-- BREAK 4 --><\/p>\n<p>De hecho este \u00faltimo punto es la clave, ya que en su <a rel=\"noopener, noreferrer\" href=\"https:\/\/www.boe.es\/buscar\/act.php?id=BOE-A-1994-26003#a20\">art\u00edculo 20<\/a> la LAU establece el r\u00e9gimen de distribuci\u00f3n de gastos entre el propietario y el inquilino, <strong>permitiendo que las partes pacten por escrito<\/strong> que el arrendatario pague los gastos generales (comunidad, servicios, tributos no individualizables), siempre que el importe anual se refleje en el contrato.\u00a0<\/p>\n<p><!-- BREAK 5 --><\/p>\n<blockquote><p><em>\u201cLas partes podr\u00e1n pactar que los gastos generales para el adecuado sostenimiento del inmueble, sus servicios, tributos, cargas y responsabilidades que no sean susceptibles de individualizaci\u00f3n y que correspondan a la vivienda arrendada o a sus accesorios, sean a cargo del arrendatario\u201d.<\/em><\/p><\/blockquote>\n<div class=\"article-asset-video article-asset-normal\">\n<div class=\"asset-content\">\n<div class=\"base-asset-video\">\n<div class=\"js-dailymotion\">\n    <script type=\"application\/json\">\n                          {\"videoId\":\"x7znesx\",\"autoplay\":true,\"title\":\"Edificio de autoconsumo AS\u00cd FUNCIONAN - Paneles solares en bloques de pisos\", \"tag\":\"solar\", \"duration\":\"564\"}\n                  <\/script>\n   <\/div>\n<\/p><\/div>\n<\/p><\/div>\n<\/div>\n<p>Es decir, para que esta repercusi\u00f3n en la renta del inquilino sea legal, es necesario que est\u00e9<strong> especificada expresamente en el contrato de alquiler<\/strong>. Aunque el inquilino sea quien genera los residuos, el propietario solo puede cobrarle la tasa <strong>si lo ha pactado por escrito en el contrato<\/strong>. Y de hecho, es el propietario el que recibir\u00e1 la cuota para cobrar el tributo por parte del su ayuntamiento.\u00a0<\/p>\n<p><!-- BREAK 6 --><\/p>\n<p>El problema en el caso de las tasas de basuras es que en muchos contratos antiguos no se inclu\u00eda ninguna cl\u00e1usula al respecto, ya que este tributo ni siquiera exist\u00eda en el momento de su firma. <strong>En estos casos no puede repercutirse de forma autom\u00e1tica.<\/strong><\/p>\n<p><!-- BREAK 7 --><\/p>\n<p>Adem\u00e1s, la ley establece que, para poder repercutirla al inquilino, adem\u00e1s de estar expresamente prevista en el contrato, <strong>tambi\u00e9n <\/strong><strong>debe especificarse su importe anual<\/strong> <strong>o peri\u00f3dico<\/strong>. Por tanto, si esta condici\u00f3n no aparece reflejada de forma clara, el propietario no podr\u00e1 exigir legalmente el pago de dicha tasa.<\/p>\n<p><!-- BREAK 8 --><\/p>\n<p>V\u00eda | <a rel=\"noopener, noreferrer\" href=\"https:\/\/www.idealista.com\/news\/inmobiliario\/vivienda\/2026\/01\/19\/880056-un-tribunal-avala-que-el-inquilino-pague-el-ibi-y-la-tasa-de-basuras-si-asi-se\">Idealista<\/a><\/p>\n<p>Imagen portada | <a rel=\"noopener, noreferrer\" href=\"https:\/\/www.pexels.com\/es-es\/foto\/sucio-reciclaje-basura-arena-4124936\/\">Christian Naccarato<\/a><\/p>\n<p>En Xataka SmartHome |\u00a0<a class=\"text-outboundlink\" href=\"https:\/\/www.xatakahome.com\/curiosidades\/tenia-problema-basura-casa-me-estaba-volviendo-loco-he-solucionado-al-puro-estilo-cia\" data-vars-post-title=\"Parece una locura, pero ponerle un localizador al cubo de basura me ha ahorrado multas de m\u00e1s de 700 euros\" data-vars-post-url=\"https:\/\/www.xatakahome.com\/curiosidades\/tenia-problema-basura-casa-me-estaba-volviendo-loco-he-solucionado-al-puro-estilo-cia\">Parece una locura, pero ponerle un localizador al cubo de basura me ha ahorrado multas de m\u00e1s de 700 euros<\/a><\/p>\n<p><script>\n (function() {\n  window._JS_MODULES = window._JS_MODULES || {};\n  var headElement = document.getElementsByTagName('head')[0];\n  if (_JS_MODULES.instagram) {\n   var instagramScript = document.createElement('script');\n   instagramScript.src = 'https:\/\/platform.instagram.com\/en_US\/embeds.js';\n   instagramScript.async = true;\n   instagramScript.defer = true;\n   headElement.appendChild(instagramScript);\n  }\n })();\n<\/script><\/p>\n<p> &#8211; <br \/> La noticia<br \/>\n      <a href=\"https:\/\/www.xatakahome.com\/hogar\/vivia-alquiler-propietario-le-dijo-que-tenia-que-pagar-ibi-tasa-basuras-esto-que-dictamino-justicia?utm_source=feedburner&amp;utm_medium=feed&amp;utm_campaign=20_Jan_2026\"><br \/>\n       <em> Viv\u00eda de alquiler y el propietario le dijo que ten\u00eda que pagar el IBI y la tasa de basuras. Esto es lo que dictamin\u00f3 la justicia  <\/em><br \/>\n      <\/a><br \/>\n      fue publicada originalmente en<br \/>\n      <a href=\"https:\/\/www.xatakahome.com\/?utm_source=feedburner&amp;utm_medium=feed&amp;utm_campaign=20_Jan_2026\"><br \/>\n       <strong> Xataka Smart Home <\/strong><br \/>\n      <\/a><br \/>\n             por <a href=\"https:\/\/www.xatakahome.com\/autor\/paco-rodriguez?utm_source=feedburner&amp;utm_medium=feed&amp;utm_campaign=20_Jan_2026\"><br \/>\n        Paco Rodr\u00edguez<br \/>\n       <\/a><br \/>\n      . <\/p>\n<\/div>\n","protected":false},"excerpt":{"rendered":"<p>Si hay dos puntos que pueden ser de lo m\u00e1s pol\u00e9mico en lo que respecta al pago del alquiler esos son la nueva tasa de basuras y el IBI o Impuesto de Bienes Inmuebles. Unos costes que muchas veces dudamos si son responsabilidad de propietario o bien \u00e9ste los puede repercutir al inquilino ampliando as\u00ed &hellip; <a href=\"https:\/\/domosistemas.com\/?p=31428\" class=\"more-link\">Sigue leyendo <span class=\"screen-reader-text\">Viv\u00eda de alquiler y el propietario le dijo que ten\u00eda que pagar el IBI y la tasa de basuras. Esto es lo que dictamin\u00f3 la justicia<\/span><\/a><\/p>\n","protected":false},"author":1,"featured_media":0,"comment_status":"closed","ping_status":"closed","sticky":false,"template":"","format":"standard","meta":{"footnotes":""},"categories":[8],"tags":[],"class_list":["post-31428","post","type-post","status-publish","format-standard","hentry","category-xataka"],"_links":{"self":[{"href":"https:\/\/domosistemas.com\/index.php?rest_route=\/wp\/v2\/posts\/31428","targetHints":{"allow":["GET"]}}],"collection":[{"href":"https:\/\/domosistemas.com\/index.php?rest_route=\/wp\/v2\/posts"}],"about":[{"href":"https:\/\/domosistemas.com\/index.php?rest_route=\/wp\/v2\/types\/post"}],"author":[{"embeddable":true,"href":"https:\/\/domosistemas.com\/index.php?rest_route=\/wp\/v2\/users\/1"}],"replies":[{"embeddable":true,"href":"https:\/\/domosistemas.com\/index.php?rest_route=%2Fwp%2Fv2%2Fcomments&post=31428"}],"version-history":[{"count":0,"href":"https:\/\/domosistemas.com\/index.php?rest_route=\/wp\/v2\/posts\/31428\/revisions"}],"wp:attachment":[{"href":"https:\/\/domosistemas.com\/index.php?rest_route=%2Fwp%2Fv2%2Fmedia&parent=31428"}],"wp:term":[{"taxonomy":"category","embeddable":true,"href":"https:\/\/domosistemas.com\/index.php?rest_route=%2Fwp%2Fv2%2Fcategories&post=31428"},{"taxonomy":"post_tag","embeddable":true,"href":"https:\/\/domosistemas.com\/index.php?rest_route=%2Fwp%2Fv2%2Ftags&post=31428"}],"curies":[{"name":"wp","href":"https:\/\/api.w.org\/{rel}","templated":true}]}}