{"id":31468,"date":"2026-01-23T03:00:53","date_gmt":"2026-01-23T03:00:53","guid":{"rendered":"https:\/\/domosistemas.com\/?p=31468"},"modified":"2026-01-23T03:00:53","modified_gmt":"2026-01-23T03:00:53","slug":"los-centros-escolares-de-pamplona-reforzaran-sus-medidas-de-seguridad-con-una-central-de-alarmas","status":"publish","type":"post","link":"https:\/\/domosistemas.com\/?p=31468","title":{"rendered":"Los centros escolares de Pamplona reforzar\u00e1n sus medidas de seguridad con una central de alarmas"},"content":{"rendered":"<div>\n<p>El <a href=\"https:\/\/www.pamplona.es\/\" target=\"_blank\" rel=\"noopener\">Ayuntamiento de Pamplona<\/a> reforzar\u00e1 el sistema de seguridad en los centros escolares de la ciudad tras contabilizar durante 2025 varios episodios de intrusi\u00f3n en tres de los 24 colegios p\u00fablicos existentes. La medida incluye la conexi\u00f3n de las alarmas de todos los centros a una \u00fanica central de alarmas, que estar\u00e1 a su vez conectada con la Polic\u00eda Municipal para agilizar la respuesta ante posibles incidentes.<\/p>\n<figure id=\"attachment_167640\" aria-describedby=\"caption-attachment-167640\" style=\"width: 500px\" class=\"wp-caption aligncenter\"><img fetchpriority=\"high\" decoding=\"async\" class=\"wp-image-167640 size-full\" src=\"https:\/\/static.casadomo.com\/media\/2026\/01\/centros-escolares-pamplona-reforzaran-su-sistema-seguridad-central-alarmas-ok.jpg\" alt=\"central de alarmas\" width=\"500\" height=\"625\" srcset=\"https:\/\/static.casadomo.com\/media\/2026\/01\/centros-escolares-pamplona-reforzaran-su-sistema-seguridad-central-alarmas-ok.jpg 500w, https:\/\/static.casadomo.com\/media\/2026\/01\/centros-escolares-pamplona-reforzaran-su-sistema-seguridad-central-alarmas-ok-240x300.jpg 240w, https:\/\/static.casadomo.com\/media\/2026\/01\/centros-escolares-pamplona-reforzaran-su-sistema-seguridad-central-alarmas-ok-180x225.jpg 180w\" sizes=\"(max-width: 500px) 100vw, 500px\"><figcaption id=\"caption-attachment-167640\" class=\"wp-caption-text\">Los nuevos sistemas de alarma estar\u00e1n conectados a una central vinculada a la Polic\u00eda Municipal.<\/figcaption><\/figure>\n<p>Adem\u00e1s de la conexi\u00f3n de todas las alarmas escolares a una central de seguimiento com\u00fan, se est\u00e1 evaluando la incorporaci\u00f3n de detectores de presencia en aulas con accesos directos desde el exterior, con el objetivo de mejorar la detecci\u00f3n temprana de intrusiones.<\/p>\n<h2>Renovaci\u00f3n de los sistemas de alarma y nuevas medidas de prevenci\u00f3n<\/h2>\n<p>La actuaci\u00f3n se ha anunciado en la Comisi\u00f3n de Asuntos Ciudadanos, donde se han detallado los casos registrados durante el \u00faltimo a\u00f1o. Los centros que han sufrido robos o actos vand\u00e1licos de distinta consideraci\u00f3n han sido el CPEIP San Jorge, el CPEIP Rochapea y el CPEIP Buztintxuri, siendo este \u00faltimo el que ha concentrado un mayor n\u00famero de incidencias.<\/p>\n<p>En todos los episodios, el Ayuntamiento ha mantenido coordinaci\u00f3n directa con las direcciones de los centros educativos para conocer la situaci\u00f3n y atender sus demandas.\u00a0El Consistorio inici\u00f3 en el mes de octubre la renovaci\u00f3n de los sistemas de alarma en los tres centros afectados.<\/p>\n<p>De forma complementaria, el Ayuntamiento tambi\u00e9n contempla la adopci\u00f3n de medidas adicionales en el entorno de los edificios escolares para reforzar la seguridad, prestando especial atenci\u00f3n a la mejora del alumbrado p\u00fablico en las inmediaciones de los centros.<\/p>\n<p>Asimismo, est\u00e1 prevista una reuni\u00f3n con representantes de la comunidad educativa del C.P. Buztintxuri para recoger sus inquietudes y analizar nuevas actuaciones que permitan reforzar la seguridad del centro.<\/p>\n<p>La entrada <a href=\"https:\/\/www.casadomo.com\/2026\/01\/23\/centros-escolares-pamplona-reforzaran-sus-medidas-seguridad-central-alarmas\">Los centros escolares de Pamplona reforzar\u00e1n sus medidas de seguridad con una central de alarmas<\/a> aparece primero en <a href=\"https:\/\/www.casadomo.com\/\">CASADOMO<\/a>.<\/p>\n<\/div>\n","protected":false},"excerpt":{"rendered":"<p>El Ayuntamiento de Pamplona reforzar\u00e1 el sistema de seguridad en los centros escolares de la ciudad tras contabilizar durante 2025 varios episodios de intrusi\u00f3n en tres de los 24 colegios p\u00fablicos existentes. La medida incluye la conexi\u00f3n de las alarmas de todos los centros a una \u00fanica central de alarmas, que estar\u00e1 a su vez &hellip; <a href=\"https:\/\/domosistemas.com\/?p=31468\" class=\"more-link\">Sigue leyendo <span class=\"screen-reader-text\">Los centros escolares de Pamplona reforzar\u00e1n sus medidas de seguridad con una central de alarmas<\/span><\/a><\/p>\n","protected":false},"author":1,"featured_media":0,"comment_status":"closed","ping_status":"closed","sticky":false,"template":"","format":"standard","meta":{"footnotes":""},"categories":[3],"tags":[],"class_list":["post-31468","post","type-post","status-publish","format-standard","hentry","category-casadomo-com"],"_links":{"self":[{"href":"https:\/\/domosistemas.com\/index.php?rest_route=\/wp\/v2\/posts\/31468","targetHints":{"allow":["GET"]}}],"collection":[{"href":"https:\/\/domosistemas.com\/index.php?rest_route=\/wp\/v2\/posts"}],"about":[{"href":"https:\/\/domosistemas.com\/index.php?rest_route=\/wp\/v2\/types\/post"}],"author":[{"embeddable":true,"href":"https:\/\/domosistemas.com\/index.php?rest_route=\/wp\/v2\/users\/1"}],"replies":[{"embeddable":true,"href":"https:\/\/domosistemas.com\/index.php?rest_route=%2Fwp%2Fv2%2Fcomments&post=31468"}],"version-history":[{"count":0,"href":"https:\/\/domosistemas.com\/index.php?rest_route=\/wp\/v2\/posts\/31468\/revisions"}],"wp:attachment":[{"href":"https:\/\/domosistemas.com\/index.php?rest_route=%2Fwp%2Fv2%2Fmedia&parent=31468"}],"wp:term":[{"taxonomy":"category","embeddable":true,"href":"https:\/\/domosistemas.com\/index.php?rest_route=%2Fwp%2Fv2%2Fcategories&post=31468"},{"taxonomy":"post_tag","embeddable":true,"href":"https:\/\/domosistemas.com\/index.php?rest_route=%2Fwp%2Fv2%2Ftags&post=31468"}],"curies":[{"name":"wp","href":"https:\/\/api.w.org\/{rel}","templated":true}]}}