{"id":31512,"date":"2026-01-27T09:01:27","date_gmt":"2026-01-27T09:01:27","guid":{"rendered":"https:\/\/domosistemas.com\/?p=31512"},"modified":"2026-01-27T09:01:27","modified_gmt":"2026-01-27T09:01:27","slug":"crece-el-cementerio-tecnologico-el-sabado-31-de-enero-todos-los-aparatos-conectados-de-esta-marca-dejaran-de-funcionar","status":"publish","type":"post","link":"https:\/\/domosistemas.com\/?p=31512","title":{"rendered":"Crece el cementerio tecnol\u00f3gico: el s\u00e1bado, 31 de enero, todos los aparatos conectados de esta marca dejar\u00e1n de funcionar"},"content":{"rendered":"<div>\n<p>\n      <img decoding=\"async\" src=\"https:\/\/i.blogs.es\/d98683\/portada\/1024_2000.jpeg\" alt=\"Crece el cementerio tecnol\u00f3gico: el s\u00e1bado, 31 de enero, todos los aparatos conectados de esta marca dejar\u00e1n de funcionar \">\n    <\/p>\n<p>Puede que te suene <a rel=\"noopener, noreferrer\" href=\"https:\/\/www.belkin.com\/es\/\">Belkin<\/a>, una marca que ofrece accesorios para m\u00f3viles de gran calidad. Pero, adem\u00e1s, en su cat\u00e1logo hab\u00eda una gama de productos con el nombre de WeMo. <strong>Era una soluci\u00f3n muy pr\u00e1ctica<\/strong> que te daba el poder de manejar el encendido y apagado de tus aparatos dom\u00e9sticos directamente desde el m\u00f3vil.<\/p>\n<p><!-- BREAK 1 --><\/p>\n<p>Y hablamos en pasado porque, en menos de una semana, concretamente el 31 de enero, cualquier dispositivo con este sello \u2014como, por ejemplo, los enchufes\u2014 dejar\u00e1 de funcionar a distancia y <strong>se convertir\u00e1 en un enchufe m\u00e1s<\/strong>, de los de toda la vida, pero sin la etiqueta \u201csmart\u201d. Y <a rel=\"noopener, noreferrer\" href=\"https:\/\/www.belkin.com\/support-article\/?articleNum=335419\">as\u00ed lo ha explicado la empresa<\/a> en su web.<\/p>\n<p><!-- BREAK 2 --><\/p>\n<h2>\u00a0Un final en diferido<\/h2>\n<div class=\"article-asset-image article-asset-large article-asset-center\">\n<div class=\"asset-content\">\n<p>   <img decoding=\"async\" alt=\"Belkin\" class=\"\" src=\"https:\/\/i.blogs.es\/3511bf\/captura-de-pantalla-2026-01-27-a-las-9.14.33\/450_1000.png\"><\/p><\/div>\n<\/div>\n<p><strong>Cr\u00f3nica de un cierre anunciado.<\/strong> Los dispositivos WeMo vivieron su <a class=\"text-outboundlink\" href=\"https:\/\/www.xatakahome.com\/domotica\/wemo-la-forma-mas-sencilla-de-controlar-tus-dispositivos-electricos\" data-vars-post-title=\"WeMo, la forma m\u00e1s sencilla de controlar tus dispositivos el\u00e9ctricos\" data-vars-post-url=\"https:\/\/www.xatakahome.com\/domotica\/wemo-la-forma-mas-sencilla-de-controlar-tus-dispositivos-electricos\">\u00e9poca dorada<\/a> en la d\u00e9cada de 2010, cuando Belkin se encargaba de comercializarlos, pero la situaci\u00f3n ha cambiado. Tal y como informan en <a rel=\"noopener, noreferrer\" href=\"https:\/\/9to5google.com\/2026\/01\/26\/belkin-reminds-users-that-its-wemo-smart-home-products-are-shutting-down-this-week\/\">9to5Google<\/a>, Belkin dej\u00f3 de fabricar la gran mayor\u00eda de sus enchufes e interruptores inteligentes alrededor de 2022, y esto no es lo peor.<\/p>\n<p><!-- BREAK 3 --><\/p>\n<div class=\"article-asset-video article-asset-normal\">\n<div class=\"asset-content\">\n<div class=\"base-asset-video\">\n<div class=\"js-dailymotion\">\n    <script type=\"application\/json\">\n                          {\"videoId\":\"x81nxtz\",\"autoplay\":true,\"title\":\"Mi LED Smart Bulb BOMBILLA INTELIGENTE  Econ\u00f3mica  de Xiaomi\", \"tag\":\"Xiaomi Mi LED Smart Bulb\", \"duration\":\"207\"}\n                  <\/script>\n   <\/div>\n<\/p><\/div>\n<\/p><\/div>\n<\/div>\n<p><strong>Lo que empeora a\u00fan m\u00e1s la situaci\u00f3n<\/strong> de quienes tienen un enchufe de la marca es que, en unos d\u00edas, dejar\u00e1n de funcionar los servicios en la nube. Y no es una sorpresa, porque la empresa <a rel=\"noopener, noreferrer\" href=\"https:\/\/9to5google.com\/2025\/07\/10\/belkin-wemo-smart-home-shutdown-list\/\">ya lo hab\u00eda anunciado<\/a> el a\u00f1o pasado: cerrar\u00e1 sus servidores definitivamente en 2026.<\/p>\n<p><!-- BREAK 4 --><\/p>\n<p>\u00bfY esto qu\u00e9 significa? Pues <strong>ya te adelanto que nada bueno para los usuarios<\/strong>: al cerrar los servicios en la nube (especialmente la integraci\u00f3n con Google Home), los dispositivos dejar\u00e1n de estar operativos. De hecho, est\u00e1n enviando un correo electr\u00f3nico para avisar a los due\u00f1os de estos dispositivos del que se han hecho eco en <a rel=\"noopener, noreferrer\" href=\"https:\/\/www.reddit.com\/r\/homeassistant\/comments\/1qo3awp\/just_received_an_email_from_belkin_dropping\/\">Reddit<\/a>:<\/p>\n<blockquote><p>Les recordamos que el soporte para ciertos productos Wemo en la app finalizar\u00e1 en una semana, el 31 de enero de 2026. Despu\u00e9s de esta fecha, la app Wemo y las funciones en la nube, como el acceso remoto y la integraci\u00f3n con el asistente de voz, dejar\u00e1n de funcionar. Si su producto Wemo est\u00e1 configurado para usarse con Apple HomeKit, seguir\u00e1 funcionando con Apple HomeKit despu\u00e9s del 31 de enero de 2026. Si su producto Wemo es compatible con Thread, seguir\u00e1 funcionando con Thread despu\u00e9s del 31 de enero de 2026.<\/p><\/blockquote>\n<blockquote><p>Si su producto a\u00fan est\u00e1 bajo garant\u00eda el 31 de enero de 2026 o despu\u00e9s, es posible que sea elegible para un reembolso.<\/p><\/blockquote>\n<blockquote><p>Visite \u00a0<a rel=\"noopener, noreferrer\" href=\"https:\/\/trk.send.belkin.com\/l\/01KFY4T6MYQ1X41JA2SAN7VBZJ_1\" target=\"_blank\">belkin.com\/wemo<\/a> \u00a0para obtener m\u00e1s informaci\u00f3n sobre los productos afectados, la posibilidad de reembolso y las instrucciones de configuraci\u00f3n para continuar us\u00e1ndolos con Apple HomeKit. Despu\u00e9s del 31 de enero de 2026, ya no podr\u00e1 configurar su producto Wemo para que funcione con Apple HomeKit, por lo que deber\u00e1 hacerlo antes de esa fecha si desea usarlo con Apple HomeKit en el futuro.<\/p><\/blockquote>\n<p>Pero al mismo tiempo, <strong>la empresa deja una peque\u00f1a salida al respecto<\/strong> y tiene un nombre: Apple HomeKit. Podr\u00e1n seguir us\u00e1ndose algunos dispositivos por medio de la plataforma de Apple pero ojo, porque hay letra peque\u00f1a.<\/p>\n<p><!-- BREAK 5 --><\/p>\n<div class=\"article-asset article-asset-normal article-asset-center\">\n<div class=\"desvio-container\">\n<div class=\"desvio\">\n<div class=\"desvio-figure js-desvio-figure\">\n    <a href=\"https:\/\/www.xatakahome.com\/domotica\/nueva-version-matter-llega-importantes-mejoras-para-hogar-conectado-compatible-camaras-puertas-persianas\" class=\"pivot-outboundlink\" data-vars-post-title=\"La nueva versi\u00f3n de Matter llega con importantes mejoras para el hogar conectado: ya es compatible con c\u00e1maras, puertas y persianas \"><br \/>\n     <img loading=\"lazy\" decoding=\"async\" alt=\"La nueva versi\u00f3n de Matter llega con importantes mejoras para el hogar conectado: ya es compatible con c\u00e1maras, puertas y persianas \" width=\"375\" height=\"142\" src=\"https:\/\/i.blogs.es\/ceffdd\/matter-4\/375_142.jpeg\"><br \/>\n    <\/a>\n   <\/div>\n<div class=\"desvio-summary\">\n<div class=\"desvio-taxonomy js-desvio-taxonomy\">\n     <a href=\"https:\/\/www.xatakahome.com\/domotica\/nueva-version-matter-llega-importantes-mejoras-para-hogar-conectado-compatible-camaras-puertas-persianas\" class=\"desvio-taxonomy-anchor pivot-outboundlink\" data-vars-post-title=\"La nueva versi\u00f3n de Matter llega con importantes mejoras para el hogar conectado: ya es compatible con c\u00e1maras, puertas y persianas \">En Xataka Smart Home<\/a>\n    <\/div>\n<p>    <a href=\"https:\/\/www.xatakahome.com\/domotica\/nueva-version-matter-llega-importantes-mejoras-para-hogar-conectado-compatible-camaras-puertas-persianas\" class=\"desvio-title js-desvio-title pivot-outboundlink\" data-vars-post-title=\"La nueva versi\u00f3n de Matter llega con importantes mejoras para el hogar conectado: ya es compatible con c\u00e1maras, puertas y persianas \">La nueva versi\u00f3n de Matter llega con importantes mejoras para el hogar conectado: ya es compatible con c\u00e1maras, puertas y persianas <\/a>\n   <\/div>\n<\/p><\/div>\n<\/p><\/div>\n<\/div>\n<p>Esta alternativa es la \u00fanica v\u00eda para seguir us\u00e1ndolos, pero desgraciadamente <strong>solo es compatible con algunos modelos concretos<\/strong>, no con todo el cat\u00e1logo antiguo. Estos son los productos que seguir\u00e1n funcionando a trav\u00e9s de Apple HomeKit:<\/p>\n<p><!-- BREAK 6 --><\/p>\n<ul>\n<li value=\"1\">Interruptor de luz inteligente Wemo de 3 v\u00edas (WLS0403, WLS0503)\u00a0<\/li>\n<li value=\"2\">Interruptor de luz inteligente con wifi y regulador de intensidad Wemo (WDS060)\u00a0<\/li>\n<li value=\"3\">Interruptor de luz inteligente Wemo (WLS040)\u00a0<\/li>\n<li value=\"4\">Puente Wemo HomeKit (F7C064)\u00a0<\/li>\n<li value=\"5\">Interruptor de luz con atenuaci\u00f3n Wemo (F7C059)\u00a0<\/li>\n<li value=\"6\">Interruptor de enchufe Wemo Mini (F7C063)\u00a0<\/li>\n<li value=\"7\">Enchufe exterior Wemo (WSP090)\u00a0<\/li>\n<li value=\"8\">Enchufe inteligente Wemo Mini (WSP080)\u00a0<\/li>\n<li value=\"9\">Controlador de escena inteligente Wemo Stage (WSC010)\u00a0<\/li>\n<li value=\"10\">Enchufe inteligente Wemo con rosca (WSP100)\u00a0<\/li>\n<li value=\"11\">Timbre con v\u00eddeo inteligente Wemo (WDC010)\u00a0<\/li>\n<\/ul>\n<p><strong>Lo cierto es que no sorprende esta decisi\u00f3n. <\/strong>Belkin hab\u00eda abandonado esta marca a su suerte y las se\u00f1ales eran claras. En 2023 cancelaron su adopci\u00f3n de <strong>Matter<\/strong> (el est\u00e1ndar del futuro), llevan a\u00f1os sin lanzar productos nuevos y para colmo, los usuarios llevan mucho tiempo quej\u00e1ndose de fallos y errores constantes.<\/p>\n<p><!-- BREAK 7 --><\/p>\n<h2><strong>La historia se repite (por desgracia)<\/strong><\/h2>\n<div class=\"article-asset-image article-asset-large article-asset-center\">\n<div class=\"asset-content\">\n<p>   <img decoding=\"async\" alt=\"Conectada\" class=\"\" src=\"https:\/\/i.blogs.es\/1f9533\/conectada\/450_1000.jpeg\"><\/p><\/div>\n<\/div>\n<p>A decir verdad, esto me suena demasiado; llueve sobre mojado. <strong>No es la primera vez que caigo en la trampa<\/strong> de la \u00abdependencia de la nube\u00bb. Al final, el resultado siempre es el mismo: pasa el tiempo, apagan los servidores y te quedas con un pisapapeles caro en casa.<\/p>\n<p><!-- BREAK 8 --><\/p>\n<p><strong>Ya tengo un cementerio tecnol\u00f3gico propio<\/strong>: desde bombillas que un d\u00eda <a class=\"text-outboundlink\" href=\"https:\/\/www.xatakahome.com\/a-fondo\/mis-bombillas-conectadas-no-esto-que-me-ha-pasado-cuando-app-ha-desaparecido-tienda-aplicaciones\" data-vars-post-title=\"Mis bombillas conectadas ya no lo son. Esto es lo que me ha pasado cuando la app ha desaparecido de la tienda de aplicaciones \" data-vars-post-url=\"https:\/\/www.xatakahome.com\/a-fondo\/mis-bombillas-conectadas-no-esto-que-me-ha-pasado-cuando-app-ha-desaparecido-tienda-aplicaciones\">dejaron de ser \u00abinteligentes\u00bb<\/a> para volverse corrientes, hasta dispositivos perfectamente funcionales que <a class=\"text-outboundlink\" href=\"https:\/\/www.xatakahome.com\/domotica\/tenia-casa-domotizada-marca-que-era-muy-conocida-ha-desaparecido-estas-han-sido-consecuencias\" data-vars-post-title=\"Ten\u00eda la casa llena de bombillas y regletas conectadas y esta marca me ha dejado sin app en Android y en iPhone. Esta ha sido mi experiencia\" data-vars-post-url=\"https:\/\/www.xatakahome.com\/domotica\/tenia-casa-domotizada-marca-que-era-muy-conocida-ha-desaparecido-estas-han-sido-consecuencias\">se volvieron in\u00fatiles<\/a> simplemente porque su aplicaci\u00f3n desapareci\u00f3 de la tienda.<\/p>\n<p><!-- BREAK 9 --><\/p>\n<p>En Xataka SmartHome | <a class=\"text-outboundlink\" href=\"https:\/\/www.xatakahome.com\/a-fondo\/he-calculado-que-cuesta-tener-altavoz-siri-alexa-google-todo-dia-conectado-para-controlar-hogar-inteligente\" data-vars-post-title=\"He calculado lo que cuesta tener un altavoz con Siri, Alexa o Google, todo el d\u00eda conectado para controlar el hogar inteligente \" data-vars-post-url=\"https:\/\/www.xatakahome.com\/a-fondo\/he-calculado-que-cuesta-tener-altavoz-siri-alexa-google-todo-dia-conectado-para-controlar-hogar-inteligente\">He calculado lo que cuesta tener un altavoz con Siri, Alexa o Google, todo el d\u00eda conectado para controlar el hogar inteligente<\/a><\/p>\n<p><script>\n (function() {\n  window._JS_MODULES = window._JS_MODULES || {};\n  var headElement = document.getElementsByTagName('head')[0];\n  if (_JS_MODULES.instagram) {\n   var instagramScript = document.createElement('script');\n   instagramScript.src = 'https:\/\/platform.instagram.com\/en_US\/embeds.js';\n   instagramScript.async = true;\n   instagramScript.defer = true;\n   headElement.appendChild(instagramScript);\n  }\n })();\n<\/script><\/p>\n<p> &#8211; <br \/> La noticia<br \/>\n      <a href=\"https:\/\/www.xatakahome.com\/domotica\/crece-cementerio-tecnologico-sabado-31-enero-todos-aparatos-conectados-esta-marca-dejaran-funcionar?utm_source=feedburner&amp;utm_medium=feed&amp;utm_campaign=27_Jan_2026\"><br \/>\n       <em> Crece el cementerio tecnol\u00f3gico: el s\u00e1bado, 31 de enero, todos los aparatos conectados de esta marca dejar\u00e1n de funcionar  <\/em><br \/>\n      <\/a><br \/>\n      fue publicada originalmente en<br \/>\n      <a href=\"https:\/\/www.xatakahome.com\/?utm_source=feedburner&amp;utm_medium=feed&amp;utm_campaign=27_Jan_2026\"><br \/>\n       <strong> Xataka Smart Home <\/strong><br \/>\n      <\/a><br \/>\n             por <a href=\"https:\/\/www.xatakahome.com\/autor\/jose-antonio-carmona?utm_source=feedburner&amp;utm_medium=feed&amp;utm_campaign=27_Jan_2026\"><br \/>\n        Jose Antonio Carmona<br \/>\n       <\/a><br \/>\n      . <\/p>\n<\/div>\n","protected":false},"excerpt":{"rendered":"<p>Puede que te suene Belkin, una marca que ofrece accesorios para m\u00f3viles de gran calidad. Pero, adem\u00e1s, en su cat\u00e1logo hab\u00eda una gama de productos con el nombre de WeMo. Era una soluci\u00f3n muy pr\u00e1ctica que te daba el poder de manejar el encendido y apagado de tus aparatos dom\u00e9sticos directamente desde el m\u00f3vil. Y &hellip; <a href=\"https:\/\/domosistemas.com\/?p=31512\" class=\"more-link\">Sigue leyendo <span class=\"screen-reader-text\">Crece el cementerio tecnol\u00f3gico: el s\u00e1bado, 31 de enero, todos los aparatos conectados de esta marca dejar\u00e1n de funcionar<\/span><\/a><\/p>\n","protected":false},"author":1,"featured_media":0,"comment_status":"closed","ping_status":"closed","sticky":false,"template":"","format":"standard","meta":{"footnotes":""},"categories":[8],"tags":[],"class_list":["post-31512","post","type-post","status-publish","format-standard","hentry","category-xataka"],"_links":{"self":[{"href":"https:\/\/domosistemas.com\/index.php?rest_route=\/wp\/v2\/posts\/31512","targetHints":{"allow":["GET"]}}],"collection":[{"href":"https:\/\/domosistemas.com\/index.php?rest_route=\/wp\/v2\/posts"}],"about":[{"href":"https:\/\/domosistemas.com\/index.php?rest_route=\/wp\/v2\/types\/post"}],"author":[{"embeddable":true,"href":"https:\/\/domosistemas.com\/index.php?rest_route=\/wp\/v2\/users\/1"}],"replies":[{"embeddable":true,"href":"https:\/\/domosistemas.com\/index.php?rest_route=%2Fwp%2Fv2%2Fcomments&post=31512"}],"version-history":[{"count":0,"href":"https:\/\/domosistemas.com\/index.php?rest_route=\/wp\/v2\/posts\/31512\/revisions"}],"wp:attachment":[{"href":"https:\/\/domosistemas.com\/index.php?rest_route=%2Fwp%2Fv2%2Fmedia&parent=31512"}],"wp:term":[{"taxonomy":"category","embeddable":true,"href":"https:\/\/domosistemas.com\/index.php?rest_route=%2Fwp%2Fv2%2Fcategories&post=31512"},{"taxonomy":"post_tag","embeddable":true,"href":"https:\/\/domosistemas.com\/index.php?rest_route=%2Fwp%2Fv2%2Ftags&post=31512"}],"curies":[{"name":"wp","href":"https:\/\/api.w.org\/{rel}","templated":true}]}}