{"id":31529,"date":"2026-01-28T11:02:58","date_gmt":"2026-01-28T11:02:58","guid":{"rendered":"https:\/\/domosistemas.com\/?p=31529"},"modified":"2026-01-28T11:02:58","modified_gmt":"2026-01-28T11:02:58","slug":"durante-anos-me-fie-de-expertos-que-recomendaban-apagar-la-calefaccion-por-la-noche-para-ahorrar-he-calculado-si-merece-la-pena","status":"publish","type":"post","link":"https:\/\/domosistemas.com\/?p=31529","title":{"rendered":"Durante a\u00f1os me fi\u00e9 de expertos que recomendaban apagar la calefacci\u00f3n por la noche para ahorrar. He calculado si merece la pena"},"content":{"rendered":"<div>\n<p>\n      <img decoding=\"async\" src=\"https:\/\/i.blogs.es\/c6198f\/arthur-lambillotte-yg19gb9jw0i-unsplash\/1024_2000.jpeg\" alt=\"Durante a\u00f1os me fi\u00e9 de expertos que recomendaban apagar la calefacci\u00f3n por la noche para ahorrar. He calculado si merece la pena \">\n    <\/p>\n<p>Queremos <strong>ahorrar todo lo posible<\/strong> y puede parecer l\u00f3gico que <a class=\"text-outboundlink\" href=\"https:\/\/www.xatakahome.com\/hogar\/apagar-caldera-calefaccion-noche-dejarla-encendida-expertos-explican-como-ahorrar-perder-confort-casa\" data-vars-post-title=\"Apagar la caldera y la calefacci\u00f3n por la noche o dejarla encendida: los expertos explican c\u00f3mo ahorrar sin perder confort en casa \" data-vars-post-url=\"https:\/\/www.xatakahome.com\/hogar\/apagar-caldera-calefaccion-noche-dejarla-encendida-expertos-explican-como-ahorrar-perder-confort-casa\">apagar la calefacci\u00f3n por las noches<\/a> sea una de las medidas estrella para lograrlo, ya que en principio no la vamos a necesitar tanto como durante el d\u00eda.<\/p>\n<p><!-- BREAK 1 --><\/p>\n<p>Es algo que hemos escuchado una y otra vez en infinidad de programas de televisi\u00f3n y que en mi caso durante a\u00f1os pusimos en pr\u00e1ctica en casa por varios motivos.<\/p>\n<p><!-- BREAK 2 --><\/p>\n<p>En un primer momento porque ten\u00edamos calefacci\u00f3n gracias a una <strong>estufa de le\u00f1a<\/strong>, que l\u00f3gicamente no \u00edbamos a estar toda la noche pendientes de echar combustible. Pero luego cuando cambiamos a un <strong>sistema el\u00e9ctrico<\/strong> con <a class=\"text-outboundlink\" href=\"https:\/\/www.xatakahome.com\/hogar\/tienes-aire-acondicionado-bomba-calor-asi-puedes-exprimirlo-al-maximo-para-calentar-casa-este-invierno-ahorrando-luz\" data-vars-post-title=\"Si tienes un aire acondicionado con bomba de calor, as\u00ed puedes exprimirlo al m\u00e1ximo para calentar la casa este invierno ahorrando luz \" data-vars-post-url=\"https:\/\/www.xatakahome.com\/hogar\/tienes-aire-acondicionado-bomba-calor-asi-puedes-exprimirlo-al-maximo-para-calentar-casa-este-invierno-ahorrando-luz\">bombas de calor<\/a> para ahorrar todo lo posible.<\/p>\n<p><!-- BREAK 3 --><\/p>\n<div class=\"article-asset article-asset-normal article-asset-center\">\n<div class=\"desvio-container\">\n<div class=\"desvio\">\n<div class=\"desvio-figure js-desvio-figure\">\n    <a href=\"https:\/\/www.xatakahome.com\/hogar\/tengo-casa-modelo-aire-acondicionado-que-recomienda-ocu-esto-que-me-gusta-su-uso-diario-1\" class=\"pivot-outboundlink\" data-vars-post-title=\"Tengo en casa el aire acondicionado que recomienda la OCU: esto es lo que m\u00e1s y menos me gusta en su uso diario \"><br \/>\n     <img loading=\"lazy\" decoding=\"async\" alt=\"Tengo en casa el aire acondicionado que recomienda la OCU: esto es lo que m\u00e1s y menos me gusta en su uso diario \" width=\"375\" height=\"142\" src=\"https:\/\/i.blogs.es\/4b17e2\/img_20230616_132742\/375_142.jpeg\"><br \/>\n    <\/a>\n   <\/div>\n<div class=\"desvio-summary\">\n<div class=\"desvio-taxonomy js-desvio-taxonomy\">\n     <a href=\"https:\/\/www.xatakahome.com\/hogar\/tengo-casa-modelo-aire-acondicionado-que-recomienda-ocu-esto-que-me-gusta-su-uso-diario-1\" class=\"desvio-taxonomy-anchor pivot-outboundlink\" data-vars-post-title=\"Tengo en casa el aire acondicionado que recomienda la OCU: esto es lo que m\u00e1s y menos me gusta en su uso diario \">En Xataka Smart Home<\/a>\n    <\/div>\n<p>    <a href=\"https:\/\/www.xatakahome.com\/hogar\/tengo-casa-modelo-aire-acondicionado-que-recomienda-ocu-esto-que-me-gusta-su-uso-diario-1\" class=\"desvio-title js-desvio-title pivot-outboundlink\" data-vars-post-title=\"Tengo en casa el aire acondicionado que recomienda la OCU: esto es lo que m\u00e1s y menos me gusta en su uso diario \">Tengo en casa el aire acondicionado que recomienda la OCU: esto es lo que m\u00e1s y menos me gusta en su uso diario <\/a>\n   <\/div>\n<\/p><\/div>\n<\/p><\/div>\n<\/div>\n<h2>Haciendo n\u00fameros<\/h2>\n<p>Sin embargo, si nos paramos a hacer n\u00fameros quiz\u00e1 el ahorro ya no sea tan atractivo como parece en un principio, algo que he querido averiguar en mi caso concreto de <strong>calefacci\u00f3n el\u00e9ctrica<\/strong> y que l\u00f3gicamente variar\u00e1 si usamos otra fuente de energ\u00eda y en funci\u00f3n de las necesidades concretas de cada vivienda.<\/p>\n<p>Pero vayamos a mi caso concreto. Tenemos en casa tres aparatos de aire acondicionado <strong>Mitsubishi Electric<\/strong>, cuyos<strong> <\/strong>modelos son el <a rel=\"noopener, noreferrer\" href=\"https:\/\/www.mitsubishielectric.es\/aire-acondicionado\/series\/msz-ap\/\">MSZ-AP35VG y dos del MSZ-AP25VG<\/a>, que utilizamos habitualmente como principal sistema de calefacci\u00f3n del sal\u00f3n y habitaciones y que combinamos de vez en cuando con la estufa de le\u00f1a.<\/p>\n<p><!-- BREAK 4 --><\/p>\n<p>Son equipos relativamente modernos (menos de 5 a\u00f1os), con buenas prestaciones y unos consumos m\u00e1ximos en calefacci\u00f3n cuando est\u00e1n funcionando a tope de unos <strong>1.000 y 700 vatios<\/strong> respectivamente, pero que luego en la pr\u00e1ctica, cuando alcanzan la \u00abtemperatura de crucero\u00bb bajan notablemente reduci\u00e9ndose hasta menos de la mitad. De hecho, dependiendo del d\u00eda y de la temperatura que le pidas en el termostato hay muchos ratos que est\u00e1 completamente parado el compresor.<\/p>\n<p><!-- BREAK 5 --><\/p>\n<div class=\"article-asset-image article-asset-normal article-asset-center\">\n<div class=\"asset-content\">\n<div class=\"caption-img \">\n<p>   <img decoding=\"async\" alt=\"gasto\" class=\"centro_sinmarco\" src=\"https:\/\/i.blogs.es\/18ad8b\/1366_2000\/450_1000.jpeg\"><\/p>\n<p>        <span>Consumo el\u00e9ctrico m\u00e1ximo de mis aparatos de aire acondicionado seg\u00fan el fabricante. Imagen: Mitsubishi<\/span>\n   <\/div>\n<\/p><\/div>\n<\/div>\n<p>Si suponemos que en el momento de acostarnos ya tenemos una buena temperatura en la habitaci\u00f3n (unos 19-20 \u00baC) y seleccionamos una temperatura m\u00ednima de mantenimiento para la noche de unos <strong>16-17 \u00baC<\/strong>, el consumo de los equipos baja notablemente y podemos aproximar a unos <strong>200 vatios de media<\/strong>, teniendo en cuenta las diferentes paradas y arranques, puesto que no est\u00e1n encendidos funcionando todo el rato.<\/p>\n<p><!-- BREAK 6 --><\/p>\n<p>La tarifa el\u00e9ctrica que tenemos es de tipo PVPC, es decir, regulada con <strong>discriminaci\u00f3n horaria<\/strong>, con periodos donde el precio es mucho m\u00e1s bajo. \u00bfCu\u00e1les son estos tramos? Pues hay uno que nos interesa mucho y que es <strong>la madrugada<\/strong>, con precios que son la mitad con respecto al precio a las 7-8 de la ma\u00f1ana que es cuando tendr\u00edamos que encender la calefacci\u00f3n y tenerla funcionando al m\u00e1ximo hasta volver a alcanzar una temperatura adecuada.<\/p>\n<p><!-- BREAK 7 --><\/p>\n<p><strong>\u00bfCu\u00e1nto se tarda en lograrlo?<\/strong> Pues dependiendo del d\u00eda, de la habitaci\u00f3n y de lo que hayan bajado las temperaturas, alrededor de una hora m\u00e1s o menos si no han bajado mucho o hasta dos horas si ha habido mucha helada.<\/p>\n<p><!-- BREAK 8 --><\/p>\n<p>Hagamos n\u00fameros entonces para una de las habitaciones, considerando que tenemos el equipo encendido toda la noche con una temperatura de mantenimiento gastando <strong>200 vatios durante 8 horas<\/strong>, lo que es un total de 1.600 vatios hora (<strong>1,6 kWh<\/strong>). A un precio medio de la luz que <a rel=\"noopener, noreferrer\" href=\"https:\/\/www.esios.ree.es\/es\/pvpc?date=14-01-2026\">seg\u00fan Red El\u00e9ctrica<\/a> est\u00e1 rondando estos d\u00edas los <strong>0,10 euros\/kWh<\/strong> en esa franja horaria, tenemos un coste de <strong>0,16 euros<\/strong> cada noche para que al despertarnos tengamos una temperatura m\u00ednima de confort de unos 16 \u00baC.<\/p>\n<p><!-- BREAK 9 --><\/p>\n<div class=\"article-asset-image article-asset-normal article-asset-center\">\n<div class=\"asset-content\">\n<div class=\"caption-img \">\n                    <a rel=\"noopener, noreferrer\" href=\"https:\/\/www.esios.ree.es\/es\/pvpc?date=14-01-2026\"><\/p>\n<p>    <img decoding=\"async\" alt=\"Tramos Precios\" class=\"centro_sinmarco\" src=\"https:\/\/i.blogs.es\/d66f8b\/tramos-precios\/450_1000.jpeg\"><br \/>\n     <\/a><\/p>\n<p>        <span>Precio luz diario tarifa PVPC. Imagen: Red El\u00e9ctrica Espa\u00f1ola<\/span>\n   <\/div>\n<\/p><\/div>\n<\/div>\n<p>Eso era con el equipo encendido toda la noche. Ahora supongamos que lo apagamos del todo. El coste de uso por la noche es cero, pero tenemos un coste de <strong>arrancar el equipo desde cero<\/strong> a primera hora de la ma\u00f1ana hasta alcanzar una temperatura de confort m\u00ednimo. En este caso el consumo ser\u00e1 el m\u00e1ximo del aparato, es decir los <strong>700 vatios<\/strong> en el caso del aire acondicionado de la habitaci\u00f3n, durante pongamos hora y media hasta llegar a una temperatura agradable de 16-17 \u00baC, y el precio de la luz en esa hora es mayor, situ\u00e1ndose en <strong>0,20 euros\/kWh<\/strong> seg\u00fan Red El\u00e9ctrica.<\/p>\n<p><!-- BREAK 10 --><\/p>\n<p>Tenemos por tanto un consumo de 1.050 vatios hora (<strong>1,05 kWh<\/strong>) a 0,20 euros \/kWh, lo que supone un coste total si apagamos la calefacci\u00f3n de <strong>0,21 euros<\/strong>, como vemos sorprendentemente superior al de dejar los equipos encendidos a una temperatura intermedia mientras el precio de la luz es mucho m\u00e1s bajo.<\/p>\n<p><!-- BREAK 11 --><\/p>\n<div class=\"article-asset-video article-asset-normal\">\n<div class=\"asset-content\">\n<div class=\"base-asset-video\">\n<div class=\"js-dailymotion\">\n    <script type=\"application\/json\">\n                          {\"videoId\":\"x81h7p2\",\"autoplay\":true,\"title\":\"NUEVA FACTURA DE LA LUZ: TODO LO QUE DEBES SABER para AHORRAR AL M\u00c1XIMO\", \"tag\":\"\", \"duration\":\"290\"}\n                  <\/script>\n   <\/div>\n<\/p><\/div>\n<\/p><\/div>\n<\/div>\n<p>Por supuesto esto es mi caso particular y en los d\u00edas donde la temperatura baja mucho en casa, en estas olas polares donde si no enciendes nada llegas a estar a unos <strong>10 \u00baC dentro<\/strong>. En otros momentos donde no baja la temperatura de 15-16 \u00baC el ahorro ya no es tal, y s\u00ed merece la pena <strong>apagar por completo cada noche<\/strong>.\u00a0<\/p>\n<p><!-- BREAK 12 --><\/p>\n<p>Tambi\u00e9n puede que no te resulte interesante en el caso de que tengas una <strong>tarifa plana de la luz<\/strong> y pagues siempre lo mismo, ya que entonces no podr\u00e1s aprovechar las diferencias de las horas baratas de la madrugada.<\/p>\n<p><!-- BREAK 13 --><\/p>\n<p>Vale, pero esto es suponiendo que tengas calefacci\u00f3n el\u00e9ctrica. \u00bfQu\u00e9 pasa si tienes otro tipo como la cl\u00e1sica <strong>caldera de gas o de gas\u00f3leo<\/strong>? En este caso podemos recurrir a los <a rel=\"noopener, noreferrer\" href=\"https:\/\/www.iberdrola.es\/blog\/energia\/es-bueno-apagar-la-caldera-por-la-noche\">expertos de Iberdrola que se\u00f1alan<\/a> que si tenemos caldera, hace mucho fr\u00edo y la temperatura del hogar ha <strong>bajado de 8\u00baC o menos<\/strong>, la m\u00e1quina tendr\u00e1 que realizar un esfuerzo extra para situarla de nuevo a los 18\u00baC m\u00ednimos agradables<\/p>\n<p><!-- BREAK 14 --><\/p>\n<p>Y aqu\u00ed viene lo importante seg\u00fan la compa\u00f1\u00eda: \u00abese trabajo a\u00f1adido <strong>podr\u00eda consumir la misma energ\u00eda<\/strong> que <strong>dejar el termostato a 15\u00ba C toda la noche<\/strong>, por lo que el ahorro de dinero ser\u00eda inexistente.\u00bb\u00a0<\/p>\n<p><!-- BREAK 15 --><\/p>\n<p>Es decir, si lo que solemos hacer es apagar la caldera y la calefacci\u00f3n completamente por la noche y la encendemos nada m\u00e1s levantarnos, cuando las temperaturas en la vivienda bajan mucho (por ejemplo se sit\u00faan alrededor de unos 10 grados) <strong>merece m\u00e1s la pena dejarla puesta a una temperatura m\u00ednima de mantenimiento de unos 14-15 \u00baC<\/strong> y gastaremos casi lo mismo pero tendremos m\u00e1s confort t\u00e9rmico.<\/p>\n<p><!-- BREAK 16 --><\/p>\n<p>Imagen portada | <a rel=\"noopener, noreferrer\" href=\"https:\/\/unsplash.com\/es\/@artlambi\">Arthur Lambillotte<\/a><\/p>\n<p>En Xataka Smart Home | <a class=\"text-outboundlink\" href=\"https:\/\/www.xatakahome.com\/a-fondo\/tengo-puesta-calefaccion-a-temperatura-recomendada-expertos-asi-paso-frio-este-pequeno-detalle-clave\" data-vars-post-title=\"Tengo la calefacci\u00f3n puesta a la temperatura &quot;ideal&quot; y paso fr\u00edo: esta es la clave para solucionarlo\" data-vars-post-url=\"https:\/\/www.xatakahome.com\/a-fondo\/tengo-puesta-calefaccion-a-temperatura-recomendada-expertos-asi-paso-frio-este-pequeno-detalle-clave\">Tengo la calefacci\u00f3n puesta a la temperatura \u00abideal\u00bb y paso fr\u00edo: esta es la clave para solucionarlo<\/a><\/p>\n<p><\/p>\n<p><script>\n (function() {\n  window._JS_MODULES = window._JS_MODULES || {};\n  var headElement = document.getElementsByTagName('head')[0];\n  if (_JS_MODULES.instagram) {\n   var instagramScript = document.createElement('script');\n   instagramScript.src = 'https:\/\/platform.instagram.com\/en_US\/embeds.js';\n   instagramScript.async = true;\n   instagramScript.defer = true;\n   headElement.appendChild(instagramScript);\n  }\n })();\n<\/script><\/p>\n<p> &#8211; <br \/> La noticia<br \/>\n      <a href=\"https:\/\/www.xatakahome.com\/hogar\/durante-anos-me-fie-expertos-que-recomendaban-apagar-calefaccion-noche-para-ahorrar-he-calculado-merece-pena?utm_source=feedburner&amp;utm_medium=feed&amp;utm_campaign=28_Jan_2026\"><br \/>\n       <em> Durante a\u00f1os me fi\u00e9 de expertos que recomendaban apagar la calefacci\u00f3n por la noche para ahorrar. He calculado si merece la pena  <\/em><br \/>\n      <\/a><br \/>\n      fue publicada originalmente en<br \/>\n      <a href=\"https:\/\/www.xatakahome.com\/?utm_source=feedburner&amp;utm_medium=feed&amp;utm_campaign=28_Jan_2026\"><br \/>\n       <strong> Xataka Smart Home <\/strong><br \/>\n      <\/a><br \/>\n             por <a href=\"https:\/\/www.xatakahome.com\/autor\/paco-rodriguez?utm_source=feedburner&amp;utm_medium=feed&amp;utm_campaign=28_Jan_2026\"><br \/>\n        Paco Rodr\u00edguez<br \/>\n       <\/a><br \/>\n      . <\/p>\n<\/div>\n","protected":false},"excerpt":{"rendered":"<p>Queremos ahorrar todo lo posible y puede parecer l\u00f3gico que apagar la calefacci\u00f3n por las noches sea una de las medidas estrella para lograrlo, ya que en principio no la vamos a necesitar tanto como durante el d\u00eda. Es algo que hemos escuchado una y otra vez en infinidad de programas de televisi\u00f3n y que &hellip; <a href=\"https:\/\/domosistemas.com\/?p=31529\" class=\"more-link\">Sigue leyendo <span class=\"screen-reader-text\">Durante a\u00f1os me fi\u00e9 de expertos que recomendaban apagar la calefacci\u00f3n por la noche para ahorrar. He calculado si merece la pena<\/span><\/a><\/p>\n","protected":false},"author":1,"featured_media":0,"comment_status":"closed","ping_status":"closed","sticky":false,"template":"","format":"standard","meta":{"footnotes":""},"categories":[8],"tags":[],"class_list":["post-31529","post","type-post","status-publish","format-standard","hentry","category-xataka"],"_links":{"self":[{"href":"https:\/\/domosistemas.com\/index.php?rest_route=\/wp\/v2\/posts\/31529","targetHints":{"allow":["GET"]}}],"collection":[{"href":"https:\/\/domosistemas.com\/index.php?rest_route=\/wp\/v2\/posts"}],"about":[{"href":"https:\/\/domosistemas.com\/index.php?rest_route=\/wp\/v2\/types\/post"}],"author":[{"embeddable":true,"href":"https:\/\/domosistemas.com\/index.php?rest_route=\/wp\/v2\/users\/1"}],"replies":[{"embeddable":true,"href":"https:\/\/domosistemas.com\/index.php?rest_route=%2Fwp%2Fv2%2Fcomments&post=31529"}],"version-history":[{"count":0,"href":"https:\/\/domosistemas.com\/index.php?rest_route=\/wp\/v2\/posts\/31529\/revisions"}],"wp:attachment":[{"href":"https:\/\/domosistemas.com\/index.php?rest_route=%2Fwp%2Fv2%2Fmedia&parent=31529"}],"wp:term":[{"taxonomy":"category","embeddable":true,"href":"https:\/\/domosistemas.com\/index.php?rest_route=%2Fwp%2Fv2%2Fcategories&post=31529"},{"taxonomy":"post_tag","embeddable":true,"href":"https:\/\/domosistemas.com\/index.php?rest_route=%2Fwp%2Fv2%2Ftags&post=31529"}],"curies":[{"name":"wp","href":"https:\/\/api.w.org\/{rel}","templated":true}]}}