{"id":31582,"date":"2026-02-02T12:00:57","date_gmt":"2026-02-02T12:00:57","guid":{"rendered":"https:\/\/domosistemas.com\/?p=31582"},"modified":"2026-02-02T12:00:57","modified_gmt":"2026-02-02T12:00:57","slug":"el-peligro-oculto-de-dejar-las-persianas-y-toldos-a-medias-durante-un-temporal-lo-que-recomiendan-los-expertos","status":"publish","type":"post","link":"https:\/\/domosistemas.com\/?p=31582","title":{"rendered":"El peligro oculto de dejar las persianas y toldos a medias durante un temporal: lo que recomiendan los expertos"},"content":{"rendered":"<div>\n<p>\n      <img decoding=\"async\" src=\"https:\/\/i.blogs.es\/405d2a\/toldo\/1024_2000.jpeg\" alt=\"El peligro oculto de dejar las persianas y toldos a medias durante un temporal: lo que recomiendan los expertos\">\n    <\/p>\n<p>Estamos a punto de iniciar un nuevo periodo de borrascas (ahora llega Leonardo) y ya hemos perdido la cuenta de todas las que llevamos desde principios de a\u00f1o. Tal y como cuentan en <a rel=\"noopener, noreferrer\" href=\"https:\/\/www.eltiempo.es\/noticias\/hasta-200-mm-de-lluvia-acumulada-en-siete-dias-mario-picazo-advierte-de-un-arranque-de-febrero-muy-lluvioso\">ElTiempo.es<\/a>, se esperan grandes acumulados de lluvia y <a rel=\"noopener, noreferrer\" href=\"https:\/\/www.eltiempo.es\/noticias\/espana-entra-en-modo-ventilador-rachas-de-100-km-h-y-mar-de-8-metros-tras-el-tren-de-borrascas\">fuertes rachas de viento<\/a>, y hay <strong>varios elementos de la casa que pueden acabar dando problemas<\/strong> con este temporal.<\/p>\n<p><!-- BREAK 1 --><\/p>\n<p>Tanto las <a class=\"text-outboundlink\" href=\"https:\/\/www.xatakahome.com\/hogar\/me-enseno-mi-abuela-va-lujo-truco-calcetin-para-limpiar-persianas-dejarlas-como-nuevas\" data-vars-post-title=\"Me lo ense\u00f1\u00f3 mi abuela y va de lujo: el truco del calcet\u00edn para limpiar las persianas y dejarlas como nuevas\" data-vars-post-url=\"https:\/\/www.xatakahome.com\/hogar\/me-enseno-mi-abuela-va-lujo-truco-calcetin-para-limpiar-persianas-dejarlas-como-nuevas\">persianas<\/a><strong> como los <\/strong><a class=\"text-outboundlink\" href=\"https:\/\/www.xatakahome.com\/hogar\/mi-vecino-ha-desoido-normas-comunidad-ha-puesto-toldo-distinto-color-le-va-a-caer-multazo\" data-vars-post-title=\"No sab\u00eda qu\u00e9 puede pasar si pones un toldo de diferente color desoyendo los estatutos de la comunidad. Te puede caer un multazo\" data-vars-post-url=\"https:\/\/www.xatakahome.com\/hogar\/mi-vecino-ha-desoido-normas-comunidad-ha-puesto-toldo-distinto-color-le-va-a-caer-multazo\">toldos<\/a><strong> son especialmente sensibles<\/strong> a las inclemencias meteorol\u00f3gicas, porque est\u00e1n en contacto directo con el exterior. Por eso, para <a class=\"text-outboundlink\" href=\"https:\/\/www.xatakahome.com\/hogar\/instalador-me-dijo-que-hiciese-esto-toldo-cuando-llega-otono-mano-santo-dure-mucho-tiempo\" data-vars-post-title=\"Este es el truco de los instaladores y los fabricantes de toldos para el invierno: durar\u00e1 m\u00e1s y estar\u00e1 m\u00e1s limpio\" data-vars-post-url=\"https:\/\/www.xatakahome.com\/hogar\/instalador-me-dijo-que-hiciese-esto-toldo-cuando-llega-otono-mano-santo-dure-mucho-tiempo\">protegerlos del viento y la lluvia<\/a>, alargar su vida \u00fatil y, sobre todo, <a class=\"text-outboundlink\" href=\"https:\/\/www.xatakahome.com\/hogar\/habia-instalado-permiso-toldo-jardinera-comunidad-denuncia-justicia-les-ha-dado-buen-repaso\" data-vars-post-title=\"Hab\u00eda instalado sin permiso un toldo, una jardinera... y la comunidad la denuncia: la justicia les ha dado un buen repaso\" data-vars-post-url=\"https:\/\/www.xatakahome.com\/hogar\/habia-instalado-permiso-toldo-jardinera-comunidad-denuncia-justicia-les-ha-dado-buen-repaso\">evitar da\u00f1os a terceros<\/a>, conviene tener en cuenta una serie de consejos.<\/p>\n<p><!-- BREAK 2 --><\/p>\n<div class=\"article-asset-video article-asset-normal\">\n<div class=\"asset-content\">\n<div class=\"base-asset-video\">\n<div class=\"js-dailymotion\">\n    <script type=\"application\/json\">\n                          {\"videoId\":\"x8006fc\",\"autoplay\":true,\"title\":\"C\u00f3mo dormir cuando hace mucho calor y no tienes aire acondicionado\", \"tag\":\"\", \"duration\":\"217\"}\n                  <\/script>\n   <\/div>\n<\/p><\/div>\n<\/p><\/div>\n<\/div>\n<p>Los <a class=\"text-outboundlink\" href=\"https:\/\/www.xatakahome.com\/hogar\/quiero-poner-toldo-no-tener-bronca-vecinos-multas-esto-todo-que-debo-tener-cuenta\" data-vars-post-title=\"El toldo que nunca habr\u00eda elegido\u2026 pero era eso o broncas con los vecinos y una multa\" data-vars-post-url=\"https:\/\/www.xatakahome.com\/hogar\/quiero-poner-toldo-no-tener-bronca-vecinos-multas-esto-todo-que-debo-tener-cuenta\">toldos<\/a> y persianas deben estar instalados y mantenidos de forma segura, con materiales y anclajes preparados para soportar las inclemencias del tiempo y aunque la Ley de Propiedad Horizontal no habla en concreto de toldos, aclara en el <a rel=\"noopener, noreferrer\" href=\"https:\/\/www.boe.es\/buscar\/act.php?id=BOE-A-1960-10906#anoveno\">art\u00edculo 9.1<\/a> que cada propietario tiene la obligaci\u00f3n de <strong>mantener en buen estado de conservaci\u00f3n su propio piso o local e instalaciones privativas<\/strong>.<\/p>\n<p><!-- BREAK 3 --><\/p>\n<blockquote><p>\u201cMantener en buen estado de conservaci\u00f3n su propio piso o local e instalaciones privativas, en t\u00e9rminos que no perjudiquen a la comunidad o a los otros propietarios, resarciendo los da\u00f1os que ocasione por su descuido o el de las personas por quienes deba responder\u201d.<\/p><\/blockquote>\n<p>Si dejas un toldo abierto durante un vendaval y este sale volando o se desprende causando da\u00f1os a un vecino (por ejemplo, rompiendo una ventana inferior) o a un viandante, <strong>la responsabilidad civil recae sobre el propietario<\/strong>.<\/p>\n<div class=\"article-asset article-asset-normal article-asset-center\">\n<div class=\"desvio-container\">\n<div class=\"desvio\">\n<div class=\"desvio-figure js-desvio-figure\">\n    <a href=\"https:\/\/www.xatakahome.com\/hogar\/clave-antes-instalar-toldo-que-orientacion-tu-casa-cambia-todo\" class=\"pivot-outboundlink\" data-vars-post-title=\"Me equivoqu\u00e9 al instalar el toldo: ten\u00eda que haber puesto otro modelo. La culpa fue no fijarme a d\u00f3nde da mi terraza\"><br \/>\n     <img loading=\"lazy\" decoding=\"async\" alt=\"Me equivoqu\u00e9 al instalar el toldo: ten\u00eda que haber puesto otro modelo. La culpa fue no fijarme a d\u00f3nde da mi terraza\" width=\"375\" height=\"142\" src=\"https:\/\/i.blogs.es\/7ba20f\/img_1175\/375_142.jpeg\"><br \/>\n    <\/a>\n   <\/div>\n<div class=\"desvio-summary\">\n<div class=\"desvio-taxonomy js-desvio-taxonomy\">\n     <a href=\"https:\/\/www.xatakahome.com\/hogar\/clave-antes-instalar-toldo-que-orientacion-tu-casa-cambia-todo\" class=\"desvio-taxonomy-anchor pivot-outboundlink\" data-vars-post-title=\"Me equivoqu\u00e9 al instalar el toldo: ten\u00eda que haber puesto otro modelo. La culpa fue no fijarme a d\u00f3nde da mi terraza\">En Xataka Smart Home<\/a>\n    <\/div>\n<p>    <a href=\"https:\/\/www.xatakahome.com\/hogar\/clave-antes-instalar-toldo-que-orientacion-tu-casa-cambia-todo\" class=\"desvio-title js-desvio-title pivot-outboundlink\" data-vars-post-title=\"Me equivoqu\u00e9 al instalar el toldo: ten\u00eda que haber puesto otro modelo. La culpa fue no fijarme a d\u00f3nde da mi terraza\">Me equivoqu\u00e9 al instalar el toldo: ten\u00eda que haber puesto otro modelo. La culpa fue no fijarme a d\u00f3nde da mi terraza<\/a>\n   <\/div>\n<\/p><\/div>\n<\/p><\/div>\n<\/div>\n<p>En este sentido, la instalaci\u00f3n debe ser realizada por profesionales <strong>que garanticen que el anclaje es seguro<\/strong> para evitar desprendimientos accidentales por lluvia acumulada o rachas de viento.<\/p>\n<p><!-- BREAK 4 --><\/p>\n<p>No olvides que no recoger el toldo ante una previsi\u00f3n meteorol\u00f3gica clara puede considerarse una negligencia, lo que facilitar\u00eda que el seguro de la comunidad o del perjudicado reclame contra el due\u00f1o del toldo.<\/p>\n<p><strong>No solo se trata de proteger la propia vivienda<\/strong>: tambi\u00e9n de evitar desperfectos en la fachada o en elementos comunes y, sobre todo, de no generar riesgos para terceras personas.<\/p>\n<p><!-- BREAK 5 --><\/p>\n<h2>El toldo: no es solo recogerlo<\/h2>\n<div class=\"article-asset-image article-asset-large article-asset-center\">\n<div class=\"asset-content\">\n<p>   <img decoding=\"async\" alt=\"Toldos\" class=\"\" src=\"https:\/\/i.blogs.es\/5ded98\/toldos\/450_1000.jpeg\"><\/p><\/div>\n<\/div>\n<p>Empezando por el toldo, hay un error muy habitual: <strong>mucha gente piensa que con recogerlo ya est\u00e1<\/strong>, y ah\u00ed viene el fallo. No basta con darle a la manivela: para dejarlo realmente a buen recaudo, lo mejor, y as\u00ed <a rel=\"noopener, noreferrer\" href=\"https:\/\/www.persianasmurgia.com\/bilbao\/como-proteger-persianas-del-viento\/\">lo recomiendan los expertos<\/a>, es <strong>q<\/strong><strong>ue quede<\/strong> <strong>completamente plegado<\/strong>. Si se queda un poco de bolsa, el viento puede embolsarse, hacer palanca y llegar incluso a arrancar los soportes de la pared.<\/p>\n<p><!-- BREAK 6 --><\/p>\n<p>Antes y despu\u00e9s de un temporal, <strong>revisa los<\/strong> <strong>tacos y tornillos<\/strong> que lo sujetan a la fachada. El movimiento constante del viento puede ir afloj\u00e1ndolos poco a poco, casi sin que te des cuenta.<\/p>\n<div class=\"article-asset-image article-asset-large article-asset-center\">\n<div class=\"asset-content\">\n<div class=\"caption-img \">\n<p>   <img decoding=\"async\" alt=\"Toldo\" class=\"\" src=\"https:\/\/i.blogs.es\/786b71\/toldo\/450_1000.jpeg\"><\/p>\n<p>        <span>Con aire, esta no es la mejor forma de dejar el toldo bajado<\/span>\n   <\/div>\n<\/p><\/div>\n<\/div>\n<p>Si tienes <strong>sensor de viento (anem\u00f3metro)<\/strong>, comprueba que las pilas o la conexi\u00f3n funcionan. Aun as\u00ed, no conviene confiarse: si la racha es muy s\u00fabita, el motor puede no reaccionar lo bastante r\u00e1pido.<\/p>\n<p><!-- BREAK 7 --><\/p>\n<p>Y un detalle importante: si el toldo es el\u00e9ctrico y durante el temporal hay un <a class=\"text-outboundlink\" href=\"https:\/\/www.xatakahome.com\/domotica\/casa-inteligente-tiene-problemon-microcortes-luz-cada-apagon-deja-todos-mis-cacharros-patas-arriba\" data-vars-post-title=\"He tenido tres cortes de luz en una semana. He aprendido a las malas esto de la dom\u00f3tica de casa\" data-vars-post-url=\"https:\/\/www.xatakahome.com\/domotica\/casa-inteligente-tiene-problemon-microcortes-luz-cada-apagon-deja-todos-mis-cacharros-patas-arriba\">corte de luz<\/a>, y adem\u00e1s no tiene opci\u00f3n manual, te puedes ver en un buen aprieto. Por eso es recomendable <strong>con<\/strong><strong>tar con sistemas que incluyan<\/strong> <strong>maniobra de emergencia<\/strong>.<\/p>\n<div class=\"article-asset article-asset-normal article-asset-center\">\n<div class=\"desvio-container\">\n<div class=\"desvio\">\n<div class=\"desvio-figure js-desvio-figure\">\n    <a href=\"https:\/\/www.xatakahome.com\/hogar\/no-conocia-este-detalle-al-usar-toldo-cuando-hace-aire-marca-diferencia\" class=\"pivot-outboundlink\" data-vars-post-title=\"No conoc\u00eda este detalle al usar el toldo cuando hace aire: marca la diferencia \"><br \/>\n     <img loading=\"lazy\" decoding=\"async\" alt=\"No conoc\u00eda este detalle al usar el toldo cuando hace aire: marca la diferencia \" width=\"375\" height=\"142\" src=\"https:\/\/i.blogs.es\/2f4080\/captura-de-pantalla-2025-07-19-a-las-7.39.53\/375_142.jpeg\"><br \/>\n    <\/a>\n   <\/div>\n<div class=\"desvio-summary\">\n<div class=\"desvio-taxonomy js-desvio-taxonomy\">\n     <a href=\"https:\/\/www.xatakahome.com\/hogar\/no-conocia-este-detalle-al-usar-toldo-cuando-hace-aire-marca-diferencia\" class=\"desvio-taxonomy-anchor pivot-outboundlink\" data-vars-post-title=\"No conoc\u00eda este detalle al usar el toldo cuando hace aire: marca la diferencia \">En Xataka Smart Home<\/a>\n    <\/div>\n<p>    <a href=\"https:\/\/www.xatakahome.com\/hogar\/no-conocia-este-detalle-al-usar-toldo-cuando-hace-aire-marca-diferencia\" class=\"desvio-title js-desvio-title pivot-outboundlink\" data-vars-post-title=\"No conoc\u00eda este detalle al usar el toldo cuando hace aire: marca la diferencia \">No conoc\u00eda este detalle al usar el toldo cuando hace aire: marca la diferencia <\/a>\n   <\/div>\n<\/p><\/div>\n<\/p><\/div>\n<\/div>\n<p>En mi caso, en invierno lo que hago para evitar que el toldo se da\u00f1e y, sobre todo, para reducir riesgos frente a terceros, es <strong>dejarlo<\/strong> <strong>completamente enrollado<\/strong>. Adem\u00e1s, procuro<strong> <\/strong><strong>girarlo en el sentido contrario al habitual<\/strong><strong> <\/strong>para que la lona quede m\u00e1s recogida y protegida.<\/p>\n<p><!-- BREAK 8 --><\/p>\n<p>Y <strong>si no tienes un toldo con <\/strong><strong>cajoneta<\/strong>, una soluci\u00f3n sencilla es cubrirlo con pl\u00e1stico (bien sujeto, para que no se lo lleve el viento) y as\u00ed protegerlo mejor de la lluvia y la humedad.<\/p>\n<div class=\"article-asset-image article-asset-large article-asset-center\">\n<div class=\"asset-content\">\n<p>   <img decoding=\"async\" alt=\"Toldo Roto\" class=\"\" src=\"https:\/\/i.blogs.es\/6848a5\/toldo-roto\/450_1000.jpeg\"><\/p><\/div>\n<\/div>\n<p>Si el toldo se ha mojado, ojo al plegarlo: <strong>nunca lo dejes enrollado y h\u00famedo durante d\u00edas<\/strong>. Si no queda m\u00e1s remedio que recogerlo, en cuanto el viento y la lluvia den una tregua, desenr\u00f3llalo para que se seque bien. La humedad atrapada pudre el tejido y favorece la aparici\u00f3n de moho, que termina debilitando las fibras.<\/p>\n<p><!-- BREAK 9 --><\/p>\n<h2>Persianas: el peligro del \u00abefecto vela\u00bb<\/h2>\n<p>Este es el punto en el que m\u00e1s falla la gente y donde suelen producirse los da\u00f1os a terceros (lamas que salen volando). Afecta sobre todo a las persianas enrollables y a las venecianas: <strong>nunca conviene dejarlas a medias<\/strong>. Lo m\u00e1s seguro es dejarlas o completamente subidas, o completamente bajadas.<\/p>\n<p><strong>Si la dejas bajada del todo<\/strong>, la persiana apoya en el alf\u00e9izar y las lamas quedan encajadas entre s\u00ed, formando una superficie m\u00e1s s\u00f3lida y resistente. Si la dejas subida, queda protegida dentro del caj\u00f3n (tambor).<\/p>\n<p><!-- BREAK 10 --><\/p>\n<p>El problema de dejarla a medio recorrido es que el viento entra por debajo, genera una diferencia de presi\u00f3n y <strong>la persiana se comporta como una vela<\/strong>. Eso puede doblar las lamas, sacarlas de las gu\u00edas y, en el peor caso, proyectarlas hacia el exterior. Y aqu\u00ed hay que tener en cuenta la seguridad hacia terceros y responsabilidad para las personas que circulan por la calle.<\/p>\n<p><!-- BREAK 11 --><\/p>\n<div class=\"article-asset article-asset-normal article-asset-center\">\n<div class=\"desvio-container\">\n<div class=\"desvio\">\n<div class=\"desvio-figure js-desvio-figure\">\n    <a href=\"https:\/\/www.xatakahome.com\/hogar\/habia-instalado-permiso-toldo-jardinera-comunidad-denuncia-justicia-les-ha-dado-buen-repaso\" class=\"pivot-outboundlink\" data-vars-post-title=\"Hab\u00eda instalado sin permiso un toldo, una jardinera... y la comunidad la denuncia: la justicia les ha dado un buen repaso\"><br \/>\n     <img loading=\"lazy\" decoding=\"async\" alt=\"Hab\u00eda instalado sin permiso un toldo, una jardinera... y la comunidad la denuncia: la justicia les ha dado un buen repaso\" width=\"375\" height=\"142\" src=\"https:\/\/i.blogs.es\/4e89ab\/pexels-madbyte-36362\/375_142.jpeg\"><br \/>\n    <\/a>\n   <\/div>\n<div class=\"desvio-summary\">\n<div class=\"desvio-taxonomy js-desvio-taxonomy\">\n     <a href=\"https:\/\/www.xatakahome.com\/hogar\/habia-instalado-permiso-toldo-jardinera-comunidad-denuncia-justicia-les-ha-dado-buen-repaso\" class=\"desvio-taxonomy-anchor pivot-outboundlink\" data-vars-post-title=\"Hab\u00eda instalado sin permiso un toldo, una jardinera... y la comunidad la denuncia: la justicia les ha dado un buen repaso\">En Xataka Smart Home<\/a>\n    <\/div>\n<p>    <a href=\"https:\/\/www.xatakahome.com\/hogar\/habia-instalado-permiso-toldo-jardinera-comunidad-denuncia-justicia-les-ha-dado-buen-repaso\" class=\"desvio-title js-desvio-title pivot-outboundlink\" data-vars-post-title=\"Hab\u00eda instalado sin permiso un toldo, una jardinera... y la comunidad la denuncia: la justicia les ha dado un buen repaso\">Hab\u00eda instalado sin permiso un toldo, una jardinera&#8230; y la comunidad la denuncia: la justicia les ha dado un buen repaso<\/a>\n   <\/div>\n<\/p><\/div>\n<\/p><\/div>\n<\/div>\n<p>Es vital recordar que <strong>somos responsables legales<\/strong> de lo que caiga de nuestra fachada y por eso hay que tener cuidado con cualquier elemento m\u00f3vil que est\u00e9 sujeto a la fachada.\u00a0<\/p>\n<p><!-- BREAK 12 --><\/p>\n<p>En este sentido es fundamental <strong>retirar (o asegurar) elementos m\u00f3viles que puedan soltarse<\/strong>: el mejor ejemplo es el fald\u00f3n del toldo (la pieza de tela que cuelga al final): si est\u00e1 deteriorado, es mejor asegurarlo o quitarlo, ya que suele ser lo primero que sale despedido.<\/p>\n<p><strong>En el caso de macetas y otros elementos<\/strong> es conveniente realizar una inspecci\u00f3n y asegurarlos y de no ser posible quitarlos. Adem\u00e1s, si tienes el toldo cerca de jardineras en el balc\u00f3n, aseg\u00farate de que el movimiento del toldo o las vibraciones no empujen otros objetos hacia el vac\u00edo.<\/p>\n<p><!-- BREAK 13 --><\/p>\n<h2>Lo que dice la ley<\/h2>\n<div class=\"article-asset-image article-asset-large article-asset-center\">\n<div class=\"asset-content\">\n<div class=\"caption-img \">\n                    <a rel=\"noopener, noreferrer\" href=\"https:\/\/unsplash.com\/es\/@markuswinkler?utm_content=creditCopyText&amp;utm_medium=referral&amp;utm_source=unsplash\"><\/p>\n<p>    <img decoding=\"async\" alt=\"Toldo\" class=\"\" src=\"https:\/\/i.blogs.es\/a79fb5\/1200_800\/450_1000.jpeg\"><br \/>\n     <\/a><\/p>\n<p>        <span>Imagen | Markus Winkler en Unsplash<\/span>\n   <\/div>\n<\/p><\/div>\n<\/div>\n<p>Ten en cuenta que seg\u00fan la LPH en el <a rel=\"noopener, noreferrer\" href=\"https:\/\/www.boe.es\/buscar\/act.php?id=BOE-A-1960-10906#aseptimo\">art\u00edculo 7<\/a>, no se puede alterar la est\u00e9tica y los elementos comunes de un edificio. El toldo, aunque est\u00e9 en tu terraza, se considera que afecta a la <strong>envolvente y est\u00e9tica del edificio<\/strong> (que es un elemento com\u00fan).<\/p>\n<p><!-- BREAK 14 --><\/p>\n<p>Por lo tanto y ya lo vimos, <strong>no puedes instalar cualquier toldo<\/strong>. La junta de propietarios debe haber aprobado previamente el modelo, color y dimensiones para mantener la uniformidad.<\/p>\n<div class=\"article-asset article-asset-normal article-asset-center\">\n<div class=\"desvio-container\">\n<div class=\"desvio\">\n<div class=\"desvio-figure js-desvio-figure\">\n    <a href=\"https:\/\/www.xatakahome.com\/hogar\/asi-nos-dijo-instalador-que-usaramos-toldo-poca-gente-hace-durara-tiempo-no-perdera-color\" class=\"pivot-outboundlink\" data-vars-post-title=\"Lo que nadie te cuenta sobre el uso del toldo: as\u00ed evitar\u00e1s que se desgaste antes de tiempo\"><br \/>\n     <img loading=\"lazy\" decoding=\"async\" alt=\"Lo que nadie te cuenta sobre el uso del toldo: as\u00ed evitar\u00e1s que se desgaste antes de tiempo\" width=\"375\" height=\"142\" src=\"https:\/\/i.blogs.es\/611a54\/captura-de-pantalla-2025-07-09-a-las-12.49.47\/375_142.jpeg\"><br \/>\n    <\/a>\n   <\/div>\n<div class=\"desvio-summary\">\n<div class=\"desvio-taxonomy js-desvio-taxonomy\">\n     <a href=\"https:\/\/www.xatakahome.com\/hogar\/asi-nos-dijo-instalador-que-usaramos-toldo-poca-gente-hace-durara-tiempo-no-perdera-color\" class=\"desvio-taxonomy-anchor pivot-outboundlink\" data-vars-post-title=\"Lo que nadie te cuenta sobre el uso del toldo: as\u00ed evitar\u00e1s que se desgaste antes de tiempo\">En Xataka Smart Home<\/a>\n    <\/div>\n<p>    <a href=\"https:\/\/www.xatakahome.com\/hogar\/asi-nos-dijo-instalador-que-usaramos-toldo-poca-gente-hace-durara-tiempo-no-perdera-color\" class=\"desvio-title js-desvio-title pivot-outboundlink\" data-vars-post-title=\"Lo que nadie te cuenta sobre el uso del toldo: as\u00ed evitar\u00e1s que se desgaste antes de tiempo\">Lo que nadie te cuenta sobre el uso del toldo: as\u00ed evitar\u00e1s que se desgaste antes de tiempo<\/a>\n   <\/div>\n<\/p><\/div>\n<\/p><\/div>\n<\/div>\n<p>Por otro lado hay que tener en cuenta lo que dice el <a rel=\"noopener, noreferrer\" href=\"https:\/\/www.boe.es\/buscar\/act.php?id=BOE-A-1960-10906#aseptimo\">art\u00edculo 7.2<\/a> de la LPH qye prohibe desarrollar <strong>actividades que resulten<\/strong> <strong>da\u00f1osas para la finca<\/strong> o que contravengan las disposiciones generales sobre actividades molestas, insalubres o peligrosas.<\/p>\n<p><!-- BREAK 15 --><\/p>\n<p>En el caso de un toldo, si est\u00e1 mal tensado y acumula bolsas de agua de lluvia que terminan vertiendo de golpe sobre el balc\u00f3n del vecino de abajo o causando humedades por salpicaduras constantes en la fachada, <strong>el vecino afectado puede exigir su reparaci\u00f3n<\/strong> o retirada bas\u00e1ndose en este art\u00edculo.<\/p>\n<p><!-- BREAK 16 --><\/p>\n<p>Imagen portada | <a rel=\"noopener, noreferrer\" href=\"https:\/\/solinext.com\/toldo-roto-lo-cubre-el-seguro\/\">Solinext<\/a><\/p>\n<p>En Xataka SmartHome | <a class=\"text-outboundlink\" href=\"https:\/\/www.xatakahome.com\/a-fondo\/toldos-oscuros-no-irradian-calor-al-interior-viviendas-aesso-aclara-que-enorme-error\" data-vars-post-title=\"Seg\u00fan la AESSO, \u201clos toldos oscuros no irradian calor al interior de las viviendas\u201d. Y tiene explicaci\u00f3n cient\u00edfica\" data-vars-post-url=\"https:\/\/www.xatakahome.com\/a-fondo\/toldos-oscuros-no-irradian-calor-al-interior-viviendas-aesso-aclara-que-enorme-error\" target=\"_blank\">Seg\u00fan la AESSO, \u201clos toldos oscuros no irradian calor al interior de las viviendas\u201d. Y tiene explicaci\u00f3n cient\u00edfica<\/a><\/p>\n<p><script>\n (function() {\n  window._JS_MODULES = window._JS_MODULES || {};\n  var headElement = document.getElementsByTagName('head')[0];\n  if (_JS_MODULES.instagram) {\n   var instagramScript = document.createElement('script');\n   instagramScript.src = 'https:\/\/platform.instagram.com\/en_US\/embeds.js';\n   instagramScript.async = true;\n   instagramScript.defer = true;\n   headElement.appendChild(instagramScript);\n  }\n })();\n<\/script><\/p>\n<p> &#8211; <br \/> La noticia<br \/>\n      <a href=\"https:\/\/www.xatakahome.com\/hogar\/peligro-oculto-dejar-persianas-toldos-a-medias-durante-temporal-que-recomiendan-expertos?utm_source=feedburner&amp;utm_medium=feed&amp;utm_campaign=02_Feb_2026\"><br \/>\n       <em> El peligro oculto de dejar las persianas y toldos a medias durante un temporal: lo que recomiendan los expertos <\/em><br \/>\n      <\/a><br \/>\n      fue publicada originalmente en<br \/>\n      <a href=\"https:\/\/www.xatakahome.com\/?utm_source=feedburner&amp;utm_medium=feed&amp;utm_campaign=02_Feb_2026\"><br \/>\n       <strong> Xataka Smart Home <\/strong><br \/>\n      <\/a><br \/>\n             por <a href=\"https:\/\/www.xatakahome.com\/autor\/jose-antonio-carmona?utm_source=feedburner&amp;utm_medium=feed&amp;utm_campaign=02_Feb_2026\"><br \/>\n        Jose Antonio Carmona<br \/>\n       <\/a><br \/>\n      . <\/p>\n<\/div>\n","protected":false},"excerpt":{"rendered":"<p>Estamos a punto de iniciar un nuevo periodo de borrascas (ahora llega Leonardo) y ya hemos perdido la cuenta de todas las que llevamos desde principios de a\u00f1o. Tal y como cuentan en ElTiempo.es, se esperan grandes acumulados de lluvia y fuertes rachas de viento, y hay varios elementos de la casa que pueden acabar &hellip; <a href=\"https:\/\/domosistemas.com\/?p=31582\" class=\"more-link\">Sigue leyendo <span class=\"screen-reader-text\">El peligro oculto de dejar las persianas y toldos a medias durante un temporal: lo que recomiendan los expertos<\/span><\/a><\/p>\n","protected":false},"author":1,"featured_media":0,"comment_status":"closed","ping_status":"closed","sticky":false,"template":"","format":"standard","meta":{"footnotes":""},"categories":[8],"tags":[],"class_list":["post-31582","post","type-post","status-publish","format-standard","hentry","category-xataka"],"_links":{"self":[{"href":"https:\/\/domosistemas.com\/index.php?rest_route=\/wp\/v2\/posts\/31582","targetHints":{"allow":["GET"]}}],"collection":[{"href":"https:\/\/domosistemas.com\/index.php?rest_route=\/wp\/v2\/posts"}],"about":[{"href":"https:\/\/domosistemas.com\/index.php?rest_route=\/wp\/v2\/types\/post"}],"author":[{"embeddable":true,"href":"https:\/\/domosistemas.com\/index.php?rest_route=\/wp\/v2\/users\/1"}],"replies":[{"embeddable":true,"href":"https:\/\/domosistemas.com\/index.php?rest_route=%2Fwp%2Fv2%2Fcomments&post=31582"}],"version-history":[{"count":0,"href":"https:\/\/domosistemas.com\/index.php?rest_route=\/wp\/v2\/posts\/31582\/revisions"}],"wp:attachment":[{"href":"https:\/\/domosistemas.com\/index.php?rest_route=%2Fwp%2Fv2%2Fmedia&parent=31582"}],"wp:term":[{"taxonomy":"category","embeddable":true,"href":"https:\/\/domosistemas.com\/index.php?rest_route=%2Fwp%2Fv2%2Fcategories&post=31582"},{"taxonomy":"post_tag","embeddable":true,"href":"https:\/\/domosistemas.com\/index.php?rest_route=%2Fwp%2Fv2%2Ftags&post=31582"}],"curies":[{"name":"wp","href":"https:\/\/api.w.org\/{rel}","templated":true}]}}