{"id":31588,"date":"2026-02-03T03:00:36","date_gmt":"2026-02-03T03:00:36","guid":{"rendered":"https:\/\/domosistemas.com\/?p=31588"},"modified":"2026-02-03T03:00:36","modified_gmt":"2026-02-03T03:00:36","slug":"schneider-electric-refuerza-su-equipo-directivo-en-iberia-con-una-nueva-vicepresidenta-de-rr-hh","status":"publish","type":"post","link":"https:\/\/domosistemas.com\/?p=31588","title":{"rendered":"Schneider Electric refuerza su equipo directivo en Iberia con una nueva vicepresidenta de RR. HH."},"content":{"rendered":"<div>\n<p>La empresa <a href=\"https:\/\/www.se.com\/es\/es\/\" target=\"_blank\" rel=\"noopener sponsored\">Schneider Electric<\/a> ha anunciado el nombramiento de Clara Vasconcelos como nueva vicepresidenta de Recursos Humanos para la Zona Ib\u00e9rica, cargo que asumi\u00f3 el pasado 1 de enero. Con m\u00e1s de siete a\u00f1os de trayectoria en Schneider Electric en Sudam\u00e9rica, Clara Vasconcelos ha ocupado puestos de liderazgo como directora de Recursos Humanos para Brasil y l\u00edder de RRHH para Marketing Global en la regi\u00f3n SAM.<\/p>\n<figure id=\"attachment_168165\" aria-describedby=\"caption-attachment-168165\" style=\"width: 501px\" class=\"wp-caption aligncenter\"><img loading=\"lazy\" decoding=\"async\" class=\"wp-image-168165 size-full\" src=\"https:\/\/static.casadomo.com\/media\/2026\/02\/schneider-electric-nombra-a-clara-vasconcelos-nueva-vicepresidenta-de-recursos-humanos-para-la-zona-iberica-ok.jpg\" alt=\"Schneider Electric\" width=\"501\" height=\"750\" srcset=\"https:\/\/static.casadomo.com\/media\/2026\/02\/schneider-electric-nombra-a-clara-vasconcelos-nueva-vicepresidenta-de-recursos-humanos-para-la-zona-iberica-ok.jpg 501w, https:\/\/static.casadomo.com\/media\/2026\/02\/schneider-electric-nombra-a-clara-vasconcelos-nueva-vicepresidenta-de-recursos-humanos-para-la-zona-iberica-ok-200x300.jpg 200w, https:\/\/static.casadomo.com\/media\/2026\/02\/schneider-electric-nombra-a-clara-vasconcelos-nueva-vicepresidenta-de-recursos-humanos-para-la-zona-iberica-ok-180x269.jpg 180w\" sizes=\"auto, (max-width: 501px) 100vw, 501px\"><figcaption id=\"caption-attachment-168165\" class=\"wp-caption-text\">Schneider Electric nombra a Clara Vasconcelos como nueva responsable de Recursos Humanos en Iberia.<\/figcaption><\/figure>\n<p>A lo largo de su carrera en la compa\u00f1\u00eda, ha desempe\u00f1ado funciones en distintas \u00e1reas de Recursos Humanos, incluyendo l\u00edneas de negocio, operaciones y cadena de suministro, aportando una visi\u00f3n transversal de la gesti\u00f3n de personas en entornos industriales y multiculturales.<\/p>\n<h2>Impulso a la transformaci\u00f3n digital<\/h2>\n<p>Este nombramiento refuerza la ambici\u00f3n de <a href=\"https:\/\/www.casadomo.com\/empresas\/schneider-electric\">Schneider Electric<\/a> de seguir construyendo en Iberia un ecosistema de talento s\u00f3lido y diverso, preparado para acelerar las transformaciones energ\u00e9tica, digital y cultural que demanda el mercado. En un entorno cada vez m\u00e1s competitivo y en constante evoluci\u00f3n, la compa\u00f1\u00eda sit\u00faa a las personas en el centro de su estrategia, impulsando el aprendizaje continuo y el desarrollo de capacidades como palancas clave para acelerar la innovaci\u00f3n, reforzar la ejecuci\u00f3n de su hoja de ruta en la zona y seguir generando valor para clientes y partners.<\/p>\n<p>Clara Vasconcelos ha se\u00f1alado que asume este nuevo reto \u201ccon la convicci\u00f3n de seguir fortaleciendo un ecosistema de talento donde la inclusi\u00f3n y el aprendizaje continuo tengan un papel central. Nuestro prop\u00f3sito es crear un ambiente propicio para que todas las personas puedan desarrollar al m\u00e1ximo sus capacidades, liderar con impacto y evolucionar junto con nuestro negocio. Avanzar en esta direcci\u00f3n es clave para seguir creciendo como organizaci\u00f3n y como comunidad\u201d.<\/p>\n<p>Antes de incorporarse a Schneider Electric, Clara desarroll\u00f3 su carrera profesional durante siete a\u00f1os en la empresa petroqu\u00edmica brasile\u00f1a Braskem, lo que refuerza su experiencia en el sector industrial. Con este nombramiento, Schneider Electric consolida la continuidad de su estrategia de personas en la Zona Ib\u00e9rica, reforzando un enfoque de liderazgo y gesti\u00f3n del talento orientado a acompa\u00f1ar la transformaci\u00f3n del negocio.<\/p>\n<p>La entrada <a href=\"https:\/\/www.casadomo.com\/2026\/02\/03\/schneider-electric-refuerza-equipo-directivo-iberia-nueva-vicepresidenta-rr-hh\">Schneider Electric refuerza su equipo directivo en Iberia con una nueva vicepresidenta de RR. HH.<\/a> aparece primero en <a href=\"https:\/\/www.casadomo.com\/\">CASADOMO<\/a>.<\/p>\n<\/div>\n","protected":false},"excerpt":{"rendered":"<p>La empresa Schneider Electric ha anunciado el nombramiento de Clara Vasconcelos como nueva vicepresidenta de Recursos Humanos para la Zona Ib\u00e9rica, cargo que asumi\u00f3 el pasado 1 de enero. Con m\u00e1s de siete a\u00f1os de trayectoria en Schneider Electric en Sudam\u00e9rica, Clara Vasconcelos ha ocupado puestos de liderazgo como directora de Recursos Humanos para Brasil &hellip; <a href=\"https:\/\/domosistemas.com\/?p=31588\" class=\"more-link\">Sigue leyendo <span class=\"screen-reader-text\">Schneider Electric refuerza su equipo directivo en Iberia con una nueva vicepresidenta de RR. HH.<\/span><\/a><\/p>\n","protected":false},"author":1,"featured_media":0,"comment_status":"closed","ping_status":"closed","sticky":false,"template":"","format":"standard","meta":{"footnotes":""},"categories":[3],"tags":[],"class_list":["post-31588","post","type-post","status-publish","format-standard","hentry","category-casadomo-com"],"_links":{"self":[{"href":"https:\/\/domosistemas.com\/index.php?rest_route=\/wp\/v2\/posts\/31588","targetHints":{"allow":["GET"]}}],"collection":[{"href":"https:\/\/domosistemas.com\/index.php?rest_route=\/wp\/v2\/posts"}],"about":[{"href":"https:\/\/domosistemas.com\/index.php?rest_route=\/wp\/v2\/types\/post"}],"author":[{"embeddable":true,"href":"https:\/\/domosistemas.com\/index.php?rest_route=\/wp\/v2\/users\/1"}],"replies":[{"embeddable":true,"href":"https:\/\/domosistemas.com\/index.php?rest_route=%2Fwp%2Fv2%2Fcomments&post=31588"}],"version-history":[{"count":0,"href":"https:\/\/domosistemas.com\/index.php?rest_route=\/wp\/v2\/posts\/31588\/revisions"}],"wp:attachment":[{"href":"https:\/\/domosistemas.com\/index.php?rest_route=%2Fwp%2Fv2%2Fmedia&parent=31588"}],"wp:term":[{"taxonomy":"category","embeddable":true,"href":"https:\/\/domosistemas.com\/index.php?rest_route=%2Fwp%2Fv2%2Fcategories&post=31588"},{"taxonomy":"post_tag","embeddable":true,"href":"https:\/\/domosistemas.com\/index.php?rest_route=%2Fwp%2Fv2%2Ftags&post=31588"}],"curies":[{"name":"wp","href":"https:\/\/api.w.org\/{rel}","templated":true}]}}