{"id":31593,"date":"2026-02-03T09:00:57","date_gmt":"2026-02-03T09:00:57","guid":{"rendered":"https:\/\/domosistemas.com\/?p=31593"},"modified":"2026-02-03T09:00:57","modified_gmt":"2026-02-03T09:00:57","slug":"poner-la-lavadora-el-lavavajillas-o-el-termo-de-madrugada-vuelve-a-compensar-esto-es-lo-que-puedes-ahorrar-si-lo-haces","status":"publish","type":"post","link":"https:\/\/domosistemas.com\/?p=31593","title":{"rendered":"Poner la lavadora, el lavavajillas o el termo de madrugada vuelve a compensar. Esto es lo que puedes ahorrar si lo haces"},"content":{"rendered":"<div>\n<p>\n      <img decoding=\"async\" src=\"https:\/\/i.blogs.es\/384bca\/1366_2000\/1024_2000.jpeg\" alt=\"Poner la lavadora, el lavavajillas o el termo de madrugada vuelve a compensar. Esto es lo que puedes ahorrar si lo haces \">\n    <\/p>\n<p>Si queremos pagar lo m\u00ednimo posible en la factura de la luz y tenemos una tarifa indexadas con discriminaci\u00f3n horaria, como la <strong>regulada o PVPC<\/strong>, escoger bien el <strong>horario en el que encendemos nuestros electrodom\u00e9sticos <\/strong>es clave, como pudimos comprobar <a class=\"text-outboundlink\" href=\"https:\/\/www.xatakahome.com\/a-fondo\/he-calculado-ahorro-usar-siempre-tus-electrodomesticos-hora-barata-dia-resultado-me-ha-sorprendido\" data-vars-post-title=\"He calculado cu\u00e1nto ahorras si siempre usas tus electrodom\u00e9sticos en la hora m\u00e1s barata del d\u00eda: este ha sido el resultado\" data-vars-post-url=\"https:\/\/www.xatakahome.com\/a-fondo\/he-calculado-ahorro-usar-siempre-tus-electrodomesticos-hora-barata-dia-resultado-me-ha-sorprendido\">cuando calculamos dicho ahorro<\/a> con respecto a las horas m\u00e1s caras y m\u00e1s baratas del d\u00eda.<\/p>\n<p><!-- BREAK 1 --><\/p>\n<p>Si hacemos un uso diario intensivo de la electricidad el ahorro puede llegar a ser muy elevado, por ejemplo en el caso de tener placas de cocina de tipo <a class=\"text-outboundlink\" href=\"https:\/\/www.xatakahome.com\/electrodomesticos-innovadores\/induccion-vitro-gas-que-elegir-para-cambiar-cocina\" data-vars-post-title=\"Placas de inducci\u00f3n, vitrocer\u00e1mica y gas: estas son sus principales ventajas e inconvenientes\" data-vars-post-url=\"https:\/\/www.xatakahome.com\/electrodomesticos-innovadores\/induccion-vitro-gas-que-elegir-para-cambiar-cocina\">vitrocer\u00e1mica o de inducci\u00f3n<\/a>, <strong>hornos, radiadores el\u00e9ctricos, climatizadores<\/strong>, ponemos <strong>lavadoras y lavavajillas<\/strong> todos los d\u00edas, etc.<\/p>\n<p><!-- BREAK 2 --><\/p>\n<p>Y una de las recomendaciones m\u00e1s habituales estos a\u00f1os tras la inauguraci\u00f3n del <a class=\"text-outboundlink\" href=\"https:\/\/www.xatakahome.com\/iluminacion-y-energia\/nueva-factura-luz-sera-realidad-junio-estos-principales-cambios-que-tendras-que-hacer-para-gastar\" data-vars-post-title=\"La nueva factura de la luz ser\u00e1 realidad en junio: estos son los principales cambios y lo que tendr\u00e1s que hacer para gastar menos\" data-vars-post-url=\"https:\/\/www.xatakahome.com\/iluminacion-y-energia\/nueva-factura-luz-sera-realidad-junio-estos-principales-cambios-que-tendras-que-hacer-para-gastar\">nuevo formato de la factura de la luz<\/a> ha sido trasladar el uso de algunos de estos aparatos a las <strong>horas de madrugada<\/strong> para gastar menos, sobre todo de lavadoras y lavavajillas, puesto que las placas de cocina es m\u00e1s dif\u00edcil si llevamos un horario diurno.<\/p>\n<p><!-- BREAK 3 --><\/p>\n<div class=\"article-asset article-asset-normal article-asset-center\">\n<div class=\"desvio-container\">\n<div class=\"desvio\">\n<div class=\"desvio-figure js-desvio-figure\">\n    <a href=\"https:\/\/www.xatakahome.com\/iluminacion-y-energia\/tienes-esta-tarifa-gas-notaras-importante-rebaja-tu-factura-30-media-a-partir-este-mes-abril\" class=\"pivot-outboundlink\" data-vars-post-title=\"Si tienes esta tarifa del gas notar\u00e1s una importante rebaja en tu factura: un 30% de media a partir de este mes de abril \"><br \/>\n     <img loading=\"lazy\" decoding=\"async\" alt=\"Si tienes esta tarifa del gas notar\u00e1s una importante rebaja en tu factura: un 30% de media a partir de este mes de abril \" width=\"375\" height=\"142\" src=\"https:\/\/i.blogs.es\/442949\/1366_2000\/375_142.jpeg\"><br \/>\n    <\/a>\n   <\/div>\n<div class=\"desvio-summary\">\n<div class=\"desvio-taxonomy js-desvio-taxonomy\">\n     <a href=\"https:\/\/www.xatakahome.com\/iluminacion-y-energia\/tienes-esta-tarifa-gas-notaras-importante-rebaja-tu-factura-30-media-a-partir-este-mes-abril\" class=\"desvio-taxonomy-anchor pivot-outboundlink\" data-vars-post-title=\"Si tienes esta tarifa del gas notar\u00e1s una importante rebaja en tu factura: un 30% de media a partir de este mes de abril \">En Xataka Smart Home<\/a>\n    <\/div>\n<p>    <a href=\"https:\/\/www.xatakahome.com\/iluminacion-y-energia\/tienes-esta-tarifa-gas-notaras-importante-rebaja-tu-factura-30-media-a-partir-este-mes-abril\" class=\"desvio-title js-desvio-title pivot-outboundlink\" data-vars-post-title=\"Si tienes esta tarifa del gas notar\u00e1s una importante rebaja en tu factura: un 30% de media a partir de este mes de abril \">Si tienes esta tarifa del gas notar\u00e1s una importante rebaja en tu factura: un 30% de media a partir de este mes de abril <\/a>\n   <\/div>\n<\/p><\/div>\n<\/p><\/div>\n<\/div>\n<h2>El fr\u00edo invierno ha hecho que vuelva a merecer la pena<\/h2>\n<p>En el \u00faltimo a\u00f1o la verdad es que la diferencia entre franjas horarias se hab\u00eda desdibujado un poco, con madrugadas donde la luz era a veces m\u00e1s cara que en las horas centrales del d\u00eda gracias en parte a a la generaci\u00f3n solar en las horas centrales del d\u00eda.\u00a0<\/p>\n<p>Pero este duro invierno que estamos pasando ha hecho que las cosas cambien de nuevo y si tenemos una de estas tarifas indexadas como la regulada o PVPC <strong>vuelve a merecer la pena poner la lavadora de madrugada<\/strong>.<\/p>\n<p><!-- BREAK 4 --><\/p>\n<p>Para comprobarlo hemos recogido en una tabla los precios de la luz publicados en la <a rel=\"noopener, noreferrer\" href=\"https:\/\/www.esios.ree.es\/es\/pvpc?date=28-01-2026\">web de Red El\u00e9ctrica Espa\u00f1ola<\/a> en diferentes horarios (4:00, 14:00 y 21:00), para cubrir as\u00ed el tramo de la madrugada, el central del d\u00eda con precios m\u00e1s baratos y el de la tarde-noche con los precios m\u00e1s caros.<\/p>\n<p><!-- BREAK 5 --><\/p>\n<div class=\"article-asset-image article-asset-normal article-asset-center\">\n<div class=\"asset-content\">\n<div class=\"caption-img \">\n<p>   <img decoding=\"async\" alt=\"Tabla\" class=\"centro_sinmarco\" src=\"https:\/\/i.blogs.es\/5fc547\/tabla\/450_1000.jpeg\"><\/p>\n<p>        <span>Precio luz tarifa PVPC enero de 2026 por d\u00edas en tres horarios diferentes<\/span>\n   <\/div>\n<\/p><\/div>\n<\/div>\n<p>Como podemos observar en la tabla, la diferencia en el coste entre usar un aparato como por ejemplo una lavadora o un lavavajillas en horario de madrugada puede llegar a ser, dependiendo del d\u00eda, <strong>hasta cuatro veces menor<\/strong> que si elegimos el horario m\u00e1s caro que generalmente se sit\u00faa entre las 21:00-22:00 horas.\u00a0<\/p>\n<p><!-- BREAK 6 --><\/p>\n<p>Y sensiblemente inferior al de la otra franja m\u00e1s barata del d\u00eda, la situada a las 14:00 horas, sobre todo en los d\u00edas laborables, ya que en fines de semana los costes son muy parecidos.<\/p>\n<p><!-- BREAK 7 --><\/p>\n<div class=\"article-asset-video article-asset-normal\">\n<div class=\"asset-content\">\n<div class=\"base-asset-video\">\n<div class=\"js-dailymotion\">\n    <script type=\"application\/json\">\n                          {\"videoId\":\"x7znesx\",\"autoplay\":true,\"title\":\"Edificio de autoconsumo AS\u00cd FUNCIONAN - Paneles solares en bloques de pisos\", \"tag\":\"solar\", \"duration\":\"564\"}\n                  <\/script>\n   <\/div>\n<\/p><\/div>\n<\/p><\/div>\n<\/div>\n<p><strong>\u00bfSupone esto mucho ahorro?<\/strong> Pues si consideramos un consumo t\u00edpico de estos aparatos en modo ECO que ronde los <strong>1.000 vatios por cada uso<\/strong> y los ponemos a diario, estamos hablando en algunos casos dependiendo del d\u00eda de unos <strong>0,16 euros<\/strong>, lo que a final de mes puede suponer unos <strong>5 euros de ahorro<\/strong> por la lavadora y otro tanto por el lavavajillas.\u00a0<\/p>\n<p><!-- BREAK 8 --><\/p>\n<p>Cifras que aumentan a\u00fan m\u00e1s si tenemos un termo el\u00e9ctrico en casa y nos decidimos a encenderlo en esta franja de madrugada para tener el agua calentita al levantarnos. Estos aparatos tienen consumos de <strong>entre 1 y 2 kW por dep\u00f3sito<\/strong>, dependiendo de la temperatura elegida, por lo que el ahorro tambi\u00e9n puede rondar otros <strong>5-10 euros m\u00e1s a final de mes<\/strong> con respecto a la hora m\u00e1s cara del d\u00eda.<\/p>\n<p><!-- BREAK 9 --><\/p>\n<p>Imagen portada |\u00a0Jos\u00e9 Antonio Carmona<\/p>\n<p>En Xataka Smart Home | <a class=\"text-outboundlink\" href=\"https:\/\/www.xatakahome.com\/iluminacion-y-energia\/como-ver-internet-tiempo-real-cual-consumo-electricidad-que-tienes-casa\" data-vars-post-title=\"C\u00f3mo ver por Internet en tiempo real cu\u00e1l es el consumo de electricidad que est\u00e1s haciendo en casa\" data-vars-post-url=\"https:\/\/www.xatakahome.com\/iluminacion-y-energia\/como-ver-internet-tiempo-real-cual-consumo-electricidad-que-tienes-casa\">C\u00f3mo ver por Internet en tiempo real cu\u00e1l es el consumo de electricidad que est\u00e1s haciendo en casa<\/a><\/p>\n<p><script>\n (function() {\n  window._JS_MODULES = window._JS_MODULES || {};\n  var headElement = document.getElementsByTagName('head')[0];\n  if (_JS_MODULES.instagram) {\n   var instagramScript = document.createElement('script');\n   instagramScript.src = 'https:\/\/platform.instagram.com\/en_US\/embeds.js';\n   instagramScript.async = true;\n   instagramScript.defer = true;\n   headElement.appendChild(instagramScript);\n  }\n })();\n<\/script><\/p>\n<p> &#8211; <br \/> La noticia<br \/>\n      <a href=\"https:\/\/www.xatakahome.com\/iluminacion-y-energia\/poner-lavadora-lavavajillas-termo-madrugada-vuelve-a-compensar-esto-que-puedes-ahorrar-haces?utm_source=feedburner&amp;utm_medium=feed&amp;utm_campaign=03_Feb_2026\"><br \/>\n       <em> Poner la lavadora, el lavavajillas o el termo de madrugada vuelve a compensar. Esto es lo que puedes ahorrar si lo haces  <\/em><br \/>\n      <\/a><br \/>\n      fue publicada originalmente en<br \/>\n      <a href=\"https:\/\/www.xatakahome.com\/?utm_source=feedburner&amp;utm_medium=feed&amp;utm_campaign=03_Feb_2026\"><br \/>\n       <strong> Xataka Smart Home <\/strong><br \/>\n      <\/a><br \/>\n             por <a href=\"https:\/\/www.xatakahome.com\/autor\/paco-rodriguez?utm_source=feedburner&amp;utm_medium=feed&amp;utm_campaign=03_Feb_2026\"><br \/>\n        Paco Rodr\u00edguez<br \/>\n       <\/a><br \/>\n      . <\/p>\n<\/div>\n","protected":false},"excerpt":{"rendered":"<p>Si queremos pagar lo m\u00ednimo posible en la factura de la luz y tenemos una tarifa indexadas con discriminaci\u00f3n horaria, como la regulada o PVPC, escoger bien el horario en el que encendemos nuestros electrodom\u00e9sticos es clave, como pudimos comprobar cuando calculamos dicho ahorro con respecto a las horas m\u00e1s caras y m\u00e1s baratas del &hellip; <a href=\"https:\/\/domosistemas.com\/?p=31593\" class=\"more-link\">Sigue leyendo <span class=\"screen-reader-text\">Poner la lavadora, el lavavajillas o el termo de madrugada vuelve a compensar. Esto es lo que puedes ahorrar si lo haces<\/span><\/a><\/p>\n","protected":false},"author":1,"featured_media":0,"comment_status":"closed","ping_status":"closed","sticky":false,"template":"","format":"standard","meta":{"footnotes":""},"categories":[8],"tags":[],"class_list":["post-31593","post","type-post","status-publish","format-standard","hentry","category-xataka"],"_links":{"self":[{"href":"https:\/\/domosistemas.com\/index.php?rest_route=\/wp\/v2\/posts\/31593","targetHints":{"allow":["GET"]}}],"collection":[{"href":"https:\/\/domosistemas.com\/index.php?rest_route=\/wp\/v2\/posts"}],"about":[{"href":"https:\/\/domosistemas.com\/index.php?rest_route=\/wp\/v2\/types\/post"}],"author":[{"embeddable":true,"href":"https:\/\/domosistemas.com\/index.php?rest_route=\/wp\/v2\/users\/1"}],"replies":[{"embeddable":true,"href":"https:\/\/domosistemas.com\/index.php?rest_route=%2Fwp%2Fv2%2Fcomments&post=31593"}],"version-history":[{"count":0,"href":"https:\/\/domosistemas.com\/index.php?rest_route=\/wp\/v2\/posts\/31593\/revisions"}],"wp:attachment":[{"href":"https:\/\/domosistemas.com\/index.php?rest_route=%2Fwp%2Fv2%2Fmedia&parent=31593"}],"wp:term":[{"taxonomy":"category","embeddable":true,"href":"https:\/\/domosistemas.com\/index.php?rest_route=%2Fwp%2Fv2%2Fcategories&post=31593"},{"taxonomy":"post_tag","embeddable":true,"href":"https:\/\/domosistemas.com\/index.php?rest_route=%2Fwp%2Fv2%2Ftags&post=31593"}],"curies":[{"name":"wp","href":"https:\/\/api.w.org\/{rel}","templated":true}]}}