{"id":31611,"date":"2026-02-04T08:30:57","date_gmt":"2026-02-04T08:30:57","guid":{"rendered":"https:\/\/domosistemas.com\/?p=31611"},"modified":"2026-02-04T08:30:57","modified_gmt":"2026-02-04T08:30:57","slug":"el-temporal-nos-ha-dejado-claro-que-secar-la-ropa-en-casa-es-imposible-a-no-ser-que-tengas-un-electrodomestico-como-este","status":"publish","type":"post","link":"https:\/\/domosistemas.com\/?p=31611","title":{"rendered":"El temporal nos ha dejado claro que secar la ropa en casa es imposible, a no ser que tengas un electrodom\u00e9stico como este"},"content":{"rendered":"<div>\n<p>\n      <img decoding=\"async\" src=\"https:\/\/i.blogs.es\/ecb005\/secar-la-ropa-en-casa\/1024_2000.jpeg\" alt=\"El temporal nos ha dejado claro que secar la ropa en casa es imposible, a no ser que tengas un electrodom\u00e9stico como este \">\n    <\/p>\n<p>Llevamos semanas de lluvias casi todos los d\u00edas y esto hace que el cesto de la ropa sucia est\u00e9 desbordado en muchos hogares, ya que <a class=\"text-outboundlink\" href=\"https:\/\/www.xataka.com.mx\/home\/no-lavas-cuando-llueve-esta-manera-sencilla-secar-tu-ropa-dentro-casa\" data-vars-post-title=\"Secar ropa dentro de casa sin gastar luz: el m\u00e9todo infalible que usan en pa\u00edses n\u00f3rdicos\" data-vars-post-url=\"https:\/\/www.xataka.com.mx\/home\/no-lavas-cuando-llueve-esta-manera-sencilla-secar-tu-ropa-dentro-casa\">secar la ropa en casa<\/a> es una aut\u00e9ntica odisea. Si no sabes ya d\u00f3nde colgar la ropa para que se seque, quiz\u00e1 te interese esta <strong>lavasecadora Indesit<\/strong> que Carrefour tiene ahora rebajada. Antes costaba 599 euros, pero ahora est\u00e1 disponible por <a rel=\"nofollow, sponsored, noopener, noreferrer\" target=\"_blank\" class=\"js-ecommerce\" id=\"link-ecommerce-1\" href=\"https:\/\/www.xatakahome.com\/redirect?url=https%3A%2F%2Fwww.carrefour.es%2Flavasecadora-indesit-bde96435wkv-spt-9-kg-6-kg-carga-frontal-1400-rpm-eficiencia-d-blanco%2FVC4A-28027316%2Fp&amp;category=seleccion&amp;ecomPostExpiration=everlasting&amp;postId=121290\" data-vars-affiliate-url=\"https:\/\/www.carrefour.es\/lavasecadora-indesit-bde96435wkv-spt-9-kg-6-kg-carga-frontal-1400-rpm-eficiencia-d-blanco\/VC4A-28027316\/p\">398,65 euros<\/a>.<\/p>\n<p><!-- BREAK 1 --><br \/>\n<esi:include src=\"\/modules\/pivot-ecommerce\/27622?ecommerce_expiration=everlasting&amp;category=seleccion&amp;postId=121290&amp;post_type=normal\"><\/esi:include><\/p>\n<h2>Una lavasecadora con gran capacidad y programaci\u00f3n diferida<\/h2>\n<div class=\"article-asset-image article-asset-normal article-asset-center\">\n<div class=\"asset-content\">\n                    <a rel=\"nofollow, sponsored, noopener, noreferrer\" target=\"_blank\" class=\"js-ecommerce\" id=\"link-ecommerce-2\" href=\"https:\/\/www.xatakahome.com\/redirect?url=https%3A%2F%2Fwww.carrefour.es%2Flavasecadora-indesit-bde96435wkv-spt-9-kg-6-kg-carga-frontal-1400-rpm-eficiencia-d-blanco%2FVC4A-28027316%2Fp&amp;category=seleccion&amp;ecomPostExpiration=everlasting&amp;postId=121290\" data-vars-affiliate-url=\"https:\/\/www.carrefour.es\/lavasecadora-indesit-bde96435wkv-spt-9-kg-6-kg-carga-frontal-1400-rpm-eficiencia-d-blanco\/VC4A-28027316\/p\"><\/p>\n<p>    <img decoding=\"async\" alt=\"Lavasecadora Indesit\" class=\"centro_sinmarco\" src=\"https:\/\/i.blogs.es\/9343a9\/lavasecadora-indesit\/450_1000.jpeg\"><br \/>\n     <\/a><\/p><\/div>\n<\/div>\n<p>Este electrodom\u00e9stico es una buena inversi\u00f3n si, en estos momentos, estabas pensando cambiar de <strong>lavadora<\/strong> porque la tuya se estrope\u00f3 o bien si, tras todos estos d\u00edas de lluvia, has pensado en adquirir una <strong>secadora<\/strong>, ya que combina las dos funciones en un mismo dispositivo.\u00a0<\/p>\n<p><!-- BREAK 2 --><\/p>\n<p>La capacidad de lavado que presenta es de 9 kg mientras que la capacidad de secado que ofrece es de 6 kg. Adem\u00e1s, gracias a su motor de alta eficiencia y su <strong>velocidad de centrifugado de hasta 1.400 rpm<\/strong> garantizan prendas limpias y secas en menos tiempo, facilitando adem\u00e1s su planchado.<\/p>\n<div class=\"article-asset article-asset-normal article-asset-center\">\n<div class=\"desvio-container\">\n<div class=\"desvio\">\n<div class=\"desvio-figure js-desvio-figure\">\n    <a href=\"https:\/\/www.xataka.com\/seleccion\/liquidacion-gama-alta-carrefour-esta-bestia-lg-miniled-65-pulgadas-cae-precio-trae-cupon-100-euros\" class=\"pivot-outboundlink\" target=\"_blank\" data-vars-post-title=\"Liquidaci\u00f3n de gama alta en Carrefour: esta bestia LG MiniLED de 65 pulgadas cae de precio y trae un cup\u00f3n de m\u00e1s de 100 euros\"><br \/>\n     <img loading=\"lazy\" decoding=\"async\" alt=\"Liquidaci\u00f3n de gama alta en Carrefour: esta bestia LG MiniLED de 65 pulgadas cae de precio y trae un cup\u00f3n de m\u00e1s de 100 euros\" width=\"375\" height=\"142\" src=\"https:\/\/i.blogs.es\/021793\/teles-carrefour-12-\/375_142.jpeg\"><br \/>\n    <\/a>\n   <\/div>\n<div class=\"desvio-summary\">\n<div class=\"desvio-taxonomy js-desvio-taxonomy\">\n     <a href=\"https:\/\/www.xataka.com\/seleccion\/liquidacion-gama-alta-carrefour-esta-bestia-lg-miniled-65-pulgadas-cae-precio-trae-cupon-100-euros\" class=\"desvio-taxonomy-anchor pivot-outboundlink m-crosspost\" target=\"_blank\" data-vars-post-title=\"Liquidaci\u00f3n de gama alta en Carrefour: esta bestia LG MiniLED de 65 pulgadas cae de precio y trae un cup\u00f3n de m\u00e1s de 100 euros\">En Xataka<\/a>\n    <\/div>\n<p>    <a href=\"https:\/\/www.xataka.com\/seleccion\/liquidacion-gama-alta-carrefour-esta-bestia-lg-miniled-65-pulgadas-cae-precio-trae-cupon-100-euros\" class=\"desvio-title js-desvio-title pivot-outboundlink\" target=\"_blank\" data-vars-post-title=\"Liquidaci\u00f3n de gama alta en Carrefour: esta bestia LG MiniLED de 65 pulgadas cae de precio y trae un cup\u00f3n de m\u00e1s de 100 euros\">Liquidaci\u00f3n de gama alta en Carrefour: esta bestia LG MiniLED de 65 pulgadas cae de precio y trae un cup\u00f3n de m\u00e1s de 100 euros<\/a>\n   <\/div>\n<\/p><\/div>\n<\/p><\/div>\n<\/div>\n<div class=\"article-asset-video article-asset-normal\">\n<div class=\"asset-content\">\n<div class=\"base-asset-video\">\n<div class=\"js-dailymotion\">\n    <script type=\"application\/json\">\n                          {\"videoId\":\"x80um4t\",\"autoplay\":true,\"title\":\"Las neveras y lavadoras M\u00c1S LOCAS y CARAS del IFA 2019\", \"tag\":\"lavadora\"}\n                  <\/script>\n   <\/div>\n<\/p><\/div>\n<\/p><\/div>\n<\/div>\n<p>Incorpora tambi\u00e9n un display LED y cuenta con una funci\u00f3n muy interesante, la de <strong>programaci\u00f3n diferida<\/strong>, para que as\u00ed puedas programar el lavado y\/o secado seg\u00fan el horario que establezcas. Asimismo, esta <a class=\"text-outboundlink\" href=\"https:\/\/www.xatakahome.com\/hogar\/lavadora-secadora-no-solo-vale-para-lavar-secar-ropa-algunas-tienen-programas-funciones-muy-utiles-para-nuestra-colada\" data-vars-post-title=\"Pensaba que una lavadora secadora solo sirve para lavar y secar la ropa, pero algunas tienen adem\u00e1s funciones extra muy \u00fatiles \" data-vars-post-url=\"https:\/\/www.xatakahome.com\/hogar\/lavadora-secadora-no-solo-vale-para-lavar-secar-ropa-algunas-tienen-programas-funciones-muy-utiles-para-nuestra-colada\">lavasecadora<\/a> ofrece programas especializados para poder cuidar tus prendas m\u00e1s delicadas.<\/p>\n<p><!-- BREAK 3 --><\/p>\n<p>Su puerta es de gran apertura (en un \u00e1ngulo de 90\u00ba), por lo que podr\u00e1s meter y sacar de la lavasecadora, con facilidad, incluso las prendas m\u00e1s voluminosas. Por \u00faltimo, destacar que incorpora un <strong>modo Eco<\/strong>, para que as\u00ed usar este electrodom\u00e9stico no suponga un coste extra en tu factura de la luz.<\/p>\n<h2>Y si no quieres gastar tanto, estos tendederos el\u00e9ctricos tambi\u00e9n te pueden venir muy bien<\/h2>\n<p><esi:include src=\"\/modules\/pivot-ecommerce\/27624?ecommerce_expiration=everlasting&amp;category=seleccion&amp;postId=121290&amp;post_type=normal\"><\/esi:include><esi:include src=\"\/modules\/pivot-ecommerce\/27625?ecommerce_expiration=everlasting&amp;category=seleccion&amp;postId=121290&amp;post_type=normal\"><\/esi:include><\/p>\n<p><em>Nota: algunos de los enlaces aqu\u00ed publicados son de afiliados y pueden reportar un beneficio.<\/em><\/p>\n<p>Im\u00e1genes | Freepik<\/p>\n<p>En Xataka Smart Home | <a class=\"text-outboundlink\" href=\"https:\/\/www.xatakahome.com\/seleccion\/cinco-tendederos-electricos-plegables-que-seguir-tecnica-japonesa-secar-ropa-casa\" data-vars-post-title=\"Cinco tendederos el\u00e9ctricos plegables con los que seguir la t\u00e9cnica japonesa de secar la ropa en casa \" data-vars-post-url=\"https:\/\/www.xatakahome.com\/seleccion\/cinco-tendederos-electricos-plegables-que-seguir-tecnica-japonesa-secar-ropa-casa\">Cinco tendederos el\u00e9ctricos plegables con los que seguir la t\u00e9cnica japonesa de secar la ropa en casa<\/a><\/p>\n<p>En Xataka Smart Home | <a class=\"text-outboundlink\" href=\"https:\/\/www.xatakahome.com\/seleccion\/miedo-a-lluvia-este-invierno-estos-cinco-tendederos-electricos-clave-para-secar-tu-ropa\" data-vars-post-title=\"Sin miedo a la lluvia este invierno: estos cinco tendederos el\u00e9ctricos son la clave para secar tu ropa  \" data-vars-post-url=\"https:\/\/www.xatakahome.com\/seleccion\/miedo-a-lluvia-este-invierno-estos-cinco-tendederos-electricos-clave-para-secar-tu-ropa\">Sin miedo a la lluvia este invierno: estos cinco tendederos el\u00e9ctricos son la clave para secar tu ropa<\/a><\/p>\n<p><script>\n (function() {\n  window._JS_MODULES = window._JS_MODULES || {};\n  var headElement = document.getElementsByTagName('head')[0];\n  if (_JS_MODULES.instagram) {\n   var instagramScript = document.createElement('script');\n   instagramScript.src = 'https:\/\/platform.instagram.com\/en_US\/embeds.js';\n   instagramScript.async = true;\n   instagramScript.defer = true;\n   headElement.appendChild(instagramScript);\n  }\n })();\n<\/script><\/p>\n<p> &#8211; <br \/> La noticia<br \/>\n      <a href=\"https:\/\/www.xatakahome.com\/seleccion\/temporal-nos-ha-dejado-claro-que-secar-ropa-casa-imposible-a-no-ser-que-tengas-electrodomestico-como-este?utm_source=feedburner&amp;utm_medium=feed&amp;utm_campaign=04_Feb_2026\"><br \/>\n       <em> El temporal nos ha dejado claro que secar la ropa en casa es imposible, a no ser que tengas un electrodom\u00e9stico como este  <\/em><br \/>\n      <\/a><br \/>\n      fue publicada originalmente en<br \/>\n      <a href=\"https:\/\/www.xatakahome.com\/?utm_source=feedburner&amp;utm_medium=feed&amp;utm_campaign=04_Feb_2026\"><br \/>\n       <strong> Xataka Smart Home <\/strong><br \/>\n      <\/a><br \/>\n             por <a href=\"https:\/\/www.xatakahome.com\/autor\/fran-leon?utm_source=feedburner&amp;utm_medium=feed&amp;utm_campaign=04_Feb_2026\"><br \/>\n        Fran Le\u00f3n<br \/>\n       <\/a><br \/>\n      . <\/p>\n<\/div>\n","protected":false},"excerpt":{"rendered":"<p>Llevamos semanas de lluvias casi todos los d\u00edas y esto hace que el cesto de la ropa sucia est\u00e9 desbordado en muchos hogares, ya que secar la ropa en casa es una aut\u00e9ntica odisea. Si no sabes ya d\u00f3nde colgar la ropa para que se seque, quiz\u00e1 te interese esta lavasecadora Indesit que Carrefour tiene &hellip; <a href=\"https:\/\/domosistemas.com\/?p=31611\" class=\"more-link\">Sigue leyendo <span class=\"screen-reader-text\">El temporal nos ha dejado claro que secar la ropa en casa es imposible, a no ser que tengas un electrodom\u00e9stico como este<\/span><\/a><\/p>\n","protected":false},"author":1,"featured_media":0,"comment_status":"closed","ping_status":"closed","sticky":false,"template":"","format":"standard","meta":{"footnotes":""},"categories":[8],"tags":[],"class_list":["post-31611","post","type-post","status-publish","format-standard","hentry","category-xataka"],"_links":{"self":[{"href":"https:\/\/domosistemas.com\/index.php?rest_route=\/wp\/v2\/posts\/31611","targetHints":{"allow":["GET"]}}],"collection":[{"href":"https:\/\/domosistemas.com\/index.php?rest_route=\/wp\/v2\/posts"}],"about":[{"href":"https:\/\/domosistemas.com\/index.php?rest_route=\/wp\/v2\/types\/post"}],"author":[{"embeddable":true,"href":"https:\/\/domosistemas.com\/index.php?rest_route=\/wp\/v2\/users\/1"}],"replies":[{"embeddable":true,"href":"https:\/\/domosistemas.com\/index.php?rest_route=%2Fwp%2Fv2%2Fcomments&post=31611"}],"version-history":[{"count":0,"href":"https:\/\/domosistemas.com\/index.php?rest_route=\/wp\/v2\/posts\/31611\/revisions"}],"wp:attachment":[{"href":"https:\/\/domosistemas.com\/index.php?rest_route=%2Fwp%2Fv2%2Fmedia&parent=31611"}],"wp:term":[{"taxonomy":"category","embeddable":true,"href":"https:\/\/domosistemas.com\/index.php?rest_route=%2Fwp%2Fv2%2Fcategories&post=31611"},{"taxonomy":"post_tag","embeddable":true,"href":"https:\/\/domosistemas.com\/index.php?rest_route=%2Fwp%2Fv2%2Ftags&post=31611"}],"curies":[{"name":"wp","href":"https:\/\/api.w.org\/{rel}","templated":true}]}}