{"id":31631,"date":"2026-02-05T09:00:57","date_gmt":"2026-02-05T09:00:57","guid":{"rendered":"https:\/\/domosistemas.com\/?p=31631"},"modified":"2026-02-05T09:00:57","modified_gmt":"2026-02-05T09:00:57","slug":"si-tienes-un-contrato-de-alquiler-de-renta-antigua-ojo-al-plazo-de-los-seis-meses-te-pueden-echar-de-casa","status":"publish","type":"post","link":"https:\/\/domosistemas.com\/?p=31631","title":{"rendered":"Si tienes un contrato de alquiler de renta antigua ojo al plazo de los seis meses: te pueden echar de casa"},"content":{"rendered":"<div>\n<p>\n      <img decoding=\"async\" src=\"https:\/\/i.blogs.es\/c891a3\/captura-de-pantalla-2026-02-04-a-las-13.09.37\/1024_2000.jpeg\" alt=\"Si tienes un contrato de alquiler de renta antigua ojo al plazo de los seis meses: te pueden echar de casa\">\n    <\/p>\n<p>Vivir en un piso de alquiler cada vez es m\u00e1s dif\u00edcil. Las mensualidades no dejan de subir, pese a las medidas que apruebe el gobierno de turno. De esa escalada se salvan, en parte, los contratos de renta antigua, pero con una condici\u00f3n importante: hay <strong>plazos y requisitos<\/strong> que, si no se cumplen, pueden hacer que el contrato se extinga y <a class=\"text-outboundlink\" href=\"https:\/\/www.xatakahome.com\/hogar\/esta-familia-tenia-contrato-alquiler-asi-echaron-piso-este-fue-problema\" data-vars-post-title=\"Esta familia ten\u00eda un contrato de alquiler, pero a\u00fan as\u00ed los echaron del piso: este fue el problema\" data-vars-post-url=\"https:\/\/www.xatakahome.com\/hogar\/esta-familia-tenia-contrato-alquiler-asi-echaron-piso-este-fue-problema\">terminar en la calle<\/a>.<\/p>\n<p><!-- BREAK 1 --><\/p>\n<p>Eso es, precisamente, lo que ha ocurrido en Sevilla. La inquilina de una vivienda con renta antigua se ha encontrado con una realidad que muchos desconocen: <strong>existe un l\u00edmite que puede poner fin al alquiler<\/strong> si la vivienda permanece desocupada, y el <a class=\"text-outboundlink\" href=\"https:\/\/www.xatakahome.com\/hogar\/despues-nueve-anos-supremo-declara-ilegal-que-hizo-piso-ordena-que-derribe-no-sirvio-aprobacion-junta\" data-vars-post-title=\"Denunciaron en 2017 y en 2025 el Supremo decide: debe demoler la obra que hizo en el piso aprobada por la comunidad\" data-vars-post-url=\"https:\/\/www.xatakahome.com\/hogar\/despues-nueve-anos-supremo-declara-ilegal-que-hizo-piso-ordena-que-derribe-no-sirvio-aprobacion-junta\">Tribunal Supremo<\/a> se lo ha recordado con una sentencia.<\/p>\n<p><!-- BREAK 2 --><\/p>\n<h2>Lo que dice la Ley<\/h2>\n<div class=\"article-asset-image article-asset-large article-asset-center\">\n<div class=\"asset-content\">\n<div class=\"caption-img \">\n<p>   <img decoding=\"async\" alt=\"Supremo\" class=\"\" src=\"https:\/\/i.blogs.es\/3f15de\/supremo\/450_1000.jpeg\"><\/p>\n<p>        <span>Imagen | Google Maps<\/span>\n   <\/div>\n<\/p><\/div>\n<\/div>\n<p>En su resoluci\u00f3n (puede consultarse en <a rel=\"noopener, noreferrer\" href=\"https:\/\/www.poderjudicial.es\/search\/AN\/openDocument\/92ed17515f0fd61aa0a8778d75e36f0d\/20260122\">este enlace<\/a>), el Supremo pone orden en un caso t\u00edpico de estos contratos \u201cbaratos\u201d y antiguos: viene a decir que el alquiler <strong>est\u00e1 pensado para que <\/strong><strong>viva el titular<\/strong>, no para que se reserve o se ceda de facto a familiares si quien figura como inquilino ya no reside all\u00ed.<\/p>\n<p><!-- BREAK 3 --><\/p>\n<div class=\"article-asset-video article-asset-normal\">\n<div class=\"asset-content\">\n<div class=\"base-asset-video\">\n<div class=\"js-dailymotion\">\n    <script type=\"application\/json\">\n                          {\"videoId\":\"x7znesx\",\"autoplay\":true,\"title\":\"Edificio de autoconsumo AS\u00cd FUNCIONAN - Paneles solares en bloques de pisos\", \"tag\":\"solar\", \"duration\":\"564\"}\n                  <\/script>\n   <\/div>\n<\/p><\/div>\n<\/p><\/div>\n<\/div>\n<p>En este asunto, la propietaria pidi\u00f3 que se diera por terminado el contrato porque el inquilino <strong>ya no viv\u00eda en la vivienda<\/strong>: resid\u00eda en otra ciudad y, seg\u00fan aleg\u00f3, el piso de Sevilla hab\u00eda estado <strong>desocupado m\u00e1s de seis meses en un a\u00f1o<\/strong>. Y esto es clave: bajo la <a rel=\"noopener, noreferrer\" href=\"https:\/\/www.boe.es\/buscar\/act.php?id=BOE-A-1994-26003\">Ley de Arrendamientos Urbanos<\/a> (LAU) de 1964, esa situaci\u00f3n puede ser motivo para cortar la pr\u00f3rroga forzosa.<\/p>\n<p><!-- BREAK 4 --><\/p>\n<p><strong>Seg\u00fan el art. 62.3 de la LAU<\/strong>: <em>\u201cNo tendr\u00e1 derecho el inquilino o arrendatario a la pr\u00f3rroga legal en los siguientes casos: (&#8230;) Cuando la vivienda no est\u00e9 ocupada durante m\u00e1s de seis meses en el curso de un a\u00f1o, o el local de negocio permanezca cerrado por plazo igual, a menos que la desocupaci\u00f3n o cierre obedezca a justa causa\u201d<\/em>. Y, <strong>conforme al art. 114.11 de la LAU<\/strong>: <em>\u201cEl contrato de arrendamiento urbano, lo sea de vivienda o de local de negocio, podr\u00e1 resolverse a instancia del arrendador por alguna de las causas siguientes: (&#8230;) Por no cumplirse los requisitos o no reunirse las circunstancias exigidas en el cap\u00edtulo s\u00e9ptimo para la pr\u00f3rroga forzosa del contrato o por concurrir alguna de las causas de denegaci\u00f3n de la misma se\u00f1aladas en el art\u00edculo 62\u201d.<\/em><\/p>\n<p><!-- BREAK 5 --><\/p>\n<div class=\"article-asset article-asset-normal article-asset-center\">\n<div class=\"desvio-container\">\n<div class=\"desvio\">\n<div class=\"desvio-figure js-desvio-figure\">\n    <a href=\"https:\/\/www.xatakahome.com\/hogar\/aviso-definitivo-ocu-para-inquilinos-quien-paga-reparacion-calefaccion-vives-alquiler\" class=\"pivot-outboundlink\" data-vars-post-title=\"La OCU aclara lo qu\u00e9 pasa si vives de alquiler con el gasto extra de calefacci\u00f3n: solo debes pagar en un caso\"><br \/>\n     <img loading=\"lazy\" decoding=\"async\" alt=\"La OCU aclara lo qu\u00e9 pasa si vives de alquiler con el gasto extra de calefacci\u00f3n: solo debes pagar en un caso\" width=\"375\" height=\"142\" src=\"https:\/\/i.blogs.es\/5c832f\/alquiler\/375_142.jpeg\"><br \/>\n    <\/a>\n   <\/div>\n<div class=\"desvio-summary\">\n<div class=\"desvio-taxonomy js-desvio-taxonomy\">\n     <a href=\"https:\/\/www.xatakahome.com\/hogar\/aviso-definitivo-ocu-para-inquilinos-quien-paga-reparacion-calefaccion-vives-alquiler\" class=\"desvio-taxonomy-anchor pivot-outboundlink\" data-vars-post-title=\"La OCU aclara lo qu\u00e9 pasa si vives de alquiler con el gasto extra de calefacci\u00f3n: solo debes pagar en un caso\">En Xataka Smart Home<\/a>\n    <\/div>\n<p>    <a href=\"https:\/\/www.xatakahome.com\/hogar\/aviso-definitivo-ocu-para-inquilinos-quien-paga-reparacion-calefaccion-vives-alquiler\" class=\"desvio-title js-desvio-title pivot-outboundlink\" data-vars-post-title=\"La OCU aclara lo qu\u00e9 pasa si vives de alquiler con el gasto extra de calefacci\u00f3n: solo debes pagar en un caso\">La OCU aclara lo qu\u00e9 pasa si vives de alquiler con el gasto extra de calefacci\u00f3n: solo debes pagar en un caso<\/a>\n   <\/div>\n<\/p><\/div>\n<\/p><\/div>\n<\/div>\n<p><strong>El caso termin\u00f3 en los tribunales.<\/strong> El inquilino se defendi\u00f3 afirmando que la vivienda s\u00ed se utilizaba, ya que la ocupaba su hija mientras estudiaba en la Universidad de Sevilla. El juzgado de primera instancia dio la raz\u00f3n a la propietaria y declar\u00f3 resuelto el contrato, pero la Audiencia Provincial revoc\u00f3 esa decisi\u00f3n al considerar suficiente el uso por parte de la hija por motivos de estudios, aunque el titular no residiera all\u00ed de forma permanente.<\/p>\n<p><!-- BREAK 6 --><\/p>\n<div class=\"article-asset-summary article-asset-normal article-asset-center\">\n<div class=\"asset-content\">\n<div class=\"sumario\">La ley dice que si el inquilino titular no ocupa la casa durante m\u00e1s de 6 meses al a\u00f1o (sin una causa justificada), el due\u00f1o puede romper el contrato<\/div>\n<\/p><\/div>\n<\/div>\n<p>Con esta decisi\u00f3n el asunto termin\u00f3 en el Tribunal Supremo en un recurso de casaci\u00f3n y el \u00f3rgano judicial ha determinado todo lo contrario: <strong>no vale con tener intenci\u00f3n de que la use un hija<\/strong>. Para que esa ocupaci\u00f3n por la hija \u201csalve\u201d el contrato, el inquilino ten\u00eda que <strong>acreditar bien<\/strong> dos cosas:<\/p>\n<p><!-- BREAK 7 --><\/p>\n<ol>\n<li value=\"1\">Que la vivienda realmente <strong>cubr\u00eda una necesidad estable de vivienda<\/strong> de la hija (no algo parecido a un uso \u201cde temporada\u201d por el curso), y<\/li>\n<li value=\"2\">Que la hija era <strong>econ\u00f3micamente dependiente<\/strong> de \u00e9l.<\/li>\n<\/ol>\n<p>Y aqu\u00ed viene lo clave: <strong>esa prueba le tocaba aportarla al inquilino<\/strong>, y el Supremo dice que <strong>no lo hizo<\/strong>. Adem\u00e1s, la propia Audiencia no consider\u00f3 probado que el inquilino hubiera ocupado la vivienda durante esos seis meses; lo que s\u00ed ve\u00eda probado es que quien estaba all\u00ed era la hija.\u00a0<\/p>\n<p>En este caso lo que pas\u00f3 es que el due\u00f1o demostr\u00f3 que la inquilina no viv\u00eda all\u00ed y con ese panorama, el Supremo aprob\u00f3<strong> la causa legal para denegar la pr\u00f3rroga y resolver el contrato<\/strong>.\u00a0<\/p>\n<p><!-- BREAK 8 --><\/p>\n<p>Imagen portada |\u00a0<a rel=\"noopener, noreferrer\" href=\"https:\/\/afectadosporlahipoteca.com\/2022\/06\/07\/nuevos-datos-del-cgpj-11-072-familias-en-todo-el-estado-han-sido-desahuciadas-de-sus-casas-en-el-1r-trimestre-2022\/\">Afectados por la hipoteca<\/a><\/p>\n<p>V\u00eda | <a rel=\"noopener, noreferrer\" href=\"https:\/\/www.economistjurist.es\/actualidad-juridica\/jurisprudencia\/un-inquilino-con-renta-antigua-no-tiene-derecho-a-conservar-el-contrato-de-alquiler-si-la-vivienda-pasa-a-ser-ocupada-por-su-hija\/\">Economist&amp;Jurist<\/a><\/p>\n<p>En Xataka SmartHome | <a class=\"text-outboundlink\" href=\"https:\/\/www.xatakahome.com\/hogar\/vivia-alquiler-propietario-le-dijo-que-tenia-que-pagar-ibi-tasa-basuras-esto-que-dictamino-justicia\" data-vars-post-title=\"Si pensabas que por vivir de alquiler te librabas de pagar el IBI y la tasa de basuras, esto es lo que dice la Ley\" data-vars-post-url=\"https:\/\/www.xatakahome.com\/hogar\/vivia-alquiler-propietario-le-dijo-que-tenia-que-pagar-ibi-tasa-basuras-esto-que-dictamino-justicia\" target=\"_blank\">Si pensabas que por vivir de alquiler te librabas de pagar el IBI y la tasa de basuras, esto es lo que dice la Ley<\/a><\/p>\n<p><script>\n (function() {\n  window._JS_MODULES = window._JS_MODULES || {};\n  var headElement = document.getElementsByTagName('head')[0];\n  if (_JS_MODULES.instagram) {\n   var instagramScript = document.createElement('script');\n   instagramScript.src = 'https:\/\/platform.instagram.com\/en_US\/embeds.js';\n   instagramScript.async = true;\n   instagramScript.defer = true;\n   headElement.appendChild(instagramScript);\n  }\n })();\n<\/script><\/p>\n<p> &#8211; <br \/> La noticia<br \/>\n      <a href=\"https:\/\/www.xatakahome.com\/hogar\/tienes-contrato-renta-antigua-ojo-al-plazo-seis-meses-te-pueden-echar-casa?utm_source=feedburner&amp;utm_medium=feed&amp;utm_campaign=05_Feb_2026\"><br \/>\n       <em> Si tienes un contrato de alquiler de renta antigua ojo al plazo de los seis meses: te pueden echar de casa <\/em><br \/>\n      <\/a><br \/>\n      fue publicada originalmente en<br \/>\n      <a href=\"https:\/\/www.xatakahome.com\/?utm_source=feedburner&amp;utm_medium=feed&amp;utm_campaign=05_Feb_2026\"><br \/>\n       <strong> Xataka Smart Home <\/strong><br \/>\n      <\/a><br \/>\n             por <a href=\"https:\/\/www.xatakahome.com\/autor\/jose-antonio-carmona?utm_source=feedburner&amp;utm_medium=feed&amp;utm_campaign=05_Feb_2026\"><br \/>\n        Jose Antonio Carmona<br \/>\n       <\/a><br \/>\n      . <\/p>\n<\/div>\n","protected":false},"excerpt":{"rendered":"<p>Vivir en un piso de alquiler cada vez es m\u00e1s dif\u00edcil. Las mensualidades no dejan de subir, pese a las medidas que apruebe el gobierno de turno. De esa escalada se salvan, en parte, los contratos de renta antigua, pero con una condici\u00f3n importante: hay plazos y requisitos que, si no se cumplen, pueden hacer &hellip; <a href=\"https:\/\/domosistemas.com\/?p=31631\" class=\"more-link\">Sigue leyendo <span class=\"screen-reader-text\">Si tienes un contrato de alquiler de renta antigua ojo al plazo de los seis meses: te pueden echar de casa<\/span><\/a><\/p>\n","protected":false},"author":1,"featured_media":0,"comment_status":"closed","ping_status":"closed","sticky":false,"template":"","format":"standard","meta":{"footnotes":""},"categories":[8],"tags":[],"class_list":["post-31631","post","type-post","status-publish","format-standard","hentry","category-xataka"],"_links":{"self":[{"href":"https:\/\/domosistemas.com\/index.php?rest_route=\/wp\/v2\/posts\/31631","targetHints":{"allow":["GET"]}}],"collection":[{"href":"https:\/\/domosistemas.com\/index.php?rest_route=\/wp\/v2\/posts"}],"about":[{"href":"https:\/\/domosistemas.com\/index.php?rest_route=\/wp\/v2\/types\/post"}],"author":[{"embeddable":true,"href":"https:\/\/domosistemas.com\/index.php?rest_route=\/wp\/v2\/users\/1"}],"replies":[{"embeddable":true,"href":"https:\/\/domosistemas.com\/index.php?rest_route=%2Fwp%2Fv2%2Fcomments&post=31631"}],"version-history":[{"count":0,"href":"https:\/\/domosistemas.com\/index.php?rest_route=\/wp\/v2\/posts\/31631\/revisions"}],"wp:attachment":[{"href":"https:\/\/domosistemas.com\/index.php?rest_route=%2Fwp%2Fv2%2Fmedia&parent=31631"}],"wp:term":[{"taxonomy":"category","embeddable":true,"href":"https:\/\/domosistemas.com\/index.php?rest_route=%2Fwp%2Fv2%2Fcategories&post=31631"},{"taxonomy":"post_tag","embeddable":true,"href":"https:\/\/domosistemas.com\/index.php?rest_route=%2Fwp%2Fv2%2Ftags&post=31631"}],"curies":[{"name":"wp","href":"https:\/\/api.w.org\/{rel}","templated":true}]}}