{"id":31633,"date":"2026-02-05T11:00:57","date_gmt":"2026-02-05T11:00:57","guid":{"rendered":"https:\/\/domosistemas.com\/?p=31633"},"modified":"2026-02-05T11:00:57","modified_gmt":"2026-02-05T11:00:57","slug":"tanta-lluvia-y-temporal-tienen-por-fin-algo-bueno-el-precio-de-la-luz-esta-bajando-aunque-todavia-no-lo-notes-en-casa","status":"publish","type":"post","link":"https:\/\/domosistemas.com\/?p=31633","title":{"rendered":"Tanta lluvia y temporal tienen por fin algo bueno: el precio de la luz est\u00e1 bajando, aunque todav\u00eda no lo notes en casa"},"content":{"rendered":"<div>\n<p>\n      <img decoding=\"async\" src=\"https:\/\/i.blogs.es\/185280\/lala-azizli-cwhcjllhhq8-unsplash\/1024_2000.jpeg\" alt=\"Tanta lluvia y temporal tienen por fin algo bueno: el precio de la luz est\u00e1 bajando, aunque todav\u00eda no lo notes en casa \">\n    <\/p>\n<p>Se va un temporal y llega otro casi sin dar tiempo a ver alg\u00fan rayo de sol esquivo en el cielo, lo cual tiene sus inconvenientes con <a class=\"text-outboundlink\" href=\"https:\/\/www.xatakahome.com\/hogar\/temporal-lluvia-viento-me-ha-danado-casa-que-tiene-que-tener-mi-seguro-para-poder-reclamar-como-hacerlo\" data-vars-post-title=\"Quiero reclamar al seguro por los destrozos del temporal para no perder dinero: esto es lo que debo mirar\" data-vars-post-url=\"https:\/\/www.xatakahome.com\/hogar\/temporal-lluvia-viento-me-ha-danado-casa-que-tiene-que-tener-mi-seguro-para-poder-reclamar-como-hacerlo\">problemas de inundaciones, goteras y humedades en casa<\/a>, pero parece que tambi\u00e9n hay algo de luz en el t\u00fanel con una ventaja para los consumidores: <strong>el precio de la luz est\u00e1 bajando.<\/strong><\/p>\n<p><!-- BREAK 1 --><\/p>\n<p>Si bien es cierto que en los \u00faltimos a\u00f1os ha sido la producci\u00f3n solar la que ayudaba a bajar el coste el\u00e9ctrico de las facturas en las horas centrales del d\u00eda, con el cielo tan tapado estas semanas est\u00e1 habiendo otras dos fuerzas impulsoras que van poco a poco rebajando el coste de la electricidad que consumimos, siempre que tengamos una<a class=\"text-outboundlink\" href=\"https:\/\/www.xatakahome.com\/iluminacion-y-energia\/tarifas-luz-baratas-para-empezar-febrero-2026-ahorrando-asi-queda-pvpc-respecto-al-mercado-libre\" data-vars-post-title=\"Las tarifas de la luz m\u00e1s baratas para empezar febrero de 2026 ahorrando: as\u00ed queda la PVPC con respecto al mercado libre \" data-vars-post-url=\"https:\/\/www.xatakahome.com\/iluminacion-y-energia\/tarifas-luz-baratas-para-empezar-febrero-2026-ahorrando-asi-queda-pvpc-respecto-al-mercado-libre\">\u00a0tarifa indexada como la PVPC,<\/a> claro. <strong>Si somos de tarifa plana nos perdemos el ahorro.<\/strong><\/p>\n<div class=\"article-asset article-asset-normal article-asset-center\">\n<div class=\"desvio-container\">\n<div class=\"desvio\">\n<div class=\"desvio-figure js-desvio-figure\">\n    <a href=\"https:\/\/www.xatakahome.com\/iluminacion-y-energia\/tarifas-luz-baratas-para-empezar-febrero-2026-ahorrando-asi-queda-pvpc-respecto-al-mercado-libre\" class=\"pivot-outboundlink\" data-vars-post-title=\"Las tarifas de la luz m\u00e1s baratas para empezar febrero de 2026 ahorrando: as\u00ed queda la PVPC con respecto al mercado libre \"><br \/>\n     <img loading=\"lazy\" decoding=\"async\" alt=\"Las tarifas de la luz m\u00e1s baratas para empezar febrero de 2026 ahorrando: as\u00ed queda la PVPC con respecto al mercado libre \" width=\"375\" height=\"142\" src=\"https:\/\/i.blogs.es\/71eacf\/giorgio-trovato-z36biyqrvj8-unsplash\/375_142.jpeg\"><br \/>\n    <\/a>\n   <\/div>\n<div class=\"desvio-summary\">\n<div class=\"desvio-taxonomy js-desvio-taxonomy\">\n     <a href=\"https:\/\/www.xatakahome.com\/iluminacion-y-energia\/tarifas-luz-baratas-para-empezar-febrero-2026-ahorrando-asi-queda-pvpc-respecto-al-mercado-libre\" class=\"desvio-taxonomy-anchor pivot-outboundlink\" data-vars-post-title=\"Las tarifas de la luz m\u00e1s baratas para empezar febrero de 2026 ahorrando: as\u00ed queda la PVPC con respecto al mercado libre \">En Xataka Smart Home<\/a>\n    <\/div>\n<p>    <a href=\"https:\/\/www.xatakahome.com\/iluminacion-y-energia\/tarifas-luz-baratas-para-empezar-febrero-2026-ahorrando-asi-queda-pvpc-respecto-al-mercado-libre\" class=\"desvio-title js-desvio-title pivot-outboundlink\" data-vars-post-title=\"Las tarifas de la luz m\u00e1s baratas para empezar febrero de 2026 ahorrando: as\u00ed queda la PVPC con respecto al mercado libre \">Las tarifas de la luz m\u00e1s baratas para empezar febrero de 2026 ahorrando: as\u00ed queda la PVPC con respecto al mercado libre <\/a>\n   <\/div>\n<\/p><\/div>\n<\/p><\/div>\n<\/div>\n<h2>Baja el precio de la luz<\/h2>\n<div class=\"article-asset-image article-asset-normal article-asset-center\">\n<div class=\"asset-content\">\n<div class=\"caption-img \">\n                    <a rel=\"noopener, noreferrer\" href=\"https:\/\/www.omie.es\/es\/market-results\/daily\/daily-market\/day-ahead-price?scope=daily&amp;period=15&amp;date=2026-02-05\"><\/p>\n<p>    <img decoding=\"async\" alt=\"Precio Medio Luz\" class=\"centro_sinmarco\" src=\"https:\/\/i.blogs.es\/821e10\/precio-medio-luz\/450_1000.jpeg\"><br \/>\n     <\/a><\/p>\n<p>        <span>Precio medio luz mercado mayorista para el 5 de febrero. Imagen: OMIE<\/span>\n   <\/div>\n<\/p><\/div>\n<\/div>\n<p>Seg\u00fan podemos ver en la p\u00e1gina web del <a rel=\"noopener, noreferrer\" href=\"https:\/\/www.omie.es\/es\/market-results\/daily\/daily-market\/day-ahead-price?scope=daily&amp;period=15&amp;date=2026-02-05\">Operador del Mercado Ib\u00e9rico de Energ\u00eda<\/a> (OMIE), el<strong> precio medio de la electricidad <\/strong>en el mercado mayorista contin\u00faa bajando y este jueves desciende un 63 % llegando hasta los <strong>6,30 euros el megavatio hora (MWh)<\/strong> frente a los 17,22 del d\u00eda anterior.<\/p>\n<p><!-- BREAK 2 --><\/p>\n<p>\u00bfPor qu\u00e9 esta bajada? Pues el principal motivo es el aumento en la <strong>generaci\u00f3n hidroel\u00e9ctrica<\/strong> gracias al agua desembalsada y a la <strong>producci\u00f3n e\u00f3lica<\/strong> por el viento de estos d\u00edas, que como podemos observar en la <a rel=\"noopener, noreferrer\" href=\"https:\/\/www.omie.es\/es\/spot-hoy\">web de OMIE<\/a> han hecho que la generaci\u00f3n con ciclo combinado (generalmente m\u00e1s cara) pr\u00e1cticamente desparezca de las estad\u00edsticas estos d\u00edas.<\/p>\n<p><!-- BREAK 3 --><\/p>\n<div class=\"article-asset-image article-asset-normal article-asset-center\">\n<div class=\"asset-content\">\n<div class=\"caption-img \">\n                    <a rel=\"noopener, noreferrer\" href=\"https:\/\/www.omie.es\/es\/spot-hoy\"><\/p>\n<p>    <img decoding=\"async\" alt=\"Pexels Rdne 5591460precios Luz\" class=\"centro_sinmarco\" src=\"https:\/\/i.blogs.es\/282502\/pexels-rdne-5591460precios-luz\/450_1000.jpeg\"><br \/>\n     <\/a><\/p>\n<p>        <span>Generaci\u00f3n el\u00e9ctrica por tipo de tecnolog\u00eda. Imagen: OMIE<\/span>\n   <\/div>\n<\/p><\/div>\n<\/div>\n<p><strong>\u00bfQu\u00e9 supone esto para el consumidor?<\/strong> Pues si tenemos una tarifa indexada como la PVPC ya comentamos en <a class=\"text-outboundlink\" href=\"https:\/\/www.xatakahome.com\/iluminacion-y-energia\/poner-lavadora-lavavajillas-termo-madrugada-vuelve-a-compensar-esto-que-puedes-ahorrar-haces\" data-vars-post-title=\"Tras unos a\u00f1os donde parec\u00eda no salir a cuenta, otra vez vuelve a compensar poner la lavadora de madrugada. Esto puedes ahorrar\" data-vars-post-url=\"https:\/\/www.xatakahome.com\/iluminacion-y-energia\/poner-lavadora-lavavajillas-termo-madrugada-vuelve-a-compensar-esto-que-puedes-ahorrar-haces\">este art\u00edculo<\/a> que estamos viendo desde hace unas semanas c\u00f3mo vuelve a haber franjas horarias muy econ\u00f3micas con precios finales para el usuario que bajan de los <strong>0,6 \u20ac\/kWh<\/strong>. Es por ejemplo el caso de las madrugadas hasta las 08:00 de la ma\u00f1ana y la franja central de 14:00 a 18:00 horas.\u00a0<\/p>\n<p><!-- BREAK 4 --><\/p>\n<p>Usar nuestros electrodom\u00e9sticos en ellas puede suponer <strong>b<\/strong><strong>ajar el gasto en un factor de hasta x4 o x5 veces <\/strong>con respecto a las horas m\u00e1s caras del d\u00eda. Y adem\u00e1s en fines de semana y festivos el coste a lo largo de toda la jornada est\u00e1 teniendo tambi\u00e9n un descenso muy notable.<\/p>\n<p><!-- BREAK 5 --><\/p>\n<div class=\"article-asset-video article-asset-normal\">\n<div class=\"asset-content\">\n<div class=\"base-asset-video\">\n<div class=\"js-dailymotion\">\n    <script type=\"application\/json\">\n                          {\"videoId\":\"x81h7p2\",\"autoplay\":true,\"title\":\"NUEVA FACTURA DE LA LUZ: TODO LO QUE DEBES SABER para AHORRAR AL M\u00c1XIMO\", \"tag\":\"\", \"duration\":\"290\"}\n                  <\/script>\n   <\/div>\n<\/p><\/div>\n<\/p><\/div>\n<\/div>\n<h2>Por qu\u00e9 mi factura no baja m\u00e1s\u00a0<\/h2>\n<p>Viendo las gr\u00e1ficas del mercado mayorista podr\u00edamos hacernos la siguiente pregunta: \u00bfpor qu\u00e9 aunque en muchas horas <strong>el precio de la luz parece que tiene coste cero<\/strong> (o incluso negativo) pero a m\u00ed me cobran en la factura?\u00a0<\/p>\n<p><!-- BREAK 6 --><\/p>\n<p>Aqu\u00ed entran los costes \u00abocultos\u00bb como la <strong>parte variable del precio de la luz.<\/strong> Cada kilovatio hora que gastamos en casa lleva asociados unos costes adicionales que hacen que, <strong>aunque producir ese kilovatio no costase nada<\/strong>, nosotros tendr\u00edamos que <strong>pagar un cierto precio por que nos llegue a casa<\/strong>.<\/p>\n<p>Seg\u00fan <a rel=\"noopener, noreferrer\" href=\"https:\/\/www.cnmc.es\/la-nueva-factura-de-la-luz\">comenta la propia CNMC en su web<\/a>, en cumplimiento de la normativa europea, desde junio de 2021 se introdujo en la factura la separaci\u00f3n de la tarifa de acceso en dos componentes: <strong>peajes y cargos<\/strong>.\u00a0<\/p>\n<p><!-- BREAK 7 --><\/p>\n<p>Los peajes son precios regulados destinados a <strong>recuperar los costes de las redes de transporte y distribuci\u00f3n<\/strong> y son determinados por la CNMC, mientras que los cargos son los precios regulados destinados a cubrir el <strong>resto de costes regulados<\/strong>, tales como la financiaci\u00f3n de las renovables, el sobrecoste de producci\u00f3n de energ\u00eda en los territorios no peninsulares o las anualidades del d\u00e9ficit, y son determinados por el Ministerio para la Transici\u00f3n Ecol\u00f3gica y el Reto Demogr\u00e1fico.<\/p>\n<p>Pero adem\u00e1s de estos costes, <a class=\"text-outboundlink\" href=\"https:\/\/www.xatakahome.com\/iluminacion-y-energia\/hoy-entra-vigor-nueva-tarifa-regulada-luz-estos-principales-cambios\" data-vars-post-title=\"Hoy entra en vigor la nueva tarifa regulada de la luz: estos son los principales cambios \" data-vars-post-url=\"https:\/\/www.xatakahome.com\/iluminacion-y-energia\/hoy-entra-vigor-nueva-tarifa-regulada-luz-estos-principales-cambios\">en 2024 entr\u00f3 en vigor<\/a> una <strong>nueva forma de contabilizar los precios<\/strong> de la tarifa de la luz como consecuencia de la <a class=\"text-outboundlink\" href=\"https:\/\/www.xatakahome.com\/iluminacion-y-energia\/gobierno-quiere-tarifa-electrica-regulada-tanta-variacion-precios-diaria-asi-pretenden-conseguirlo\" data-vars-post-title=\"El Gobierno quiere una tarifa el\u00e9ctrica regulada sin tanta variaci\u00f3n de precios diaria: as\u00ed pretenden conseguirlo\" data-vars-post-url=\"https:\/\/www.xatakahome.com\/iluminacion-y-energia\/gobierno-quiere-tarifa-electrica-regulada-tanta-variacion-precios-diaria-asi-pretenden-conseguirlo\">propuesta de Real Decreto<\/a> que ten\u00eda como objetivo reducir la volatilidad del Precio Voluntario al Peque\u00f1o Consumidor (PVPC).<\/p>\n<p><!-- BREAK 8 --><\/p>\n<div class=\"article-asset-image article-asset-normal article-asset-center\">\n<div class=\"asset-content\">\n<div class=\"caption-img \">\n                    <a rel=\"noopener, noreferrer\" href=\"https:\/\/unsplash.com\/es\/fotos\/torres-de-transmision-negras-bajo-el-cielo-verde-q6n8nIrDQHE\"><\/p>\n<p>    <img decoding=\"async\" alt=\"Fre Sonneveld Q6n8nirdqhe Unsplash\" class=\"centro_sinmarco\" src=\"https:\/\/i.blogs.es\/0ba66f\/fre-sonneveld-q6n8nirdqhe-unsplash\/450_1000.jpeg\"><br \/>\n     <\/a><\/p>\n<p>        <span>Imagen: Fr\u00e9 Sonneveld<\/span>\n   <\/div>\n<\/p><\/div>\n<\/div>\n<p>La idea del Ministerio para la nueva tarifa consist\u00eda b\u00e1sicamente en incorporar a la f\u00f3rmula de c\u00e1lculo del precio de la electricidad, que cambia cada d\u00eda, un <strong>nuevo sistema a medio y largo plazo<\/strong> para evitar las fuertes oscilaciones que ten\u00edamos por entonces, pero sin perder del todo las referencias de precios a corto plazo que fomentan el ahorro y el consumo eficiente.<\/p>\n<p><!-- BREAK 9 --><\/p>\n<p>\u00bfEl resultado de todo esto? Pues que aunque el coste mayorista de la electricidad baje mucho de precio o incluso sea gratis en algunas horas, nosotros <strong>seguiremos teniendo que pagar estos cargos, peajes<\/strong> <strong>y precios a futuro<\/strong> que pueden llegar a suponer una cantidad muy importante.\u00a0<\/p>\n<p><!-- BREAK 10 --><\/p>\n<p>Imagen portada |\u00a0<a rel=\"noopener, noreferrer\" href=\"https:\/\/unsplash.com\/es\/@lazizli\">Lala Azizli<\/a><\/p>\n<p>En Xataka Smart Home | <a class=\"text-outboundlink\" href=\"https:\/\/www.xatakahome.com\/iluminacion-y-energia\/como-ver-internet-tiempo-real-cual-consumo-electricidad-que-tienes-casa\" data-vars-post-title=\"C\u00f3mo ver por Internet en tiempo real cu\u00e1l es el consumo de electricidad que est\u00e1s haciendo en casa\" data-vars-post-url=\"https:\/\/www.xatakahome.com\/iluminacion-y-energia\/como-ver-internet-tiempo-real-cual-consumo-electricidad-que-tienes-casa\">C\u00f3mo ver por Internet en tiempo real cu\u00e1l es el consumo de electricidad que est\u00e1s haciendo en casa<\/a><\/p>\n<p><script>\n (function() {\n  window._JS_MODULES = window._JS_MODULES || {};\n  var headElement = document.getElementsByTagName('head')[0];\n  if (_JS_MODULES.instagram) {\n   var instagramScript = document.createElement('script');\n   instagramScript.src = 'https:\/\/platform.instagram.com\/en_US\/embeds.js';\n   instagramScript.async = true;\n   instagramScript.defer = true;\n   headElement.appendChild(instagramScript);\n  }\n })();\n<\/script><\/p>\n<p> &#8211; <br \/> La noticia<br \/>\n      <a href=\"https:\/\/www.xatakahome.com\/iluminacion-y-energia\/tanta-lluvia-temporal-tienen-fin-algo-bueno-precio-luz-esta-bajando-todavia-no-notes-casa?utm_source=feedburner&amp;utm_medium=feed&amp;utm_campaign=05_Feb_2026\"><br \/>\n       <em> Tanta lluvia y temporal tienen por fin algo bueno: el precio de la luz est\u00e1 bajando, aunque todav\u00eda no lo notes en casa  <\/em><br \/>\n      <\/a><br \/>\n      fue publicada originalmente en<br \/>\n      <a href=\"https:\/\/www.xatakahome.com\/?utm_source=feedburner&amp;utm_medium=feed&amp;utm_campaign=05_Feb_2026\"><br \/>\n       <strong> Xataka Smart Home <\/strong><br \/>\n      <\/a><br \/>\n             por <a href=\"https:\/\/www.xatakahome.com\/autor\/paco-rodriguez?utm_source=feedburner&amp;utm_medium=feed&amp;utm_campaign=05_Feb_2026\"><br \/>\n        Paco Rodr\u00edguez<br \/>\n       <\/a><br \/>\n      . <\/p>\n<\/div>\n","protected":false},"excerpt":{"rendered":"<p>Se va un temporal y llega otro casi sin dar tiempo a ver alg\u00fan rayo de sol esquivo en el cielo, lo cual tiene sus inconvenientes con problemas de inundaciones, goteras y humedades en casa, pero parece que tambi\u00e9n hay algo de luz en el t\u00fanel con una ventaja para los consumidores: el precio de &hellip; <a href=\"https:\/\/domosistemas.com\/?p=31633\" class=\"more-link\">Sigue leyendo <span class=\"screen-reader-text\">Tanta lluvia y temporal tienen por fin algo bueno: el precio de la luz est\u00e1 bajando, aunque todav\u00eda no lo notes en casa<\/span><\/a><\/p>\n","protected":false},"author":1,"featured_media":0,"comment_status":"closed","ping_status":"closed","sticky":false,"template":"","format":"standard","meta":{"footnotes":""},"categories":[8],"tags":[],"class_list":["post-31633","post","type-post","status-publish","format-standard","hentry","category-xataka"],"_links":{"self":[{"href":"https:\/\/domosistemas.com\/index.php?rest_route=\/wp\/v2\/posts\/31633","targetHints":{"allow":["GET"]}}],"collection":[{"href":"https:\/\/domosistemas.com\/index.php?rest_route=\/wp\/v2\/posts"}],"about":[{"href":"https:\/\/domosistemas.com\/index.php?rest_route=\/wp\/v2\/types\/post"}],"author":[{"embeddable":true,"href":"https:\/\/domosistemas.com\/index.php?rest_route=\/wp\/v2\/users\/1"}],"replies":[{"embeddable":true,"href":"https:\/\/domosistemas.com\/index.php?rest_route=%2Fwp%2Fv2%2Fcomments&post=31633"}],"version-history":[{"count":0,"href":"https:\/\/domosistemas.com\/index.php?rest_route=\/wp\/v2\/posts\/31633\/revisions"}],"wp:attachment":[{"href":"https:\/\/domosistemas.com\/index.php?rest_route=%2Fwp%2Fv2%2Fmedia&parent=31633"}],"wp:term":[{"taxonomy":"category","embeddable":true,"href":"https:\/\/domosistemas.com\/index.php?rest_route=%2Fwp%2Fv2%2Fcategories&post=31633"},{"taxonomy":"post_tag","embeddable":true,"href":"https:\/\/domosistemas.com\/index.php?rest_route=%2Fwp%2Fv2%2Ftags&post=31633"}],"curies":[{"name":"wp","href":"https:\/\/api.w.org\/{rel}","templated":true}]}}