{"id":31640,"date":"2026-02-05T19:03:04","date_gmt":"2026-02-05T19:03:04","guid":{"rendered":"https:\/\/domosistemas.com\/?p=31640"},"modified":"2026-02-05T19:03:04","modified_gmt":"2026-02-05T19:03:04","slug":"el-nuevo-canal-de-television-de-rtve-sigue-en-marcha-cuando-llegara-que-contenidos-emitira-y-como-podremos-verlo","status":"publish","type":"post","link":"https:\/\/domosistemas.com\/?p=31640","title":{"rendered":"El nuevo canal de televisi\u00f3n de RTVE sigue en marcha: cu\u00e1ndo llegar\u00e1, qu\u00e9 contenidos emitir\u00e1 y c\u00f3mo podremos verlo"},"content":{"rendered":"<div>\n<p>\n      <img decoding=\"async\" src=\"https:\/\/i.blogs.es\/da2f44\/8958\/1024_2000.jpeg\" alt=\"El nuevo canal de televisi\u00f3n de RTVE sigue en marcha: cu\u00e1ndo llegar\u00e1, qu\u00e9 contenidos emitir\u00e1 y c\u00f3mo podremos verlo \">\n    <\/p>\n<p>El pasado mes de enero nos sorprend\u00eda la noticia de que <a class=\"text-outboundlink\" href=\"https:\/\/www.xatakahome.com\/servicios-de-smart-tv\/nuevo-canal-television-gratuito-rtve-llegara-junio-este-sera-su-enfoque-programacion\" data-vars-post-title=\"Ya sabemos cu\u00e1ndo estrenar\u00e1 RTVE su nuevo canal de televisi\u00f3n gratuito: esta ser\u00e1 la fecha, enfoque y programaci\u00f3n \" data-vars-post-url=\"https:\/\/www.xatakahome.com\/servicios-de-smart-tv\/nuevo-canal-television-gratuito-rtve-llegara-junio-este-sera-su-enfoque-programacion\">RTVE estaba trabajando en el lanzamiento<\/a> de un <strong>nuevo canal de televisi\u00f3n<\/strong> que pretend\u00eda convertirse en la referencia de los programas culturales en Espa\u00f1a.<\/p>\n<p><!-- BREAK 1 --><\/p>\n<p>Se trata de el nuevo &#8216;<strong>Canal Cultura<\/strong>&#8216;, un proyecto en el que <strong>llevan trabajando desde hace meses<\/strong> y que se iba a ejecutar en dos fases. La primera consist\u00eda en el desarrollo de un c\u00f3rner digital alojado en la p\u00e1gina web de la corporaci\u00f3n y en <a class=\"text-outboundlink\" href=\"https:\/\/www.xatakahome.com\/servicios-de-smart-tv\/llegan-cambios-a-rtve-play-a-partir-30-junio-esto-que-tendras-que-hacer-quieres-seguir-viendo-sus-contenidos\" data-vars-post-title=\"RTVE Play cambia a partir del 30 de junio: estas son las novedades y lo que hay que hacer para seguir vi\u00e9ndolo\" data-vars-post-url=\"https:\/\/www.xatakahome.com\/servicios-de-smart-tv\/llegan-cambios-a-rtve-play-a-partir-30-junio-esto-que-tendras-que-hacer-quieres-seguir-viendo-sus-contenidos\">RTVE Play<\/a>, en el que se distribuir\u00edan la mayor\u00eda de los contenidos producidos por ARTE.\u00a0<\/p>\n<p><!-- BREAK 2 --><\/p>\n<p>La segunda fase era la <strong>creaci\u00f3n del propio &#8216;Canal Cultura&#8217;<\/strong> con su identificaci\u00f3n definitiva y programaci\u00f3n propia. Aunque quedaba una inc\u00f3gnita por aclarar: d\u00f3nde y c\u00f3mo podr\u00edamos ver este nuevo canal, puesto que en principio no hay <a class=\"text-outboundlink\" href=\"https:\/\/www.xatakahome.com\/servicios-de-smart-tv\/tdt-espana-2026-todos-canales-como-verlos-tienes-antena-tv-como-no\" data-vars-post-title=\"La TDT en Espa\u00f1a (2026): todos los canales y c\u00f3mo verlos tanto si tienes antena de TV como si no \" data-vars-post-url=\"https:\/\/www.xatakahome.com\/servicios-de-smart-tv\/tdt-espana-2026-todos-canales-como-verlos-tienes-antena-tv-como-no\">espacio disponible para que llegase a la TDT<\/a>.<\/p>\n<p><!-- BREAK 3 --><\/p>\n<div class=\"article-asset article-asset-normal article-asset-center\">\n<div class=\"desvio-container\">\n<div class=\"desvio\">\n<div class=\"desvio-figure js-desvio-figure\">\n    <a href=\"https:\/\/www.xatakahome.com\/televisores\/no-error-que-cambios-tdt-van-a-empeorar-calidad-muchos-canales\" class=\"pivot-outboundlink\" data-vars-post-title=\"No es un error: por qu\u00e9 los cambios en la TDT van a empeorar (m\u00e1s) la calidad de muchos canales \"><br \/>\n     <img loading=\"lazy\" decoding=\"async\" alt=\"No es un error: por qu\u00e9 los cambios en la TDT van a empeorar (m\u00e1s) la calidad de muchos canales \" width=\"375\" height=\"142\" src=\"https:\/\/i.blogs.es\/d15a90\/1366_2000tdt\/375_142.jpeg\"><br \/>\n    <\/a>\n   <\/div>\n<div class=\"desvio-summary\">\n<div class=\"desvio-taxonomy js-desvio-taxonomy\">\n     <a href=\"https:\/\/www.xatakahome.com\/televisores\/no-error-que-cambios-tdt-van-a-empeorar-calidad-muchos-canales\" class=\"desvio-taxonomy-anchor pivot-outboundlink\" data-vars-post-title=\"No es un error: por qu\u00e9 los cambios en la TDT van a empeorar (m\u00e1s) la calidad de muchos canales \">En Xataka Smart Home<\/a>\n    <\/div>\n<p>    <a href=\"https:\/\/www.xatakahome.com\/televisores\/no-error-que-cambios-tdt-van-a-empeorar-calidad-muchos-canales\" class=\"desvio-title js-desvio-title pivot-outboundlink\" data-vars-post-title=\"No es un error: por qu\u00e9 los cambios en la TDT van a empeorar (m\u00e1s) la calidad de muchos canales \">No es un error: por qu\u00e9 los cambios en la TDT van a empeorar (m\u00e1s) la calidad de muchos canales <\/a>\n   <\/div>\n<\/p><\/div>\n<\/p><\/div>\n<\/div>\n<h2>As\u00ed llegar\u00e1 el nuevo Canal Cultura de RTVE<\/h2>\n<p><strong>Jos\u00e9 Pablo L\u00f3pez<\/strong>, presidente de RTVE <a rel=\"noopener, noreferrer\" href=\"https:\/\/www.rtve.es\/rtve\/20260205\/rtve-cierra-2025-superavit-45-millones-euros\/16924744.shtml\">ha explicado hoy en el Congreso<\/a> que la puesta en marcha del canal sigue su curso, y la intenci\u00f3n es que pueda estar disponible<strong> a finales de junio.\u00a0<\/strong><\/p>\n<p><strong>\u00bfD\u00f3nde? <\/strong>a trav\u00e9s de las principales plataformas digitales. Es decir, de momento parece que lo veremos en primer lugar en plataformas como <strong>Movistar Plus+<\/strong><strong>,\u00a0<\/strong><strong>Vodafone TV<\/strong><strong>\u00a0y\u00a0<\/strong><strong>Orange TV<\/strong>, aunque queda por confirmar todav\u00eda por parte de las operadoras.\u00a0<\/p>\n<p><!-- BREAK 4 --><\/p>\n<p>L\u00f3pez ha explicado que la semana pasada mantuvo reuni\u00f3n con el director del canal en Francia, y vicepresidente del canal, y se est\u00e1 valorando una colaboraci\u00f3n para que RTVE se convierta en <strong>ARTE Espa\u00f1a:<\/strong><\/p>\n<p><!-- BREAK 5 --><\/p>\n<blockquote><p>Queremos que RTVE sea la pata hispana dentro del proyecto europeo de ARTE<\/p><\/blockquote>\n<p><strong>\u00bfQu\u00e9 es lo que se emitir\u00e1 en este canal?<\/strong> Pues la programaci\u00f3n girar\u00e1 en torno a las artes esc\u00e9nicas y el teatro, el cine espa\u00f1ol, las nuevas apuestas musicales y la producci\u00f3n propia. Tambi\u00e9n se centrar\u00e1 en el stock de pel\u00edculas participado de RTVE y ciclos tem\u00e1ticos.<\/p>\n<p>Adem\u00e1s, la <strong>m\u00fasica cl\u00e1sica y la \u00f3pera<\/strong> jugar\u00e1n un papel importante, destacando la Orquesta y Coro de RTVE y apostando por <strong>nuevas tendencias<\/strong> a trav\u00e9s de <strong>Radio 3 Extra.<\/strong><\/p>\n<p><!-- BREAK 6 --><\/p>\n<p>Imagen portada | Jos\u00e9 Antonio Carmona<\/p>\n<p>M\u00e1s informaci\u00f3n | <a rel=\"noopener, noreferrer\" href=\"https:\/\/www.rtve.es\/rtve\/20260205\/rtve-cierra-2025-superavit-45-millones-euros\/16924744.shtml\">RTVE<\/a><\/p>\n<p>En Xataka Smart Home | <a class=\"text-outboundlink\" href=\"https:\/\/www.xatakahome.com\/a-fondo\/que-apagon-tdt-2025-no-como-2024-sino-bien-alumbron-esto-que-tienes-que-saber\" data-vars-post-title=\"Por qu\u00e9 el apag\u00f3n de la TDT de 2025 no es como el de 2024, sino m\u00e1s bien un 'alumbr\u00f3n': esto es lo que tienes que saber \" data-vars-post-url=\"https:\/\/www.xatakahome.com\/a-fondo\/que-apagon-tdt-2025-no-como-2024-sino-bien-alumbron-esto-que-tienes-que-saber\">Por qu\u00e9 el apag\u00f3n de la TDT de 2025 no es como el de 2024, sino m\u00e1s bien un &#8216;alumbr\u00f3n&#8217;: esto es lo que tienes que saber<\/a><\/p>\n<p><script>\n (function() {\n  window._JS_MODULES = window._JS_MODULES || {};\n  var headElement = document.getElementsByTagName('head')[0];\n  if (_JS_MODULES.instagram) {\n   var instagramScript = document.createElement('script');\n   instagramScript.src = 'https:\/\/platform.instagram.com\/en_US\/embeds.js';\n   instagramScript.async = true;\n   instagramScript.defer = true;\n   headElement.appendChild(instagramScript);\n  }\n })();\n<\/script><\/p>\n<p> &#8211; <br \/> La noticia<br \/>\n      <a href=\"https:\/\/www.xatakahome.com\/servicios-de-smart-tv\/nuevo-canal-television-rtve-sigue-marcha-cuando-llegara-que-contenidos-emitira-como-podremos-verlo?utm_source=feedburner&amp;utm_medium=feed&amp;utm_campaign=05_Feb_2026\"><br \/>\n       <em> El nuevo canal de televisi\u00f3n de RTVE sigue en marcha: cu\u00e1ndo llegar\u00e1, qu\u00e9 contenidos emitir\u00e1 y c\u00f3mo podremos verlo  <\/em><br \/>\n      <\/a><br \/>\n      fue publicada originalmente en<br \/>\n      <a href=\"https:\/\/www.xatakahome.com\/?utm_source=feedburner&amp;utm_medium=feed&amp;utm_campaign=05_Feb_2026\"><br \/>\n       <strong> Xataka Smart Home <\/strong><br \/>\n      <\/a><br \/>\n             por <a href=\"https:\/\/www.xatakahome.com\/autor\/paco-rodriguez?utm_source=feedburner&amp;utm_medium=feed&amp;utm_campaign=05_Feb_2026\"><br \/>\n        Paco Rodr\u00edguez<br \/>\n       <\/a><br \/>\n      . <\/p>\n<\/div>\n","protected":false},"excerpt":{"rendered":"<p>El pasado mes de enero nos sorprend\u00eda la noticia de que RTVE estaba trabajando en el lanzamiento de un nuevo canal de televisi\u00f3n que pretend\u00eda convertirse en la referencia de los programas culturales en Espa\u00f1a. Se trata de el nuevo &#8216;Canal Cultura&#8216;, un proyecto en el que llevan trabajando desde hace meses y que se &hellip; <a href=\"https:\/\/domosistemas.com\/?p=31640\" class=\"more-link\">Sigue leyendo <span class=\"screen-reader-text\">El nuevo canal de televisi\u00f3n de RTVE sigue en marcha: cu\u00e1ndo llegar\u00e1, qu\u00e9 contenidos emitir\u00e1 y c\u00f3mo podremos verlo<\/span><\/a><\/p>\n","protected":false},"author":1,"featured_media":0,"comment_status":"closed","ping_status":"closed","sticky":false,"template":"","format":"standard","meta":{"footnotes":""},"categories":[8],"tags":[],"class_list":["post-31640","post","type-post","status-publish","format-standard","hentry","category-xataka"],"_links":{"self":[{"href":"https:\/\/domosistemas.com\/index.php?rest_route=\/wp\/v2\/posts\/31640","targetHints":{"allow":["GET"]}}],"collection":[{"href":"https:\/\/domosistemas.com\/index.php?rest_route=\/wp\/v2\/posts"}],"about":[{"href":"https:\/\/domosistemas.com\/index.php?rest_route=\/wp\/v2\/types\/post"}],"author":[{"embeddable":true,"href":"https:\/\/domosistemas.com\/index.php?rest_route=\/wp\/v2\/users\/1"}],"replies":[{"embeddable":true,"href":"https:\/\/domosistemas.com\/index.php?rest_route=%2Fwp%2Fv2%2Fcomments&post=31640"}],"version-history":[{"count":0,"href":"https:\/\/domosistemas.com\/index.php?rest_route=\/wp\/v2\/posts\/31640\/revisions"}],"wp:attachment":[{"href":"https:\/\/domosistemas.com\/index.php?rest_route=%2Fwp%2Fv2%2Fmedia&parent=31640"}],"wp:term":[{"taxonomy":"category","embeddable":true,"href":"https:\/\/domosistemas.com\/index.php?rest_route=%2Fwp%2Fv2%2Fcategories&post=31640"},{"taxonomy":"post_tag","embeddable":true,"href":"https:\/\/domosistemas.com\/index.php?rest_route=%2Fwp%2Fv2%2Ftags&post=31640"}],"curies":[{"name":"wp","href":"https:\/\/api.w.org\/{rel}","templated":true}]}}