{"id":31710,"date":"2026-02-11T14:00:46","date_gmt":"2026-02-11T14:00:46","guid":{"rendered":"https:\/\/domosistemas.com\/?p=31710"},"modified":"2026-02-11T14:00:46","modified_gmt":"2026-02-11T14:00:46","slug":"tengo-acceso-a-un-patio-de-luces-y-los-vecinos-protestan-porque-tengo-una-lavadora-y-un-tendedero-me-pueden-denunciar","status":"publish","type":"post","link":"https:\/\/domosistemas.com\/?p=31710","title":{"rendered":"Tengo acceso a un patio de luces y los vecinos protestan porque tengo una lavadora y un tendedero. \u00bfMe pueden denunciar?"},"content":{"rendered":"<div>\n<p>\n      <img decoding=\"async\" src=\"https:\/\/i.blogs.es\/bdd1e0\/patio\/1024_2000.jpeg\" alt=\"Tengo acceso a un patio de luces y los vecinos protestan porque tengo una lavadora y un tendedero. \u00bfMe pueden denunciar? \">\n    <\/p>\n<p>Los patios comunitarios son una <a class=\"text-outboundlink\" href=\"https:\/\/www.xatakahome.com\/hogar\/cerro-patio-luces-permiso-comunidad-vecinos-olvido-pequeno-detalle-justicia-le-obligo-a-retirarlo\" data-vars-post-title=\"Pens\u00f3 que con tener el permiso inicial de la comunidad de vecinos era suficiente y cerr\u00f3 el patio de luces. Luego llegaron los tribunales\" data-vars-post-url=\"https:\/\/www.xatakahome.com\/hogar\/cerro-patio-luces-permiso-comunidad-vecinos-olvido-pequeno-detalle-justicia-le-obligo-a-retirarlo\">fuente habitual de conflicto<\/a> en las comunidades de vecinos. En el caso de los <a class=\"text-outboundlink\" href=\"https:\/\/www.xatakahome.com\/hogar\/quiero-poner-tendedero-terraza-patio-tener-problemas-comunidad-vecinos-esto-hay-que-tener-cuenta\" data-vars-post-title=\"Quiero poner un tendedero en la terraza o patio sin tener problemas con la comunidad de vecinos. Esto hay que tener en cuenta \" data-vars-post-url=\"https:\/\/www.xatakahome.com\/hogar\/quiero-poner-tendedero-terraza-patio-tener-problemas-comunidad-vecinos-esto-hay-que-tener-cuenta\">patios y terrazas<\/a> comunitarios de uso privativo, el modo en que se emplean suele estar m\u00e1s claro, pero <strong>\u00bfqu\u00e9 ocurre con aquellos patios comunitarios que no son privativos?<\/strong><\/p>\n<p><!-- BREAK 1 --><\/p>\n<p>Hay muchos casos \u2014quiz\u00e1 tambi\u00e9n en tu bloque\u2014 en los que existe un patio o una terraza de la comunidad a la que solo puede acceder una vivienda concreta. Piensa, por ejemplo, en el t\u00edpico patio de luces al que el vecino del primero entra por una puerta. <strong>\u00bfSignifica eso que puede aprovecharlo para determinados usos?<\/strong><\/p>\n<h2>Lavar y tender en el patio de todos<\/h2>\n<div class=\"article-asset-image article-asset-large article-asset-center\">\n<div class=\"asset-content\">\n                    <a rel=\"noopener, noreferrer\" href=\"https:\/\/www.desafiovertical.es\/como-arreglar-y-pintar-un-patio-de-luces_fb41636.html\"><\/p>\n<p>    <img decoding=\"async\" alt=\"Patio\" class=\"\" src=\"https:\/\/i.blogs.es\/841b75\/1366_2000\/450_1000.jpeg\"><br \/>\n     <\/a><\/p><\/div>\n<\/div>\n<p>Puede darse la circunstancia de que un piso con acceso a un patio comunitario (<strong>ojo, que no privativo<\/strong>) pretenda desarrollar all\u00ed alg\u00fan tipo de actividad. \u00bfEs legal? En principio, habr\u00eda que estar a lo que determina el <a rel=\"noopener, noreferrer\" href=\"https:\/\/www.boe.es\/buscar\/act.php?id=BOE-A-1960-10906#aseptimo\">art\u00edculo 7.2<\/a> de la <a rel=\"noopener, noreferrer\" href=\"https:\/\/www.boe.es\/buscar\/act.php?id=BOE-A-1960-10906\">Ley de Propiedad Horizontal<\/a> (LPH).<\/p>\n<p><!-- BREAK 2 --><\/p>\n<blockquote><p><em>\u201cAl propietario y al ocupante del piso o local no les est\u00e1 permitido desarrollar en \u00e9l o en el resto del inmueble actividades prohibidas en los estatutos, que resulten da\u00f1osas para la finca o que contravengan las disposiciones generales sobre actividades molestas, insalubres, nocivas, peligrosas o il\u00edcitas\u201d.<\/em><\/p><\/blockquote>\n<p>Queda claro que hay actividades que pueden resultar molestas y, por tanto, no se pueden llevar a cabo. Pero \u00bfqu\u00e9 ocurre si hablamos de algo tan cotidiano como lavar la ropa o tender la colada? Aqu\u00ed la respuesta no es tan enrevesada y, de hecho, existen casos que ayudan a entender <strong>cu\u00e1l suele ser el criterio final<\/strong>.<\/p>\n<p><!-- BREAK 3 --><\/p>\n<div class=\"article-asset article-asset-normal article-asset-center\">\n<div class=\"desvio-container\">\n<div class=\"desvio\">\n<div class=\"desvio-figure js-desvio-figure\">\n    <a href=\"https:\/\/www.xatakahome.com\/hogar\/tender-ropa-balcones-patios-terrazas-asi-regula-ley-estas-restricciones-que-debes-respetar-para-evitar-multazo\" class=\"pivot-outboundlink\" data-vars-post-title=\"\u00bfEs legal tender ropa en balcones y patios? Esto es lo que dice la ley y c\u00f3mo evitar un buen multazo sin saberlo\"><br \/>\n     <img loading=\"lazy\" decoding=\"async\" alt=\"\u00bfEs legal tender ropa en balcones y patios? Esto es lo que dice la ley y c\u00f3mo evitar un buen multazo sin saberlo\" width=\"375\" height=\"142\" src=\"https:\/\/i.blogs.es\/a6cee6\/murano-2070153_1920\/375_142.jpeg\"><br \/>\n    <\/a>\n   <\/div>\n<div class=\"desvio-summary\">\n<div class=\"desvio-taxonomy js-desvio-taxonomy\">\n     <a href=\"https:\/\/www.xatakahome.com\/hogar\/tender-ropa-balcones-patios-terrazas-asi-regula-ley-estas-restricciones-que-debes-respetar-para-evitar-multazo\" class=\"desvio-taxonomy-anchor pivot-outboundlink\" data-vars-post-title=\"\u00bfEs legal tender ropa en balcones y patios? Esto es lo que dice la ley y c\u00f3mo evitar un buen multazo sin saberlo\">En Xataka Smart Home<\/a>\n    <\/div>\n<p>    <a href=\"https:\/\/www.xatakahome.com\/hogar\/tender-ropa-balcones-patios-terrazas-asi-regula-ley-estas-restricciones-que-debes-respetar-para-evitar-multazo\" class=\"desvio-title js-desvio-title pivot-outboundlink\" data-vars-post-title=\"\u00bfEs legal tender ropa en balcones y patios? Esto es lo que dice la ley y c\u00f3mo evitar un buen multazo sin saberlo\">\u00bfEs legal tender ropa en balcones y patios? Esto es lo que dice la ley y c\u00f3mo evitar un buen multazo sin saberlo<\/a>\n   <\/div>\n<\/p><\/div>\n<\/p><\/div>\n<\/div>\n<p>Algo parecido ocurri\u00f3 en <a rel=\"noopener, noreferrer\" href=\"https:\/\/www.pedrohernandezabogado.com\/2015\/03\/\">una comunidad de propietarios que denunci\u00f3<\/a> a los due\u00f1os de una vivienda que en la planta baja ten\u00edan acceso a un patio de luces comunitario. La comunidad denunci\u00f3 porque esos vecinos estaban utilizando el patio <strong>para actividades dom\u00e9sticas privadas<\/strong> (lavar la ropa, tender, almacenar enseres, etc.).<\/p>\n<p><!-- BREAK 4 --><\/p>\n<p>Para sostener la denuncia, la comunidad se apoy\u00f3 en el <a rel=\"noopener, noreferrer\" href=\"https:\/\/www.boe.es\/buscar\/act.php?id=BOE-A-1960-10906#aseptimo\">art\u00edculo 7\u00a0<\/a>de la Ley de Propiedad Horizontal, <strong>pidiendo que cesaran en ese uso privativo del patio<\/strong> y que retiraran muebles y objetos personales. Adem\u00e1s, intentaron argumentar que ese uso generaba ruidos a deshoras, malos olores y problemas de limpieza (incluso llegaron a mencionar la presencia de mascotas).<\/p>\n<div class=\"article-asset-video article-asset-normal\">\n<div class=\"asset-content\">\n<div class=\"base-asset-video\">\n<div class=\"js-dailymotion\">\n    <script type=\"application\/json\">\n                          {\"videoId\":\"x7znesx\",\"autoplay\":true,\"title\":\"Edificio de autoconsumo AS\u00cd FUNCIONAN - Paneles solares en bloques de pisos\", \"tag\":\"solar\", \"duration\":\"564\"}\n                  <\/script>\n   <\/div>\n<\/p><\/div>\n<\/p><\/div>\n<\/div>\n<p>Sin embargo, m\u00e1s all\u00e1 de la LPH, el tribunal puso el foco en un aspecto clave, tal y como determin\u00f3 la Audiencia Provincial de Murcia, que fue la que cerr\u00f3 el caso: <strong>s<\/strong><strong>i las escrituras del edificio conceden el uso del patio a la vivienda del bajo<\/strong>, es razonable entender que ese derecho incluye actividades dom\u00e9sticas normales. Poner una lavadora o tender la ropa encaja dentro de lo esperable: un patio de luces existe precisamente para dar ventilaci\u00f3n y prestar servicio a las viviendas.<\/p>\n<p><!-- BREAK 5 --><\/p>\n<p>De hecho, instalar una lavadora (sin obras fijas ni perforaciones en muros), colocar un armario de pl\u00e1stico o usar un tendedero <strong>puede considerarse parte del contenido b\u00e1sico<\/strong> de ese derecho de uso. Prohibirlo, en la pr\u00e1ctica, ser\u00eda dejar el patio como un simple elemento \u201cde adorno\u201d.<\/p>\n<p>En este caso, <strong>la sentencia dio la raz\u00f3n a los vecinos<\/strong> que usaban el patio, al considerar que lo que hac\u00edan eran actividades dom\u00e9sticas normales: es habitual instalar una lavadora o tender la ropa.<\/p>\n<p><!-- BREAK 6 --><\/p>\n<div class=\"article-asset article-asset-normal article-asset-center\">\n<div class=\"desvio-container\">\n<div class=\"desvio\">\n<div class=\"desvio-figure js-desvio-figure\">\n    <a href=\"https:\/\/www.xatakahome.com\/hogar\/abren-puerta-al-patio-permiso-colocan-macetas-lavadora-acaban-denunciados-justicia-les-ha-dado-buen-repaso\" class=\"pivot-outboundlink\" data-vars-post-title=\"Abren una puerta al patio sin permiso, colocan macetas, lavadora... y la comunidad los denuncia: la justicia les ha dado un buen repaso\"><br \/>\n     <img loading=\"lazy\" decoding=\"async\" alt=\"Abren una puerta al patio sin permiso, colocan macetas, lavadora... y la comunidad los denuncia: la justicia les ha dado un buen repaso\" width=\"375\" height=\"142\" src=\"https:\/\/i.blogs.es\/8f4f05\/captura-de-pantalla-2025-10-23-a-las-10.54.55\/375_142.jpeg\"><br \/>\n    <\/a>\n   <\/div>\n<div class=\"desvio-summary\">\n<div class=\"desvio-taxonomy js-desvio-taxonomy\">\n     <a href=\"https:\/\/www.xatakahome.com\/hogar\/abren-puerta-al-patio-permiso-colocan-macetas-lavadora-acaban-denunciados-justicia-les-ha-dado-buen-repaso\" class=\"desvio-taxonomy-anchor pivot-outboundlink\" data-vars-post-title=\"Abren una puerta al patio sin permiso, colocan macetas, lavadora... y la comunidad los denuncia: la justicia les ha dado un buen repaso\">En Xataka Smart Home<\/a>\n    <\/div>\n<p>    <a href=\"https:\/\/www.xatakahome.com\/hogar\/abren-puerta-al-patio-permiso-colocan-macetas-lavadora-acaban-denunciados-justicia-les-ha-dado-buen-repaso\" class=\"desvio-title js-desvio-title pivot-outboundlink\" data-vars-post-title=\"Abren una puerta al patio sin permiso, colocan macetas, lavadora... y la comunidad los denuncia: la justicia les ha dado un buen repaso\">Abren una puerta al patio sin permiso, colocan macetas, lavadora&#8230; y la comunidad los denuncia: la justicia les ha dado un buen repaso<\/a>\n   <\/div>\n<\/p><\/div>\n<\/p><\/div>\n<\/div>\n<p><strong>Ahora bien, esto no significa que todo valga<\/strong>. La Ley de Propiedad Horizontal busca equilibrar derechos y convivencia: no pretende prohibir lo habitual, pero s\u00ed marca l\u00edmites. Por eso, una queja puede estar plenamente justificada si se supera lo que permite el <a rel=\"noopener, noreferrer\" href=\"https:\/\/www.boe.es\/buscar\/act.php?id=BOE-A-1960-10906#aseptimo\">art\u00edculo 7.2 de la LPH<\/a> y se entra en conductas molestas, insalubres, nocivas o peligrosas.<\/p>\n<p><!-- BREAK 7 --><\/p>\n<p>Por ejemplo, si se taladra una fachada o un elemento com\u00fan para sacar tubos de humos o desag\u00fces sin permiso, o si se coloca una lavadora pero <strong>se usa a horas impropias generando molestias<\/strong> reiteradas, el asunto puede acabar en denuncia.<\/p>\n<p>En Xataka SmartHome | <a class=\"text-outboundlink\" href=\"https:\/\/www.xatakahome.com\/hogar\/comunidad-denuncio-modificar-patio-poner-tejadillo-chimenea-asombrosamente-les-toca-pagar\" data-vars-post-title=\"La Comunidad lo denunci\u00f3 por modificar un patio, poner un tejadillo y hasta una chimenea: asombrosamente, les toca pagar\" data-vars-post-url=\"https:\/\/www.xatakahome.com\/hogar\/comunidad-denuncio-modificar-patio-poner-tejadillo-chimenea-asombrosamente-les-toca-pagar\" target=\"_blank\">La Comunidad lo denunci\u00f3 por modificar un patio, poner un tejadillo y hasta una chimenea: asombrosamente, les toca pagar<\/a><\/p>\n<p><\/p>\n<p><script>\n (function() {\n  window._JS_MODULES = window._JS_MODULES || {};\n  var headElement = document.getElementsByTagName('head')[0];\n  if (_JS_MODULES.instagram) {\n   var instagramScript = document.createElement('script');\n   instagramScript.src = 'https:\/\/platform.instagram.com\/en_US\/embeds.js';\n   instagramScript.async = true;\n   instagramScript.defer = true;\n   headElement.appendChild(instagramScript);\n  }\n })();\n<\/script><\/p>\n<p> &#8211; <br \/> La noticia<br \/>\n      <a href=\"https:\/\/www.xatakahome.com\/hogar\/tengo-acceso-a-patio-luces-vecinos-protestan-porque-tengo-lavadora-tendedero-me-pueden-denunciar?utm_source=feedburner&amp;utm_medium=feed&amp;utm_campaign=11_Feb_2026\"><br \/>\n       <em> Tengo acceso a un patio de luces y los vecinos protestan porque tengo una lavadora y un tendedero. \u00bfMe pueden denunciar?  <\/em><br \/>\n      <\/a><br \/>\n      fue publicada originalmente en<br \/>\n      <a href=\"https:\/\/www.xatakahome.com\/?utm_source=feedburner&amp;utm_medium=feed&amp;utm_campaign=11_Feb_2026\"><br \/>\n       <strong> Xataka Smart Home <\/strong><br \/>\n      <\/a><br \/>\n             por <a href=\"https:\/\/www.xatakahome.com\/autor\/jose-antonio-carmona?utm_source=feedburner&amp;utm_medium=feed&amp;utm_campaign=11_Feb_2026\"><br \/>\n        Jose Antonio Carmona<br \/>\n       <\/a><br \/>\n      . <\/p>\n<\/div>\n","protected":false},"excerpt":{"rendered":"<p>Los patios comunitarios son una fuente habitual de conflicto en las comunidades de vecinos. En el caso de los patios y terrazas comunitarios de uso privativo, el modo en que se emplean suele estar m\u00e1s claro, pero \u00bfqu\u00e9 ocurre con aquellos patios comunitarios que no son privativos? Hay muchos casos \u2014quiz\u00e1 tambi\u00e9n en tu bloque\u2014 &hellip; <a href=\"https:\/\/domosistemas.com\/?p=31710\" class=\"more-link\">Sigue leyendo <span class=\"screen-reader-text\">Tengo acceso a un patio de luces y los vecinos protestan porque tengo una lavadora y un tendedero. \u00bfMe pueden denunciar?<\/span><\/a><\/p>\n","protected":false},"author":1,"featured_media":0,"comment_status":"closed","ping_status":"closed","sticky":false,"template":"","format":"standard","meta":{"footnotes":""},"categories":[8],"tags":[],"class_list":["post-31710","post","type-post","status-publish","format-standard","hentry","category-xataka"],"_links":{"self":[{"href":"https:\/\/domosistemas.com\/index.php?rest_route=\/wp\/v2\/posts\/31710","targetHints":{"allow":["GET"]}}],"collection":[{"href":"https:\/\/domosistemas.com\/index.php?rest_route=\/wp\/v2\/posts"}],"about":[{"href":"https:\/\/domosistemas.com\/index.php?rest_route=\/wp\/v2\/types\/post"}],"author":[{"embeddable":true,"href":"https:\/\/domosistemas.com\/index.php?rest_route=\/wp\/v2\/users\/1"}],"replies":[{"embeddable":true,"href":"https:\/\/domosistemas.com\/index.php?rest_route=%2Fwp%2Fv2%2Fcomments&post=31710"}],"version-history":[{"count":0,"href":"https:\/\/domosistemas.com\/index.php?rest_route=\/wp\/v2\/posts\/31710\/revisions"}],"wp:attachment":[{"href":"https:\/\/domosistemas.com\/index.php?rest_route=%2Fwp%2Fv2%2Fmedia&parent=31710"}],"wp:term":[{"taxonomy":"category","embeddable":true,"href":"https:\/\/domosistemas.com\/index.php?rest_route=%2Fwp%2Fv2%2Fcategories&post=31710"},{"taxonomy":"post_tag","embeddable":true,"href":"https:\/\/domosistemas.com\/index.php?rest_route=%2Fwp%2Fv2%2Ftags&post=31710"}],"curies":[{"name":"wp","href":"https:\/\/api.w.org\/{rel}","templated":true}]}}