{"id":31720,"date":"2026-02-12T03:00:58","date_gmt":"2026-02-12T03:00:58","guid":{"rendered":"https:\/\/domosistemas.com\/?p=31720"},"modified":"2026-02-12T03:00:58","modified_gmt":"2026-02-12T03:00:58","slug":"ayudas-de-ivacei-para-proyectos-de-investigacion-de-tecnologias-digitales-avanzadas","status":"publish","type":"post","link":"https:\/\/domosistemas.com\/?p=31720","title":{"rendered":"Ayudas de Ivace+i para proyectos de investigaci\u00f3n de tecnolog\u00edas digitales avanzadas"},"content":{"rendered":"<div>\n<p>Con el objetivo de fortalecer la autonom\u00eda tecnol\u00f3gica y situar a las empresas valencianas en el mapa de la soberan\u00eda estrat\u00e9gica europea, el Instituto Valenciano de Competitividad e Innovaci\u00f3n (Ivace+i) de la <a href=\"https:\/\/www.gva.es\/va\/inicio\/presentacion\" target=\"_blank\" rel=\"noopener\">Generalitat Valenciana<\/a> ha lanzado su convocatoria de ayudas para proyectos de I+D 2026, con un presupuesto total de 10 millones de euros. El plazo para presentar las solicitudes est\u00e1 abierto hasta el 31 de marzo.<\/p>\n<figure id=\"attachment_168618\" aria-describedby=\"caption-attachment-168618\" style=\"width: 800px\" class=\"wp-caption aligncenter\"><img loading=\"lazy\" decoding=\"async\" class=\"wp-image-168618 size-full\" src=\"https:\/\/static.casadomo.com\/media\/2026\/02\/abierta-convocatoria-ayudas-ivacei-proyectos-alineados-soberania-tecnologica-ok.png\" alt=\"\" width=\"800\" height=\"297\" srcset=\"https:\/\/static.casadomo.com\/media\/2026\/02\/abierta-convocatoria-ayudas-ivacei-proyectos-alineados-soberania-tecnologica-ok.png 800w, https:\/\/static.casadomo.com\/media\/2026\/02\/abierta-convocatoria-ayudas-ivacei-proyectos-alineados-soberania-tecnologica-ok-300x111.png 300w, https:\/\/static.casadomo.com\/media\/2026\/02\/abierta-convocatoria-ayudas-ivacei-proyectos-alineados-soberania-tecnologica-ok-768x285.png 768w, https:\/\/static.casadomo.com\/media\/2026\/02\/abierta-convocatoria-ayudas-ivacei-proyectos-alineados-soberania-tecnologica-ok-180x67.png 180w\" sizes=\"auto, (max-width: 800px) 100vw, 800px\"><figcaption id=\"caption-attachment-168618\" class=\"wp-caption-text\">Los dos nuevos programas se suman a las l\u00edneas convencionales I+D PYME e I+D en Cooperaci\u00f3n con grandes empresas, que ayuden a dar soluci\u00f3n a posibles necesidades cient\u00edficas o tecnol\u00f3gicas.<\/figcaption><\/figure>\n<p>La principal novedad es la incorporaci\u00f3n de dos programas alineados con la soberan\u00eda tecnol\u00f3gica europea: <a href=\"https:\/\/www.ivace.es\/index.php\/es\/ayudas\/innovacion-e-i-d\/660-innovacion-e-i-d\/programas-de-ayudas-para-empresas-2026\/57101-pidi-step-cv-i-d-pyme\" target=\"_blank\" rel=\"noopener\">Pidi Step CV<\/a> y <a href=\"https:\/\/www.ivace.es\/index.php\/es\/ayudas\/innovacion-e-i-d\/660-innovacion-e-i-d\/programas-de-ayudas-para-empresas-2026\/57103-pidcop-step-cv-i-d-en-cooperacion\" target=\"_blank\" rel=\"noopener\">Pidcop Step CV<\/a>.\u00a0Estos programas, con un montante conjunto de 3 millones de euros cofinanciados al 100% por el FEDER 2021-2027, financiar\u00e1n proyectos en tres sectores estrat\u00e9gicos: investigaci\u00f3n tecnol\u00f3gica profunda, tecnolog\u00edas digitales avanzadas y biotecnolog\u00eda, reforzando la autonom\u00eda tecnol\u00f3gica de la UE y reduciendo la dependencia de mercados externos.<\/p>\n<p>Una de las novedades es que las empresas deber\u00e1n destinar al menos un 10% del presupuesto a contratar centros de investigaci\u00f3n, asegurando la transferencia de conocimiento y elevando la calidad t\u00e9cnica de los proyectos.<\/p>\n<h2>\u00c1reas de especializaci\u00f3n<\/h2>\n<p>Los proyectos desarrollados deber\u00e1n encuadrarse en alguno de los entornos de especializaci\u00f3n contemplados por Ivace+i en el \u00e1mbito de la I+D e innovaci\u00f3n empresarial de la Estrategia de Especializaci\u00f3n Inteligente de la Comunidad Valenciana (S3CV ) como son la econom\u00eda circular y baja en carbono, la econom\u00eda digital disruptiva o la innovaci\u00f3n para las personas.<\/p>\n<p>Los dos nuevos programas se suman a las l\u00edneas convencionales I+D PYME e I+D en Cooperaci\u00f3n con grandes empresas, que ayuden a dar soluci\u00f3n a posibles necesidades cient\u00edficas o tecnol\u00f3gicas.<\/p>\n<p>La convocatoria de I+D de 2026 cubre los gastos derivados de la contrataci\u00f3n de servicios externos (asistencia t\u00e9cnica, consultor\u00eda y equivalentes), de la adquisici\u00f3n de patentes y licencias.\u00a0Tambi\u00e9n los gatos del personal investigador, del personal t\u00e9cnico y del personal auxiliar, los procedentes de la adquisici\u00f3n de materias primas as\u00ed como de la amortizaci\u00f3n del instrumental y equipamiento necesario para la realizaci\u00f3n del proyecto.<\/p>\n<p>La entrada <a href=\"https:\/\/www.casadomo.com\/2026\/02\/12\/ayudas-ivacei-proyectos-investigacion-tecnologias-digitales-avanzadas\">Ayudas de Ivace+i para proyectos de investigaci\u00f3n de tecnolog\u00edas digitales avanzadas<\/a> aparece primero en <a href=\"https:\/\/www.casadomo.com\/\">CASADOMO<\/a>.<\/p>\n<\/div>\n","protected":false},"excerpt":{"rendered":"<p>Con el objetivo de fortalecer la autonom\u00eda tecnol\u00f3gica y situar a las empresas valencianas en el mapa de la soberan\u00eda estrat\u00e9gica europea, el Instituto Valenciano de Competitividad e Innovaci\u00f3n (Ivace+i) de la Generalitat Valenciana ha lanzado su convocatoria de ayudas para proyectos de I+D 2026, con un presupuesto total de 10 millones de euros. El &hellip; <a href=\"https:\/\/domosistemas.com\/?p=31720\" class=\"more-link\">Sigue leyendo <span class=\"screen-reader-text\">Ayudas de Ivace+i para proyectos de investigaci\u00f3n de tecnolog\u00edas digitales avanzadas<\/span><\/a><\/p>\n","protected":false},"author":1,"featured_media":0,"comment_status":"closed","ping_status":"closed","sticky":false,"template":"","format":"standard","meta":{"footnotes":""},"categories":[3],"tags":[],"class_list":["post-31720","post","type-post","status-publish","format-standard","hentry","category-casadomo-com"],"_links":{"self":[{"href":"https:\/\/domosistemas.com\/index.php?rest_route=\/wp\/v2\/posts\/31720","targetHints":{"allow":["GET"]}}],"collection":[{"href":"https:\/\/domosistemas.com\/index.php?rest_route=\/wp\/v2\/posts"}],"about":[{"href":"https:\/\/domosistemas.com\/index.php?rest_route=\/wp\/v2\/types\/post"}],"author":[{"embeddable":true,"href":"https:\/\/domosistemas.com\/index.php?rest_route=\/wp\/v2\/users\/1"}],"replies":[{"embeddable":true,"href":"https:\/\/domosistemas.com\/index.php?rest_route=%2Fwp%2Fv2%2Fcomments&post=31720"}],"version-history":[{"count":0,"href":"https:\/\/domosistemas.com\/index.php?rest_route=\/wp\/v2\/posts\/31720\/revisions"}],"wp:attachment":[{"href":"https:\/\/domosistemas.com\/index.php?rest_route=%2Fwp%2Fv2%2Fmedia&parent=31720"}],"wp:term":[{"taxonomy":"category","embeddable":true,"href":"https:\/\/domosistemas.com\/index.php?rest_route=%2Fwp%2Fv2%2Fcategories&post=31720"},{"taxonomy":"post_tag","embeddable":true,"href":"https:\/\/domosistemas.com\/index.php?rest_route=%2Fwp%2Fv2%2Ftags&post=31720"}],"curies":[{"name":"wp","href":"https:\/\/api.w.org\/{rel}","templated":true}]}}