{"id":31724,"date":"2026-02-12T09:00:46","date_gmt":"2026-02-12T09:00:46","guid":{"rendered":"https:\/\/domosistemas.com\/?p=31724"},"modified":"2026-02-12T09:00:46","modified_gmt":"2026-02-12T09:00:46","slug":"donde-ver-en-streaming-las-peliculas-nominadas-a-los-goya-2026-netflix-prime-video-filmin-movistar-y-mas","status":"publish","type":"post","link":"https:\/\/domosistemas.com\/?p=31724","title":{"rendered":"D\u00f3nde ver en streaming las pel\u00edculas nominadas a los Goya 2026: Netflix, Prime Video, Filmin, Movistar+ y m\u00e1s"},"content":{"rendered":"<div>\n<p>\n      <img decoding=\"async\" src=\"https:\/\/i.blogs.es\/e637f5\/1366_20008sirat\/1024_2000.jpeg\" alt=\"D\u00f3nde ver en streaming las pel\u00edculas nominadas a los Goya 2026: Netflix, Prime Video, Filmin, Movistar+ y m\u00e1s \">\n    <\/p>\n<p>Hace unos d\u00edas avanz\u00e1bamos que <a class=\"text-outboundlink\" href=\"https:\/\/www.xatakahome.com\/servicios-de-smart-tv\/tienes-movistar-plus-llega-nuevo-canal-cine-gratis-decenas-peliculas-sabor-espanol\" data-vars-post-title=\"Si tienes Movistar Plus+, llega un nuevo canal de cine gratis y decenas de pel\u00edculas con sabor espa\u00f1ol \" data-vars-post-url=\"https:\/\/www.xatakahome.com\/servicios-de-smart-tv\/tienes-movistar-plus-llega-nuevo-canal-cine-gratis-decenas-peliculas-sabor-espanol\">Movistar Plus+ iba a apostar fuerte<\/a> este a\u00f1o por la gala de los <strong>Premios Goya 2026<\/strong> con la emisi\u00f3n de muchas de las pel\u00edculas nominadas e incluso abriendo un dial especial en su parrilla.<\/p>\n<p><!-- BREAK 1 --><\/p>\n<p>Pero si eres aficionado y no cuentas con esta plataforma, a\u00fan as\u00ed hay muchas de ellas que est\u00e1n disponibles en otros servicios de streaming listas para alquilar y disfrutar en casa. \u00bfD\u00f3nde puedes ver las <strong>principales pel\u00edculas nominadas a los Premios Goya 2026<\/strong>?<\/p>\n<p><!-- BREAK 2 --><\/p>\n<div class=\"toc-container article-asset-normal\">\n<details>\n<summary class=\"toc-header \">\n   <span class=\"toc-heading\"><br \/>\n    <span>\u00cdndice de Contenidos (13)<\/span><br \/>\n   <\/span><br \/>\n   <span class=\"icon-folded\"><\/span><br \/>\n  <\/summary>\n<\/details>\n<div class=\"toc-list-wrap \">\n<div class=\"toc-list-item\">\n<ul class=\"toc-list\">\n<li class=\"toc-item\">\n       <a href=\"https:\/\/www.xatakahome.com\/servicios-de-smart-tv\/donde-ver-streaming-peliculas-nominadas-a-goya-2026-netflix-prime-video-filmin-movistar#sirat-1\" class=\"toc-item-link\">&#8216;Sirat&#8217;<\/a>\n      <\/li>\n<li class=\"toc-item\">\n       <a href=\"https:\/\/www.xatakahome.com\/servicios-de-smart-tv\/donde-ver-streaming-peliculas-nominadas-a-goya-2026-netflix-prime-video-filmin-movistar#conclave-2\" class=\"toc-item-link\">&#8216;C\u00f3nclave&#8217;<\/a>\n      <\/li>\n<li class=\"toc-item\">\n       <a href=\"https:\/\/www.xatakahome.com\/servicios-de-smart-tv\/donde-ver-streaming-peliculas-nominadas-a-goya-2026-netflix-prime-video-filmin-movistar#sorda-3\" class=\"toc-item-link\">&#8216;Sorda&#8217;<\/a>\n      <\/li>\n<li class=\"toc-item\">\n       <a href=\"https:\/\/www.xatakahome.com\/servicios-de-smart-tv\/donde-ver-streaming-peliculas-nominadas-a-goya-2026-netflix-prime-video-filmin-movistar#romeria-4\" class=\"toc-item-link\">&#8216;Romer\u00eda&#8217;<\/a>\n      <\/li>\n<li class=\"toc-item\">\n       <a href=\"https:\/\/www.xatakahome.com\/servicios-de-smart-tv\/donde-ver-streaming-peliculas-nominadas-a-goya-2026-netflix-prime-video-filmin-movistar#quinta-portuguesa-5\" class=\"toc-item-link\">&#8216;Una quinta portuguesa&#8217;<\/a>\n      <\/li>\n<li class=\"toc-item\">\n       <a href=\"https:\/\/www.xatakahome.com\/servicios-de-smart-tv\/donde-ver-streaming-peliculas-nominadas-a-goya-2026-netflix-prime-video-filmin-movistar#tortuga-6\" class=\"toc-item-link\">&#8216;Los tortuga&#8217;<\/a>\n      <\/li>\n<li class=\"toc-item\">\n       <a href=\"https:\/\/www.xatakahome.com\/servicios-de-smart-tv\/donde-ver-streaming-peliculas-nominadas-a-goya-2026-netflix-prime-video-filmin-movistar#tardes-soledad-7\" class=\"toc-item-link\">&#8216;Tardes de soledad&#8217;<\/a>\n      <\/li>\n<li class=\"toc-item\">\n       <a href=\"https:\/\/www.xatakahome.com\/servicios-de-smart-tv\/donde-ver-streaming-peliculas-nominadas-a-goya-2026-netflix-prime-video-filmin-movistar#muy-lejos-8\" class=\"toc-item-link\">&#8216;Muy lejos&#8217;<\/a>\n      <\/li>\n<li class=\"toc-item\">\n       <a href=\"https:\/\/www.xatakahome.com\/servicios-de-smart-tv\/donde-ver-streaming-peliculas-nominadas-a-goya-2026-netflix-prime-video-filmin-movistar#fantasma-batalla-9\" class=\"toc-item-link\">&#8216;Un fantasma en la batalla&#8217;<\/a>\n      <\/li>\n<li class=\"toc-item\">\n       <a href=\"https:\/\/www.xatakahome.com\/servicios-de-smart-tv\/donde-ver-streaming-peliculas-nominadas-a-goya-2026-netflix-prime-video-filmin-movistar#furia-10\" class=\"toc-item-link\">&#8216;La furia&#8217;<\/a>\n      <\/li>\n<li class=\"toc-item\">\n       <a href=\"https:\/\/www.xatakahome.com\/servicios-de-smart-tv\/donde-ver-streaming-peliculas-nominadas-a-goya-2026-netflix-prime-video-filmin-movistar#chica-aguja-11\" class=\"toc-item-link\">&#8216;La chica de la aguja&#8217;<\/a>\n      <\/li>\n<li class=\"toc-item\">\n       <a href=\"https:\/\/www.xatakahome.com\/servicios-de-smart-tv\/donde-ver-streaming-peliculas-nominadas-a-goya-2026-netflix-prime-video-filmin-movistar#cena-12\" class=\"toc-item-link\">&#8216;La Cena&#8217;<\/a>\n      <\/li>\n<li class=\"toc-item\">\n       <a href=\"https:\/\/www.xatakahome.com\/servicios-de-smart-tv\/donde-ver-streaming-peliculas-nominadas-a-goya-2026-netflix-prime-video-filmin-movistar#proximamente-13\" class=\"toc-item-link\">Pr\u00f3ximamente<\/a>\n      <\/li>\n<\/ul><\/div>\n<\/p><\/div>\n<\/div>\n<div class=\"article-asset article-asset-normal article-asset-center\">\n<div class=\"desvio-container\">\n<div class=\"desvio\">\n<div class=\"desvio-figure js-desvio-figure\">\n    <a href=\"https:\/\/www.xatakahome.com\/altavoces\/barra-sonido-pareja-altavoces-estereo-para-tele-cual-mejor-para-mi-ventajas-e-inconvenientes-cada-uno\" class=\"pivot-outboundlink\" data-vars-post-title=\"Barra de sonido o pareja de altavoces est\u00e9reo para la tele: cu\u00e1l es mejor para m\u00ed, ventajas e inconvenientes de cada uno\"><br \/>\n     <img loading=\"lazy\" decoding=\"async\" alt=\"Barra de sonido o pareja de altavoces est\u00e9reo para la tele: cu\u00e1l es mejor para m\u00ed, ventajas e inconvenientes de cada uno\" width=\"375\" height=\"142\" src=\"https:\/\/i.blogs.es\/47f8ad\/1366_2000-subwofer-altavoces\/375_142.jpg\"><br \/>\n    <\/a>\n   <\/div>\n<div class=\"desvio-summary\">\n<div class=\"desvio-taxonomy js-desvio-taxonomy\">\n     <a href=\"https:\/\/www.xatakahome.com\/altavoces\/barra-sonido-pareja-altavoces-estereo-para-tele-cual-mejor-para-mi-ventajas-e-inconvenientes-cada-uno\" class=\"desvio-taxonomy-anchor pivot-outboundlink\" data-vars-post-title=\"Barra de sonido o pareja de altavoces est\u00e9reo para la tele: cu\u00e1l es mejor para m\u00ed, ventajas e inconvenientes de cada uno\">En Xataka Smart Home<\/a>\n    <\/div>\n<p>    <a href=\"https:\/\/www.xatakahome.com\/altavoces\/barra-sonido-pareja-altavoces-estereo-para-tele-cual-mejor-para-mi-ventajas-e-inconvenientes-cada-uno\" class=\"desvio-title js-desvio-title pivot-outboundlink\" data-vars-post-title=\"Barra de sonido o pareja de altavoces est\u00e9reo para la tele: cu\u00e1l es mejor para m\u00ed, ventajas e inconvenientes de cada uno\">Barra de sonido o pareja de altavoces est\u00e9reo para la tele: cu\u00e1l es mejor para m\u00ed, ventajas e inconvenientes de cada uno<\/a>\n   <\/div>\n<\/p><\/div>\n<\/p><\/div>\n<\/div>\n<h2 id=\"sirat-1\" class=\"toc-enabled\"><span class=\"toc-shortcut-icon\" title=\"Ver \u00cdndice de contenido\"><\/span>&#8216;Sirat&#8217;<\/h2>\n<div class=\"article-asset-image article-asset-normal article-asset-center\">\n<div class=\"asset-content\">\n<p>   <img decoding=\"async\" alt=\"sirat\" class=\"centro_sinmarco\" src=\"https:\/\/i.blogs.es\/f975fa\/1366_2000\/450_1000.jpeg\"><\/p><\/div>\n<\/div>\n<p>La segunda cinta m\u00e1s nominada este a\u00f1o es <a class=\"text-outboundlink\" href=\"https:\/\/www.espinof.com\/estrenos\/fui-a-ver-sirat-sabiendo-justo-ella-me-ha-conquistado-dos-razones-su-musica-su-manera-invocar-dos-mis-clasicos-favoritos\" data-vars-post-title=\"'Sirat' es una experiencia \u00fanica. La pel\u00edcula de \u00d3liver Laxe me ha acabado arrollando con su m\u00fasica e influencias que no vi venir\" data-vars-post-url=\"https:\/\/www.espinof.com\/estrenos\/fui-a-ver-sirat-sabiendo-justo-ella-me-ha-conquistado-dos-razones-su-musica-su-manera-invocar-dos-mis-clasicos-favoritos\">&#8216;Sirat&#8217;<\/a> con <strong>11 menciones<\/strong> a los Goya 2026, que se ha colado tambi\u00e9n en los Globos de Oro y quiere hacer lo propio en los Oscars. Disponible ya en <a rel=\"nofollow, sponsored, noopener, noreferrer\" target=\"_blank\" class=\"js-ecommerce\" id=\"link-ecommerce-1\" href=\"https:\/\/www.xatakahome.com\/redirect?url=https%3A%2F%2Fwww.movistarplus.es%2F&amp;category=servicios-de-smart-tv&amp;ecomPostExpiration=everlasting&amp;postId=121430\" data-vars-affiliate-url=\"https:\/\/www.movistarplus.es\/\">Movistar Plus+<\/a>.<\/p>\n<p><!-- BREAK 3 --><\/p>\n<h2 id=\"conclave-2\" class=\"toc-enabled\"><span class=\"toc-shortcut-icon\" title=\"Ver \u00cdndice de contenido\"><\/span>&#8216;C\u00f3nclave&#8217;<\/h2>\n<div class=\"article-asset-video article-asset-normal\">\n<div class=\"asset-content\">\n<div class=\"base-asset-video\">\n<div class=\"js-dailymotion\">\n    <script type=\"application\/json\">\n                          {\"videoId\":\"x99t5vo\",\"autoplay\":false,\"title\":\"Conclave - Trailer\", \"tag\":\"\", \"duration\":\"166\"}\n                  <\/script>\n   <\/div>\n<\/p><\/div>\n<\/p><\/div>\n<\/div>\n<p>Una de las mejores pel\u00edculas de 2024 fue <a class=\"text-outboundlink\" href=\"https:\/\/www.espinof.com\/criticas\/conclave-fumata-blanca-para-anunciar-que-gran-cine-sigue-vivo\" data-vars-post-title=\"'C\u00f3nclave', una fumata blanca para anunciar que el gran cine sigue vivo \" data-vars-post-url=\"https:\/\/www.espinof.com\/criticas\/conclave-fumata-blanca-para-anunciar-que-gran-cine-sigue-vivo\">&#8216;C\u00f3nclave&#8217;<\/a>, que ahora est\u00e1 <strong>nominada al Goya a la mejor pel\u00edcula internacional<\/strong>. Con Ralph Fiennes bajo la batuta de Edward Berger en un thriller pol\u00edtico con alma eclesi\u00e1stica con una puesta en escena y un montaje estupendos. La puedes ver en <a rel=\"nofollow, sponsored, noopener, noreferrer\" target=\"_blank\" class=\"js-ecommerce\" id=\"link-ecommerce-2\" href=\"https:\/\/www.xatakahome.com\/redirect?url=https%3A%2F%2Fwww.movistarplus.es%2F&amp;category=servicios-de-smart-tv&amp;ecomPostExpiration=everlasting&amp;postId=121430\" data-vars-affiliate-url=\"https:\/\/www.movistarplus.es\/\">Movistar Plus+<\/a> y en alquiler en <a rel=\"nofollow, sponsored, noopener, noreferrer\" target=\"_blank\" class=\"js-ecommerce\" id=\"link-ecommerce-3\" href=\"https:\/\/www.xatakahome.com\/redirect?url=https%3A%2F%2Fwww.primevideo.com%2Fdetail%2FC%25C3%25B3nclave%2F0SQN5MWT915D5GAEYVVIY8RNO2&amp;category=servicios-de-smart-tv&amp;ecomPostExpiration=everlasting&amp;postId=121430\" data-vars-affiliate-url=\"https:\/\/www.primevideo.com\/detail\/C%C3%B3nclave\/0SQN5MWT915D5GAEYVVIY8RNO2\">Prime Video<\/a>.<\/p>\n<p><!-- BREAK 4 --><\/p>\n<h2 id=\"sorda-3\" class=\"toc-enabled\"><span class=\"toc-shortcut-icon\" title=\"Ver \u00cdndice de contenido\"><\/span>&#8216;Sorda&#8217;<\/h2>\n<div class=\"article-asset-image article-asset-normal article-asset-center\">\n<div class=\"asset-content\">\n<p>   <img decoding=\"async\" alt=\"s\" class=\"centro_sinmarco\" src=\"https:\/\/i.blogs.es\/84f72a\/1366_2000\/450_1000.jpeg\"><\/p><\/div>\n<\/div>\n<p>&#8216;Sorda&#8217;\u00a0es otro de los t\u00edtulos que <strong>llega a los Goya <\/strong>tras arrasar en festivales como M\u00e1laga o Berl\u00edn, donde se alz\u00f3 con los premios a la mejor pel\u00edcula y el premio del p\u00fablico respectivamente. Disponible en <a rel=\"nofollow, sponsored, noopener, noreferrer\" target=\"_blank\" class=\"js-ecommerce\" id=\"link-ecommerce-4\" href=\"https:\/\/www.xatakahome.com\/redirect?url=https%3A%2F%2Fwww.movistarplus.es%2F&amp;category=servicios-de-smart-tv&amp;ecomPostExpiration=everlasting&amp;postId=121430\" data-vars-affiliate-url=\"https:\/\/www.movistarplus.es\/\">Movistar Plus+<\/a> y para alquiler en <a rel=\"nofollow, sponsored, noopener, noreferrer\" target=\"_blank\" class=\"js-ecommerce\" id=\"link-ecommerce-5\" href=\"https:\/\/www.xatakahome.com\/redirect?url=https%3A%2F%2Fwww.primevideo.com%2F-%2Fes%2Fdetail%2FSorda%2F0GI4WW0B900J7A53OSZF2REG0W&amp;category=servicios-de-smart-tv&amp;ecomPostExpiration=everlasting&amp;postId=121430\" data-vars-affiliate-url=\"https:\/\/www.primevideo.com\/-\/es\/detail\/Sorda\/0GI4WW0B900J7A53OSZF2REG0W\">Prime Video<\/a> y <a rel=\"noopener, noreferrer\" href=\"https:\/\/www.filmin.es\/pelicula\/sorda\">Filmin<\/a>.<\/p>\n<p><!-- BREAK 5 --><\/p>\n<h2 id=\"romeria-4\" class=\"toc-enabled\"><span class=\"toc-shortcut-icon\" title=\"Ver \u00cdndice de contenido\"><\/span>&#8216;Romer\u00eda&#8217;<\/h2>\n<div class=\"article-asset-image article-asset-normal article-asset-center\">\n<div class=\"asset-content\">\n<p>   <img decoding=\"async\" alt=\"romeria\" class=\"centro_sinmarco\" src=\"https:\/\/i.blogs.es\/65fb36\/1366_20008\/450_1000.jpeg\"><\/p><\/div>\n<\/div>\n<p>Despu\u00e9s de arrasar con &#8216;Alcarr\u00e1s&#8217;, la cineasta <strong>Carla Sim\u00f3n<\/strong> ha vuelto a la carga esta vez con <a class=\"text-outboundlink\" href=\"https:\/\/www.espinof.com\/criticas\/romeria-pelicula-clave-2025-carla-simon-muestra-su-lado-poetico-fantastico-pelicula-que-fabrica-sus-propios-recuerdos\" data-vars-post-title=\"'Romer\u00eda' es incre\u00edble. Carla Sim\u00f3n muestra su lado m\u00e1s po\u00e9tico y fant\u00e1stico en una pel\u00edcula que fabrica sus propios recuerdos\" data-vars-post-url=\"https:\/\/www.espinof.com\/criticas\/romeria-pelicula-clave-2025-carla-simon-muestra-su-lado-poetico-fantastico-pelicula-que-fabrica-sus-propios-recuerdos\">&#8216;Romer\u00eda&#8217;<\/a>, nominada a Mejor Direcci\u00f3n en los Goya 2026 y que ya puedes ver en <a rel=\"nofollow, sponsored, noopener, noreferrer\" target=\"_blank\" class=\"js-ecommerce\" id=\"link-ecommerce-6\" href=\"https:\/\/www.xatakahome.com\/redirect?url=https%3A%2F%2Fwww.movistarplus.es%2Fcine%2Fsirat%2Fficha%3Ftipo%3DE%26id%3D307698&amp;category=servicios-de-smart-tv&amp;ecomPostExpiration=everlasting&amp;postId=121430\" data-vars-affiliate-url=\"https:\/\/www.movistarplus.es\/cine\/sirat\/ficha?tipo=E&amp;id=307698\">Movistar Plus+<\/a>.<\/p>\n<p><!-- BREAK 6 --><\/p>\n<h2 id=\"quinta-portuguesa-5\" class=\"toc-enabled\"><span class=\"toc-shortcut-icon\" title=\"Ver \u00cdndice de contenido\"><\/span>&#8216;Una quinta portuguesa&#8217;<\/h2>\n<div class=\"article-asset-image article-asset-normal article-asset-center\">\n<div class=\"asset-content\">\n<p>   <img decoding=\"async\" alt=\"m\" class=\"centro_sinmarco\" src=\"https:\/\/i.blogs.es\/d139bf\/1366_2000\/450_1000.jpeg\"><\/p><\/div>\n<\/div>\n<p>Con tres nominaciones a los Goya 2026, <strong>&#8216;Una quinta portuguesa&#8217;<\/strong> con <strong>Manolo Solo y Mar\u00eda de Medeiros<\/strong> llega para arrasar optando a un par de estatuillas interpretativas impulsadas por un guion original que tambi\u00e9n tiene candidatura. La puedes ver en <a rel=\"nofollow, sponsored, noopener, noreferrer\" target=\"_blank\" class=\"js-ecommerce\" id=\"link-ecommerce-7\" href=\"https:\/\/www.xatakahome.com\/redirect?url=https%3A%2F%2Fwww.movistarplus.es%2F&amp;category=servicios-de-smart-tv&amp;ecomPostExpiration=everlasting&amp;postId=121430\" data-vars-affiliate-url=\"https:\/\/www.movistarplus.es\/\">Movistar Plus+<\/a> y <a rel=\"noopener, noreferrer\" href=\"https:\/\/www.filmin.es\/pelicula\/una-quinta-portuguesa\">Filmin<\/a>.<\/p>\n<p><!-- BREAK 7 --><\/p>\n<h2 id=\"tortuga-6\" class=\"toc-enabled\"><span class=\"toc-shortcut-icon\" title=\"Ver \u00cdndice de contenido\"><\/span>&#8216;Los tortuga&#8217;<\/h2>\n<div class=\"article-asset-image article-asset-normal article-asset-center\">\n<div class=\"asset-content\">\n<p>   <img decoding=\"async\" alt=\"m\" class=\"centro_sinmarco\" src=\"https:\/\/i.blogs.es\/a018d0\/1366_2000\/450_1000.jpeg\"><\/p><\/div>\n<\/div>\n<p>Bel\u00e9n Funes junto con <strong>Antonia Zegers y Elvira Lara<\/strong> competir\u00e1n en las categor\u00edas de mejor actriz principal y mejor actriz revelaci\u00f3n gracias a su trabajo en un drama social de l\u00e1grima f\u00e1cil. Disponible en <a rel=\"nofollow, sponsored, noopener, noreferrer\" target=\"_blank\" class=\"js-ecommerce\" id=\"link-ecommerce-8\" href=\"https:\/\/www.xatakahome.com\/redirect?url=https%3A%2F%2Fwww.movistarplus.es%2F&amp;category=servicios-de-smart-tv&amp;ecomPostExpiration=everlasting&amp;postId=121430\" data-vars-affiliate-url=\"https:\/\/www.movistarplus.es\/\">Movistar Plus+<\/a> y para alquilar en <a rel=\"nofollow, sponsored, noopener, noreferrer\" target=\"_blank\" class=\"js-ecommerce\" id=\"link-ecommerce-9\" href=\"https:\/\/www.xatakahome.com\/redirect?url=https%3A%2F%2Fwww.primevideo.com%2F-%2Fes%2Fdetail%2FLos-Tortuga%2F0N3ENK5CFAGPHS3YQW782T439L&amp;category=servicios-de-smart-tv&amp;ecomPostExpiration=everlasting&amp;postId=121430\" data-vars-affiliate-url=\"https:\/\/www.primevideo.com\/-\/es\/detail\/Los-Tortuga\/0N3ENK5CFAGPHS3YQW782T439L\">Prime Video<\/a> y <a rel=\"noopener, noreferrer\" href=\"https:\/\/www.filmin.es\/pelicula\/los-tortuga\">Filmin<\/a>.\u00a0<\/p>\n<p><!-- BREAK 8 --><\/p>\n<h2 id=\"tardes-soledad-7\" class=\"toc-enabled\"><span class=\"toc-shortcut-icon\" title=\"Ver \u00cdndice de contenido\"><\/span>&#8216;Tardes de soledad&#8217;<\/h2>\n<div class=\"article-asset-image article-asset-normal article-asset-center\">\n<div class=\"asset-content\">\n<p>   <img decoding=\"async\" alt=\"m\" class=\"centro_sinmarco\" src=\"https:\/\/i.blogs.es\/ec7ece\/1366_2000\/450_1000.jpeg\"><\/p><\/div>\n<\/div>\n<p>Si te va la tem\u00e1tica taurina (si no, mejor abstenerse), <a class=\"text-outboundlink\" href=\"https:\/\/www.espinof.com\/criticas\/tardes-soledad-pelicula-contundente-albert-serra-lamentablemente-asqueroso-que-he-visto-decadas\" data-vars-post-title=\"'Tardes de soledad' es la pel\u00edcula m\u00e1s contundente de Albert Serra. Lamentablemente, es lo m\u00e1s asqueroso que he visto en d\u00e9cadas\" data-vars-post-url=\"https:\/\/www.espinof.com\/criticas\/tardes-soledad-pelicula-contundente-albert-serra-lamentablemente-asqueroso-que-he-visto-decadas\">&#8216;Tardes de soledad&#8217;<\/a> le ha servido a Albert Serra para llevarse <strong>una nominaci\u00f3n a la mejor direcci\u00f3n<\/strong> y a la mejor pel\u00edcula documental. Disponible en <a rel=\"nofollow, sponsored, noopener, noreferrer\" target=\"_blank\" class=\"js-ecommerce\" id=\"link-ecommerce-10\" href=\"https:\/\/www.xatakahome.com\/redirect?url=https%3A%2F%2Fwww.movistarplus.es%2F&amp;category=servicios-de-smart-tv&amp;ecomPostExpiration=everlasting&amp;postId=121430\" data-vars-affiliate-url=\"https:\/\/www.movistarplus.es\/\">Movistar Plus+<\/a>, <a rel=\"noopener, noreferrer\" href=\"https:\/\/www.filmin.es\/pelicula\/tardes-de-soledad\">Filmin<\/a> y <a rel=\"nofollow, sponsored, noopener, noreferrer\" target=\"_blank\" class=\"js-ecommerce\" id=\"link-ecommerce-11\" href=\"https:\/\/www.xatakahome.com\/redirect?url=https%3A%2F%2Fwww.primevideo.com%2F-%2Fes%2Fdetail%2FTardes-de-soledad%2F0QZ0HBM90EQKTCD2OBYT1PDIGK&amp;category=servicios-de-smart-tv&amp;ecomPostExpiration=everlasting&amp;postId=121430\" data-vars-affiliate-url=\"https:\/\/www.primevideo.com\/-\/es\/detail\/Tardes-de-soledad\/0QZ0HBM90EQKTCD2OBYT1PDIGK\">Prime Video<\/a>.\u00a0<\/p>\n<p><!-- BREAK 9 --><\/p>\n<h2 id=\"muy-lejos-8\" class=\"toc-enabled\"><span class=\"toc-shortcut-icon\" title=\"Ver \u00cdndice de contenido\"><\/span>&#8216;Muy lejos&#8217;<\/h2>\n<div class=\"article-asset-image article-asset-normal article-asset-center\">\n<div class=\"asset-content\">\n<p>   <img decoding=\"async\" alt=\"m\" class=\"centro_sinmarco\" src=\"https:\/\/i.blogs.es\/e795df\/1366_2000\/450_1000.jpeg\"><\/p><\/div>\n<\/div>\n<p><a class=\"text-outboundlink\" href=\"https:\/\/www.espinof.com\/criticas\/muy-lejos-sublimacion-mario-casas-como-antiheroe-busca-su-identidad-pelicula-se-equivoca-al-poner-todo-peso-sus-hombros\" data-vars-post-title=\"'Muy lejos' es la sublimaci\u00f3n de Mario Casas como antih\u00e9roe. El error de la pel\u00edcula es poner todo el peso sobre sus hombros\" data-vars-post-url=\"https:\/\/www.espinof.com\/criticas\/muy-lejos-sublimacion-mario-casas-como-antiheroe-busca-su-identidad-pelicula-se-equivoca-al-poner-todo-peso-sus-hombros\">&#8216;Muy lejos&#8217;<\/a> con <strong>Mario Casas<\/strong> es un drama dirigido por un Gerard Oms que tambi\u00e9n opta al premio a la mejor direcci\u00f3n novel. Puedes verla en <a rel=\"nofollow, sponsored, noopener, noreferrer\" target=\"_blank\" class=\"js-ecommerce\" id=\"link-ecommerce-12\" href=\"https:\/\/www.xatakahome.com\/redirect?url=https%3A%2F%2Fwww.movistarplus.es%2F&amp;category=servicios-de-smart-tv&amp;ecomPostExpiration=everlasting&amp;postId=121430\" data-vars-affiliate-url=\"https:\/\/www.movistarplus.es\/\">Movistar Plus+<\/a> y <a rel=\"noopener, noreferrer\" href=\"https:\/\/www.filmin.es\/pelicula\/muy-lejos\">Filmin<\/a>.<\/p>\n<p><!-- BREAK 10 --><\/p>\n<h2 id=\"fantasma-batalla-9\" class=\"toc-enabled\"><span class=\"toc-shortcut-icon\" title=\"Ver \u00cdndice de contenido\"><\/span>&#8216;Un fantasma en la batalla&#8217;<\/h2>\n<div class=\"article-asset-image article-asset-normal article-asset-center\">\n<div class=\"asset-content\">\n<p>   <img decoding=\"async\" alt=\"m\" class=\"centro_sinmarco\" src=\"https:\/\/i.blogs.es\/9633ba\/1366_2000\/450_1000.jpeg\"><\/p><\/div>\n<\/div>\n<p><strong>&#8216;Un fantasma en la batalla&#8217;<\/strong> de <strong>Agust\u00edn D\u00edaz Yanes<\/strong> nos traslada a la transici\u00f3n al nuevo milenio para narrar la vida de una guardia civil encubierta dentro de la organizaci\u00f3n terrorista ETA. Opta a cuatro nominaciones, incluyendo las de mejor montaje y mejor guion original. La puedes ver en <a rel=\"noopener, noreferrer\" href=\"https:\/\/www.netflix.com\/title\/81700950\">Netflix<\/a>.<\/p>\n<p><!-- BREAK 11 --><\/p>\n<h2 id=\"furia-10\" class=\"toc-enabled\"><span class=\"toc-shortcut-icon\" title=\"Ver \u00cdndice de contenido\"><\/span>&#8216;La furia&#8217;<\/h2>\n<div class=\"article-asset-video article-asset-normal\">\n<div class=\"asset-content\">\n<div class=\"base-asset-video\">\n<div class=\"js-dailymotion\">\n    <script type=\"application\/json\">\n                          {\"videoId\":\"x9gwkn0\",\"autoplay\":true,\"title\":\"La furia - Tr\u00e1iler\", \"tag\":\"\", \"duration\":\"109\"}\n                  <\/script>\n   <\/div>\n<\/p><\/div>\n<\/p><\/div>\n<\/div>\n<p>La <strong>&#8216;La furia&#8217;<\/strong> es un duro relato con los abusos sexuales como tel\u00f3n de fondo que tambi\u00e9n podr\u00eda ganar con el Goya a la mejor actriz principal gracias a la nominaci\u00f3n de \u00c1ngela Cervantes.\u00a0<strong>Gemma Blasco<\/strong> tambi\u00e9n es una de las grandes candidatas a llevarse el premio a la mejor direcci\u00f3n novel. La puedes ver en <a rel=\"noopener, noreferrer\" href=\"https:\/\/www.filmin.es\/pelicula\/la-furia\">Filmin<\/a>.<\/p>\n<p><!-- BREAK 12 --><\/p>\n<h2 id=\"chica-aguja-11\" class=\"toc-enabled\"><span class=\"toc-shortcut-icon\" title=\"Ver \u00cdndice de contenido\"><\/span>&#8216;La chica de la aguja&#8217;<\/h2>\n<div class=\"article-asset-image article-asset-normal article-asset-center\">\n<div class=\"asset-content\">\n<p>   <img decoding=\"async\" alt=\"aguja\" class=\"centro_sinmarco\" src=\"https:\/\/i.blogs.es\/2f4dff\/1366_2000\/450_1000.jpeg\"><\/p><\/div>\n<\/div>\n<p>Una pesadilla con tintes expresionistas a medio camino entre el terror y el realismo m\u00e1gico es esta <strong>&#8216;La chica de la aguja&#8217;<\/strong>, capaz de revolverte el est\u00f3mago y enamorarte con una direcci\u00f3n de fotograf\u00eda espectacular. Opta al Goya a la mejor pel\u00edcula internacional. Est\u00e1 disponible en <a rel=\"noopener, noreferrer\" href=\"https:\/\/www.filmin.es\/pelicula\/la-chica-de-la-aguja\">Filmin<\/a>.<\/p>\n<p><!-- BREAK 13 --><\/p>\n<h2 id=\"cena-12\" class=\"toc-enabled\"><span class=\"toc-shortcut-icon\" title=\"Ver \u00cdndice de contenido\"><\/span>&#8216;La Cena&#8217;<\/h2>\n<div class=\"article-asset-video article-asset-normal\">\n<div class=\"asset-content\">\n<div class=\"base-asset-video\">\n   <iframe loading=\"lazy\" width=\"650\" height=\"366\" src=\"\/\/www.youtube.com\/embed\/S4mIhs9k_fg\" allowfullscreen><\/iframe>\n  <\/div>\n<\/p><\/div>\n<\/div>\n<p><strong>Mario Casas y Alberto San Juan<\/strong> protagonizan &#8216;La Cena&#8217;, una divertida comedia donde nada es lo que parece. Est\u00e1 disponible en <a rel=\"nofollow, sponsored, noopener, noreferrer\" target=\"_blank\" class=\"js-ecommerce\" id=\"link-ecommerce-13\" href=\"https:\/\/www.xatakahome.com\/redirect?url=https%3A%2F%2Fwww.movistarplus.es%2F&amp;category=servicios-de-smart-tv&amp;ecomPostExpiration=everlasting&amp;postId=121430\" data-vars-affiliate-url=\"https:\/\/www.movistarplus.es\/\">Movistar Plus+<\/a> y <a rel=\"noopener, noreferrer\" href=\"https:\/\/www.filmin.es\/pelicula\/la-cena\">Filmin<\/a> a partir del 13 de febrero.<\/p>\n<p><!-- BREAK 14 --><\/p>\n<h2 id=\"proximamente-13\" class=\"toc-enabled\"><span class=\"toc-shortcut-icon\" title=\"Ver \u00cdndice de contenido\"><\/span>Pr\u00f3ximamente<\/h2>\n<ul>\n<li value=\"1\"><strong>&#8216;Balearic&#8217;<\/strong>, en cines y en <a rel=\"noopener, noreferrer\" href=\"https:\/\/www.filmin.es\/pelicula\/balearic\">Filmin<\/a> a partir del 3 de abril.<\/li>\n<li value=\"2\"><strong>&#8216;Los tigres&#8217;<\/strong> el 20 de febrero en Movistar Plus+<\/li>\n<li value=\"3\"><strong>&#8216;<\/strong><strong>Los domingos<\/strong><strong>&#8216;<\/strong> el 27 febrero Movistar en Movistar Plus+<\/li>\n<li value=\"4\"><strong>&#8216;Decorado&#8217;<\/strong> en Movistar Plus+ el 24 de febrero.<\/li>\n<li value=\"5\"><strong>&#8216;Ciudad sin sue\u00f1o&#8217;<\/strong>, para ver en cines y en <a rel=\"noopener, noreferrer\" href=\"https:\/\/www.filmin.es\/pelicula\/ciudad-sin-sueno\">Filmin<\/a> a partir del 20 de marzo<\/li>\n<\/ul>\n<p>En Xataka SmartHome | <a class=\"text-outboundlink\" href=\"https:\/\/www.xatakahome.com\/a-fondo\/errores-frecuentes-al-comprar-instalar-usar-tu-barra-sonido-equipo-cine-casa-asi-puedes-evitarlos\" data-vars-post-title=\"Gastar un dineral en una barra de sonido o equipo de cine en casa no har\u00e1 que suene mejor si cometes estos errores. As\u00ed puedes evitarlos\" data-vars-post-url=\"https:\/\/www.xatakahome.com\/a-fondo\/errores-frecuentes-al-comprar-instalar-usar-tu-barra-sonido-equipo-cine-casa-asi-puedes-evitarlos\" target=\"_blank\">Gastar un dineral en una barra de sonido o equipo de cine en casa no har\u00e1 que suene mejor si cometes estos errores. As\u00ed puedes evitarlos<\/a><\/p>\n<p><\/p>\n<p><\/p>\n<p><script>\n (function() {\n  window._JS_MODULES = window._JS_MODULES || {};\n  var headElement = document.getElementsByTagName('head')[0];\n  if (_JS_MODULES.instagram) {\n   var instagramScript = document.createElement('script');\n   instagramScript.src = 'https:\/\/platform.instagram.com\/en_US\/embeds.js';\n   instagramScript.async = true;\n   instagramScript.defer = true;\n   headElement.appendChild(instagramScript);\n  }\n })();\n<\/script><\/p>\n<p> &#8211; <br \/> La noticia<br \/>\n      <a href=\"https:\/\/www.xatakahome.com\/servicios-de-smart-tv\/donde-ver-streaming-peliculas-nominadas-a-goya-2026-netflix-prime-video-filmin-movistar?utm_source=feedburner&amp;utm_medium=feed&amp;utm_campaign=12_Feb_2026\"><br \/>\n       <em> D\u00f3nde ver en streaming las pel\u00edculas nominadas a los Goya 2026: Netflix, Prime Video, Filmin, Movistar+ y m\u00e1s  <\/em><br \/>\n      <\/a><br \/>\n      fue publicada originalmente en<br \/>\n      <a href=\"https:\/\/www.xatakahome.com\/?utm_source=feedburner&amp;utm_medium=feed&amp;utm_campaign=12_Feb_2026\"><br \/>\n       <strong> Xataka Smart Home <\/strong><br \/>\n      <\/a><br \/>\n             por <a href=\"https:\/\/www.xatakahome.com\/autor\/paco-rodriguez?utm_source=feedburner&amp;utm_medium=feed&amp;utm_campaign=12_Feb_2026\"><br \/>\n        Paco Rodr\u00edguez<br \/>\n       <\/a><br \/>\n      . <\/p>\n<\/div>\n","protected":false},"excerpt":{"rendered":"<p>Hace unos d\u00edas avanz\u00e1bamos que Movistar Plus+ iba a apostar fuerte este a\u00f1o por la gala de los Premios Goya 2026 con la emisi\u00f3n de muchas de las pel\u00edculas nominadas e incluso abriendo un dial especial en su parrilla. Pero si eres aficionado y no cuentas con esta plataforma, a\u00fan as\u00ed hay muchas de ellas &hellip; <a href=\"https:\/\/domosistemas.com\/?p=31724\" class=\"more-link\">Sigue leyendo <span class=\"screen-reader-text\">D\u00f3nde ver en streaming las pel\u00edculas nominadas a los Goya 2026: Netflix, Prime Video, Filmin, Movistar+ y m\u00e1s<\/span><\/a><\/p>\n","protected":false},"author":1,"featured_media":0,"comment_status":"closed","ping_status":"closed","sticky":false,"template":"","format":"standard","meta":{"footnotes":""},"categories":[8],"tags":[],"class_list":["post-31724","post","type-post","status-publish","format-standard","hentry","category-xataka"],"_links":{"self":[{"href":"https:\/\/domosistemas.com\/index.php?rest_route=\/wp\/v2\/posts\/31724","targetHints":{"allow":["GET"]}}],"collection":[{"href":"https:\/\/domosistemas.com\/index.php?rest_route=\/wp\/v2\/posts"}],"about":[{"href":"https:\/\/domosistemas.com\/index.php?rest_route=\/wp\/v2\/types\/post"}],"author":[{"embeddable":true,"href":"https:\/\/domosistemas.com\/index.php?rest_route=\/wp\/v2\/users\/1"}],"replies":[{"embeddable":true,"href":"https:\/\/domosistemas.com\/index.php?rest_route=%2Fwp%2Fv2%2Fcomments&post=31724"}],"version-history":[{"count":0,"href":"https:\/\/domosistemas.com\/index.php?rest_route=\/wp\/v2\/posts\/31724\/revisions"}],"wp:attachment":[{"href":"https:\/\/domosistemas.com\/index.php?rest_route=%2Fwp%2Fv2%2Fmedia&parent=31724"}],"wp:term":[{"taxonomy":"category","embeddable":true,"href":"https:\/\/domosistemas.com\/index.php?rest_route=%2Fwp%2Fv2%2Fcategories&post=31724"},{"taxonomy":"post_tag","embeddable":true,"href":"https:\/\/domosistemas.com\/index.php?rest_route=%2Fwp%2Fv2%2Ftags&post=31724"}],"curies":[{"name":"wp","href":"https:\/\/api.w.org\/{rel}","templated":true}]}}