{"id":31877,"date":"2026-02-24T12:03:01","date_gmt":"2026-02-24T12:03:01","guid":{"rendered":"https:\/\/domosistemas.com\/?p=31877"},"modified":"2026-02-24T12:03:01","modified_gmt":"2026-02-24T12:03:01","slug":"que-un-vecino-abra-ventanas-en-la-fachada-sin-permiso-no-es-un-problema-para-eso-esta-el-articulo-10-de-la-lph","status":"publish","type":"post","link":"https:\/\/domosistemas.com\/?p=31877","title":{"rendered":"Que un vecino abra ventanas en la fachada sin permiso no es un problema: para eso est\u00e1 el art\u00edculo 10 de la LPH"},"content":{"rendered":"<div>\n<p>\n      <img decoding=\"async\" src=\"https:\/\/i.blogs.es\/6c28b1\/portada\/1024_2000.jpeg\" alt=\"Que un vecino abra ventanas en la fachada sin permiso no es un problema: para eso est\u00e1 el art\u00edculo 10 de la LPH\">\n    <\/p>\n<p>En muchas ocasiones, la convivencia en una comunidad de vecinos puede convertirse en una aut\u00e9ntica jungla, y menos mal que tenemos la ley como apoyo para resolver conflictos. Uno de los temas que m\u00e1s pol\u00e9mica suele generar es qu\u00e9 se puede hacer \u2014y qu\u00e9 no\u2014 <strong>cuando se \u201ctoca\u201d la fachada del edificio<\/strong>.<\/p>\n<p><!-- BREAK 1 --><\/p>\n<p>Es bastante habitual que algunos propietarios piensen que, como esa parte est\u00e1 en su vivienda o local, pueden modificarla sin problema. Pero nada m\u00e1s lejos de la realidad. De hecho, este tipo de situaciones es muy frecuente y, <strong>en el peor de los casos, acaba en los tribunales<\/strong> y con una sanci\u00f3n por aplicaci\u00f3n de la <a rel=\"noopener, noreferrer\" href=\"https:\/\/www.boe.es\/buscar\/act.php?id=BOE-A-1960-10906\">Ley de Propiedad Horizontal<\/a> (LPH).<\/p>\n<p><!-- BREAK 2 --><\/p>\n<h2>Lo que dice la normativa<\/h2>\n<div class=\"article-asset-image article-asset-large article-asset-center\">\n<div class=\"asset-content\">\n<div class=\"caption-img \">\n                    <a rel=\"noopener, noreferrer\" href=\"https:\/\/www.pexels.com\/es-es\/foto\/edificio-pared-muro-ventanas-5312927\/\"><\/p>\n<p>    <img decoding=\"async\" alt=\"Pexels Magda Ehlers Pexels 5312927\" class=\"\" src=\"https:\/\/i.blogs.es\/5eaffa\/pexels-magda-ehlers-pexels-5312927\/450_1000.jpeg\"><br \/>\n     <\/a><\/p>\n<p>        <span>Foto de Magda Ehlers<\/span>\n   <\/div>\n<\/p><\/div>\n<\/div>\n<p>Abrir una ventana donde no la hay, agrandarla para que entre m\u00e1s luz, cerrar un balc\u00f3n o a\u00f1adir una puerta pueden convertirse en <strong>motivo de conflicto en una comunidad<\/strong>. Aun as\u00ed, no hay que desesperarse: la soluci\u00f3n es m\u00e1s sencilla de lo que parece, porque la normativa deja bastante claro c\u00f3mo debe actuarse.<\/p>\n<p><!-- BREAK 3 --><\/p>\n<div class=\"article-asset-video article-asset-normal\">\n<div class=\"asset-content\">\n<div class=\"base-asset-video\">\n<div class=\"js-dailymotion\">\n    <script type=\"application\/json\">\n                          {\"videoId\":\"x7znesx\",\"autoplay\":true,\"title\":\"Edificio de autoconsumo AS\u00cd FUNCIONAN - Paneles solares en bloques de pisos\", \"tag\":\"solar\", \"duration\":\"564\"}\n                  <\/script>\n   <\/div>\n<\/p><\/div>\n<\/p><\/div>\n<\/div>\n<p>La fachada es, legalmente, <strong>un elemento com\u00fan del edificio<\/strong>, no un elemento privativo del local o de la vivienda. Por tanto, modificarla (ya sea abriendo un hueco nuevo o ampliando uno ya existente) no es una decisi\u00f3n que pueda tomarse por cuenta propia.<\/p>\n<p><!-- BREAK 4 --><\/p>\n<p>El <a rel=\"noopener, noreferrer\" href=\"https:\/\/www.boe.es\/buscar\/act.php?id=BOE-A-1960-10906#adiez\">art\u00edculo 10.3.b<\/a> de la LPH establece que cualquier alteraci\u00f3n de la estructura o de la f\u00e1brica del edificio (como ocurre con la fachada) requiere autorizaci\u00f3n administrativa y tambi\u00e9n el <strong>acuerdo de la Junta de Propietarios<\/strong>.<\/p>\n<p><!-- BREAK 5 --><\/p>\n<p><em>\u201c[&#8230;] <\/em><em>cualquier otra alteraci\u00f3n de la estructura o f\u00e1brica del edificio, incluyendo el cerramiento de las terrazas y la modificaci\u00f3n de la envolvente para mejorar la eficiencia energ\u00e9tica, o de las cosas comunes\u201d.<\/em><\/p>\n<p><!-- BREAK 6 --><\/p>\n<div class=\"article-asset article-asset-normal article-asset-center\">\n<div class=\"desvio-container\">\n<div class=\"desvio\">\n<div class=\"desvio-figure js-desvio-figure\">\n    <a href=\"https:\/\/www.xatakahome.com\/hogar\/habian-instalado-jacuzzi-terraza-vecinos-denunciaron-broma-les-va-a-salir-muy-cara\" class=\"pivot-outboundlink\" data-vars-post-title=\"Instalar un jacuzzi en la terraza les ha costado un dineral: lo que han tenido que pagar por la denuncia de la comunidad\"><br \/>\n     <img loading=\"lazy\" decoding=\"async\" alt=\"Instalar un jacuzzi en la terraza les ha costado un dineral: lo que han tenido que pagar por la denuncia de la comunidad\" width=\"375\" height=\"142\" src=\"https:\/\/i.blogs.es\/f19e3c\/captura-de-pantalla-2025-11-20-a-las-11.25.24\/375_142.jpeg\"><br \/>\n    <\/a>\n   <\/div>\n<div class=\"desvio-summary\">\n<div class=\"desvio-taxonomy js-desvio-taxonomy\">\n     <a href=\"https:\/\/www.xatakahome.com\/hogar\/habian-instalado-jacuzzi-terraza-vecinos-denunciaron-broma-les-va-a-salir-muy-cara\" class=\"desvio-taxonomy-anchor pivot-outboundlink\" data-vars-post-title=\"Instalar un jacuzzi en la terraza les ha costado un dineral: lo que han tenido que pagar por la denuncia de la comunidad\">En Xataka Smart Home<\/a>\n    <\/div>\n<p>    <a href=\"https:\/\/www.xatakahome.com\/hogar\/habian-instalado-jacuzzi-terraza-vecinos-denunciaron-broma-les-va-a-salir-muy-cara\" class=\"desvio-title js-desvio-title pivot-outboundlink\" data-vars-post-title=\"Instalar un jacuzzi en la terraza les ha costado un dineral: lo que han tenido que pagar por la denuncia de la comunidad\">Instalar un jacuzzi en la terraza les ha costado un dineral: lo que han tenido que pagar por la denuncia de la comunidad<\/a>\n   <\/div>\n<\/p><\/div>\n<\/p><\/div>\n<\/div>\n<p><strong>La mayor\u00eda necesaria.<\/strong> Tradicionalmente se exig\u00eda unanimidad, pero tras las \u00faltimas reformas y la jurisprudencia del Tribunal Supremo, suele bastar con el voto favorable de las 3\/5 parte<strong>s<\/strong> de los propietarios que a su vez representen las 3\/5 partes de las cuotas de participaci\u00f3n tal y como establece el <a rel=\"noopener, noreferrer\" href=\"https:\/\/www.boe.es\/buscar\/act.php?id=BOE-A-1960-10906#adiecisiete\">art\u00edculo 17.4<\/a> de la LPH.<\/p>\n<p><!-- BREAK 7 --><\/p>\n<p>Normalmente los tribunales y jueces son tajantes a la hora de impedir este tipo de actuaciones y solo y <strong>siempre que exista <\/strong><strong>acuerdo de la comunidad<\/strong> como paso previo indispensable para evitar demandas, suelen ser m\u00e1s favorables al propietario.<\/p>\n<p><!-- BREAK 8 --><\/p>\n<h2>Normativa\u00a0b\u00e1sica que hay que vigilar<\/h2>\n<div class=\"article-asset-image article-asset-large article-asset-center\">\n<div class=\"asset-content\">\n<p>   <img decoding=\"async\" alt=\"Reforma\" class=\"\" src=\"https:\/\/i.blogs.es\/84c416\/reforma\/450_1000.jpeg\"><\/p><\/div>\n<\/div>\n<p>Porque ya no es solo cumplir con lo que dice la Ley de Propiedad Horizontal. Aunque la comunidad autoriza a propietario, este debe <strong>cumplir con lo establecido en el <\/strong><a rel=\"noopener, noreferrer\" href=\"https:\/\/www.conceptosjuridicos.com\/articulos\/codigo-civil-articulo-580\/\">art\u00edculo 580 del C\u00f3digo Civil<\/a> y as\u00ed lo confirman desde <a rel=\"noopener, noreferrer\" href=\"https:\/\/selierabogados.com\/servidumbre-puede-abrir-mi-vecino-una-ventana-que-de-a-mi-propiedad\/\">Selier Abogados<\/a>: <em>\u201c<\/em><em>ning\u00fan medianero puede, sin consentimiento del otro, abrir en una pared medianera ni ventana, ni hueco alguno\u201d.<\/em><\/p>\n<p><!-- BREAK 9 --><\/p>\n<div class=\"article-asset article-asset-normal article-asset-center\">\n<div class=\"desvio-container\">\n<div class=\"desvio\">\n<div class=\"desvio-figure js-desvio-figure\">\n    <a href=\"https:\/\/www.xatakahome.com\/hogar\/culpa-temporal-tengo-que-cambiar-toldo-persianas-elementos-terraza-tus-vecinos-tienen-mucho-que-decir\" class=\"pivot-outboundlink\" data-vars-post-title=\"Toca cambiar el toldo, las persianas o los elementos de la terraza y no quiero problemas con los vecinos. Esto hay que tener en cuenta\"><br \/>\n     <img loading=\"lazy\" decoding=\"async\" alt=\"Toca cambiar el toldo, las persianas o los elementos de la terraza y no quiero problemas con los vecinos. Esto hay que tener en cuenta\" width=\"375\" height=\"142\" src=\"https:\/\/i.blogs.es\/abf1cf\/1366_2000\/375_142.jpeg\"><br \/>\n    <\/a>\n   <\/div>\n<div class=\"desvio-summary\">\n<div class=\"desvio-taxonomy js-desvio-taxonomy\">\n     <a href=\"https:\/\/www.xatakahome.com\/hogar\/culpa-temporal-tengo-que-cambiar-toldo-persianas-elementos-terraza-tus-vecinos-tienen-mucho-que-decir\" class=\"desvio-taxonomy-anchor pivot-outboundlink\" data-vars-post-title=\"Toca cambiar el toldo, las persianas o los elementos de la terraza y no quiero problemas con los vecinos. Esto hay que tener en cuenta\">En Xataka Smart Home<\/a>\n    <\/div>\n<p>    <a href=\"https:\/\/www.xatakahome.com\/hogar\/culpa-temporal-tengo-que-cambiar-toldo-persianas-elementos-terraza-tus-vecinos-tienen-mucho-que-decir\" class=\"desvio-title js-desvio-title pivot-outboundlink\" data-vars-post-title=\"Toca cambiar el toldo, las persianas o los elementos de la terraza y no quiero problemas con los vecinos. Esto hay que tener en cuenta\">Toca cambiar el toldo, las persianas o los elementos de la terraza y no quiero problemas con los vecinos. Esto hay que tener en cuenta<\/a>\n   <\/div>\n<\/p><\/div>\n<\/p><\/div>\n<\/div>\n<p><strong>Un C\u00f3digo Civil que tambi\u00e9n regula las distancias<\/strong> con los vecinos colindantes, si las ventanas abren hacia patios interiores o fincas vecinas, no solo a la calle p\u00fablica. Seg\u00fan lo estipulado en el <a rel=\"noopener, noreferrer\" href=\"https:\/\/www.conceptosjuridicos.com\/articulos\/codigo-civil-articulo-582\/\">art\u00edculo 582 del C\u00f3digo Civil<\/a>: <em>\u201c<\/em><em>No se pueden abrir ventanas con vistas rectas, ni balcones u otros voladizos semejantes, sobre la finca del vecino, si no hay dos metros de distancia entre la pared en que se construyan y dicha propiedad\u201d.<\/em><\/p>\n<p><!-- BREAK 10 --><\/p>\n<p>Una de estas limitaciones se refiere a que no se pueden abrir ventanas con vistas rectas sobre la finca del vecino si no hay al menos <strong>2 metros<\/strong> de distancia entre la pared y la propiedad contigua. En el caso de las vistas oblicuas (las que obligan a girar la cabeza, generalmente en un \u00e1ngulo de hasta 90 grados, para observar la propiedad) vecina deben respetarse al menos <strong>60 cent\u00edmetros<\/strong>.<\/p>\n<p><!-- BREAK 11 --><\/p>\n<p>En Xataka SmartHome | <a class=\"text-outboundlink\" href=\"https:\/\/www.xatakahome.com\/hogar\/se-compro-piso-terraza-azotea-enseguida-choco-comunidad-barbacoa-placas-le-ley-se-prohibe\" data-vars-post-title=\"Compr\u00f3 un \u00e1tico con una terraza espectacular para montarse su propio chill out: la comunidad no le deja ni poner un tornillo\" data-vars-post-url=\"https:\/\/www.xatakahome.com\/hogar\/se-compro-piso-terraza-azotea-enseguida-choco-comunidad-barbacoa-placas-le-ley-se-prohibe\" target=\"_blank\">Compr\u00f3 un \u00e1tico con una terraza espectacular para montarse su propio chill out: la comunidad no le deja ni poner un tornillo<\/a><\/p>\n<p><script>\n (function() {\n  window._JS_MODULES = window._JS_MODULES || {};\n  var headElement = document.getElementsByTagName('head')[0];\n  if (_JS_MODULES.instagram) {\n   var instagramScript = document.createElement('script');\n   instagramScript.src = 'https:\/\/platform.instagram.com\/en_US\/embeds.js';\n   instagramScript.async = true;\n   instagramScript.defer = true;\n   headElement.appendChild(instagramScript);\n  }\n })();\n<\/script><\/p>\n<p> &#8211; <br \/> La noticia<br \/>\n      <a href=\"https:\/\/www.xatakahome.com\/hogar\/que-vecino-toque-fachada-permiso-no-problema-para-eso-esta-articulo-10-lph?utm_source=feedburner&amp;utm_medium=feed&amp;utm_campaign=24_Feb_2026\"><br \/>\n       <em> Que un vecino abra ventanas en la fachada sin permiso no es un problema: para eso est\u00e1 el art\u00edculo 10 de la LPH <\/em><br \/>\n      <\/a><br \/>\n      fue publicada originalmente en<br \/>\n      <a href=\"https:\/\/www.xatakahome.com\/?utm_source=feedburner&amp;utm_medium=feed&amp;utm_campaign=24_Feb_2026\"><br \/>\n       <strong> Xataka Smart Home <\/strong><br \/>\n      <\/a><br \/>\n             por <a href=\"https:\/\/www.xatakahome.com\/autor\/jose-antonio-carmona?utm_source=feedburner&amp;utm_medium=feed&amp;utm_campaign=24_Feb_2026\"><br \/>\n        Jose Antonio Carmona<br \/>\n       <\/a><br \/>\n      . <\/p>\n<\/div>\n","protected":false},"excerpt":{"rendered":"<p>En muchas ocasiones, la convivencia en una comunidad de vecinos puede convertirse en una aut\u00e9ntica jungla, y menos mal que tenemos la ley como apoyo para resolver conflictos. Uno de los temas que m\u00e1s pol\u00e9mica suele generar es qu\u00e9 se puede hacer \u2014y qu\u00e9 no\u2014 cuando se \u201ctoca\u201d la fachada del edificio. Es bastante habitual &hellip; <a href=\"https:\/\/domosistemas.com\/?p=31877\" class=\"more-link\">Sigue leyendo <span class=\"screen-reader-text\">Que un vecino abra ventanas en la fachada sin permiso no es un problema: para eso est\u00e1 el art\u00edculo 10 de la LPH<\/span><\/a><\/p>\n","protected":false},"author":1,"featured_media":0,"comment_status":"closed","ping_status":"closed","sticky":false,"template":"","format":"standard","meta":{"footnotes":""},"categories":[8],"tags":[],"class_list":["post-31877","post","type-post","status-publish","format-standard","hentry","category-xataka"],"_links":{"self":[{"href":"https:\/\/domosistemas.com\/index.php?rest_route=\/wp\/v2\/posts\/31877","targetHints":{"allow":["GET"]}}],"collection":[{"href":"https:\/\/domosistemas.com\/index.php?rest_route=\/wp\/v2\/posts"}],"about":[{"href":"https:\/\/domosistemas.com\/index.php?rest_route=\/wp\/v2\/types\/post"}],"author":[{"embeddable":true,"href":"https:\/\/domosistemas.com\/index.php?rest_route=\/wp\/v2\/users\/1"}],"replies":[{"embeddable":true,"href":"https:\/\/domosistemas.com\/index.php?rest_route=%2Fwp%2Fv2%2Fcomments&post=31877"}],"version-history":[{"count":0,"href":"https:\/\/domosistemas.com\/index.php?rest_route=\/wp\/v2\/posts\/31877\/revisions"}],"wp:attachment":[{"href":"https:\/\/domosistemas.com\/index.php?rest_route=%2Fwp%2Fv2%2Fmedia&parent=31877"}],"wp:term":[{"taxonomy":"category","embeddable":true,"href":"https:\/\/domosistemas.com\/index.php?rest_route=%2Fwp%2Fv2%2Fcategories&post=31877"},{"taxonomy":"post_tag","embeddable":true,"href":"https:\/\/domosistemas.com\/index.php?rest_route=%2Fwp%2Fv2%2Ftags&post=31877"}],"curies":[{"name":"wp","href":"https:\/\/api.w.org\/{rel}","templated":true}]}}